{"id":160199,"date":"2025-11-19T13:42:25","date_gmt":"2025-11-19T12:42:25","guid":{"rendered":"https:\/\/www.copealcoy.es\/?p=160199"},"modified":"2025-11-19T14:55:28","modified_gmt":"2025-11-19T13:55:28","slug":"el-alcoyano-nando-pastor-sera-el-sindic-del-pp-en-les-corts","status":"publish","type":"post","link":"https:\/\/www.copealcoy.es\/es\/el-alcoyano-nando-pastor-sera-el-sindic-del-pp-en-les-corts\/","title":{"rendered":"El alcoyano Nando Pastor ser\u00e1 el s\u00edndic del PP en Les Corts"},"content":{"rendered":"<p style=\"text-align: justify;\">El <strong data-start=\"148\" data-end=\"184\">diputado alcoyano Nando Pastor<\/strong> ser\u00e1 el nuevo s\u00edndic del <a href=\"https:\/\/www.cortsvalencianes.es\/es\/composicion\/diputados?gp=1P&amp;legislature=XI\" target=\"_blank\" rel=\"noopener\"><span style=\"color: #0000ff;\"><strong data-start=\"210\" data-end=\"216\">PP<\/strong><\/span><\/a> en Les Corts Valencianes, en sustituci\u00f3n de <strong data-start=\"249\" data-end=\"274\" data-is-only-node=\"\">Juanfran P\u00e9rez Llorca<\/strong>, quien ha registrado este mi\u00e9rcoles su candidatura para ser investido <strong data-start=\"345\" data-end=\"377\">presidente de la Generalitat<\/strong>. As\u00ed lo adelanta <strong data-start=\"395\" data-end=\"407\">La Raz\u00f3n<\/strong>, que confirma el relevo interno en el primer grupo de la c\u00e1mara valenciana tras los cambios que se van a ir produciendo despu\u00e9s de la dimisi\u00f3n de Carlos Maz\u00f3n como jefe del consell.<\/p>\n<p style=\"text-align: justify;\">Pastor, <strong data-start=\"495\" data-end=\"530\">nacido en nuestra ciudad, Alcoy<\/strong> y diputado auton\u00f3mico por la provincia de Alicante desde 2015 , ha ejercido hasta ahora como <strong data-start=\"602\" data-end=\"621\">portavoz del PP<\/strong> en la comisi\u00f3n de investigaci\u00f3n de la DANA, consolid\u00e1ndose como una de las voces m\u00e1s activas del partido en la legislatura. Su designaci\u00f3n se ha ratificado durante la reuni\u00f3n del <strong data-start=\"801\" data-end=\"832\">grupo parlamentario popular<\/strong>, en la que los diputados han firmado tambi\u00e9n la candidatura de P\u00e9rez Llorca, que ser\u00e1 presentada de inmediato en el registro de <strong data-start=\"961\" data-end=\"974\">Les Corts<\/strong>. El hasta ahora s\u00edndic, P\u00e9rez Llorca, ocupaba el cargo desde julio de 2024, cuando asumi\u00f3 la portavoc\u00eda tras la salida de <strong data-start=\"1097\" data-end=\"1104\">Vox<\/strong> del Gobierno valenciano y la marcha de <strong data-start=\"1144\" data-end=\"1165\">Miguel Barrachina<\/strong> a la Conselleria de Agricultura.<\/p>\n<p style=\"text-align: justify;\">Fernando Pastor, que cuenta con una extensa trayectoria en el \u00e1mbito institucional, <strong>inici\u00f3 la actividad pol\u00edtica en nuestra ciudad en sus a\u00f1os de juventud<\/strong> cuando era integrante de las Nuevas Generaciones del PP. Despu\u00e9s, pas\u00f3 a ocupar concejal\u00edas como las de urbanismo o turismo en la \u00e9poca en la que estuvo el PP al frente del gobierno local y en 2011, cuando los populares pasaron a la oposici\u00f3n, ejerci\u00f3 de portavoz tras dejar Jorge Sedano de ser l\u00edder de la formaci\u00f3n. En el Ayuntamiento de Alcoy sigui\u00f3 hasta 2015, momento en el que dio el salto a la pol\u00edtica regional.<\/p>\n","protected":false},"excerpt":{"rendered":"<p>El diputado alcoyano Nando Pastor ser\u00e1 el nuevo s\u00edndic del PP en Les Corts Valencianes, en sustituci\u00f3n de Juanfran P\u00e9rez&#8230;<\/p>\n","protected":false},"author":1,"featured_media":17593,"comment_status":"closed","ping_status":"closed","sticky":false,"template":"","format":"standard","meta":{"footnotes":""},"categories":[6909,97,75,79],"tags":[1494,871,9263,20324,448],"class_list":["post-160199","post","type-post","status-publish","format-standard","has-post-thumbnail","hentry","category-actualidad","category-alcoy","category-noticias","category-politicayeconomia","tag-alcoy","tag-corts-valencianes","tag-nando-pastor","tag-nuevo-sindic","tag-partido-popular"],"yoast_head":"<!-- This site is optimized with the Yoast SEO plugin v27.3 - https:\/\/yoast.com\/product\/yoast-seo-wordpress\/ -->\n<title>El alcoyano Nando Pastor ser\u00e1 el s\u00edndic del PP en Les Corts - COPE Alcoy<\/title>\n<meta name=\"description\" content=\"El alcoyano Nando Pastor ser\u00e1 el s\u00edndic del PP en Les Corts\" \/>\n<meta name=\"robots\" content=\"index, follow, max-snippet:-1, max-image-preview:large, max-video-preview:-1\" \/>\n<link rel=\"canonical\" href=\"https:\/\/www.copealcoy.es\/es\/el-alcoyano-nando-pastor-sera-el-sindic-del-pp-en-les-corts\/\" \/>\n<meta property=\"og:locale\" content=\"es_ES\" \/>\n<meta property=\"og:type\" content=\"article\" \/>\n<meta property=\"og:title\" content=\"El alcoyano Nando Pastor ser\u00e1 el s\u00edndic del PP en Les Corts - COPE Alcoy\" \/>\n<meta property=\"og:description\" content=\"El alcoyano Nando Pastor ser\u00e1 el s\u00edndic del PP en Les Corts\" \/>\n<meta property=\"og:url\" content=\"https:\/\/www.copealcoy.es\/es\/el-alcoyano-nando-pastor-sera-el-sindic-del-pp-en-les-corts\/\" \/>\n<meta property=\"og:site_name\" content=\"COPE Alcoy\" \/>\n<meta property=\"article:published_time\" content=\"2025-11-19T12:42:25+00:00\" \/>\n<meta property=\"article:modified_time\" content=\"2025-11-19T13:55:28+00:00\" \/>\n<meta property=\"og:image\" content=\"https:\/\/www.copealcoy.es\/wp-content\/uploads\/2015\/12\/Fernando-Pastor-CORTS.jpg\" \/>\n\t<meta property=\"og:image:width\" content=\"3000\" \/>\n\t<meta property=\"og:image:height\" content=\"2000\" \/>\n\t<meta property=\"og:image:type\" content=\"image\/jpeg\" \/>\n<meta name=\"author\" content=\"Cope Alcoy\" \/>\n<meta name=\"twitter:label1\" content=\"Escrito por\" \/>\n\t<meta name=\"twitter:data1\" content=\"Cope Alcoy\" \/>\n\t<meta name=\"twitter:label2\" content=\"Tiempo de lectura\" \/>\n\t<meta name=\"twitter:data2\" content=\"2 minutos\" \/>\n<script type=\"application\/ld+json\" class=\"yoast-schema-graph\">{\"@context\":\"https:\\\/\\\/schema.org\",\"@graph\":[{\"@type\":\"Article\",\"@id\":\"https:\\\/\\\/www.copealcoy.es\\\/es\\\/el-alcoyano-nando-pastor-sera-el-sindic-del-pp-en-les-corts\\\/#article\",\"isPartOf\":{\"@id\":\"https:\\\/\\\/www.copealcoy.es\\\/es\\\/el-alcoyano-nando-pastor-sera-el-sindic-del-pp-en-les-corts\\\/\"},\"author\":{\"name\":\"Cope Alcoy\",\"@id\":\"https:\\\/\\\/www.copealcoy.es\\\/es\\\/#\\\/schema\\\/person\\\/e777c87fa024e57d40170af9df39882c\"},\"headline\":\"El alcoyano Nando Pastor ser\u00e1 el s\u00edndic del PP en Les Corts\",\"datePublished\":\"2025-11-19T12:42:25+00:00\",\"dateModified\":\"2025-11-19T13:55:28+00:00\",\"mainEntityOfPage\":{\"@id\":\"https:\\\/\\\/www.copealcoy.es\\\/es\\\/el-alcoyano-nando-pastor-sera-el-sindic-del-pp-en-les-corts\\\/\"},\"wordCount\":328,\"image\":{\"@id\":\"https:\\\/\\\/www.copealcoy.es\\\/es\\\/el-alcoyano-nando-pastor-sera-el-sindic-del-pp-en-les-corts\\\/#primaryimage\"},\"thumbnailUrl\":\"https:\\\/\\\/www.copealcoy.es\\\/wp-content\\\/uploads\\\/2015\\\/12\\\/Fernando-Pastor-CORTS.jpg\",\"keywords\":[\"Alcoy\",\"Corts Valencianes\",\"Nando Pastor\",\"nuevo s\u00edndic\",\"Partido Popular\"],\"articleSection\":[\"Actualidad\",\"Alcoy\",\"Noticias\",\"Pol\u00edtica y Econom\u00eda\"],\"inLanguage\":\"es\"},{\"@type\":\"WebPage\",\"@id\":\"https:\\\/\\\/www.copealcoy.es\\\/es\\\/el-alcoyano-nando-pastor-sera-el-sindic-del-pp-en-les-corts\\\/\",\"url\":\"https:\\\/\\\/www.copealcoy.es\\\/es\\\/el-alcoyano-nando-pastor-sera-el-sindic-del-pp-en-les-corts\\\/\",\"name\":\"El alcoyano Nando Pastor ser\u00e1 el s\u00edndic del PP en Les Corts - COPE Alcoy\",\"isPartOf\":{\"@id\":\"https:\\\/\\\/www.copealcoy.es\\\/es\\\/#website\"},\"primaryImageOfPage\":{\"@id\":\"https:\\\/\\\/www.copealcoy.es\\\/es\\\/el-alcoyano-nando-pastor-sera-el-sindic-del-pp-en-les-corts\\\/#primaryimage\"},\"image\":{\"@id\":\"https:\\\/\\\/www.copealcoy.es\\\/es\\\/el-alcoyano-nando-pastor-sera-el-sindic-del-pp-en-les-corts\\\/#primaryimage\"},\"thumbnailUrl\":\"https:\\\/\\\/www.copealcoy.es\\\/wp-content\\\/uploads\\\/2015\\\/12\\\/Fernando-Pastor-CORTS.jpg\",\"datePublished\":\"2025-11-19T12:42:25+00:00\",\"dateModified\":\"2025-11-19T13:55:28+00:00\",\"author\":{\"@id\":\"https:\\\/\\\/www.copealcoy.es\\\/es\\\/#\\\/schema\\\/person\\\/e777c87fa024e57d40170af9df39882c\"},\"description\":\"El alcoyano Nando Pastor ser\u00e1 el s\u00edndic del PP en Les Corts\",\"breadcrumb\":{\"@id\":\"https:\\\/\\\/www.copealcoy.es\\\/es\\\/el-alcoyano-nando-pastor-sera-el-sindic-del-pp-en-les-corts\\\/#breadcrumb\"},\"inLanguage\":\"es\",\"potentialAction\":[{\"@type\":\"ReadAction\",\"target\":[\"https:\\\/\\\/www.copealcoy.es\\\/es\\\/el-alcoyano-nando-pastor-sera-el-sindic-del-pp-en-les-corts\\\/\"]}]},{\"@type\":\"ImageObject\",\"inLanguage\":\"es\",\"@id\":\"https:\\\/\\\/www.copealcoy.es\\\/es\\\/el-alcoyano-nando-pastor-sera-el-sindic-del-pp-en-les-corts\\\/#primaryimage\",\"url\":\"https:\\\/\\\/www.copealcoy.es\\\/wp-content\\\/uploads\\\/2015\\\/12\\\/Fernando-Pastor-CORTS.jpg\",\"contentUrl\":\"https:\\\/\\\/www.copealcoy.es\\\/wp-content\\\/uploads\\\/2015\\\/12\\\/Fernando-Pastor-CORTS.jpg\",\"width\":3000,\"height\":2000,\"caption\":\"Fernando Pastor en las Cortes Valencianas\"},{\"@type\":\"BreadcrumbList\",\"@id\":\"https:\\\/\\\/www.copealcoy.es\\\/es\\\/el-alcoyano-nando-pastor-sera-el-sindic-del-pp-en-les-corts\\\/#breadcrumb\",\"itemListElement\":[{\"@type\":\"ListItem\",\"position\":1,\"name\":\"Portada\",\"item\":\"https:\\\/\\\/www.copealcoy.es\\\/es\\\/\"},{\"@type\":\"ListItem\",\"position\":2,\"name\":\"El alcoyano Nando Pastor ser\u00e1 el s\u00edndic del PP en Les Corts\"}]},{\"@type\":\"WebSite\",\"@id\":\"https:\\\/\\\/www.copealcoy.es\\\/es\\\/#website\",\"url\":\"https:\\\/\\\/www.copealcoy.es\\\/es\\\/\",\"name\":\"COPE Alcoy\",\"description\":\"Emisora COPE de radio local con emisi\u00f3n online. Pont de Sant Jordi 8-10 03803 Alcoy\",\"potentialAction\":[{\"@type\":\"SearchAction\",\"target\":{\"@type\":\"EntryPoint\",\"urlTemplate\":\"https:\\\/\\\/www.copealcoy.es\\\/es\\\/?s={search_term_string}\"},\"query-input\":{\"@type\":\"PropertyValueSpecification\",\"valueRequired\":true,\"valueName\":\"search_term_string\"}}],\"inLanguage\":\"es\"},{\"@type\":\"Person\",\"@id\":\"https:\\\/\\\/www.copealcoy.es\\\/es\\\/#\\\/schema\\\/person\\\/e777c87fa024e57d40170af9df39882c\",\"name\":\"Cope Alcoy\",\"image\":{\"@type\":\"ImageObject\",\"inLanguage\":\"es\",\"@id\":\"https:\\\/\\\/secure.gravatar.com\\\/avatar\\\/bb65d0283347e303893ba14f0692005417c1e0e690a325a4c5d8bb2b3943ee14?s=96&d=mm&r=g\",\"url\":\"https:\\\/\\\/secure.gravatar.com\\\/avatar\\\/bb65d0283347e303893ba14f0692005417c1e0e690a325a4c5d8bb2b3943ee14?s=96&d=mm&r=g\",\"contentUrl\":\"https:\\\/\\\/secure.gravatar.com\\\/avatar\\\/bb65d0283347e303893ba14f0692005417c1e0e690a325a4c5d8bb2b3943ee14?s=96&d=mm&r=g\",\"caption\":\"Cope Alcoy\"}}]}<\/script>\n<!-- \/ Yoast SEO plugin. -->","yoast_head_json":{"title":"El alcoyano Nando Pastor ser\u00e1 el s\u00edndic del PP en Les Corts - COPE Alcoy","description":"El alcoyano Nando Pastor ser\u00e1 el s\u00edndic del PP en Les Corts","robots":{"index":"index","follow":"follow","max-snippet":"max-snippet:-1","max-image-preview":"max-image-preview:large","max-video-preview":"max-video-preview:-1"},"canonical":"https:\/\/www.copealcoy.es\/es\/el-alcoyano-nando-pastor-sera-el-sindic-del-pp-en-les-corts\/","og_locale":"es_ES","og_type":"article","og_title":"El alcoyano Nando Pastor ser\u00e1 el s\u00edndic del PP en Les Corts - COPE Alcoy","og_description":"El alcoyano Nando Pastor ser\u00e1 el s\u00edndic del PP en Les Corts","og_url":"https:\/\/www.copealcoy.es\/es\/el-alcoyano-nando-pastor-sera-el-sindic-del-pp-en-les-corts\/","og_site_name":"COPE Alcoy","article_published_time":"2025-11-19T12:42:25+00:00","article_modified_time":"2025-11-19T13:55:28+00:00","og_image":[{"width":3000,"height":2000,"url":"https:\/\/www.copealcoy.es\/wp-content\/uploads\/2015\/12\/Fernando-Pastor-CORTS.jpg","type":"image\/jpeg"}],"author":"Cope Alcoy","twitter_misc":{"Escrito por":"Cope Alcoy","Tiempo de lectura":"2 minutos"},"schema":{"@context":"https:\/\/schema.org","@graph":[{"@type":"Article","@id":"https:\/\/www.copealcoy.es\/es\/el-alcoyano-nando-pastor-sera-el-sindic-del-pp-en-les-corts\/#article","isPartOf":{"@id":"https:\/\/www.copealcoy.es\/es\/el-alcoyano-nando-pastor-sera-el-sindic-del-pp-en-les-corts\/"},"author":{"name":"Cope Alcoy","@id":"https:\/\/www.copealcoy.es\/es\/#\/schema\/person\/e777c87fa024e57d40170af9df39882c"},"headline":"El alcoyano Nando Pastor ser\u00e1 el s\u00edndic del PP en Les Corts","datePublished":"2025-11-19T12:42:25+00:00","dateModified":"2025-11-19T13:55:28+00:00","mainEntityOfPage":{"@id":"https:\/\/www.copealcoy.es\/es\/el-alcoyano-nando-pastor-sera-el-sindic-del-pp-en-les-corts\/"},"wordCount":328,"image":{"@id":"https:\/\/www.copealcoy.es\/es\/el-alcoyano-nando-pastor-sera-el-sindic-del-pp-en-les-corts\/#primaryimage"},"thumbnailUrl":"https:\/\/www.copealcoy.es\/wp-content\/uploads\/2015\/12\/Fernando-Pastor-CORTS.jpg","keywords":["Alcoy","Corts Valencianes","Nando Pastor","nuevo s\u00edndic","Partido Popular"],"articleSection":["Actualidad","Alcoy","Noticias","Pol\u00edtica y Econom\u00eda"],"inLanguage":"es"},{"@type":"WebPage","@id":"https:\/\/www.copealcoy.es\/es\/el-alcoyano-nando-pastor-sera-el-sindic-del-pp-en-les-corts\/","url":"https:\/\/www.copealcoy.es\/es\/el-alcoyano-nando-pastor-sera-el-sindic-del-pp-en-les-corts\/","name":"El alcoyano Nando Pastor ser\u00e1 el s\u00edndic del PP en Les Corts - COPE Alcoy","isPartOf":{"@id":"https:\/\/www.copealcoy.es\/es\/#website"},"primaryImageOfPage":{"@id":"https:\/\/www.copealcoy.es\/es\/el-alcoyano-nando-pastor-sera-el-sindic-del-pp-en-les-corts\/#primaryimage"},"image":{"@id":"https:\/\/www.copealcoy.es\/es\/el-alcoyano-nando-pastor-sera-el-sindic-del-pp-en-les-corts\/#primaryimage"},"thumbnailUrl":"https:\/\/www.copealcoy.es\/wp-content\/uploads\/2015\/12\/Fernando-Pastor-CORTS.jpg","datePublished":"2025-11-19T12:42:25+00:00","dateModified":"2025-11-19T13:55:28+00:00","author":{"@id":"https:\/\/www.copealcoy.es\/es\/#\/schema\/person\/e777c87fa024e57d40170af9df39882c"},"description":"El alcoyano Nando Pastor ser\u00e1 el s\u00edndic del PP en Les Corts","breadcrumb":{"@id":"https:\/\/www.copealcoy.es\/es\/el-alcoyano-nando-pastor-sera-el-sindic-del-pp-en-les-corts\/#breadcrumb"},"inLanguage":"es","potentialAction":[{"@type":"ReadAction","target":["https:\/\/www.copealcoy.es\/es\/el-alcoyano-nando-pastor-sera-el-sindic-del-pp-en-les-corts\/"]}]},{"@type":"ImageObject","inLanguage":"es","@id":"https:\/\/www.copealcoy.es\/es\/el-alcoyano-nando-pastor-sera-el-sindic-del-pp-en-les-corts\/#primaryimage","url":"https:\/\/www.copealcoy.es\/wp-content\/uploads\/2015\/12\/Fernando-Pastor-CORTS.jpg","contentUrl":"https:\/\/www.copealcoy.es\/wp-content\/uploads\/2015\/12\/Fernando-Pastor-CORTS.jpg","width":3000,"height":2000,"caption":"Fernando Pastor en las Cortes Valencianas"},{"@type":"BreadcrumbList","@id":"https:\/\/www.copealcoy.es\/es\/el-alcoyano-nando-pastor-sera-el-sindic-del-pp-en-les-corts\/#breadcrumb","itemListElement":[{"@type":"ListItem","position":1,"name":"Portada","item":"https:\/\/www.copealcoy.es\/es\/"},{"@type":"ListItem","position":2,"name":"El alcoyano Nando Pastor ser\u00e1 el s\u00edndic del PP en Les Corts"}]},{"@type":"WebSite","@id":"https:\/\/www.copealcoy.es\/es\/#website","url":"https:\/\/www.copealcoy.es\/es\/","name":"COPE Alcoy","description":"Emisora COPE de radio local con emisi\u00f3n online. Pont de Sant Jordi 8-10 03803 Alcoy","potentialAction":[{"@type":"SearchAction","target":{"@type":"EntryPoint","urlTemplate":"https:\/\/www.copealcoy.es\/es\/?s={search_term_string}"},"query-input":{"@type":"PropertyValueSpecification","valueRequired":true,"valueName":"search_term_string"}}],"inLanguage":"es"},{"@type":"Person","@id":"https:\/\/www.copealcoy.es\/es\/#\/schema\/person\/e777c87fa024e57d40170af9df39882c","name":"Cope Alcoy","image":{"@type":"ImageObject","inLanguage":"es","@id":"https:\/\/secure.gravatar.com\/avatar\/bb65d0283347e303893ba14f0692005417c1e0e690a325a4c5d8bb2b3943ee14?s=96&d=mm&r=g","url":"https:\/\/secure.gravatar.com\/avatar\/bb65d0283347e303893ba14f0692005417c1e0e690a325a4c5d8bb2b3943ee14?s=96&d=mm&r=g","contentUrl":"https:\/\/secure.gravatar.com\/avatar\/bb65d0283347e303893ba14f0692005417c1e0e690a325a4c5d8bb2b3943ee14?s=96&d=mm&r=g","caption":"Cope Alcoy"}}]}},"_links":{"self":[{"href":"https:\/\/www.copealcoy.es\/es\/wp-json\/wp\/v2\/posts\/160199","targetHints":{"allow":["GET"]}}],"collection":[{"href":"https:\/\/www.copealcoy.es\/es\/wp-json\/wp\/v2\/posts"}],"about":[{"href":"https:\/\/www.copealcoy.es\/es\/wp-json\/wp\/v2\/types\/post"}],"author":[{"embeddable":true,"href":"https:\/\/www.copealcoy.es\/es\/wp-json\/wp\/v2\/users\/1"}],"replies":[{"embeddable":true,"href":"https:\/\/www.copealcoy.es\/es\/wp-json\/wp\/v2\/comments?post=160199"}],"version-history":[{"count":1,"href":"https:\/\/www.copealcoy.es\/es\/wp-json\/wp\/v2\/posts\/160199\/revisions"}],"predecessor-version":[{"id":160200,"href":"https:\/\/www.copealcoy.es\/es\/wp-json\/wp\/v2\/posts\/160199\/revisions\/160200"}],"wp:featuredmedia":[{"embeddable":true,"href":"https:\/\/www.copealcoy.es\/es\/wp-json\/wp\/v2\/media\/17593"}],"wp:attachment":[{"href":"https:\/\/www.copealcoy.es\/es\/wp-json\/wp\/v2\/media?parent=160199"}],"wp:term":[{"taxonomy":"category","embeddable":true,"href":"https:\/\/www.copealcoy.es\/es\/wp-json\/wp\/v2\/categories?post=160199"},{"taxonomy":"post_tag","embeddable":true,"href":"https:\/\/www.copealcoy.es\/es\/wp-json\/wp\/v2\/tags?post=160199"}],"curies":[{"name":"wp","href":"https:\/\/api.w.org\/{rel}","templated":true}]}}