{"id":160149,"date":"2025-11-18T12:11:29","date_gmt":"2025-11-18T11:11:29","guid":{"rendered":"https:\/\/www.copealcoy.es\/?p=160149"},"modified":"2025-11-18T12:17:10","modified_gmt":"2025-11-18T11:17:10","slug":"asi-es-con-vive-el-proyecto-de-apoyo-a-las-personas-migradas-que-lanza-alcoy","status":"publish","type":"post","link":"https:\/\/www.copealcoy.es\/es\/asi-es-con-vive-el-proyecto-de-apoyo-a-las-personas-migradas-que-lanza-alcoy\/","title":{"rendered":"As\u00ed es CON-VIVE, el proyecto de apoyo a las personas migradas que lanza Alcoy"},"content":{"rendered":"<p style=\"text-align: justify;\" data-start=\"240\" data-end=\"696\">El <a href=\"https:\/\/www.alcoi.org\/ca\/portal\/index.html\" target=\"_blank\" rel=\"noopener\"><span style=\"color: #0000ff;\"><strong data-start=\"243\" data-end=\"268\">Ayuntamiento de Alcoy<\/strong><\/span><\/a>, en colaboraci\u00f3n con <strong data-start=\"290\" data-end=\"300\">PANGEA<\/strong> y el equipo de <strong data-start=\"316\" data-end=\"352\">Psicolog\u00eda de Servicios Sociales<\/strong>, ha puesto en marcha <strong data-start=\"374\" data-end=\"386\">CON-VIVE<\/strong>, un proyecto piloto destinado a acompa\u00f1ar emocionalmente a <strong data-start=\"446\" data-end=\"467\">personas migradas<\/strong> y a reforzar la <strong data-start=\"484\" data-end=\"503\">cohesi\u00f3n social<\/strong> en los barrios de la ciudad. La iniciativa crea un espacio seguro para sanar, compartir experiencias y construir comunidad, combatiendo narrativas que buscan <strong data-start=\"662\" data-end=\"678\">estigmatizar<\/strong> a este colectivo.<\/p>\n<p style=\"text-align: justify;\" data-start=\"698\" data-end=\"1100\">El programa se desarrolla mediante <strong data-start=\"733\" data-end=\"745\">talleres<\/strong> y <strong data-start=\"748\" data-end=\"771\">encuentros grupales<\/strong> en los que se trabajan la <strong data-start=\"798\" data-end=\"819\">gesti\u00f3n emocional<\/strong>, el <strong data-start=\"824\" data-end=\"844\">duelo migratorio<\/strong>, la <strong data-start=\"849\" data-end=\"872\">adaptaci\u00f3n cultural<\/strong>, la <strong data-start=\"877\" data-end=\"891\">autoestima<\/strong> y la creaci\u00f3n de <strong data-start=\"909\" data-end=\"927\">redes de apoyo<\/strong>. Estos espacios permiten a las personas participantes expresar sus vivencias y adquirir herramientas para afrontar los retos de empezar una vida nueva en un pa\u00eds diferente.<\/p>\n<p style=\"text-align: justify;\" data-start=\"1102\" data-end=\"1516\">El equipo interdisciplinar est\u00e1 formado por las psic\u00f3logas <strong data-start=\"1161\" data-end=\"1183\">Mar\u00eda del Castillo<\/strong> y <strong data-start=\"1186\" data-end=\"1204\">Mariola Solbes<\/strong>, junto con la integradora social <strong data-start=\"1238\" data-end=\"1257\">Lourdes Jim\u00e9nez<\/strong>, quienes acompa\u00f1an cada proceso desde una mirada humana y respetuosa hacia la diversidad de trayectorias migratorias. Adem\u00e1s del apoyo psicol\u00f3gico, CON-VIVE promueve <strong data-start=\"1424\" data-end=\"1452\">actividades comunitarias<\/strong> que refuerzan la participaci\u00f3n y el sentimiento de pertenencia. La concejala de <strong data-start=\"1534\" data-end=\"1558\">Pol\u00edticas Inclusivas<\/strong>, <strong data-start=\"1560\" data-end=\"1573\">Aroa Mira<\/strong>, ha destacado que &#8220;<em data-start=\"1592\" data-end=\"1838\">CON-VIVE es un proyecto que pone la dignidad y el respeto por las personas en el centro de la acci\u00f3n p\u00fablica. La integraci\u00f3n no es solo una cuesti\u00f3n administrativa, sino un proceso que pasa por acompa\u00f1ar, escuchar y construir v\u00ednculos s\u00f3lidos&#8221;<\/em>. Tambi\u00e9n ha se\u00f1alado la importancia de combatir los discursos de rechazo: <em data-start=\"1913\" data-end=\"2095\">&#8220;Es imprescindible desmentir falsos rumores que quieren culpabilizar a las personas migradas. Nuestra ciudad cree en la diversidad como un valor y en la solidaridad como una norma&#8221;, <\/em>afirma.<\/p>\n<p style=\"text-align: justify;\" data-start=\"2098\" data-end=\"2406\">El proyecto ser\u00e1 sometido a una <strong data-start=\"2130\" data-end=\"2144\">evaluaci\u00f3n<\/strong> para medir su impacto e identificar <strong data-start=\"2181\" data-end=\"2201\">buenas pr\u00e1cticas<\/strong> que puedan extenderse a otros \u00e1mbitos. Con CON-VIVE, Alcoy reafirma su compromiso con los <strong data-start=\"2292\" data-end=\"2312\">derechos humanos<\/strong>, la <strong data-start=\"2317\" data-end=\"2330\">inclusi\u00f3n<\/strong> y una <strong data-start=\"2337\" data-end=\"2361\">convivencia positiva<\/strong> basada en la dignidad de todas las personas.<\/p>\n","protected":false},"excerpt":{"rendered":"<p>El Ayuntamiento de Alcoy, en colaboraci\u00f3n con PANGEA y el equipo de Psicolog\u00eda de Servicios Sociales, ha puesto en marcha&#8230;<\/p>\n","protected":false},"author":1,"featured_media":76821,"comment_status":"closed","ping_status":"closed","sticky":false,"template":"","format":"standard","meta":{"footnotes":""},"categories":[6909,97,75,79],"tags":[1494,1243,16260,20314],"class_list":["post-160149","post","type-post","status-publish","format-standard","has-post-thumbnail","hentry","category-actualidad","category-alcoy","category-noticias","category-politicayeconomia","tag-alcoy","tag-apoyo","tag-personas-migradas","tag-programa-con-vive"],"yoast_head":"<!-- This site is optimized with the Yoast SEO plugin v27.3 - https:\/\/yoast.com\/product\/yoast-seo-wordpress\/ -->\n<title>As\u00ed es CON-VIVE, el proyecto de apoyo a las personas migradas que lanza Alcoy - COPE Alcoy<\/title>\n<meta name=\"description\" content=\"As\u00ed es CON-VIVE, el proyecto de apoyo a las personas migradas que lanza Alcoy\" \/>\n<meta name=\"robots\" content=\"index, follow, max-snippet:-1, max-image-preview:large, max-video-preview:-1\" \/>\n<link rel=\"canonical\" href=\"https:\/\/www.copealcoy.es\/es\/asi-es-con-vive-el-proyecto-de-apoyo-a-las-personas-migradas-que-lanza-alcoy\/\" \/>\n<meta property=\"og:locale\" content=\"es_ES\" \/>\n<meta property=\"og:type\" content=\"article\" \/>\n<meta property=\"og:title\" content=\"As\u00ed es CON-VIVE, el proyecto de apoyo a las personas migradas que lanza Alcoy - COPE Alcoy\" \/>\n<meta property=\"og:description\" content=\"As\u00ed es CON-VIVE, el proyecto de apoyo a las personas migradas que lanza Alcoy\" \/>\n<meta property=\"og:url\" content=\"https:\/\/www.copealcoy.es\/es\/asi-es-con-vive-el-proyecto-de-apoyo-a-las-personas-migradas-que-lanza-alcoy\/\" \/>\n<meta property=\"og:site_name\" content=\"COPE Alcoy\" \/>\n<meta property=\"article:published_time\" content=\"2025-11-18T11:11:29+00:00\" \/>\n<meta property=\"article:modified_time\" content=\"2025-11-18T11:17:10+00:00\" \/>\n<meta property=\"og:image\" content=\"https:\/\/www.copealcoy.es\/wp-content\/uploads\/2021\/08\/ajuntament-2-e1629909036832.jpg\" \/>\n\t<meta property=\"og:image:width\" content=\"960\" \/>\n\t<meta property=\"og:image:height\" content=\"532\" \/>\n\t<meta property=\"og:image:type\" content=\"image\/jpeg\" \/>\n<meta name=\"author\" content=\"Cope Alcoy\" \/>\n<meta name=\"twitter:label1\" content=\"Escrito por\" \/>\n\t<meta name=\"twitter:data1\" content=\"Cope Alcoy\" \/>\n\t<meta name=\"twitter:label2\" content=\"Tiempo de lectura\" \/>\n\t<meta name=\"twitter:data2\" content=\"2 minutos\" \/>\n<script type=\"application\/ld+json\" class=\"yoast-schema-graph\">{\"@context\":\"https:\\\/\\\/schema.org\",\"@graph\":[{\"@type\":\"Article\",\"@id\":\"https:\\\/\\\/www.copealcoy.es\\\/es\\\/asi-es-con-vive-el-proyecto-de-apoyo-a-las-personas-migradas-que-lanza-alcoy\\\/#article\",\"isPartOf\":{\"@id\":\"https:\\\/\\\/www.copealcoy.es\\\/es\\\/asi-es-con-vive-el-proyecto-de-apoyo-a-las-personas-migradas-que-lanza-alcoy\\\/\"},\"author\":{\"name\":\"Cope Alcoy\",\"@id\":\"https:\\\/\\\/www.copealcoy.es\\\/es\\\/#\\\/schema\\\/person\\\/e777c87fa024e57d40170af9df39882c\"},\"headline\":\"As\u00ed es CON-VIVE, el proyecto de apoyo a las personas migradas que lanza Alcoy\",\"datePublished\":\"2025-11-18T11:11:29+00:00\",\"dateModified\":\"2025-11-18T11:17:10+00:00\",\"mainEntityOfPage\":{\"@id\":\"https:\\\/\\\/www.copealcoy.es\\\/es\\\/asi-es-con-vive-el-proyecto-de-apoyo-a-las-personas-migradas-que-lanza-alcoy\\\/\"},\"wordCount\":354,\"image\":{\"@id\":\"https:\\\/\\\/www.copealcoy.es\\\/es\\\/asi-es-con-vive-el-proyecto-de-apoyo-a-las-personas-migradas-que-lanza-alcoy\\\/#primaryimage\"},\"thumbnailUrl\":\"https:\\\/\\\/www.copealcoy.es\\\/wp-content\\\/uploads\\\/2021\\\/08\\\/ajuntament-2-e1629909036832.jpg\",\"keywords\":[\"Alcoy\",\"apoyo\",\"personas migradas\",\"Programa CON-VIVE\"],\"articleSection\":[\"Actualidad\",\"Alcoy\",\"Noticias\",\"Pol\u00edtica y Econom\u00eda\"],\"inLanguage\":\"es\"},{\"@type\":\"WebPage\",\"@id\":\"https:\\\/\\\/www.copealcoy.es\\\/es\\\/asi-es-con-vive-el-proyecto-de-apoyo-a-las-personas-migradas-que-lanza-alcoy\\\/\",\"url\":\"https:\\\/\\\/www.copealcoy.es\\\/es\\\/asi-es-con-vive-el-proyecto-de-apoyo-a-las-personas-migradas-que-lanza-alcoy\\\/\",\"name\":\"As\u00ed es CON-VIVE, el proyecto de apoyo a las personas migradas que lanza Alcoy - COPE Alcoy\",\"isPartOf\":{\"@id\":\"https:\\\/\\\/www.copealcoy.es\\\/es\\\/#website\"},\"primaryImageOfPage\":{\"@id\":\"https:\\\/\\\/www.copealcoy.es\\\/es\\\/asi-es-con-vive-el-proyecto-de-apoyo-a-las-personas-migradas-que-lanza-alcoy\\\/#primaryimage\"},\"image\":{\"@id\":\"https:\\\/\\\/www.copealcoy.es\\\/es\\\/asi-es-con-vive-el-proyecto-de-apoyo-a-las-personas-migradas-que-lanza-alcoy\\\/#primaryimage\"},\"thumbnailUrl\":\"https:\\\/\\\/www.copealcoy.es\\\/wp-content\\\/uploads\\\/2021\\\/08\\\/ajuntament-2-e1629909036832.jpg\",\"datePublished\":\"2025-11-18T11:11:29+00:00\",\"dateModified\":\"2025-11-18T11:17:10+00:00\",\"author\":{\"@id\":\"https:\\\/\\\/www.copealcoy.es\\\/es\\\/#\\\/schema\\\/person\\\/e777c87fa024e57d40170af9df39882c\"},\"description\":\"As\u00ed es CON-VIVE, el proyecto de apoyo a las personas migradas que lanza Alcoy\",\"breadcrumb\":{\"@id\":\"https:\\\/\\\/www.copealcoy.es\\\/es\\\/asi-es-con-vive-el-proyecto-de-apoyo-a-las-personas-migradas-que-lanza-alcoy\\\/#breadcrumb\"},\"inLanguage\":\"es\",\"potentialAction\":[{\"@type\":\"ReadAction\",\"target\":[\"https:\\\/\\\/www.copealcoy.es\\\/es\\\/asi-es-con-vive-el-proyecto-de-apoyo-a-las-personas-migradas-que-lanza-alcoy\\\/\"]}]},{\"@type\":\"ImageObject\",\"inLanguage\":\"es\",\"@id\":\"https:\\\/\\\/www.copealcoy.es\\\/es\\\/asi-es-con-vive-el-proyecto-de-apoyo-a-las-personas-migradas-que-lanza-alcoy\\\/#primaryimage\",\"url\":\"https:\\\/\\\/www.copealcoy.es\\\/wp-content\\\/uploads\\\/2021\\\/08\\\/ajuntament-2-e1629909036832.jpg\",\"contentUrl\":\"https:\\\/\\\/www.copealcoy.es\\\/wp-content\\\/uploads\\\/2021\\\/08\\\/ajuntament-2-e1629909036832.jpg\",\"width\":960,\"height\":532},{\"@type\":\"BreadcrumbList\",\"@id\":\"https:\\\/\\\/www.copealcoy.es\\\/es\\\/asi-es-con-vive-el-proyecto-de-apoyo-a-las-personas-migradas-que-lanza-alcoy\\\/#breadcrumb\",\"itemListElement\":[{\"@type\":\"ListItem\",\"position\":1,\"name\":\"Portada\",\"item\":\"https:\\\/\\\/www.copealcoy.es\\\/es\\\/\"},{\"@type\":\"ListItem\",\"position\":2,\"name\":\"As\u00ed es CON-VIVE, el proyecto de apoyo a las personas migradas que lanza Alcoy\"}]},{\"@type\":\"WebSite\",\"@id\":\"https:\\\/\\\/www.copealcoy.es\\\/es\\\/#website\",\"url\":\"https:\\\/\\\/www.copealcoy.es\\\/es\\\/\",\"name\":\"COPE Alcoy\",\"description\":\"Emisora COPE de radio local con emisi\u00f3n online. Pont de Sant Jordi 8-10 03803 Alcoy\",\"potentialAction\":[{\"@type\":\"SearchAction\",\"target\":{\"@type\":\"EntryPoint\",\"urlTemplate\":\"https:\\\/\\\/www.copealcoy.es\\\/es\\\/?s={search_term_string}\"},\"query-input\":{\"@type\":\"PropertyValueSpecification\",\"valueRequired\":true,\"valueName\":\"search_term_string\"}}],\"inLanguage\":\"es\"},{\"@type\":\"Person\",\"@id\":\"https:\\\/\\\/www.copealcoy.es\\\/es\\\/#\\\/schema\\\/person\\\/e777c87fa024e57d40170af9df39882c\",\"name\":\"Cope Alcoy\",\"image\":{\"@type\":\"ImageObject\",\"inLanguage\":\"es\",\"@id\":\"https:\\\/\\\/secure.gravatar.com\\\/avatar\\\/bb65d0283347e303893ba14f0692005417c1e0e690a325a4c5d8bb2b3943ee14?s=96&d=mm&r=g\",\"url\":\"https:\\\/\\\/secure.gravatar.com\\\/avatar\\\/bb65d0283347e303893ba14f0692005417c1e0e690a325a4c5d8bb2b3943ee14?s=96&d=mm&r=g\",\"contentUrl\":\"https:\\\/\\\/secure.gravatar.com\\\/avatar\\\/bb65d0283347e303893ba14f0692005417c1e0e690a325a4c5d8bb2b3943ee14?s=96&d=mm&r=g\",\"caption\":\"Cope Alcoy\"}}]}<\/script>\n<!-- \/ Yoast SEO plugin. -->","yoast_head_json":{"title":"As\u00ed es CON-VIVE, el proyecto de apoyo a las personas migradas que lanza Alcoy - COPE Alcoy","description":"As\u00ed es CON-VIVE, el proyecto de apoyo a las personas migradas que lanza Alcoy","robots":{"index":"index","follow":"follow","max-snippet":"max-snippet:-1","max-image-preview":"max-image-preview:large","max-video-preview":"max-video-preview:-1"},"canonical":"https:\/\/www.copealcoy.es\/es\/asi-es-con-vive-el-proyecto-de-apoyo-a-las-personas-migradas-que-lanza-alcoy\/","og_locale":"es_ES","og_type":"article","og_title":"As\u00ed es CON-VIVE, el proyecto de apoyo a las personas migradas que lanza Alcoy - COPE Alcoy","og_description":"As\u00ed es CON-VIVE, el proyecto de apoyo a las personas migradas que lanza Alcoy","og_url":"https:\/\/www.copealcoy.es\/es\/asi-es-con-vive-el-proyecto-de-apoyo-a-las-personas-migradas-que-lanza-alcoy\/","og_site_name":"COPE Alcoy","article_published_time":"2025-11-18T11:11:29+00:00","article_modified_time":"2025-11-18T11:17:10+00:00","og_image":[{"width":960,"height":532,"url":"https:\/\/www.copealcoy.es\/wp-content\/uploads\/2021\/08\/ajuntament-2-e1629909036832.jpg","type":"image\/jpeg"}],"author":"Cope Alcoy","twitter_misc":{"Escrito por":"Cope Alcoy","Tiempo de lectura":"2 minutos"},"schema":{"@context":"https:\/\/schema.org","@graph":[{"@type":"Article","@id":"https:\/\/www.copealcoy.es\/es\/asi-es-con-vive-el-proyecto-de-apoyo-a-las-personas-migradas-que-lanza-alcoy\/#article","isPartOf":{"@id":"https:\/\/www.copealcoy.es\/es\/asi-es-con-vive-el-proyecto-de-apoyo-a-las-personas-migradas-que-lanza-alcoy\/"},"author":{"name":"Cope Alcoy","@id":"https:\/\/www.copealcoy.es\/es\/#\/schema\/person\/e777c87fa024e57d40170af9df39882c"},"headline":"As\u00ed es CON-VIVE, el proyecto de apoyo a las personas migradas que lanza Alcoy","datePublished":"2025-11-18T11:11:29+00:00","dateModified":"2025-11-18T11:17:10+00:00","mainEntityOfPage":{"@id":"https:\/\/www.copealcoy.es\/es\/asi-es-con-vive-el-proyecto-de-apoyo-a-las-personas-migradas-que-lanza-alcoy\/"},"wordCount":354,"image":{"@id":"https:\/\/www.copealcoy.es\/es\/asi-es-con-vive-el-proyecto-de-apoyo-a-las-personas-migradas-que-lanza-alcoy\/#primaryimage"},"thumbnailUrl":"https:\/\/www.copealcoy.es\/wp-content\/uploads\/2021\/08\/ajuntament-2-e1629909036832.jpg","keywords":["Alcoy","apoyo","personas migradas","Programa CON-VIVE"],"articleSection":["Actualidad","Alcoy","Noticias","Pol\u00edtica y Econom\u00eda"],"inLanguage":"es"},{"@type":"WebPage","@id":"https:\/\/www.copealcoy.es\/es\/asi-es-con-vive-el-proyecto-de-apoyo-a-las-personas-migradas-que-lanza-alcoy\/","url":"https:\/\/www.copealcoy.es\/es\/asi-es-con-vive-el-proyecto-de-apoyo-a-las-personas-migradas-que-lanza-alcoy\/","name":"As\u00ed es CON-VIVE, el proyecto de apoyo a las personas migradas que lanza Alcoy - COPE Alcoy","isPartOf":{"@id":"https:\/\/www.copealcoy.es\/es\/#website"},"primaryImageOfPage":{"@id":"https:\/\/www.copealcoy.es\/es\/asi-es-con-vive-el-proyecto-de-apoyo-a-las-personas-migradas-que-lanza-alcoy\/#primaryimage"},"image":{"@id":"https:\/\/www.copealcoy.es\/es\/asi-es-con-vive-el-proyecto-de-apoyo-a-las-personas-migradas-que-lanza-alcoy\/#primaryimage"},"thumbnailUrl":"https:\/\/www.copealcoy.es\/wp-content\/uploads\/2021\/08\/ajuntament-2-e1629909036832.jpg","datePublished":"2025-11-18T11:11:29+00:00","dateModified":"2025-11-18T11:17:10+00:00","author":{"@id":"https:\/\/www.copealcoy.es\/es\/#\/schema\/person\/e777c87fa024e57d40170af9df39882c"},"description":"As\u00ed es CON-VIVE, el proyecto de apoyo a las personas migradas que lanza Alcoy","breadcrumb":{"@id":"https:\/\/www.copealcoy.es\/es\/asi-es-con-vive-el-proyecto-de-apoyo-a-las-personas-migradas-que-lanza-alcoy\/#breadcrumb"},"inLanguage":"es","potentialAction":[{"@type":"ReadAction","target":["https:\/\/www.copealcoy.es\/es\/asi-es-con-vive-el-proyecto-de-apoyo-a-las-personas-migradas-que-lanza-alcoy\/"]}]},{"@type":"ImageObject","inLanguage":"es","@id":"https:\/\/www.copealcoy.es\/es\/asi-es-con-vive-el-proyecto-de-apoyo-a-las-personas-migradas-que-lanza-alcoy\/#primaryimage","url":"https:\/\/www.copealcoy.es\/wp-content\/uploads\/2021\/08\/ajuntament-2-e1629909036832.jpg","contentUrl":"https:\/\/www.copealcoy.es\/wp-content\/uploads\/2021\/08\/ajuntament-2-e1629909036832.jpg","width":960,"height":532},{"@type":"BreadcrumbList","@id":"https:\/\/www.copealcoy.es\/es\/asi-es-con-vive-el-proyecto-de-apoyo-a-las-personas-migradas-que-lanza-alcoy\/#breadcrumb","itemListElement":[{"@type":"ListItem","position":1,"name":"Portada","item":"https:\/\/www.copealcoy.es\/es\/"},{"@type":"ListItem","position":2,"name":"As\u00ed es CON-VIVE, el proyecto de apoyo a las personas migradas que lanza Alcoy"}]},{"@type":"WebSite","@id":"https:\/\/www.copealcoy.es\/es\/#website","url":"https:\/\/www.copealcoy.es\/es\/","name":"COPE Alcoy","description":"Emisora COPE de radio local con emisi\u00f3n online. Pont de Sant Jordi 8-10 03803 Alcoy","potentialAction":[{"@type":"SearchAction","target":{"@type":"EntryPoint","urlTemplate":"https:\/\/www.copealcoy.es\/es\/?s={search_term_string}"},"query-input":{"@type":"PropertyValueSpecification","valueRequired":true,"valueName":"search_term_string"}}],"inLanguage":"es"},{"@type":"Person","@id":"https:\/\/www.copealcoy.es\/es\/#\/schema\/person\/e777c87fa024e57d40170af9df39882c","name":"Cope Alcoy","image":{"@type":"ImageObject","inLanguage":"es","@id":"https:\/\/secure.gravatar.com\/avatar\/bb65d0283347e303893ba14f0692005417c1e0e690a325a4c5d8bb2b3943ee14?s=96&d=mm&r=g","url":"https:\/\/secure.gravatar.com\/avatar\/bb65d0283347e303893ba14f0692005417c1e0e690a325a4c5d8bb2b3943ee14?s=96&d=mm&r=g","contentUrl":"https:\/\/secure.gravatar.com\/avatar\/bb65d0283347e303893ba14f0692005417c1e0e690a325a4c5d8bb2b3943ee14?s=96&d=mm&r=g","caption":"Cope Alcoy"}}]}},"_links":{"self":[{"href":"https:\/\/www.copealcoy.es\/es\/wp-json\/wp\/v2\/posts\/160149","targetHints":{"allow":["GET"]}}],"collection":[{"href":"https:\/\/www.copealcoy.es\/es\/wp-json\/wp\/v2\/posts"}],"about":[{"href":"https:\/\/www.copealcoy.es\/es\/wp-json\/wp\/v2\/types\/post"}],"author":[{"embeddable":true,"href":"https:\/\/www.copealcoy.es\/es\/wp-json\/wp\/v2\/users\/1"}],"replies":[{"embeddable":true,"href":"https:\/\/www.copealcoy.es\/es\/wp-json\/wp\/v2\/comments?post=160149"}],"version-history":[{"count":1,"href":"https:\/\/www.copealcoy.es\/es\/wp-json\/wp\/v2\/posts\/160149\/revisions"}],"predecessor-version":[{"id":160150,"href":"https:\/\/www.copealcoy.es\/es\/wp-json\/wp\/v2\/posts\/160149\/revisions\/160150"}],"wp:featuredmedia":[{"embeddable":true,"href":"https:\/\/www.copealcoy.es\/es\/wp-json\/wp\/v2\/media\/76821"}],"wp:attachment":[{"href":"https:\/\/www.copealcoy.es\/es\/wp-json\/wp\/v2\/media?parent=160149"}],"wp:term":[{"taxonomy":"category","embeddable":true,"href":"https:\/\/www.copealcoy.es\/es\/wp-json\/wp\/v2\/categories?post=160149"},{"taxonomy":"post_tag","embeddable":true,"href":"https:\/\/www.copealcoy.es\/es\/wp-json\/wp\/v2\/tags?post=160149"}],"curies":[{"name":"wp","href":"https:\/\/api.w.org\/{rel}","templated":true}]}}