{"id":159959,"date":"2025-11-17T10:00:50","date_gmt":"2025-11-17T09:00:50","guid":{"rendered":"https:\/\/www.copealcoy.es\/?p=159959"},"modified":"2025-11-17T13:49:06","modified_gmt":"2025-11-17T12:49:06","slug":"muro-reivindica-su-legado-academicista-y-neoclasico-con-unas-nuevas-jornadas-europeas-de-patrimonio","status":"publish","type":"post","link":"https:\/\/www.copealcoy.es\/es\/muro-reivindica-su-legado-academicista-y-neoclasico-con-unas-nuevas-jornadas-europeas-de-patrimonio\/","title":{"rendered":"Muro reivindica su legado academicista y neocl\u00e1sico con unas nuevas Jornadas Europeas de Patrimonio"},"content":{"rendered":"<p style=\"text-align: justify;\" data-start=\"209\" data-end=\"770\"><a href=\"https:\/\/www.vilademuro.net\/\" target=\"_blank\" rel=\"noopener\"><strong><span style=\"color: #0000ff;\">Muro<\/span><\/strong>\u00a0<\/a>se convertir\u00e1, del <strong data-start=\"233\" data-end=\"258\">21 al 29 de noviembre<\/strong>, en el epicentro del patrimonio cultural con la celebraci\u00f3n de las <strong data-start=\"326\" data-end=\"364\">II Jornadas Europeas de Patrimonio<\/strong>, una cita que consolida al municipio como <strong data-start=\"407\" data-end=\"461\">referente del patrimonio academicista y neocl\u00e1sico<\/strong> en el contexto europeo. Bajo el lema <em data-start=\"499\" data-end=\"567\">\u201cPatrimonio arquitect\u00f3nico: ventanas al pasado, puertas al futuro\u201d<\/em>, la programaci\u00f3n incluye charlas, visitas guiadas, exposiciones y talleres que mostrar\u00e1n c\u00f3mo los nuevos lenguajes est\u00e9ticos transformaron la antigua villa medieval en un espacio m\u00e1s abierto y luminoso.<\/p>\n<p style=\"text-align: justify;\" data-start=\"772\" data-end=\"1236\">Estas jornadas, integradas en el programa del <strong data-start=\"818\" data-end=\"839\">Consejo de Europa<\/strong>, llegan por segunda vez a las comarcas de l\u2019Alcoi\u00e0-El Comtat de la mano de Muro, que reivindica as\u00ed un legado discreto pero de gran valor. Mientras Alcoy destaca por su modernismo y Cocentaina por su patrimonio barroco, Muro pone el foco en sus fachadas ordenadas, balcones, aperturas y cornisas que, entre los siglos XVIII y XIX, introdujeron los estilos academicista y neocl\u00e1sico en el municipio &#8220;<em>el objetivo es poner en valor y difundir el patrimonio que tenemos en Muro, muchas veces desapercibido incluso para los propios vecinos. Conocer lo que nos identifica es el primer paso para amarlo, preservarlo y vivirlo como comunidad\u201d, <\/em>se\u00f1ala el concejal de Patrimonio Cultural, <strong data-start=\"1420\" data-end=\"1439\">Sergi Silvestre<\/strong>.<\/p>\n<p style=\"text-align: justify;\" data-start=\"1550\" data-end=\"2081\">La programaci\u00f3n combina investigaci\u00f3n acad\u00e9mica, memoria oral y participaci\u00f3n ciudadana. Destacan, por un lado, los <strong data-start=\"1666\" data-end=\"1736\">grafitos hist\u00f3ricos de la iglesia parroquial de Sant Joan Baptista<\/strong>, un testimonio que conserva la huella de generaciones que han habitado y transformado el edificio. Por otro lado, las rutas y paseos por el casco urbano permitir\u00e1n descubrir Muro como un aut\u00e9ntico <strong data-start=\"1934\" data-end=\"1994\">manual al aire libre del academicismo y el neoclasicismo<\/strong>, mostrando la evoluci\u00f3n de la antigua villa andalus\u00ed hacia un pueblo abierto a la luz. El concejal Silvestre resalta que estos testimonios culturales \u201c<em>son marcas del paso del tiempo, rastros de la gente que ha habitado el espacio mientras el edificio crec\u00eda y cambiaba<\/em>\u201d. Asimismo, subraya que recorrer las calles de Muro permite entender el profundo proceso de transformaci\u00f3n vivido entre finales del XVIII y el XIX.<\/p>\n<p style=\"text-align: justify;\" data-start=\"2414\" data-end=\"2879\">La <strong data-start=\"2417\" data-end=\"2438\">direcci\u00f3n t\u00e9cnica<\/strong> de las jornadas est\u00e1 a cargo del consultor en Patrimonio Cultural <strong data-start=\"2505\" data-end=\"2521\">Josep Valero<\/strong>, quien ha articulado el programa en torno a tres ejes: <strong data-start=\"2577\" data-end=\"2599\">patrimonio perdido<\/strong>, <strong data-start=\"2601\" data-end=\"2626\">patrimonio silencioso<\/strong> y <strong data-start=\"2629\" data-end=\"2689\">dise\u00f1o gr\u00e1fico como herramienta de comunicaci\u00f3n cultural<\/strong>. Desde esta perspectiva, Muro conecta su relato local con el esp\u00edritu de las Jornadas Europeas de Patrimonio, orientadas a reforzar la conciencia sobre lo que une a las sociedades europeas \u201c<em>estas jornadas son una oportunidad para reivindicar nuestro legado y nuestra historia, y construir un futuro m\u00e1s sensible a lo que hemos sido. <\/em><em>Este a\u00f1o trabajamos tres pilares fundamentales: el patrimonio perdido, el silencioso \u2014lo que existe pero no se ve\u2014 y la importancia del dise\u00f1o gr\u00e1fico para comunicar identidad y cultura<\/em>\u201d, explica Valero.<\/p>\n<p style=\"text-align: justify;\" data-start=\"2414\" data-end=\"2879\">El programa incluye talleres de patrimonio con alumnado de la <strong data-start=\"3294\" data-end=\"3347\">Escola d\u2019Art i Superior de Disseny d\u2019Alcoi (EASD)<\/strong>, una exposici\u00f3n de sus proyectos para renovar las salas del <strong data-start=\"3408\" data-end=\"3440\">Centre Cultural Vila de Muro<\/strong> y una campa\u00f1a de sensibilizaci\u00f3n sobre el patrimonio. Tambi\u00e9n se presentar\u00e1 el libro <em data-start=\"3526\" data-end=\"3550\">\u201cLa lli\u00e7\u00f3 de la pedra\u201d<\/em> de Ivana Ponsoda Revert, dedicado a la piedra en seco; adem\u00e1s de una sesi\u00f3n de reconocimiento de espacios y personas a partir del fondo fotogr\u00e1fico <strong data-start=\"3699\" data-end=\"3721\">\u201cRamiro Fot\u00f3grafo\u201d<\/strong>. Igualmente se dar\u00e1n a conocer las l\u00edneas estrat\u00e9gicas del <strong data-start=\"3781\" data-end=\"3820\">Plan de Patrimonio Cultural de Muro<\/strong> y la nueva <strong data-start=\"3832\" data-end=\"3876\">marca corporativa de patrimonio cultural<\/strong>, dise\u00f1ada por Rafa Calbo. Completan la programaci\u00f3n una ruta guiada por los grafitos de la parroquia, dirigida por el historiador y arque\u00f3logo <strong data-start=\"4022\" data-end=\"4040\">Pedro Corredor<\/strong>, a partir de las investigaciones de <strong data-start=\"4077\" data-end=\"4099\">Judith Santos-Olmo<\/strong>, y un paseo interpretativo por el <strong data-start=\"4134\" data-end=\"4168\">Muro academicista y neocl\u00e1sico<\/strong>, conducido por el propio Valero.<\/p>\n<p style=\"text-align: justify;\" data-start=\"4476\" data-end=\"4793\">Todas las actividades de las <strong data-start=\"4505\" data-end=\"4551\">II Jornadas Europeas de Patrimonio de Muro<\/strong> ser\u00e1n <strong data-start=\"4558\" data-end=\"4571\">gratuitas<\/strong>. Algunas propuestas, como la ruta de los grafitos hist\u00f3ricos, requieren <strong data-start=\"4644\" data-end=\"4666\">inscripci\u00f3n previa<\/strong> por motivos de aforo a trav\u00e9s del correo <a href=\"mailto:patrimoni@vilademuro.net\" target=\"_blank\" rel=\"noopener\"><strong><span style=\"color: #0000ff;\"><em data-start=\"4708\" data-end=\"4734\">patrimoni@vilademuro.net<\/em><\/span><\/strong><\/a>. El <strong><a href=\"https:\/\/www.vilademuro.net\/wp-content\/uploads\/2025\/11\/II-Jornades-Europees-de-Patrimoni-a-Muro_20251112_121919_0000.pdf\" target=\"_blank\" rel=\"noopener\"><span style=\"color: #0000ff;\">programa completo<\/span><\/a><\/strong> est\u00e1 disponible en la web municipal.<\/p>\n","protected":false},"excerpt":{"rendered":"<p>Muro\u00a0se convertir\u00e1, del 21 al 29 de noviembre, en el epicentro del patrimonio cultural con la celebraci\u00f3n de las II&#8230;<\/p>\n","protected":false},"author":1,"featured_media":159960,"comment_status":"closed","ping_status":"closed","sticky":false,"template":"","format":"standard","meta":{"footnotes":""},"categories":[6909,98,75],"tags":[20306,20307,135,4775,1919],"class_list":["post-159959","post","type-post","status-publish","format-standard","has-post-thumbnail","hentry","category-actualidad","category-comarcas","category-noticias","tag-jornadas-europeas-de-patrimonio","tag-josep-valero","tag-muro","tag-nueva-edicion","tag-sergi-silvestre"],"yoast_head":"<!-- This site is optimized with the Yoast SEO plugin v27.3 - https:\/\/yoast.com\/product\/yoast-seo-wordpress\/ -->\n<title>Muro reivindica su legado academicista y neocl\u00e1sico con unas nuevas Jornadas Europeas de Patrimonio - COPE Alcoy<\/title>\n<meta name=\"description\" content=\"Muro reivindica su legado academicista y neocl\u00e1sico con unas nuevas Jornadas Europeas de Patrimonio\" \/>\n<meta name=\"robots\" content=\"index, follow, max-snippet:-1, max-image-preview:large, max-video-preview:-1\" \/>\n<link rel=\"canonical\" href=\"https:\/\/www.copealcoy.es\/es\/muro-reivindica-su-legado-academicista-y-neoclasico-con-unas-nuevas-jornadas-europeas-de-patrimonio\/\" \/>\n<meta property=\"og:locale\" content=\"es_ES\" \/>\n<meta property=\"og:type\" content=\"article\" \/>\n<meta property=\"og:title\" content=\"Muro reivindica su legado academicista y neocl\u00e1sico con unas nuevas Jornadas Europeas de Patrimonio - COPE Alcoy\" \/>\n<meta property=\"og:description\" content=\"Muro reivindica su legado academicista y neocl\u00e1sico con unas nuevas Jornadas Europeas de Patrimonio\" \/>\n<meta property=\"og:url\" content=\"https:\/\/www.copealcoy.es\/es\/muro-reivindica-su-legado-academicista-y-neoclasico-con-unas-nuevas-jornadas-europeas-de-patrimonio\/\" \/>\n<meta property=\"og:site_name\" content=\"COPE Alcoy\" \/>\n<meta property=\"article:published_time\" content=\"2025-11-17T09:00:50+00:00\" \/>\n<meta property=\"article:modified_time\" content=\"2025-11-17T12:49:06+00:00\" \/>\n<meta property=\"og:image\" content=\"https:\/\/www.copealcoy.es\/wp-content\/uploads\/2025\/11\/4.jpg\" \/>\n\t<meta property=\"og:image:width\" content=\"1050\" \/>\n\t<meta property=\"og:image:height\" content=\"700\" \/>\n\t<meta property=\"og:image:type\" content=\"image\/jpeg\" \/>\n<meta name=\"author\" content=\"Cope Alcoy\" \/>\n<meta name=\"twitter:label1\" content=\"Escrito por\" \/>\n\t<meta name=\"twitter:data1\" content=\"Cope Alcoy\" \/>\n\t<meta name=\"twitter:label2\" content=\"Tiempo de lectura\" \/>\n\t<meta name=\"twitter:data2\" content=\"4 minutos\" \/>\n<script type=\"application\/ld+json\" class=\"yoast-schema-graph\">{\"@context\":\"https:\\\/\\\/schema.org\",\"@graph\":[{\"@type\":\"Article\",\"@id\":\"https:\\\/\\\/www.copealcoy.es\\\/es\\\/muro-reivindica-su-legado-academicista-y-neoclasico-con-unas-nuevas-jornadas-europeas-de-patrimonio\\\/#article\",\"isPartOf\":{\"@id\":\"https:\\\/\\\/www.copealcoy.es\\\/es\\\/muro-reivindica-su-legado-academicista-y-neoclasico-con-unas-nuevas-jornadas-europeas-de-patrimonio\\\/\"},\"author\":{\"name\":\"Cope Alcoy\",\"@id\":\"https:\\\/\\\/www.copealcoy.es\\\/es\\\/#\\\/schema\\\/person\\\/e777c87fa024e57d40170af9df39882c\"},\"headline\":\"Muro reivindica su legado academicista y neocl\u00e1sico con unas nuevas Jornadas Europeas de Patrimonio\",\"datePublished\":\"2025-11-17T09:00:50+00:00\",\"dateModified\":\"2025-11-17T12:49:06+00:00\",\"mainEntityOfPage\":{\"@id\":\"https:\\\/\\\/www.copealcoy.es\\\/es\\\/muro-reivindica-su-legado-academicista-y-neoclasico-con-unas-nuevas-jornadas-europeas-de-patrimonio\\\/\"},\"wordCount\":717,\"image\":{\"@id\":\"https:\\\/\\\/www.copealcoy.es\\\/es\\\/muro-reivindica-su-legado-academicista-y-neoclasico-con-unas-nuevas-jornadas-europeas-de-patrimonio\\\/#primaryimage\"},\"thumbnailUrl\":\"https:\\\/\\\/www.copealcoy.es\\\/wp-content\\\/uploads\\\/2025\\\/11\\\/4.jpg\",\"keywords\":[\"Jornadas Europeas de Patrimonio\",\"Josep Valero\",\"Muro\",\"nueva edici\u00f3n\",\"Sergi Silvestre\"],\"articleSection\":[\"Actualidad\",\"Comarcas\",\"Noticias\"],\"inLanguage\":\"es\"},{\"@type\":\"WebPage\",\"@id\":\"https:\\\/\\\/www.copealcoy.es\\\/es\\\/muro-reivindica-su-legado-academicista-y-neoclasico-con-unas-nuevas-jornadas-europeas-de-patrimonio\\\/\",\"url\":\"https:\\\/\\\/www.copealcoy.es\\\/es\\\/muro-reivindica-su-legado-academicista-y-neoclasico-con-unas-nuevas-jornadas-europeas-de-patrimonio\\\/\",\"name\":\"Muro reivindica su legado academicista y neocl\u00e1sico con unas nuevas Jornadas Europeas de Patrimonio - COPE Alcoy\",\"isPartOf\":{\"@id\":\"https:\\\/\\\/www.copealcoy.es\\\/es\\\/#website\"},\"primaryImageOfPage\":{\"@id\":\"https:\\\/\\\/www.copealcoy.es\\\/es\\\/muro-reivindica-su-legado-academicista-y-neoclasico-con-unas-nuevas-jornadas-europeas-de-patrimonio\\\/#primaryimage\"},\"image\":{\"@id\":\"https:\\\/\\\/www.copealcoy.es\\\/es\\\/muro-reivindica-su-legado-academicista-y-neoclasico-con-unas-nuevas-jornadas-europeas-de-patrimonio\\\/#primaryimage\"},\"thumbnailUrl\":\"https:\\\/\\\/www.copealcoy.es\\\/wp-content\\\/uploads\\\/2025\\\/11\\\/4.jpg\",\"datePublished\":\"2025-11-17T09:00:50+00:00\",\"dateModified\":\"2025-11-17T12:49:06+00:00\",\"author\":{\"@id\":\"https:\\\/\\\/www.copealcoy.es\\\/es\\\/#\\\/schema\\\/person\\\/e777c87fa024e57d40170af9df39882c\"},\"description\":\"Muro reivindica su legado academicista y neocl\u00e1sico con unas nuevas Jornadas Europeas de Patrimonio\",\"breadcrumb\":{\"@id\":\"https:\\\/\\\/www.copealcoy.es\\\/es\\\/muro-reivindica-su-legado-academicista-y-neoclasico-con-unas-nuevas-jornadas-europeas-de-patrimonio\\\/#breadcrumb\"},\"inLanguage\":\"es\",\"potentialAction\":[{\"@type\":\"ReadAction\",\"target\":[\"https:\\\/\\\/www.copealcoy.es\\\/es\\\/muro-reivindica-su-legado-academicista-y-neoclasico-con-unas-nuevas-jornadas-europeas-de-patrimonio\\\/\"]}]},{\"@type\":\"ImageObject\",\"inLanguage\":\"es\",\"@id\":\"https:\\\/\\\/www.copealcoy.es\\\/es\\\/muro-reivindica-su-legado-academicista-y-neoclasico-con-unas-nuevas-jornadas-europeas-de-patrimonio\\\/#primaryimage\",\"url\":\"https:\\\/\\\/www.copealcoy.es\\\/wp-content\\\/uploads\\\/2025\\\/11\\\/4.jpg\",\"contentUrl\":\"https:\\\/\\\/www.copealcoy.es\\\/wp-content\\\/uploads\\\/2025\\\/11\\\/4.jpg\",\"width\":1050,\"height\":700},{\"@type\":\"BreadcrumbList\",\"@id\":\"https:\\\/\\\/www.copealcoy.es\\\/es\\\/muro-reivindica-su-legado-academicista-y-neoclasico-con-unas-nuevas-jornadas-europeas-de-patrimonio\\\/#breadcrumb\",\"itemListElement\":[{\"@type\":\"ListItem\",\"position\":1,\"name\":\"Portada\",\"item\":\"https:\\\/\\\/www.copealcoy.es\\\/es\\\/\"},{\"@type\":\"ListItem\",\"position\":2,\"name\":\"Muro reivindica su legado academicista y neocl\u00e1sico con unas nuevas Jornadas Europeas de Patrimonio\"}]},{\"@type\":\"WebSite\",\"@id\":\"https:\\\/\\\/www.copealcoy.es\\\/es\\\/#website\",\"url\":\"https:\\\/\\\/www.copealcoy.es\\\/es\\\/\",\"name\":\"COPE Alcoy\",\"description\":\"Emisora COPE de radio local con emisi\u00f3n online. Pont de Sant Jordi 8-10 03803 Alcoy\",\"potentialAction\":[{\"@type\":\"SearchAction\",\"target\":{\"@type\":\"EntryPoint\",\"urlTemplate\":\"https:\\\/\\\/www.copealcoy.es\\\/es\\\/?s={search_term_string}\"},\"query-input\":{\"@type\":\"PropertyValueSpecification\",\"valueRequired\":true,\"valueName\":\"search_term_string\"}}],\"inLanguage\":\"es\"},{\"@type\":\"Person\",\"@id\":\"https:\\\/\\\/www.copealcoy.es\\\/es\\\/#\\\/schema\\\/person\\\/e777c87fa024e57d40170af9df39882c\",\"name\":\"Cope Alcoy\",\"image\":{\"@type\":\"ImageObject\",\"inLanguage\":\"es\",\"@id\":\"https:\\\/\\\/secure.gravatar.com\\\/avatar\\\/bb65d0283347e303893ba14f0692005417c1e0e690a325a4c5d8bb2b3943ee14?s=96&d=mm&r=g\",\"url\":\"https:\\\/\\\/secure.gravatar.com\\\/avatar\\\/bb65d0283347e303893ba14f0692005417c1e0e690a325a4c5d8bb2b3943ee14?s=96&d=mm&r=g\",\"contentUrl\":\"https:\\\/\\\/secure.gravatar.com\\\/avatar\\\/bb65d0283347e303893ba14f0692005417c1e0e690a325a4c5d8bb2b3943ee14?s=96&d=mm&r=g\",\"caption\":\"Cope Alcoy\"}}]}<\/script>\n<!-- \/ Yoast SEO plugin. -->","yoast_head_json":{"title":"Muro reivindica su legado academicista y neocl\u00e1sico con unas nuevas Jornadas Europeas de Patrimonio - COPE Alcoy","description":"Muro reivindica su legado academicista y neocl\u00e1sico con unas nuevas Jornadas Europeas de Patrimonio","robots":{"index":"index","follow":"follow","max-snippet":"max-snippet:-1","max-image-preview":"max-image-preview:large","max-video-preview":"max-video-preview:-1"},"canonical":"https:\/\/www.copealcoy.es\/es\/muro-reivindica-su-legado-academicista-y-neoclasico-con-unas-nuevas-jornadas-europeas-de-patrimonio\/","og_locale":"es_ES","og_type":"article","og_title":"Muro reivindica su legado academicista y neocl\u00e1sico con unas nuevas Jornadas Europeas de Patrimonio - COPE Alcoy","og_description":"Muro reivindica su legado academicista y neocl\u00e1sico con unas nuevas Jornadas Europeas de Patrimonio","og_url":"https:\/\/www.copealcoy.es\/es\/muro-reivindica-su-legado-academicista-y-neoclasico-con-unas-nuevas-jornadas-europeas-de-patrimonio\/","og_site_name":"COPE Alcoy","article_published_time":"2025-11-17T09:00:50+00:00","article_modified_time":"2025-11-17T12:49:06+00:00","og_image":[{"width":1050,"height":700,"url":"https:\/\/www.copealcoy.es\/wp-content\/uploads\/2025\/11\/4.jpg","type":"image\/jpeg"}],"author":"Cope Alcoy","twitter_misc":{"Escrito por":"Cope Alcoy","Tiempo de lectura":"4 minutos"},"schema":{"@context":"https:\/\/schema.org","@graph":[{"@type":"Article","@id":"https:\/\/www.copealcoy.es\/es\/muro-reivindica-su-legado-academicista-y-neoclasico-con-unas-nuevas-jornadas-europeas-de-patrimonio\/#article","isPartOf":{"@id":"https:\/\/www.copealcoy.es\/es\/muro-reivindica-su-legado-academicista-y-neoclasico-con-unas-nuevas-jornadas-europeas-de-patrimonio\/"},"author":{"name":"Cope Alcoy","@id":"https:\/\/www.copealcoy.es\/es\/#\/schema\/person\/e777c87fa024e57d40170af9df39882c"},"headline":"Muro reivindica su legado academicista y neocl\u00e1sico con unas nuevas Jornadas Europeas de Patrimonio","datePublished":"2025-11-17T09:00:50+00:00","dateModified":"2025-11-17T12:49:06+00:00","mainEntityOfPage":{"@id":"https:\/\/www.copealcoy.es\/es\/muro-reivindica-su-legado-academicista-y-neoclasico-con-unas-nuevas-jornadas-europeas-de-patrimonio\/"},"wordCount":717,"image":{"@id":"https:\/\/www.copealcoy.es\/es\/muro-reivindica-su-legado-academicista-y-neoclasico-con-unas-nuevas-jornadas-europeas-de-patrimonio\/#primaryimage"},"thumbnailUrl":"https:\/\/www.copealcoy.es\/wp-content\/uploads\/2025\/11\/4.jpg","keywords":["Jornadas Europeas de Patrimonio","Josep Valero","Muro","nueva edici\u00f3n","Sergi Silvestre"],"articleSection":["Actualidad","Comarcas","Noticias"],"inLanguage":"es"},{"@type":"WebPage","@id":"https:\/\/www.copealcoy.es\/es\/muro-reivindica-su-legado-academicista-y-neoclasico-con-unas-nuevas-jornadas-europeas-de-patrimonio\/","url":"https:\/\/www.copealcoy.es\/es\/muro-reivindica-su-legado-academicista-y-neoclasico-con-unas-nuevas-jornadas-europeas-de-patrimonio\/","name":"Muro reivindica su legado academicista y neocl\u00e1sico con unas nuevas Jornadas Europeas de Patrimonio - COPE Alcoy","isPartOf":{"@id":"https:\/\/www.copealcoy.es\/es\/#website"},"primaryImageOfPage":{"@id":"https:\/\/www.copealcoy.es\/es\/muro-reivindica-su-legado-academicista-y-neoclasico-con-unas-nuevas-jornadas-europeas-de-patrimonio\/#primaryimage"},"image":{"@id":"https:\/\/www.copealcoy.es\/es\/muro-reivindica-su-legado-academicista-y-neoclasico-con-unas-nuevas-jornadas-europeas-de-patrimonio\/#primaryimage"},"thumbnailUrl":"https:\/\/www.copealcoy.es\/wp-content\/uploads\/2025\/11\/4.jpg","datePublished":"2025-11-17T09:00:50+00:00","dateModified":"2025-11-17T12:49:06+00:00","author":{"@id":"https:\/\/www.copealcoy.es\/es\/#\/schema\/person\/e777c87fa024e57d40170af9df39882c"},"description":"Muro reivindica su legado academicista y neocl\u00e1sico con unas nuevas Jornadas Europeas de Patrimonio","breadcrumb":{"@id":"https:\/\/www.copealcoy.es\/es\/muro-reivindica-su-legado-academicista-y-neoclasico-con-unas-nuevas-jornadas-europeas-de-patrimonio\/#breadcrumb"},"inLanguage":"es","potentialAction":[{"@type":"ReadAction","target":["https:\/\/www.copealcoy.es\/es\/muro-reivindica-su-legado-academicista-y-neoclasico-con-unas-nuevas-jornadas-europeas-de-patrimonio\/"]}]},{"@type":"ImageObject","inLanguage":"es","@id":"https:\/\/www.copealcoy.es\/es\/muro-reivindica-su-legado-academicista-y-neoclasico-con-unas-nuevas-jornadas-europeas-de-patrimonio\/#primaryimage","url":"https:\/\/www.copealcoy.es\/wp-content\/uploads\/2025\/11\/4.jpg","contentUrl":"https:\/\/www.copealcoy.es\/wp-content\/uploads\/2025\/11\/4.jpg","width":1050,"height":700},{"@type":"BreadcrumbList","@id":"https:\/\/www.copealcoy.es\/es\/muro-reivindica-su-legado-academicista-y-neoclasico-con-unas-nuevas-jornadas-europeas-de-patrimonio\/#breadcrumb","itemListElement":[{"@type":"ListItem","position":1,"name":"Portada","item":"https:\/\/www.copealcoy.es\/es\/"},{"@type":"ListItem","position":2,"name":"Muro reivindica su legado academicista y neocl\u00e1sico con unas nuevas Jornadas Europeas de Patrimonio"}]},{"@type":"WebSite","@id":"https:\/\/www.copealcoy.es\/es\/#website","url":"https:\/\/www.copealcoy.es\/es\/","name":"COPE Alcoy","description":"Emisora COPE de radio local con emisi\u00f3n online. Pont de Sant Jordi 8-10 03803 Alcoy","potentialAction":[{"@type":"SearchAction","target":{"@type":"EntryPoint","urlTemplate":"https:\/\/www.copealcoy.es\/es\/?s={search_term_string}"},"query-input":{"@type":"PropertyValueSpecification","valueRequired":true,"valueName":"search_term_string"}}],"inLanguage":"es"},{"@type":"Person","@id":"https:\/\/www.copealcoy.es\/es\/#\/schema\/person\/e777c87fa024e57d40170af9df39882c","name":"Cope Alcoy","image":{"@type":"ImageObject","inLanguage":"es","@id":"https:\/\/secure.gravatar.com\/avatar\/bb65d0283347e303893ba14f0692005417c1e0e690a325a4c5d8bb2b3943ee14?s=96&d=mm&r=g","url":"https:\/\/secure.gravatar.com\/avatar\/bb65d0283347e303893ba14f0692005417c1e0e690a325a4c5d8bb2b3943ee14?s=96&d=mm&r=g","contentUrl":"https:\/\/secure.gravatar.com\/avatar\/bb65d0283347e303893ba14f0692005417c1e0e690a325a4c5d8bb2b3943ee14?s=96&d=mm&r=g","caption":"Cope Alcoy"}}]}},"_links":{"self":[{"href":"https:\/\/www.copealcoy.es\/es\/wp-json\/wp\/v2\/posts\/159959","targetHints":{"allow":["GET"]}}],"collection":[{"href":"https:\/\/www.copealcoy.es\/es\/wp-json\/wp\/v2\/posts"}],"about":[{"href":"https:\/\/www.copealcoy.es\/es\/wp-json\/wp\/v2\/types\/post"}],"author":[{"embeddable":true,"href":"https:\/\/www.copealcoy.es\/es\/wp-json\/wp\/v2\/users\/1"}],"replies":[{"embeddable":true,"href":"https:\/\/www.copealcoy.es\/es\/wp-json\/wp\/v2\/comments?post=159959"}],"version-history":[{"count":3,"href":"https:\/\/www.copealcoy.es\/es\/wp-json\/wp\/v2\/posts\/159959\/revisions"}],"predecessor-version":[{"id":159967,"href":"https:\/\/www.copealcoy.es\/es\/wp-json\/wp\/v2\/posts\/159959\/revisions\/159967"}],"wp:featuredmedia":[{"embeddable":true,"href":"https:\/\/www.copealcoy.es\/es\/wp-json\/wp\/v2\/media\/159960"}],"wp:attachment":[{"href":"https:\/\/www.copealcoy.es\/es\/wp-json\/wp\/v2\/media?parent=159959"}],"wp:term":[{"taxonomy":"category","embeddable":true,"href":"https:\/\/www.copealcoy.es\/es\/wp-json\/wp\/v2\/categories?post=159959"},{"taxonomy":"post_tag","embeddable":true,"href":"https:\/\/www.copealcoy.es\/es\/wp-json\/wp\/v2\/tags?post=159959"}],"curies":[{"name":"wp","href":"https:\/\/api.w.org\/{rel}","templated":true}]}}