{"id":159908,"date":"2025-11-18T09:00:50","date_gmt":"2025-11-18T08:00:50","guid":{"rendered":"https:\/\/www.copealcoy.es\/?p=159908"},"modified":"2025-11-19T15:00:31","modified_gmt":"2025-11-19T14:00:31","slug":"la-celebracion-del-20-aniversario-de-cope-alcoy-en-imagenes","status":"publish","type":"post","link":"https:\/\/www.copealcoy.es\/es\/la-celebracion-del-20-aniversario-de-cope-alcoy-en-imagenes\/","title":{"rendered":"La celebraci\u00f3n del 20 aniversario de COPE ALCOY en im\u00e1genes"},"content":{"rendered":"<p data-start=\"136\" data-end=\"436\"><a href=\"https:\/\/www.facebook.com\/copealcoy\/\" target=\"_blank\" rel=\"noopener\"><span style=\"color: #0000ff;\"><strong>COPE ALCOY<\/strong> <\/span><\/a>vivi\u00f3 <strong data-start=\"153\" data-end=\"173\">el pasado mi\u00e9rcoles<\/strong> una jornada muy significativa en el marco de la celebraci\u00f3n de nuestro <strong data-start=\"240\" data-end=\"264\">vig\u00e9simo aniversario<\/strong>. La emisora record\u00f3 sus <strong data-start=\"289\" data-end=\"301\">or\u00edgenes<\/strong> y celebr\u00f3 esta <strong data-start=\"317\" data-end=\"330\">efem\u00e9ride<\/strong> con un gran acto que tuvo lugar a partir de las siete de la tarde en el sal\u00f3n de actos del <strong data-start=\"422\" data-end=\"435\">IVAM-CADA<\/strong>.<\/p>\n<p style=\"text-align: justify;\" data-start=\"438\" data-end=\"1583\">La gala, conducida por nuestro compa\u00f1ero <strong data-start=\"479\" data-end=\"498\">Gabriel Pascual<\/strong>, reuni\u00f3 a una amplia representaci\u00f3n del \u00e1mbito <strong data-start=\"546\" data-end=\"563\">institucional<\/strong> de la ciudad y de las <strong data-start=\"586\" data-end=\"598\">comarcas<\/strong>, as\u00ed como del tejido <strong data-start=\"620\" data-end=\"635\">empresarial<\/strong>, <strong data-start=\"637\" data-end=\"650\">econ\u00f3mico<\/strong> y <strong data-start=\"653\" data-end=\"667\">asociativo<\/strong>, junto a trabajadores, antiguos empleados y colaboradores de la casa. El acto comenz\u00f3 con la intervenci\u00f3n de la directora de COPE ALCOY, <strong data-start=\"805\" data-end=\"825\">Bego\u00f1a del Prado<\/strong>, quien expres\u00f3 su agradecimiento a quienes impulsaron el proyecto hace dos d\u00e9cadas y felicit\u00f3 a las personas que hoy forman parte de la empresa veinte a\u00f1os despu\u00e9s de su nacimiento. Seguidamente tom\u00f3 la palabra el alcalde de Alcoy, <strong data-start=\"1058\" data-end=\"1074\">Toni Franc\u00e9s<\/strong>, quien destac\u00f3 el papel que ha desempe\u00f1ado <strong data-start=\"1118\" data-end=\"1132\">COPE ALCOY<\/strong> desde <strong data-start=\"1139\" data-end=\"1147\">2005<\/strong> en la ciudad y en el conjunto de las comarcas, subrayando tambi\u00e9n la importancia de los <strong data-start=\"1236\" data-end=\"1262\">medios de comunicaci\u00f3n<\/strong> para garantizar una informaci\u00f3n <strong data-start=\"1295\" data-end=\"1304\">veraz<\/strong> y <strong data-start=\"1307\" data-end=\"1317\">plural<\/strong> en nuestra sociedad. Posteriormente, y tras un <strong data-start=\"1365\" data-end=\"1388\">v\u00eddeo conmemorativo<\/strong> del vig\u00e9simo aniversario, la emisora realiz\u00f3 un <strong data-start=\"1437\" data-end=\"1455\">reconocimiento<\/strong> a empresas, particulares y protagonistas que han sido clave en la historia de COPE ALCOY desde su creaci\u00f3n hasta la actualidad.<\/p>\n<p style=\"text-align: justify;\" data-start=\"1585\" data-end=\"2070\">Estos <strong data-start=\"1591\" data-end=\"1605\">galardones<\/strong> recayeron en las <strong data-start=\"1623\" data-end=\"1665\">Fiestas de Moros y Cristianos de Alcoy<\/strong> y la <strong data-start=\"1671\" data-end=\"1707\">Fira de Tots Sants de Cocentaina<\/strong> (referentes de la Fiesta), el <strong data-start=\"1738\" data-end=\"1760\">Betlem de Tirisiti<\/strong> (referente cultural), <strong data-start=\"1783\" data-end=\"1796\">AFA Alcoy<\/strong> (referente en el \u00e1mbito social) y <strong data-start=\"1831\" data-end=\"1857\">Uni\u00f3n Alcoyana Seguros<\/strong> (referente en la promoci\u00f3n del deporte). Tambi\u00e9n fueron homenajeados <strong data-start=\"1927\" data-end=\"1943\">Licores SINC<\/strong>, <strong data-start=\"1945\" data-end=\"1966\">Salvador Dom\u00e9nech<\/strong>, <strong data-start=\"1968\" data-end=\"1993\">Difusi\u00f3n Comunicaci\u00f3n<\/strong> y <strong data-start=\"1996\" data-end=\"2005\">AITEX<\/strong> como referentes en el \u00e1mbito empresarial y de la <strong data-start=\"2055\" data-end=\"2069\">innovaci\u00f3n<\/strong>.<\/p>\n<p style=\"text-align: justify;\" data-start=\"2072\" data-end=\"2722\">La velada finaliz\u00f3 con las palabras de <strong data-start=\"2111\" data-end=\"2128\">Carlos Jurado<\/strong>, primer director de <strong data-start=\"2149\" data-end=\"2163\">COPE ALCOY<\/strong>, quien record\u00f3 los primeros pasos para poner en marcha la emisora y el camino recorrido hasta su consolidaci\u00f3n. Entre grandes aplausos, recibi\u00f3 tambi\u00e9n un <strong data-start=\"2319\" data-end=\"2331\">galard\u00f3n<\/strong> por su entrega y dedicaci\u00f3n para hacer posible que la emisora sea hoy una realidad. Finalmente, intervino <strong data-start=\"2438\" data-end=\"2457\">Felipe Carrasco<\/strong>, secretario auton\u00f3mico de <strong data-start=\"2484\" data-end=\"2497\">Industria<\/strong>, quien dese\u00f3 <strong data-start=\"2511\" data-end=\"2538\">larga vida a COPE ALCOY<\/strong>, un medio de comunicaci\u00f3n <strong data-start=\"2565\" data-end=\"2576\">cercano<\/strong> que, veinte a\u00f1os despu\u00e9s de su nacimiento, es una pieza clave tanto en Alcoy como en el conjunto de las comarcas de <strong data-start=\"2693\" data-end=\"2705\">l\u2019Alcoi\u00e0<\/strong> y <strong data-start=\"2708\" data-end=\"2721\">El Comtat<\/strong>.<\/p>\n<p style=\"text-align: justify;\" data-start=\"2072\" data-end=\"2722\">Un acto que <strong>fue posible<\/strong> con el apoyo de la Generalitat Valenciana, Diputaci\u00f3n Provincial de Alicante, Ayuntamiento de Alcoy, Ayuntamiento de Cocentaina, Ayuntamiento de Muro, Ayuntamiento de Ibi, Mancomunitat de L&#8217;Alcoi\u00e0 y El Comtat, Mancomunitat El Xarpolar, AITEX, Milar, Regicarp, Caixa Ontinyent, EASDA Alcoi, Single &amp; Jam, Inmobiliaria Carbonell, Crea 360, Viuda de Tadeo Juan, Terra Natura, C\u00edrculo Industrial, Franc\u00e9s Asesores, Visauto, Bigmat, Sir Events, Jovempa, Caixa Popular, Persianas San Valent\u00edn, C\u00e1mara de Comercio e Industria de Alcoy, Gr\u00e1ficas Agull\u00f3, Brahm Catering.<\/p>\n<p data-start=\"2072\" data-end=\"2722\"><strong>Im\u00e1genes<\/strong>: Antonio Limi\u00f1ana<\/p>\n<div id='gallery-1' class='gallery galleryid-159908 gallery-columns-2 gallery-size-large'><figure class='gallery-item'>\n\t\t\t<div class='gallery-icon landscape'>\n\t\t\t\t<a href='https:\/\/www.copealcoy.es\/es\/la-celebracion-del-20-aniversario-de-cope-alcoy-en-imagenes\/aniversario-22\/'><img loading=\"lazy\" decoding=\"async\" width=\"980\" height=\"588\" src=\"https:\/\/www.copealcoy.es\/wp-content\/uploads\/2025\/11\/Aniversario-22-980x588.jpg\" class=\"attachment-large size-large\" alt=\"\" \/><\/a>\n\t\t\t<\/div><\/figure><figure class='gallery-item'>\n\t\t\t<div class='gallery-icon landscape'>\n\t\t\t\t<a href='https:\/\/www.copealcoy.es\/es\/la-celebracion-del-20-aniversario-de-cope-alcoy-en-imagenes\/aniversario-21\/'><img loading=\"lazy\" decoding=\"async\" width=\"980\" height=\"588\" src=\"https:\/\/www.copealcoy.es\/wp-content\/uploads\/2025\/11\/Aniversario-21-980x588.jpg\" class=\"attachment-large size-large\" alt=\"\" \/><\/a>\n\t\t\t<\/div><\/figure><figure class='gallery-item'>\n\t\t\t<div class='gallery-icon landscape'>\n\t\t\t\t<a href='https:\/\/www.copealcoy.es\/es\/la-celebracion-del-20-aniversario-de-cope-alcoy-en-imagenes\/aniversario-16\/'><img loading=\"lazy\" decoding=\"async\" width=\"980\" height=\"588\" src=\"https:\/\/www.copealcoy.es\/wp-content\/uploads\/2025\/11\/Aniversario-16-980x588.jpg\" class=\"attachment-large size-large\" alt=\"\" \/><\/a>\n\t\t\t<\/div><\/figure><figure class='gallery-item'>\n\t\t\t<div class='gallery-icon landscape'>\n\t\t\t\t<a href='https:\/\/www.copealcoy.es\/es\/la-celebracion-del-20-aniversario-de-cope-alcoy-en-imagenes\/aniversario-15\/'><img loading=\"lazy\" decoding=\"async\" width=\"980\" height=\"588\" src=\"https:\/\/www.copealcoy.es\/wp-content\/uploads\/2025\/11\/Aniversario-15-980x588.jpg\" class=\"attachment-large size-large\" alt=\"\" \/><\/a>\n\t\t\t<\/div><\/figure><figure class='gallery-item'>\n\t\t\t<div class='gallery-icon landscape'>\n\t\t\t\t<a href='https:\/\/www.copealcoy.es\/es\/la-celebracion-del-20-aniversario-de-cope-alcoy-en-imagenes\/aniversario-14\/'><img loading=\"lazy\" decoding=\"async\" width=\"980\" height=\"588\" src=\"https:\/\/www.copealcoy.es\/wp-content\/uploads\/2025\/11\/Aniversario-14-980x588.jpg\" class=\"attachment-large size-large\" alt=\"\" \/><\/a>\n\t\t\t<\/div><\/figure><figure class='gallery-item'>\n\t\t\t<div class='gallery-icon landscape'>\n\t\t\t\t<a href='https:\/\/www.copealcoy.es\/es\/la-celebracion-del-20-aniversario-de-cope-alcoy-en-imagenes\/aniversario-20\/'><img loading=\"lazy\" decoding=\"async\" width=\"980\" height=\"588\" src=\"https:\/\/www.copealcoy.es\/wp-content\/uploads\/2025\/11\/Aniversario-20-980x588.jpg\" class=\"attachment-large size-large\" alt=\"\" \/><\/a>\n\t\t\t<\/div><\/figure><figure class='gallery-item'>\n\t\t\t<div class='gallery-icon landscape'>\n\t\t\t\t<a href='https:\/\/www.copealcoy.es\/es\/la-celebracion-del-20-aniversario-de-cope-alcoy-en-imagenes\/aniversario-19\/'><img loading=\"lazy\" decoding=\"async\" width=\"980\" height=\"588\" src=\"https:\/\/www.copealcoy.es\/wp-content\/uploads\/2025\/11\/Aniversario-19-980x588.jpg\" class=\"attachment-large size-large\" alt=\"\" \/><\/a>\n\t\t\t<\/div><\/figure><figure class='gallery-item'>\n\t\t\t<div class='gallery-icon landscape'>\n\t\t\t\t<a href='https:\/\/www.copealcoy.es\/es\/la-celebracion-del-20-aniversario-de-cope-alcoy-en-imagenes\/aniversario-13\/'><img loading=\"lazy\" decoding=\"async\" width=\"980\" height=\"588\" src=\"https:\/\/www.copealcoy.es\/wp-content\/uploads\/2025\/11\/Aniversario-13-980x588.jpg\" class=\"attachment-large size-large\" alt=\"\" \/><\/a>\n\t\t\t<\/div><\/figure><figure class='gallery-item'>\n\t\t\t<div class='gallery-icon landscape'>\n\t\t\t\t<a href='https:\/\/www.copealcoy.es\/es\/la-celebracion-del-20-aniversario-de-cope-alcoy-en-imagenes\/aniversario-12\/'><img loading=\"lazy\" decoding=\"async\" width=\"980\" height=\"588\" src=\"https:\/\/www.copealcoy.es\/wp-content\/uploads\/2025\/11\/Aniversario-12-980x588.jpg\" class=\"attachment-large size-large\" alt=\"\" \/><\/a>\n\t\t\t<\/div><\/figure><figure class='gallery-item'>\n\t\t\t<div class='gallery-icon landscape'>\n\t\t\t\t<a href='https:\/\/www.copealcoy.es\/es\/la-celebracion-del-20-aniversario-de-cope-alcoy-en-imagenes\/aniversario-18\/'><img loading=\"lazy\" decoding=\"async\" width=\"980\" height=\"588\" src=\"https:\/\/www.copealcoy.es\/wp-content\/uploads\/2025\/11\/Aniversario-18-980x588.jpg\" class=\"attachment-large size-large\" alt=\"\" \/><\/a>\n\t\t\t<\/div><\/figure><figure class='gallery-item'>\n\t\t\t<div class='gallery-icon landscape'>\n\t\t\t\t<a href='https:\/\/www.copealcoy.es\/es\/la-celebracion-del-20-aniversario-de-cope-alcoy-en-imagenes\/aniversario-17\/'><img loading=\"lazy\" decoding=\"async\" width=\"980\" height=\"588\" src=\"https:\/\/www.copealcoy.es\/wp-content\/uploads\/2025\/11\/Aniversario-17-980x588.jpg\" class=\"attachment-large size-large\" alt=\"\" \/><\/a>\n\t\t\t<\/div><\/figure><figure class='gallery-item'>\n\t\t\t<div class='gallery-icon landscape'>\n\t\t\t\t<a href='https:\/\/www.copealcoy.es\/es\/la-celebracion-del-20-aniversario-de-cope-alcoy-en-imagenes\/aniversario-11\/'><img loading=\"lazy\" decoding=\"async\" width=\"980\" height=\"588\" src=\"https:\/\/www.copealcoy.es\/wp-content\/uploads\/2025\/11\/Aniversario-11-980x588.jpg\" class=\"attachment-large size-large\" alt=\"\" \/><\/a>\n\t\t\t<\/div><\/figure><figure class='gallery-item'>\n\t\t\t<div class='gallery-icon landscape'>\n\t\t\t\t<a href='https:\/\/www.copealcoy.es\/es\/la-celebracion-del-20-aniversario-de-cope-alcoy-en-imagenes\/aniversario-7\/'><img loading=\"lazy\" decoding=\"async\" width=\"980\" height=\"588\" src=\"https:\/\/www.copealcoy.es\/wp-content\/uploads\/2025\/11\/Aniversario-7-980x588.jpg\" class=\"attachment-large size-large\" alt=\"\" \/><\/a>\n\t\t\t<\/div><\/figure><figure class='gallery-item'>\n\t\t\t<div class='gallery-icon landscape'>\n\t\t\t\t<a href='https:\/\/www.copealcoy.es\/es\/la-celebracion-del-20-aniversario-de-cope-alcoy-en-imagenes\/aniversario-10\/'><img loading=\"lazy\" decoding=\"async\" width=\"980\" height=\"588\" src=\"https:\/\/www.copealcoy.es\/wp-content\/uploads\/2025\/11\/Aniversario-10-980x588.jpg\" class=\"attachment-large size-large\" alt=\"\" \/><\/a>\n\t\t\t<\/div><\/figure><figure class='gallery-item'>\n\t\t\t<div class='gallery-icon landscape'>\n\t\t\t\t<a href='https:\/\/www.copealcoy.es\/es\/la-celebracion-del-20-aniversario-de-cope-alcoy-en-imagenes\/aniversario-2\/'><img loading=\"lazy\" decoding=\"async\" width=\"980\" height=\"588\" src=\"https:\/\/www.copealcoy.es\/wp-content\/uploads\/2025\/11\/Aniversario-2-980x588.jpg\" class=\"attachment-large size-large\" alt=\"\" \/><\/a>\n\t\t\t<\/div><\/figure><figure class='gallery-item'>\n\t\t\t<div class='gallery-icon landscape'>\n\t\t\t\t<a href='https:\/\/www.copealcoy.es\/es\/la-celebracion-del-20-aniversario-de-cope-alcoy-en-imagenes\/aniversario-1\/'><img loading=\"lazy\" decoding=\"async\" width=\"980\" height=\"588\" src=\"https:\/\/www.copealcoy.es\/wp-content\/uploads\/2025\/11\/Aniversario-1-980x588.jpg\" class=\"attachment-large size-large\" alt=\"\" \/><\/a>\n\t\t\t<\/div><\/figure><figure class='gallery-item'>\n\t\t\t<div class='gallery-icon landscape'>\n\t\t\t\t<a href='https:\/\/www.copealcoy.es\/es\/la-celebracion-del-20-aniversario-de-cope-alcoy-en-imagenes\/aniversario-6\/'><img loading=\"lazy\" decoding=\"async\" width=\"980\" height=\"588\" src=\"https:\/\/www.copealcoy.es\/wp-content\/uploads\/2025\/11\/Aniversario-6-980x588.jpg\" class=\"attachment-large size-large\" alt=\"\" \/><\/a>\n\t\t\t<\/div><\/figure><figure class='gallery-item'>\n\t\t\t<div class='gallery-icon landscape'>\n\t\t\t\t<a href='https:\/\/www.copealcoy.es\/es\/la-celebracion-del-20-aniversario-de-cope-alcoy-en-imagenes\/aniversario-5\/'><img loading=\"lazy\" decoding=\"async\" width=\"980\" height=\"588\" src=\"https:\/\/www.copealcoy.es\/wp-content\/uploads\/2025\/11\/Aniversario-5-980x588.jpg\" class=\"attachment-large size-large\" alt=\"\" \/><\/a>\n\t\t\t<\/div><\/figure><figure class='gallery-item'>\n\t\t\t<div class='gallery-icon landscape'>\n\t\t\t\t<a href='https:\/\/www.copealcoy.es\/es\/la-celebracion-del-20-aniversario-de-cope-alcoy-en-imagenes\/aniversario-4\/'><img loading=\"lazy\" decoding=\"async\" width=\"980\" height=\"588\" src=\"https:\/\/www.copealcoy.es\/wp-content\/uploads\/2025\/11\/Aniversario-4-980x588.jpg\" class=\"attachment-large size-large\" alt=\"\" \/><\/a>\n\t\t\t<\/div><\/figure><figure class='gallery-item'>\n\t\t\t<div class='gallery-icon landscape'>\n\t\t\t\t<a href='https:\/\/www.copealcoy.es\/es\/la-celebracion-del-20-aniversario-de-cope-alcoy-en-imagenes\/aniversario-3\/'><img loading=\"lazy\" decoding=\"async\" width=\"980\" height=\"588\" src=\"https:\/\/www.copealcoy.es\/wp-content\/uploads\/2025\/11\/Aniversario-3-980x588.jpg\" class=\"attachment-large size-large\" alt=\"\" \/><\/a>\n\t\t\t<\/div><\/figure>\n\t\t<\/div>\n\n","protected":false},"excerpt":{"rendered":"<p>COPE ALCOY vivi\u00f3 el pasado mi\u00e9rcoles una jornada muy significativa en el marco de la celebraci\u00f3n de nuestro vig\u00e9simo aniversario&#8230;.<\/p>\n","protected":false},"author":1,"featured_media":159921,"comment_status":"closed","ping_status":"closed","sticky":false,"template":"","format":"standard","meta":{"footnotes":""},"categories":[],"tags":[20302,1494,5945,1045,20303],"class_list":["post-159908","post","type-post","status-publish","format-standard","has-post-thumbnail","hentry","tag-20-aniversario","tag-alcoy","tag-celebracion","tag-cope-alcoy","tag-galeria-fotografica"],"yoast_head":"<!-- This site is optimized with the Yoast SEO plugin v27.3 - https:\/\/yoast.com\/product\/yoast-seo-wordpress\/ -->\n<title>La celebraci\u00f3n del 20 aniversario de COPE ALCOY en im\u00e1genes - COPE Alcoy<\/title>\n<meta name=\"description\" content=\"La celebraci\u00f3n del 20 aniversario de COPE ALCOY en im\u00e1genes\" \/>\n<meta name=\"robots\" content=\"index, follow, max-snippet:-1, max-image-preview:large, max-video-preview:-1\" \/>\n<link rel=\"canonical\" href=\"https:\/\/www.copealcoy.es\/es\/la-celebracion-del-20-aniversario-de-cope-alcoy-en-imagenes\/\" \/>\n<meta property=\"og:locale\" content=\"es_ES\" \/>\n<meta property=\"og:type\" content=\"article\" \/>\n<meta property=\"og:title\" content=\"La celebraci\u00f3n del 20 aniversario de COPE ALCOY en im\u00e1genes - COPE Alcoy\" \/>\n<meta property=\"og:description\" content=\"La celebraci\u00f3n del 20 aniversario de COPE ALCOY en im\u00e1genes\" \/>\n<meta property=\"og:url\" content=\"https:\/\/www.copealcoy.es\/es\/la-celebracion-del-20-aniversario-de-cope-alcoy-en-imagenes\/\" \/>\n<meta property=\"og:site_name\" content=\"COPE Alcoy\" \/>\n<meta property=\"article:published_time\" content=\"2025-11-18T08:00:50+00:00\" \/>\n<meta property=\"article:modified_time\" content=\"2025-11-19T14:00:31+00:00\" \/>\n<meta property=\"og:image\" content=\"https:\/\/www.copealcoy.es\/wp-content\/uploads\/2025\/11\/Aniversario-7.jpg\" \/>\n\t<meta property=\"og:image:width\" content=\"1600\" \/>\n\t<meta property=\"og:image:height\" content=\"1066\" \/>\n\t<meta property=\"og:image:type\" content=\"image\/jpeg\" \/>\n<meta name=\"author\" content=\"Cope Alcoy\" \/>\n<meta name=\"twitter:label1\" content=\"Escrito por\" \/>\n\t<meta name=\"twitter:data1\" content=\"Cope Alcoy\" \/>\n\t<meta name=\"twitter:label2\" content=\"Tiempo de lectura\" \/>\n\t<meta name=\"twitter:data2\" content=\"3 minutos\" \/>\n<script type=\"application\/ld+json\" class=\"yoast-schema-graph\">{\"@context\":\"https:\\\/\\\/schema.org\",\"@graph\":[{\"@type\":\"Article\",\"@id\":\"https:\\\/\\\/www.copealcoy.es\\\/es\\\/la-celebracion-del-20-aniversario-de-cope-alcoy-en-imagenes\\\/#article\",\"isPartOf\":{\"@id\":\"https:\\\/\\\/www.copealcoy.es\\\/es\\\/la-celebracion-del-20-aniversario-de-cope-alcoy-en-imagenes\\\/\"},\"author\":{\"name\":\"Cope Alcoy\",\"@id\":\"https:\\\/\\\/www.copealcoy.es\\\/es\\\/#\\\/schema\\\/person\\\/e777c87fa024e57d40170af9df39882c\"},\"headline\":\"La celebraci\u00f3n del 20 aniversario de COPE ALCOY en im\u00e1genes\",\"datePublished\":\"2025-11-18T08:00:50+00:00\",\"dateModified\":\"2025-11-19T14:00:31+00:00\",\"mainEntityOfPage\":{\"@id\":\"https:\\\/\\\/www.copealcoy.es\\\/es\\\/la-celebracion-del-20-aniversario-de-cope-alcoy-en-imagenes\\\/\"},\"wordCount\":536,\"image\":{\"@id\":\"https:\\\/\\\/www.copealcoy.es\\\/es\\\/la-celebracion-del-20-aniversario-de-cope-alcoy-en-imagenes\\\/#primaryimage\"},\"thumbnailUrl\":\"https:\\\/\\\/www.copealcoy.es\\\/wp-content\\\/uploads\\\/2025\\\/11\\\/Aniversario-7.jpg\",\"keywords\":[\"20 aniversario\",\"Alcoy\",\"celebraci\u00f3n\",\"Cope Alcoy\",\"galer\u00eda fotogr\u00e1fica\"],\"inLanguage\":\"es\"},{\"@type\":\"WebPage\",\"@id\":\"https:\\\/\\\/www.copealcoy.es\\\/es\\\/la-celebracion-del-20-aniversario-de-cope-alcoy-en-imagenes\\\/\",\"url\":\"https:\\\/\\\/www.copealcoy.es\\\/es\\\/la-celebracion-del-20-aniversario-de-cope-alcoy-en-imagenes\\\/\",\"name\":\"La celebraci\u00f3n del 20 aniversario de COPE ALCOY en im\u00e1genes - COPE Alcoy\",\"isPartOf\":{\"@id\":\"https:\\\/\\\/www.copealcoy.es\\\/es\\\/#website\"},\"primaryImageOfPage\":{\"@id\":\"https:\\\/\\\/www.copealcoy.es\\\/es\\\/la-celebracion-del-20-aniversario-de-cope-alcoy-en-imagenes\\\/#primaryimage\"},\"image\":{\"@id\":\"https:\\\/\\\/www.copealcoy.es\\\/es\\\/la-celebracion-del-20-aniversario-de-cope-alcoy-en-imagenes\\\/#primaryimage\"},\"thumbnailUrl\":\"https:\\\/\\\/www.copealcoy.es\\\/wp-content\\\/uploads\\\/2025\\\/11\\\/Aniversario-7.jpg\",\"datePublished\":\"2025-11-18T08:00:50+00:00\",\"dateModified\":\"2025-11-19T14:00:31+00:00\",\"author\":{\"@id\":\"https:\\\/\\\/www.copealcoy.es\\\/es\\\/#\\\/schema\\\/person\\\/e777c87fa024e57d40170af9df39882c\"},\"description\":\"La celebraci\u00f3n del 20 aniversario de COPE ALCOY en im\u00e1genes\",\"breadcrumb\":{\"@id\":\"https:\\\/\\\/www.copealcoy.es\\\/es\\\/la-celebracion-del-20-aniversario-de-cope-alcoy-en-imagenes\\\/#breadcrumb\"},\"inLanguage\":\"es\",\"potentialAction\":[{\"@type\":\"ReadAction\",\"target\":[\"https:\\\/\\\/www.copealcoy.es\\\/es\\\/la-celebracion-del-20-aniversario-de-cope-alcoy-en-imagenes\\\/\"]}]},{\"@type\":\"ImageObject\",\"inLanguage\":\"es\",\"@id\":\"https:\\\/\\\/www.copealcoy.es\\\/es\\\/la-celebracion-del-20-aniversario-de-cope-alcoy-en-imagenes\\\/#primaryimage\",\"url\":\"https:\\\/\\\/www.copealcoy.es\\\/wp-content\\\/uploads\\\/2025\\\/11\\\/Aniversario-7.jpg\",\"contentUrl\":\"https:\\\/\\\/www.copealcoy.es\\\/wp-content\\\/uploads\\\/2025\\\/11\\\/Aniversario-7.jpg\",\"width\":1600,\"height\":1066},{\"@type\":\"BreadcrumbList\",\"@id\":\"https:\\\/\\\/www.copealcoy.es\\\/es\\\/la-celebracion-del-20-aniversario-de-cope-alcoy-en-imagenes\\\/#breadcrumb\",\"itemListElement\":[{\"@type\":\"ListItem\",\"position\":1,\"name\":\"Portada\",\"item\":\"https:\\\/\\\/www.copealcoy.es\\\/es\\\/\"},{\"@type\":\"ListItem\",\"position\":2,\"name\":\"La celebraci\u00f3n del 20 aniversario de COPE ALCOY en im\u00e1genes\"}]},{\"@type\":\"WebSite\",\"@id\":\"https:\\\/\\\/www.copealcoy.es\\\/es\\\/#website\",\"url\":\"https:\\\/\\\/www.copealcoy.es\\\/es\\\/\",\"name\":\"COPE Alcoy\",\"description\":\"Emisora COPE de radio local con emisi\u00f3n online. Pont de Sant Jordi 8-10 03803 Alcoy\",\"potentialAction\":[{\"@type\":\"SearchAction\",\"target\":{\"@type\":\"EntryPoint\",\"urlTemplate\":\"https:\\\/\\\/www.copealcoy.es\\\/es\\\/?s={search_term_string}\"},\"query-input\":{\"@type\":\"PropertyValueSpecification\",\"valueRequired\":true,\"valueName\":\"search_term_string\"}}],\"inLanguage\":\"es\"},{\"@type\":\"Person\",\"@id\":\"https:\\\/\\\/www.copealcoy.es\\\/es\\\/#\\\/schema\\\/person\\\/e777c87fa024e57d40170af9df39882c\",\"name\":\"Cope Alcoy\",\"image\":{\"@type\":\"ImageObject\",\"inLanguage\":\"es\",\"@id\":\"https:\\\/\\\/secure.gravatar.com\\\/avatar\\\/bb65d0283347e303893ba14f0692005417c1e0e690a325a4c5d8bb2b3943ee14?s=96&d=mm&r=g\",\"url\":\"https:\\\/\\\/secure.gravatar.com\\\/avatar\\\/bb65d0283347e303893ba14f0692005417c1e0e690a325a4c5d8bb2b3943ee14?s=96&d=mm&r=g\",\"contentUrl\":\"https:\\\/\\\/secure.gravatar.com\\\/avatar\\\/bb65d0283347e303893ba14f0692005417c1e0e690a325a4c5d8bb2b3943ee14?s=96&d=mm&r=g\",\"caption\":\"Cope Alcoy\"}}]}<\/script>\n<!-- \/ Yoast SEO plugin. -->","yoast_head_json":{"title":"La celebraci\u00f3n del 20 aniversario de COPE ALCOY en im\u00e1genes - COPE Alcoy","description":"La celebraci\u00f3n del 20 aniversario de COPE ALCOY en im\u00e1genes","robots":{"index":"index","follow":"follow","max-snippet":"max-snippet:-1","max-image-preview":"max-image-preview:large","max-video-preview":"max-video-preview:-1"},"canonical":"https:\/\/www.copealcoy.es\/es\/la-celebracion-del-20-aniversario-de-cope-alcoy-en-imagenes\/","og_locale":"es_ES","og_type":"article","og_title":"La celebraci\u00f3n del 20 aniversario de COPE ALCOY en im\u00e1genes - COPE Alcoy","og_description":"La celebraci\u00f3n del 20 aniversario de COPE ALCOY en im\u00e1genes","og_url":"https:\/\/www.copealcoy.es\/es\/la-celebracion-del-20-aniversario-de-cope-alcoy-en-imagenes\/","og_site_name":"COPE Alcoy","article_published_time":"2025-11-18T08:00:50+00:00","article_modified_time":"2025-11-19T14:00:31+00:00","og_image":[{"width":1600,"height":1066,"url":"https:\/\/www.copealcoy.es\/wp-content\/uploads\/2025\/11\/Aniversario-7.jpg","type":"image\/jpeg"}],"author":"Cope Alcoy","twitter_misc":{"Escrito por":"Cope Alcoy","Tiempo de lectura":"3 minutos"},"schema":{"@context":"https:\/\/schema.org","@graph":[{"@type":"Article","@id":"https:\/\/www.copealcoy.es\/es\/la-celebracion-del-20-aniversario-de-cope-alcoy-en-imagenes\/#article","isPartOf":{"@id":"https:\/\/www.copealcoy.es\/es\/la-celebracion-del-20-aniversario-de-cope-alcoy-en-imagenes\/"},"author":{"name":"Cope Alcoy","@id":"https:\/\/www.copealcoy.es\/es\/#\/schema\/person\/e777c87fa024e57d40170af9df39882c"},"headline":"La celebraci\u00f3n del 20 aniversario de COPE ALCOY en im\u00e1genes","datePublished":"2025-11-18T08:00:50+00:00","dateModified":"2025-11-19T14:00:31+00:00","mainEntityOfPage":{"@id":"https:\/\/www.copealcoy.es\/es\/la-celebracion-del-20-aniversario-de-cope-alcoy-en-imagenes\/"},"wordCount":536,"image":{"@id":"https:\/\/www.copealcoy.es\/es\/la-celebracion-del-20-aniversario-de-cope-alcoy-en-imagenes\/#primaryimage"},"thumbnailUrl":"https:\/\/www.copealcoy.es\/wp-content\/uploads\/2025\/11\/Aniversario-7.jpg","keywords":["20 aniversario","Alcoy","celebraci\u00f3n","Cope Alcoy","galer\u00eda fotogr\u00e1fica"],"inLanguage":"es"},{"@type":"WebPage","@id":"https:\/\/www.copealcoy.es\/es\/la-celebracion-del-20-aniversario-de-cope-alcoy-en-imagenes\/","url":"https:\/\/www.copealcoy.es\/es\/la-celebracion-del-20-aniversario-de-cope-alcoy-en-imagenes\/","name":"La celebraci\u00f3n del 20 aniversario de COPE ALCOY en im\u00e1genes - COPE Alcoy","isPartOf":{"@id":"https:\/\/www.copealcoy.es\/es\/#website"},"primaryImageOfPage":{"@id":"https:\/\/www.copealcoy.es\/es\/la-celebracion-del-20-aniversario-de-cope-alcoy-en-imagenes\/#primaryimage"},"image":{"@id":"https:\/\/www.copealcoy.es\/es\/la-celebracion-del-20-aniversario-de-cope-alcoy-en-imagenes\/#primaryimage"},"thumbnailUrl":"https:\/\/www.copealcoy.es\/wp-content\/uploads\/2025\/11\/Aniversario-7.jpg","datePublished":"2025-11-18T08:00:50+00:00","dateModified":"2025-11-19T14:00:31+00:00","author":{"@id":"https:\/\/www.copealcoy.es\/es\/#\/schema\/person\/e777c87fa024e57d40170af9df39882c"},"description":"La celebraci\u00f3n del 20 aniversario de COPE ALCOY en im\u00e1genes","breadcrumb":{"@id":"https:\/\/www.copealcoy.es\/es\/la-celebracion-del-20-aniversario-de-cope-alcoy-en-imagenes\/#breadcrumb"},"inLanguage":"es","potentialAction":[{"@type":"ReadAction","target":["https:\/\/www.copealcoy.es\/es\/la-celebracion-del-20-aniversario-de-cope-alcoy-en-imagenes\/"]}]},{"@type":"ImageObject","inLanguage":"es","@id":"https:\/\/www.copealcoy.es\/es\/la-celebracion-del-20-aniversario-de-cope-alcoy-en-imagenes\/#primaryimage","url":"https:\/\/www.copealcoy.es\/wp-content\/uploads\/2025\/11\/Aniversario-7.jpg","contentUrl":"https:\/\/www.copealcoy.es\/wp-content\/uploads\/2025\/11\/Aniversario-7.jpg","width":1600,"height":1066},{"@type":"BreadcrumbList","@id":"https:\/\/www.copealcoy.es\/es\/la-celebracion-del-20-aniversario-de-cope-alcoy-en-imagenes\/#breadcrumb","itemListElement":[{"@type":"ListItem","position":1,"name":"Portada","item":"https:\/\/www.copealcoy.es\/es\/"},{"@type":"ListItem","position":2,"name":"La celebraci\u00f3n del 20 aniversario de COPE ALCOY en im\u00e1genes"}]},{"@type":"WebSite","@id":"https:\/\/www.copealcoy.es\/es\/#website","url":"https:\/\/www.copealcoy.es\/es\/","name":"COPE Alcoy","description":"Emisora COPE de radio local con emisi\u00f3n online. Pont de Sant Jordi 8-10 03803 Alcoy","potentialAction":[{"@type":"SearchAction","target":{"@type":"EntryPoint","urlTemplate":"https:\/\/www.copealcoy.es\/es\/?s={search_term_string}"},"query-input":{"@type":"PropertyValueSpecification","valueRequired":true,"valueName":"search_term_string"}}],"inLanguage":"es"},{"@type":"Person","@id":"https:\/\/www.copealcoy.es\/es\/#\/schema\/person\/e777c87fa024e57d40170af9df39882c","name":"Cope Alcoy","image":{"@type":"ImageObject","inLanguage":"es","@id":"https:\/\/secure.gravatar.com\/avatar\/bb65d0283347e303893ba14f0692005417c1e0e690a325a4c5d8bb2b3943ee14?s=96&d=mm&r=g","url":"https:\/\/secure.gravatar.com\/avatar\/bb65d0283347e303893ba14f0692005417c1e0e690a325a4c5d8bb2b3943ee14?s=96&d=mm&r=g","contentUrl":"https:\/\/secure.gravatar.com\/avatar\/bb65d0283347e303893ba14f0692005417c1e0e690a325a4c5d8bb2b3943ee14?s=96&d=mm&r=g","caption":"Cope Alcoy"}}]}},"_links":{"self":[{"href":"https:\/\/www.copealcoy.es\/es\/wp-json\/wp\/v2\/posts\/159908","targetHints":{"allow":["GET"]}}],"collection":[{"href":"https:\/\/www.copealcoy.es\/es\/wp-json\/wp\/v2\/posts"}],"about":[{"href":"https:\/\/www.copealcoy.es\/es\/wp-json\/wp\/v2\/types\/post"}],"author":[{"embeddable":true,"href":"https:\/\/www.copealcoy.es\/es\/wp-json\/wp\/v2\/users\/1"}],"replies":[{"embeddable":true,"href":"https:\/\/www.copealcoy.es\/es\/wp-json\/wp\/v2\/comments?post=159908"}],"version-history":[{"count":3,"href":"https:\/\/www.copealcoy.es\/es\/wp-json\/wp\/v2\/posts\/159908\/revisions"}],"predecessor-version":[{"id":159956,"href":"https:\/\/www.copealcoy.es\/es\/wp-json\/wp\/v2\/posts\/159908\/revisions\/159956"}],"wp:featuredmedia":[{"embeddable":true,"href":"https:\/\/www.copealcoy.es\/es\/wp-json\/wp\/v2\/media\/159921"}],"wp:attachment":[{"href":"https:\/\/www.copealcoy.es\/es\/wp-json\/wp\/v2\/media?parent=159908"}],"wp:term":[{"taxonomy":"category","embeddable":true,"href":"https:\/\/www.copealcoy.es\/es\/wp-json\/wp\/v2\/categories?post=159908"},{"taxonomy":"post_tag","embeddable":true,"href":"https:\/\/www.copealcoy.es\/es\/wp-json\/wp\/v2\/tags?post=159908"}],"curies":[{"name":"wp","href":"https:\/\/api.w.org\/{rel}","templated":true}]}}