{"id":159902,"date":"2025-11-17T11:00:26","date_gmt":"2025-11-17T10:00:26","guid":{"rendered":"https:\/\/www.copealcoy.es\/?p=159902"},"modified":"2025-11-18T16:29:20","modified_gmt":"2025-11-18T15:29:20","slug":"marc-ferrandiz-y-enzo-canadas-nuevos-sargentos-infantiles-para-las-fiestas-de-alcoy","status":"publish","type":"post","link":"https:\/\/www.copealcoy.es\/es\/marc-ferrandiz-y-enzo-canadas-nuevos-sargentos-infantiles-para-las-fiestas-de-alcoy\/","title":{"rendered":"Marc Ferr\u00e1ndiz y Enzo Ca\u00f1adas, nuevos Sargentos Infantiles para las Fiestas de Alcoy"},"content":{"rendered":"<p style=\"text-align: justify;\" data-start=\"184\" data-end=\"504\">Las <a href=\"https:\/\/www.asjordi.org\/\" target=\"_blank\" rel=\"noopener\"><span style=\"color: #0000ff;\"><strong>Fiestas de<\/strong> <strong data-start=\"199\" data-end=\"221\">Moros y Cristianos de Alcoy<\/strong> <\/span><\/a>cuentan ya con nuevos <strong data-start=\"241\" data-end=\"265\">Sargentos Infantiles<\/strong>: <strong data-start=\"267\" data-end=\"285\">Marc Ferr\u00e1ndiz<\/strong>, del <strong data-start=\"291\" data-end=\"305\">bando moro<\/strong>, y <strong data-start=\"309\" data-end=\"325\">Enzo Ca\u00f1adas<\/strong>, del <strong data-start=\"331\" data-end=\"344\">cristiano<\/strong>. Ambos asumieron esta responsabilidad tras el <strong data-start=\"381\" data-end=\"393\">concurso<\/strong>, celebrado el s\u00e1bado por la tarde en la sede la <strong>Fil\u00e0 Llana<\/strong>, y cogen el testigo de\u00a0 <strong data-start=\"466\" data-end=\"482\">Valeria Abad<\/strong> y <strong data-start=\"485\" data-end=\"501\">Ona Santonja\u00a0<\/strong>tras haber finalizado ambas su ciclo al frente de este cargo<\/p>\n<p style=\"text-align: justify;\" data-start=\"506\" data-end=\"775\"><strong data-start=\"506\" data-end=\"519\">Ferr\u00e1ndiz<\/strong>, perteneciente a la<strong> Fil\u00e0 Mud\u00e9jares<\/strong>, y <strong data-start=\"562\" data-end=\"573\">Ca\u00f1adas<\/strong>, de la <strong data-start=\"581\" data-end=\"600\">Fil\u00e0 Aragonesos<\/strong>, fueron los \u00fanicos aspirantes en el mencionado certamen. Cada uno mostr\u00f3 sus habilidades al son de los <strong data-start=\"674\" data-end=\"688\">pasodobles <\/strong>que interpret\u00f3 la Societat Musical Nova d&#8217;Alcoi, tras los cuales el <strong data-start=\"709\" data-end=\"719\">jurado<\/strong> se retir\u00f3 a deliberar antes de anunciar el resultado. El momento m\u00e1s <strong data-start=\"792\" data-end=\"807\">esperado<\/strong> lleg\u00f3 cuando se dio a conocer el veredicto: <strong data-start=\"852\" data-end=\"870\">Marc Ferr\u00e1ndiz<\/strong> fue proclamado <strong data-start=\"886\" data-end=\"897\">ganador<\/strong> y eligi\u00f3 representar al <strong data-start=\"922\" data-end=\"936\">bando moro<\/strong>, mientras que <strong data-start=\"951\" data-end=\"967\">Enzo Ca\u00f1adas<\/strong>, quien qued\u00f3 en segunda posici\u00f3n, asumir\u00e1 el papel de <strong data-start=\"1022\" data-end=\"1053\">Sargento Infantil Cristiano<\/strong>. Numeroso <strong data-start=\"1395\" data-end=\"1406\">p\u00fablico<\/strong> acudi\u00f3 hasta la <strong>Fil\u00e0 Llana<\/strong> para presenciar el <strong data-start=\"1459\" data-end=\"1471\">concurso<\/strong>, que culmin\u00f3 con el simb\u00f3lico <strong data-start=\"1502\" data-end=\"1525\">traspaso de poderes<\/strong> entre las anteriores <strong data-start=\"1554\" data-end=\"1578\">Sargentos Infantiles <\/strong>y los nuevos.<\/p>\n<p style=\"text-align: justify;\" data-start=\"506\" data-end=\"775\">Los dos protagonistas se estrenar\u00e1n como <strong>Sargentos <\/strong>en la pr\u00f3xima Gloria Infantil del mes de abril. El acto <strong>ser\u00e1 la antesala para las Fiestas de Moros y Cristianos<\/strong>, las cuales coincidir\u00e1n adem\u00e1s con el 750 aniversario del patronazgo de San Jorge.<\/p>\n","protected":false},"excerpt":{"rendered":"<p>Las Fiestas de Moros y Cristianos de Alcoy cuentan ya con nuevos Sargentos Infantiles: Marc Ferr\u00e1ndiz, del bando moro, y&#8230;<\/p>\n","protected":false},"author":1,"featured_media":159903,"comment_status":"closed","ping_status":"closed","sticky":false,"template":"","format":"standard","meta":{"footnotes":""},"categories":[6909,97,78],"tags":[1494,565,609,20300],"class_list":["post-159902","post","type-post","status-publish","format-standard","has-post-thumbnail","hentry","category-actualidad","category-alcoy","category-fiestaycultura","tag-alcoy","tag-fiestas","tag-moros-y-cristianos","tag-nuevos-sargentos-infantiles"],"yoast_head":"<!-- This site is optimized with the Yoast SEO plugin v27.3 - https:\/\/yoast.com\/product\/yoast-seo-wordpress\/ -->\n<title>Marc Ferr\u00e1ndiz y Enzo Ca\u00f1adas, nuevos Sargentos Infantiles para las Fiestas de Alcoy - COPE Alcoy<\/title>\n<meta name=\"description\" content=\"Marc Ferr\u00e1ndiz y Enzo Ca\u00f1adas, nuevos Sargentos Infantiles para las Fiestas de Alcoy\" \/>\n<meta name=\"robots\" content=\"index, follow, max-snippet:-1, max-image-preview:large, max-video-preview:-1\" \/>\n<link rel=\"canonical\" href=\"https:\/\/www.copealcoy.es\/es\/marc-ferrandiz-y-enzo-canadas-nuevos-sargentos-infantiles-para-las-fiestas-de-alcoy\/\" \/>\n<meta property=\"og:locale\" content=\"es_ES\" \/>\n<meta property=\"og:type\" content=\"article\" \/>\n<meta property=\"og:title\" content=\"Marc Ferr\u00e1ndiz y Enzo Ca\u00f1adas, nuevos Sargentos Infantiles para las Fiestas de Alcoy - COPE Alcoy\" \/>\n<meta property=\"og:description\" content=\"Marc Ferr\u00e1ndiz y Enzo Ca\u00f1adas, nuevos Sargentos Infantiles para las Fiestas de Alcoy\" \/>\n<meta property=\"og:url\" content=\"https:\/\/www.copealcoy.es\/es\/marc-ferrandiz-y-enzo-canadas-nuevos-sargentos-infantiles-para-las-fiestas-de-alcoy\/\" \/>\n<meta property=\"og:site_name\" content=\"COPE Alcoy\" \/>\n<meta property=\"article:published_time\" content=\"2025-11-17T10:00:26+00:00\" \/>\n<meta property=\"article:modified_time\" content=\"2025-11-18T15:29:20+00:00\" \/>\n<meta property=\"og:image\" content=\"https:\/\/www.copealcoy.es\/wp-content\/uploads\/2025\/11\/unnamed-1-14.jpg\" \/>\n\t<meta property=\"og:image:width\" content=\"1054\" \/>\n\t<meta property=\"og:image:height\" content=\"699\" \/>\n\t<meta property=\"og:image:type\" content=\"image\/jpeg\" \/>\n<meta name=\"author\" content=\"Cope Alcoy\" \/>\n<meta name=\"twitter:label1\" content=\"Escrito por\" \/>\n\t<meta name=\"twitter:data1\" content=\"Cope Alcoy\" \/>\n\t<meta name=\"twitter:label2\" content=\"Tiempo de lectura\" \/>\n\t<meta name=\"twitter:data2\" content=\"2 minutos\" \/>\n<script type=\"application\/ld+json\" class=\"yoast-schema-graph\">{\"@context\":\"https:\\\/\\\/schema.org\",\"@graph\":[{\"@type\":\"Article\",\"@id\":\"https:\\\/\\\/www.copealcoy.es\\\/es\\\/marc-ferrandiz-y-enzo-canadas-nuevos-sargentos-infantiles-para-las-fiestas-de-alcoy\\\/#article\",\"isPartOf\":{\"@id\":\"https:\\\/\\\/www.copealcoy.es\\\/es\\\/marc-ferrandiz-y-enzo-canadas-nuevos-sargentos-infantiles-para-las-fiestas-de-alcoy\\\/\"},\"author\":{\"name\":\"Cope Alcoy\",\"@id\":\"https:\\\/\\\/www.copealcoy.es\\\/es\\\/#\\\/schema\\\/person\\\/e777c87fa024e57d40170af9df39882c\"},\"headline\":\"Marc Ferr\u00e1ndiz y Enzo Ca\u00f1adas, nuevos Sargentos Infantiles para las Fiestas de Alcoy\",\"datePublished\":\"2025-11-17T10:00:26+00:00\",\"dateModified\":\"2025-11-18T15:29:20+00:00\",\"mainEntityOfPage\":{\"@id\":\"https:\\\/\\\/www.copealcoy.es\\\/es\\\/marc-ferrandiz-y-enzo-canadas-nuevos-sargentos-infantiles-para-las-fiestas-de-alcoy\\\/\"},\"wordCount\":253,\"image\":{\"@id\":\"https:\\\/\\\/www.copealcoy.es\\\/es\\\/marc-ferrandiz-y-enzo-canadas-nuevos-sargentos-infantiles-para-las-fiestas-de-alcoy\\\/#primaryimage\"},\"thumbnailUrl\":\"https:\\\/\\\/www.copealcoy.es\\\/wp-content\\\/uploads\\\/2025\\\/11\\\/unnamed-1-14.jpg\",\"keywords\":[\"Alcoy\",\"Fiestas\",\"Moros Y Cristianos\",\"nuevos Sargentos Infantiles\"],\"articleSection\":[\"Actualidad\",\"Alcoy\",\"Fiesta y Cultura\"],\"inLanguage\":\"es\"},{\"@type\":\"WebPage\",\"@id\":\"https:\\\/\\\/www.copealcoy.es\\\/es\\\/marc-ferrandiz-y-enzo-canadas-nuevos-sargentos-infantiles-para-las-fiestas-de-alcoy\\\/\",\"url\":\"https:\\\/\\\/www.copealcoy.es\\\/es\\\/marc-ferrandiz-y-enzo-canadas-nuevos-sargentos-infantiles-para-las-fiestas-de-alcoy\\\/\",\"name\":\"Marc Ferr\u00e1ndiz y Enzo Ca\u00f1adas, nuevos Sargentos Infantiles para las Fiestas de Alcoy - COPE Alcoy\",\"isPartOf\":{\"@id\":\"https:\\\/\\\/www.copealcoy.es\\\/es\\\/#website\"},\"primaryImageOfPage\":{\"@id\":\"https:\\\/\\\/www.copealcoy.es\\\/es\\\/marc-ferrandiz-y-enzo-canadas-nuevos-sargentos-infantiles-para-las-fiestas-de-alcoy\\\/#primaryimage\"},\"image\":{\"@id\":\"https:\\\/\\\/www.copealcoy.es\\\/es\\\/marc-ferrandiz-y-enzo-canadas-nuevos-sargentos-infantiles-para-las-fiestas-de-alcoy\\\/#primaryimage\"},\"thumbnailUrl\":\"https:\\\/\\\/www.copealcoy.es\\\/wp-content\\\/uploads\\\/2025\\\/11\\\/unnamed-1-14.jpg\",\"datePublished\":\"2025-11-17T10:00:26+00:00\",\"dateModified\":\"2025-11-18T15:29:20+00:00\",\"author\":{\"@id\":\"https:\\\/\\\/www.copealcoy.es\\\/es\\\/#\\\/schema\\\/person\\\/e777c87fa024e57d40170af9df39882c\"},\"description\":\"Marc Ferr\u00e1ndiz y Enzo Ca\u00f1adas, nuevos Sargentos Infantiles para las Fiestas de Alcoy\",\"breadcrumb\":{\"@id\":\"https:\\\/\\\/www.copealcoy.es\\\/es\\\/marc-ferrandiz-y-enzo-canadas-nuevos-sargentos-infantiles-para-las-fiestas-de-alcoy\\\/#breadcrumb\"},\"inLanguage\":\"es\",\"potentialAction\":[{\"@type\":\"ReadAction\",\"target\":[\"https:\\\/\\\/www.copealcoy.es\\\/es\\\/marc-ferrandiz-y-enzo-canadas-nuevos-sargentos-infantiles-para-las-fiestas-de-alcoy\\\/\"]}]},{\"@type\":\"ImageObject\",\"inLanguage\":\"es\",\"@id\":\"https:\\\/\\\/www.copealcoy.es\\\/es\\\/marc-ferrandiz-y-enzo-canadas-nuevos-sargentos-infantiles-para-las-fiestas-de-alcoy\\\/#primaryimage\",\"url\":\"https:\\\/\\\/www.copealcoy.es\\\/wp-content\\\/uploads\\\/2025\\\/11\\\/unnamed-1-14.jpg\",\"contentUrl\":\"https:\\\/\\\/www.copealcoy.es\\\/wp-content\\\/uploads\\\/2025\\\/11\\\/unnamed-1-14.jpg\",\"width\":1054,\"height\":699},{\"@type\":\"BreadcrumbList\",\"@id\":\"https:\\\/\\\/www.copealcoy.es\\\/es\\\/marc-ferrandiz-y-enzo-canadas-nuevos-sargentos-infantiles-para-las-fiestas-de-alcoy\\\/#breadcrumb\",\"itemListElement\":[{\"@type\":\"ListItem\",\"position\":1,\"name\":\"Portada\",\"item\":\"https:\\\/\\\/www.copealcoy.es\\\/es\\\/\"},{\"@type\":\"ListItem\",\"position\":2,\"name\":\"Marc Ferr\u00e1ndiz y Enzo Ca\u00f1adas, nuevos Sargentos Infantiles para las Fiestas de Alcoy\"}]},{\"@type\":\"WebSite\",\"@id\":\"https:\\\/\\\/www.copealcoy.es\\\/es\\\/#website\",\"url\":\"https:\\\/\\\/www.copealcoy.es\\\/es\\\/\",\"name\":\"COPE Alcoy\",\"description\":\"Emisora COPE de radio local con emisi\u00f3n online. Pont de Sant Jordi 8-10 03803 Alcoy\",\"potentialAction\":[{\"@type\":\"SearchAction\",\"target\":{\"@type\":\"EntryPoint\",\"urlTemplate\":\"https:\\\/\\\/www.copealcoy.es\\\/es\\\/?s={search_term_string}\"},\"query-input\":{\"@type\":\"PropertyValueSpecification\",\"valueRequired\":true,\"valueName\":\"search_term_string\"}}],\"inLanguage\":\"es\"},{\"@type\":\"Person\",\"@id\":\"https:\\\/\\\/www.copealcoy.es\\\/es\\\/#\\\/schema\\\/person\\\/e777c87fa024e57d40170af9df39882c\",\"name\":\"Cope Alcoy\",\"image\":{\"@type\":\"ImageObject\",\"inLanguage\":\"es\",\"@id\":\"https:\\\/\\\/secure.gravatar.com\\\/avatar\\\/bb65d0283347e303893ba14f0692005417c1e0e690a325a4c5d8bb2b3943ee14?s=96&d=mm&r=g\",\"url\":\"https:\\\/\\\/secure.gravatar.com\\\/avatar\\\/bb65d0283347e303893ba14f0692005417c1e0e690a325a4c5d8bb2b3943ee14?s=96&d=mm&r=g\",\"contentUrl\":\"https:\\\/\\\/secure.gravatar.com\\\/avatar\\\/bb65d0283347e303893ba14f0692005417c1e0e690a325a4c5d8bb2b3943ee14?s=96&d=mm&r=g\",\"caption\":\"Cope Alcoy\"}}]}<\/script>\n<!-- \/ Yoast SEO plugin. -->","yoast_head_json":{"title":"Marc Ferr\u00e1ndiz y Enzo Ca\u00f1adas, nuevos Sargentos Infantiles para las Fiestas de Alcoy - COPE Alcoy","description":"Marc Ferr\u00e1ndiz y Enzo Ca\u00f1adas, nuevos Sargentos Infantiles para las Fiestas de Alcoy","robots":{"index":"index","follow":"follow","max-snippet":"max-snippet:-1","max-image-preview":"max-image-preview:large","max-video-preview":"max-video-preview:-1"},"canonical":"https:\/\/www.copealcoy.es\/es\/marc-ferrandiz-y-enzo-canadas-nuevos-sargentos-infantiles-para-las-fiestas-de-alcoy\/","og_locale":"es_ES","og_type":"article","og_title":"Marc Ferr\u00e1ndiz y Enzo Ca\u00f1adas, nuevos Sargentos Infantiles para las Fiestas de Alcoy - COPE Alcoy","og_description":"Marc Ferr\u00e1ndiz y Enzo Ca\u00f1adas, nuevos Sargentos Infantiles para las Fiestas de Alcoy","og_url":"https:\/\/www.copealcoy.es\/es\/marc-ferrandiz-y-enzo-canadas-nuevos-sargentos-infantiles-para-las-fiestas-de-alcoy\/","og_site_name":"COPE Alcoy","article_published_time":"2025-11-17T10:00:26+00:00","article_modified_time":"2025-11-18T15:29:20+00:00","og_image":[{"width":1054,"height":699,"url":"https:\/\/www.copealcoy.es\/wp-content\/uploads\/2025\/11\/unnamed-1-14.jpg","type":"image\/jpeg"}],"author":"Cope Alcoy","twitter_misc":{"Escrito por":"Cope Alcoy","Tiempo de lectura":"2 minutos"},"schema":{"@context":"https:\/\/schema.org","@graph":[{"@type":"Article","@id":"https:\/\/www.copealcoy.es\/es\/marc-ferrandiz-y-enzo-canadas-nuevos-sargentos-infantiles-para-las-fiestas-de-alcoy\/#article","isPartOf":{"@id":"https:\/\/www.copealcoy.es\/es\/marc-ferrandiz-y-enzo-canadas-nuevos-sargentos-infantiles-para-las-fiestas-de-alcoy\/"},"author":{"name":"Cope Alcoy","@id":"https:\/\/www.copealcoy.es\/es\/#\/schema\/person\/e777c87fa024e57d40170af9df39882c"},"headline":"Marc Ferr\u00e1ndiz y Enzo Ca\u00f1adas, nuevos Sargentos Infantiles para las Fiestas de Alcoy","datePublished":"2025-11-17T10:00:26+00:00","dateModified":"2025-11-18T15:29:20+00:00","mainEntityOfPage":{"@id":"https:\/\/www.copealcoy.es\/es\/marc-ferrandiz-y-enzo-canadas-nuevos-sargentos-infantiles-para-las-fiestas-de-alcoy\/"},"wordCount":253,"image":{"@id":"https:\/\/www.copealcoy.es\/es\/marc-ferrandiz-y-enzo-canadas-nuevos-sargentos-infantiles-para-las-fiestas-de-alcoy\/#primaryimage"},"thumbnailUrl":"https:\/\/www.copealcoy.es\/wp-content\/uploads\/2025\/11\/unnamed-1-14.jpg","keywords":["Alcoy","Fiestas","Moros Y Cristianos","nuevos Sargentos Infantiles"],"articleSection":["Actualidad","Alcoy","Fiesta y Cultura"],"inLanguage":"es"},{"@type":"WebPage","@id":"https:\/\/www.copealcoy.es\/es\/marc-ferrandiz-y-enzo-canadas-nuevos-sargentos-infantiles-para-las-fiestas-de-alcoy\/","url":"https:\/\/www.copealcoy.es\/es\/marc-ferrandiz-y-enzo-canadas-nuevos-sargentos-infantiles-para-las-fiestas-de-alcoy\/","name":"Marc Ferr\u00e1ndiz y Enzo Ca\u00f1adas, nuevos Sargentos Infantiles para las Fiestas de Alcoy - COPE Alcoy","isPartOf":{"@id":"https:\/\/www.copealcoy.es\/es\/#website"},"primaryImageOfPage":{"@id":"https:\/\/www.copealcoy.es\/es\/marc-ferrandiz-y-enzo-canadas-nuevos-sargentos-infantiles-para-las-fiestas-de-alcoy\/#primaryimage"},"image":{"@id":"https:\/\/www.copealcoy.es\/es\/marc-ferrandiz-y-enzo-canadas-nuevos-sargentos-infantiles-para-las-fiestas-de-alcoy\/#primaryimage"},"thumbnailUrl":"https:\/\/www.copealcoy.es\/wp-content\/uploads\/2025\/11\/unnamed-1-14.jpg","datePublished":"2025-11-17T10:00:26+00:00","dateModified":"2025-11-18T15:29:20+00:00","author":{"@id":"https:\/\/www.copealcoy.es\/es\/#\/schema\/person\/e777c87fa024e57d40170af9df39882c"},"description":"Marc Ferr\u00e1ndiz y Enzo Ca\u00f1adas, nuevos Sargentos Infantiles para las Fiestas de Alcoy","breadcrumb":{"@id":"https:\/\/www.copealcoy.es\/es\/marc-ferrandiz-y-enzo-canadas-nuevos-sargentos-infantiles-para-las-fiestas-de-alcoy\/#breadcrumb"},"inLanguage":"es","potentialAction":[{"@type":"ReadAction","target":["https:\/\/www.copealcoy.es\/es\/marc-ferrandiz-y-enzo-canadas-nuevos-sargentos-infantiles-para-las-fiestas-de-alcoy\/"]}]},{"@type":"ImageObject","inLanguage":"es","@id":"https:\/\/www.copealcoy.es\/es\/marc-ferrandiz-y-enzo-canadas-nuevos-sargentos-infantiles-para-las-fiestas-de-alcoy\/#primaryimage","url":"https:\/\/www.copealcoy.es\/wp-content\/uploads\/2025\/11\/unnamed-1-14.jpg","contentUrl":"https:\/\/www.copealcoy.es\/wp-content\/uploads\/2025\/11\/unnamed-1-14.jpg","width":1054,"height":699},{"@type":"BreadcrumbList","@id":"https:\/\/www.copealcoy.es\/es\/marc-ferrandiz-y-enzo-canadas-nuevos-sargentos-infantiles-para-las-fiestas-de-alcoy\/#breadcrumb","itemListElement":[{"@type":"ListItem","position":1,"name":"Portada","item":"https:\/\/www.copealcoy.es\/es\/"},{"@type":"ListItem","position":2,"name":"Marc Ferr\u00e1ndiz y Enzo Ca\u00f1adas, nuevos Sargentos Infantiles para las Fiestas de Alcoy"}]},{"@type":"WebSite","@id":"https:\/\/www.copealcoy.es\/es\/#website","url":"https:\/\/www.copealcoy.es\/es\/","name":"COPE Alcoy","description":"Emisora COPE de radio local con emisi\u00f3n online. Pont de Sant Jordi 8-10 03803 Alcoy","potentialAction":[{"@type":"SearchAction","target":{"@type":"EntryPoint","urlTemplate":"https:\/\/www.copealcoy.es\/es\/?s={search_term_string}"},"query-input":{"@type":"PropertyValueSpecification","valueRequired":true,"valueName":"search_term_string"}}],"inLanguage":"es"},{"@type":"Person","@id":"https:\/\/www.copealcoy.es\/es\/#\/schema\/person\/e777c87fa024e57d40170af9df39882c","name":"Cope Alcoy","image":{"@type":"ImageObject","inLanguage":"es","@id":"https:\/\/secure.gravatar.com\/avatar\/bb65d0283347e303893ba14f0692005417c1e0e690a325a4c5d8bb2b3943ee14?s=96&d=mm&r=g","url":"https:\/\/secure.gravatar.com\/avatar\/bb65d0283347e303893ba14f0692005417c1e0e690a325a4c5d8bb2b3943ee14?s=96&d=mm&r=g","contentUrl":"https:\/\/secure.gravatar.com\/avatar\/bb65d0283347e303893ba14f0692005417c1e0e690a325a4c5d8bb2b3943ee14?s=96&d=mm&r=g","caption":"Cope Alcoy"}}]}},"_links":{"self":[{"href":"https:\/\/www.copealcoy.es\/es\/wp-json\/wp\/v2\/posts\/159902","targetHints":{"allow":["GET"]}}],"collection":[{"href":"https:\/\/www.copealcoy.es\/es\/wp-json\/wp\/v2\/posts"}],"about":[{"href":"https:\/\/www.copealcoy.es\/es\/wp-json\/wp\/v2\/types\/post"}],"author":[{"embeddable":true,"href":"https:\/\/www.copealcoy.es\/es\/wp-json\/wp\/v2\/users\/1"}],"replies":[{"embeddable":true,"href":"https:\/\/www.copealcoy.es\/es\/wp-json\/wp\/v2\/comments?post=159902"}],"version-history":[{"count":2,"href":"https:\/\/www.copealcoy.es\/es\/wp-json\/wp\/v2\/posts\/159902\/revisions"}],"predecessor-version":[{"id":159969,"href":"https:\/\/www.copealcoy.es\/es\/wp-json\/wp\/v2\/posts\/159902\/revisions\/159969"}],"wp:featuredmedia":[{"embeddable":true,"href":"https:\/\/www.copealcoy.es\/es\/wp-json\/wp\/v2\/media\/159903"}],"wp:attachment":[{"href":"https:\/\/www.copealcoy.es\/es\/wp-json\/wp\/v2\/media?parent=159902"}],"wp:term":[{"taxonomy":"category","embeddable":true,"href":"https:\/\/www.copealcoy.es\/es\/wp-json\/wp\/v2\/categories?post=159902"},{"taxonomy":"post_tag","embeddable":true,"href":"https:\/\/www.copealcoy.es\/es\/wp-json\/wp\/v2\/tags?post=159902"}],"curies":[{"name":"wp","href":"https:\/\/api.w.org\/{rel}","templated":true}]}}