{"id":159889,"date":"2025-11-14T07:30:37","date_gmt":"2025-11-14T06:30:37","guid":{"rendered":"https:\/\/www.copealcoy.es\/?p=159889"},"modified":"2025-11-14T15:38:35","modified_gmt":"2025-11-14T14:38:35","slug":"informativo-matinal-viernes-14-de-noviembre-2025-0750h","status":"publish","type":"post","link":"https:\/\/www.copealcoy.es\/es\/informativo-matinal-viernes-14-de-noviembre-2025-0750h\/","title":{"rendered":"Informativo matinal viernes 14 de noviembre 2025 (07:50h)"},"content":{"rendered":"<p><iframe loading=\"lazy\" title=\"Informativo Matinal Viernes 14 De Noviembre 2025 (07:50h)\" width=\"100%\" height=\"120\" src=\"https:\/\/www.mixcloud.com\/widget\/iframe\/?feed=https%3A%2F%2Fwww.mixcloud.com%2FCOPEAlcoy%2Finformativo-matinal-viernes-14-de-noviembre-2025-0750h%2F&amp;hide_cover=1\" frameborder=\"0\" allow=\"encrypted-media; fullscreen; autoplay; idle-detection; speaker-selection; web-share;\"><\/iframe><\/p>\n<p style=\"text-align: justify;\">Hoy viernes <strong>os hemos contado las \u00faltimas novedades sobre la crisis pol\u00edtica que se ha desatado en L&#8217;Alqueria d&#8217;Asnar<\/strong>. Tambi\u00e9n <strong>hemos hablado de los Premios Empresariales de AITEX 2025<\/strong>, unos galardones que se entregaron ayer por la tarde en las instalaciones de la nueva sede del centro de investigaci\u00f3n para el textil y la cosm\u00e9tica.<\/p>\n<p style=\"text-align: justify;\" data-start=\"337\" data-end=\"844\">La\u00a0<strong>VII edici\u00f3n de los Premios Empresariales AITEX 2025<\/strong>\u00a0ha celebrado hoy su gala anual, un evento que este a\u00f1o ha tenido un significado especial al coincidir con el 40 aniversario del instituto. La ceremonia, que por primera vez se abri\u00f3 al p\u00fablico general, reuni\u00f3 a empresarios, representantes institucionales y a las 15 compa\u00f1\u00edas finalistas de toda Espa\u00f1a. En total, se han repartido\u00a0<strong data-start=\"760\" data-end=\"788\">100.000 euros en premios<\/strong>, la mayor cuant\u00eda otorgada en la historia del certamen.<\/p>\n<p style=\"text-align: justify;\" data-start=\"337\" data-end=\"844\"><span style=\"color: #0000ff;\"><strong>MANGO, Esencias Moles e Hifas Innovation Hub, primeros premios en textil, cosm\u00e9tica y emprendimiento<\/strong><\/span><\/p>\n<p style=\"text-align: justify;\" data-start=\"955\" data-end=\"1192\">El jurado, formado por expertos en\u00a0<strong>innovaci\u00f3n, sostenibilidad y desarrollo empresarial<\/strong>, ha seleccionado a las empresas ganadoras atendiendo a su propuesta de valor, impacto innovador, apuesta por la sostenibilidad y resultados obtenidos.<\/p>\n<p style=\"text-align: justify;\" data-start=\"955\" data-end=\"1192\">En la modalidad\u00a0<strong data-start=\"1210\" data-end=\"1220\">Textil<\/strong>, el primer premio ha reca\u00eddo en\u00a0<strong data-start=\"1253\" data-end=\"1262\">MANGO<\/strong>, reconocido por el desarrollo de nuevos materiales obtenidos a partir de residuos textiles para equipar sus tiendas con un enfoque sostenible. La compa\u00f1\u00eda recibir\u00e1\u00a0<strong data-start=\"1427\" data-end=\"1443\">20.000 euros<\/strong>\u00a0por un proyecto que impulsa la econom\u00eda circular y reduce el impacto energ\u00e9tico en sus espacios comerciales. En la categor\u00eda\u00a0<strong data-start=\"1570\" data-end=\"1583\">Cosm\u00e9tica<\/strong>,\u00a0<strong data-start=\"1585\" data-end=\"1603\">Esencias Moles<\/strong>\u00a0ha obtenido el primer premio por\u00a0<em data-start=\"1637\" data-end=\"1657\">HEVen Light Shield<\/em>, una tecnolog\u00eda que convierte el perfume en una barrera protectora frente a la luz azul de pantallas y entornos digitales, combinando eficacia dermatol\u00f3gica y sostenibilidad. En la modalidad de\u00a0<strong data-start=\"1853\" data-end=\"1871\">Emprendimiento<\/strong>, el primer premio ha sido para\u00a0<strong data-start=\"1903\" data-end=\"1927\">Hifas Innovation Hub<\/strong>, una startup biotecnol\u00f3gica especializada en soluciones basadas en hongos para la salud humana, animal y ambiental. Su propuesta, que incluye nuevos antibi\u00f3ticos y activos funcionales, ha sido reconocida como una de las m\u00e1s disruptivas del panorama nacional.<\/p>\n<p style=\"text-align: justify;\" data-start=\"955\" data-end=\"1192\"><span style=\"color: #0000ff;\"><strong>Segundos y terceros premios<\/strong><\/span><\/p>\n<p style=\"text-align: justify;\" data-start=\"2224\" data-end=\"2472\">En la categor\u00eda Textil, el segundo premio ha sido para\u00a0<strong data-start=\"2279\" data-end=\"2291\">Arisnova<\/strong>, por VISIONTEX, un sistema de IA para detectar defectos en tejidos en tiempo real; y el tercero para\u00a0<strong data-start=\"2393\" data-end=\"2405\">Jovertex<\/strong>, por su tecnolog\u00eda de filtrado de humos con recuperaci\u00f3n de calor. En Cosm\u00e9tica, el segundo premio ha reca\u00eddo en\u00a0<strong data-start=\"2520\" data-end=\"2541\">Special Chemicals<\/strong>\u00a0por su plataforma AlgaeTech de ingredientes derivados de microalgas; y el tercero en\u00a0<strong data-start=\"2628\" data-end=\"2642\">Falon Labs<\/strong>\u00a0por Si4Tech, un innovador activo que combina silicio y niacinamida. En Emprendimiento,\u00a0<strong data-start=\"2732\" data-end=\"2754\">The Loop Solutions<\/strong>\u00a0ha logrado el segundo premio por su modelo circular de reutilizaci\u00f3n de residuos textiles; y\u00a0<strong data-start=\"2848\" data-end=\"2869\">Cerwall Solutions<\/strong>\u00a0el tercero por su plataforma integral de ciberseguridad accesible para pymes y centros educativos.<\/p>\n<p style=\"text-align: justify;\" data-start=\"2224\" data-end=\"2472\">Durante la gala, el presidente de AITEX,\u00a0<strong data-start=\"3053\" data-end=\"3066\">Le\u00f3n Grau<\/strong>, destac\u00f3 la relevancia de esta edici\u00f3n:\u00a0<em data-start=\"3109\" data-end=\"3339\">\u201cEstamos muy orgullosos de celebrar una nueva edici\u00f3n de los Premios Empresariales en un a\u00f1o tan especial para AITEX. Nuestro 40 aniversario nos invita a mirar atr\u00e1s con satisfacci\u00f3n y hacia el futuro con ambici\u00f3n y compromiso\u201d.\u00a0<\/em>El acto tambi\u00e9n cont\u00f3 con una ponencia inaugural de\u00a0<strong data-start=\"3393\" data-end=\"3409\">Miquel Llad\u00f3<\/strong>, experto en estrategia y liderazgo, quien subray\u00f3 la importancia de anticiparse a los cambios en un entorno marcado por la velocidad de transformaci\u00f3n<em data-start=\"3564\" data-end=\"3693\">\u201clas empresas que ganan no esperan a que el futuro llegue: lo anticipan, lo planifican y lo convierten en ventaja competitiva\u201d.\u00a0<\/em>El director general de AITEX,\u00a0<strong data-start=\"3725\" data-end=\"3743\">Vicente Blanes<\/strong>, afirm\u00f3 que los premios \u201c<em>son un reflejo del talento y la capacidad de innovaci\u00f3n del tejido empresarial espa\u00f1ol<\/em>\u201d, y destac\u00f3 el papel del instituto en el impulso a la sostenibilidad, la investigaci\u00f3n aplicada y la transformaci\u00f3n tecnol\u00f3gica.<\/p>\n<p style=\"text-align: justify;\" data-start=\"2224\" data-end=\"2472\"><span style=\"color: #0000ff;\"><strong>Unos premios que consolidan su alcance nacional<\/strong><\/span><\/p>\n<p style=\"text-align: justify;\" data-start=\"4042\" data-end=\"4457\">Nacidos como una iniciativa centrada inicialmente en los sectores textil y cosm\u00e9tico,\u00a0<strong>los Premios Empresariales AITEX<\/strong>\u00a0han evolucionado hasta convertirse en un referente nacional de apoyo al desarrollo innovador. Su crecimiento refleja la propia trayectoria del instituto, que tras 40 a\u00f1os se ha consolidado como centro de referencia no solo en textil, sino tambi\u00e9n en cosm\u00e9tica, sostenibilidad, energ\u00eda y movilidad. Con esta edici\u00f3n, AITEX clausura su 40 aniversario reforzando su compromiso con la innovaci\u00f3n abierta y el fortalecimiento del ecosistema industrial espa\u00f1ol.<\/p>\n","protected":false},"excerpt":{"rendered":"<p>Hoy viernes os hemos contado las \u00faltimas novedades sobre la crisis pol\u00edtica que se ha desatado en L&#8217;Alqueria d&#8217;Asnar. Tambi\u00e9n&#8230;<\/p>\n","protected":false},"author":1,"featured_media":147669,"comment_status":"closed","ping_status":"closed","sticky":false,"template":"","format":"standard","meta":{"footnotes":""},"categories":[6909,89,91,75],"tags":[],"class_list":["post-159889","post","type-post","status-publish","format-standard","has-post-thumbnail","hentry","category-actualidad","category-audiosdelosprogramas","category-informativos","category-noticias"],"yoast_head":"<!-- This site is optimized with the Yoast SEO plugin v27.3 - https:\/\/yoast.com\/product\/yoast-seo-wordpress\/ -->\n<title>Informativo matinal viernes 14 de noviembre 2025 (07:50h) - COPE Alcoy<\/title>\n<meta name=\"robots\" content=\"index, follow, max-snippet:-1, max-image-preview:large, max-video-preview:-1\" \/>\n<link rel=\"canonical\" href=\"https:\/\/www.copealcoy.es\/es\/informativo-matinal-viernes-14-de-noviembre-2025-0750h\/\" \/>\n<meta property=\"og:locale\" content=\"es_ES\" \/>\n<meta property=\"og:type\" content=\"article\" \/>\n<meta property=\"og:title\" content=\"Informativo matinal viernes 14 de noviembre 2025 (07:50h) - COPE Alcoy\" \/>\n<meta property=\"og:description\" content=\"Hoy viernes os hemos contado las \u00faltimas novedades sobre la crisis pol\u00edtica que se ha desatado en L&#8217;Alqueria d&#8217;Asnar. Tambi\u00e9n...\" \/>\n<meta property=\"og:url\" content=\"https:\/\/www.copealcoy.es\/es\/informativo-matinal-viernes-14-de-noviembre-2025-0750h\/\" \/>\n<meta property=\"og:site_name\" content=\"COPE Alcoy\" \/>\n<meta property=\"article:published_time\" content=\"2025-11-14T06:30:37+00:00\" \/>\n<meta property=\"article:modified_time\" content=\"2025-11-14T14:38:35+00:00\" \/>\n<meta property=\"og:image\" content=\"https:\/\/www.copealcoy.es\/wp-content\/uploads\/2025\/02\/Informativo-Matinal-Castellano.png\" \/>\n\t<meta property=\"og:image:width\" content=\"357\" \/>\n\t<meta property=\"og:image:height\" content=\"290\" \/>\n\t<meta property=\"og:image:type\" content=\"image\/png\" \/>\n<meta name=\"author\" content=\"Cope Alcoy\" \/>\n<meta name=\"twitter:label1\" content=\"Escrito por\" \/>\n\t<meta name=\"twitter:data1\" content=\"Cope Alcoy\" \/>\n\t<meta name=\"twitter:label2\" content=\"Tiempo de lectura\" \/>\n\t<meta name=\"twitter:data2\" content=\"4 minutos\" \/>\n<script type=\"application\/ld+json\" class=\"yoast-schema-graph\">{\"@context\":\"https:\\\/\\\/schema.org\",\"@graph\":[{\"@type\":\"Article\",\"@id\":\"https:\\\/\\\/www.copealcoy.es\\\/es\\\/informativo-matinal-viernes-14-de-noviembre-2025-0750h\\\/#article\",\"isPartOf\":{\"@id\":\"https:\\\/\\\/www.copealcoy.es\\\/es\\\/informativo-matinal-viernes-14-de-noviembre-2025-0750h\\\/\"},\"author\":{\"name\":\"Cope Alcoy\",\"@id\":\"https:\\\/\\\/www.copealcoy.es\\\/es\\\/#\\\/schema\\\/person\\\/e777c87fa024e57d40170af9df39882c\"},\"headline\":\"Informativo matinal viernes 14 de noviembre 2025 (07:50h)\",\"datePublished\":\"2025-11-14T06:30:37+00:00\",\"dateModified\":\"2025-11-14T14:38:35+00:00\",\"mainEntityOfPage\":{\"@id\":\"https:\\\/\\\/www.copealcoy.es\\\/es\\\/informativo-matinal-viernes-14-de-noviembre-2025-0750h\\\/\"},\"wordCount\":738,\"image\":{\"@id\":\"https:\\\/\\\/www.copealcoy.es\\\/es\\\/informativo-matinal-viernes-14-de-noviembre-2025-0750h\\\/#primaryimage\"},\"thumbnailUrl\":\"https:\\\/\\\/www.copealcoy.es\\\/wp-content\\\/uploads\\\/2025\\\/02\\\/Informativo-Matinal-Castellano.png\",\"articleSection\":[\"Actualidad\",\"Audios de los programas\",\"Informativos\",\"Noticias\"],\"inLanguage\":\"es\"},{\"@type\":\"WebPage\",\"@id\":\"https:\\\/\\\/www.copealcoy.es\\\/es\\\/informativo-matinal-viernes-14-de-noviembre-2025-0750h\\\/\",\"url\":\"https:\\\/\\\/www.copealcoy.es\\\/es\\\/informativo-matinal-viernes-14-de-noviembre-2025-0750h\\\/\",\"name\":\"Informativo matinal viernes 14 de noviembre 2025 (07:50h) - COPE Alcoy\",\"isPartOf\":{\"@id\":\"https:\\\/\\\/www.copealcoy.es\\\/es\\\/#website\"},\"primaryImageOfPage\":{\"@id\":\"https:\\\/\\\/www.copealcoy.es\\\/es\\\/informativo-matinal-viernes-14-de-noviembre-2025-0750h\\\/#primaryimage\"},\"image\":{\"@id\":\"https:\\\/\\\/www.copealcoy.es\\\/es\\\/informativo-matinal-viernes-14-de-noviembre-2025-0750h\\\/#primaryimage\"},\"thumbnailUrl\":\"https:\\\/\\\/www.copealcoy.es\\\/wp-content\\\/uploads\\\/2025\\\/02\\\/Informativo-Matinal-Castellano.png\",\"datePublished\":\"2025-11-14T06:30:37+00:00\",\"dateModified\":\"2025-11-14T14:38:35+00:00\",\"author\":{\"@id\":\"https:\\\/\\\/www.copealcoy.es\\\/es\\\/#\\\/schema\\\/person\\\/e777c87fa024e57d40170af9df39882c\"},\"breadcrumb\":{\"@id\":\"https:\\\/\\\/www.copealcoy.es\\\/es\\\/informativo-matinal-viernes-14-de-noviembre-2025-0750h\\\/#breadcrumb\"},\"inLanguage\":\"es\",\"potentialAction\":[{\"@type\":\"ReadAction\",\"target\":[\"https:\\\/\\\/www.copealcoy.es\\\/es\\\/informativo-matinal-viernes-14-de-noviembre-2025-0750h\\\/\"]}]},{\"@type\":\"ImageObject\",\"inLanguage\":\"es\",\"@id\":\"https:\\\/\\\/www.copealcoy.es\\\/es\\\/informativo-matinal-viernes-14-de-noviembre-2025-0750h\\\/#primaryimage\",\"url\":\"https:\\\/\\\/www.copealcoy.es\\\/wp-content\\\/uploads\\\/2025\\\/02\\\/Informativo-Matinal-Castellano.png\",\"contentUrl\":\"https:\\\/\\\/www.copealcoy.es\\\/wp-content\\\/uploads\\\/2025\\\/02\\\/Informativo-Matinal-Castellano.png\",\"width\":357,\"height\":290},{\"@type\":\"BreadcrumbList\",\"@id\":\"https:\\\/\\\/www.copealcoy.es\\\/es\\\/informativo-matinal-viernes-14-de-noviembre-2025-0750h\\\/#breadcrumb\",\"itemListElement\":[{\"@type\":\"ListItem\",\"position\":1,\"name\":\"Portada\",\"item\":\"https:\\\/\\\/www.copealcoy.es\\\/es\\\/\"},{\"@type\":\"ListItem\",\"position\":2,\"name\":\"Informativo matinal viernes 14 de noviembre 2025 (07:50h)\"}]},{\"@type\":\"WebSite\",\"@id\":\"https:\\\/\\\/www.copealcoy.es\\\/es\\\/#website\",\"url\":\"https:\\\/\\\/www.copealcoy.es\\\/es\\\/\",\"name\":\"COPE Alcoy\",\"description\":\"Emisora COPE de radio local con emisi\u00f3n online. Pont de Sant Jordi 8-10 03803 Alcoy\",\"potentialAction\":[{\"@type\":\"SearchAction\",\"target\":{\"@type\":\"EntryPoint\",\"urlTemplate\":\"https:\\\/\\\/www.copealcoy.es\\\/es\\\/?s={search_term_string}\"},\"query-input\":{\"@type\":\"PropertyValueSpecification\",\"valueRequired\":true,\"valueName\":\"search_term_string\"}}],\"inLanguage\":\"es\"},{\"@type\":\"Person\",\"@id\":\"https:\\\/\\\/www.copealcoy.es\\\/es\\\/#\\\/schema\\\/person\\\/e777c87fa024e57d40170af9df39882c\",\"name\":\"Cope Alcoy\",\"image\":{\"@type\":\"ImageObject\",\"inLanguage\":\"es\",\"@id\":\"https:\\\/\\\/secure.gravatar.com\\\/avatar\\\/bb65d0283347e303893ba14f0692005417c1e0e690a325a4c5d8bb2b3943ee14?s=96&d=mm&r=g\",\"url\":\"https:\\\/\\\/secure.gravatar.com\\\/avatar\\\/bb65d0283347e303893ba14f0692005417c1e0e690a325a4c5d8bb2b3943ee14?s=96&d=mm&r=g\",\"contentUrl\":\"https:\\\/\\\/secure.gravatar.com\\\/avatar\\\/bb65d0283347e303893ba14f0692005417c1e0e690a325a4c5d8bb2b3943ee14?s=96&d=mm&r=g\",\"caption\":\"Cope Alcoy\"}}]}<\/script>\n<!-- \/ Yoast SEO plugin. -->","yoast_head_json":{"title":"Informativo matinal viernes 14 de noviembre 2025 (07:50h) - COPE Alcoy","robots":{"index":"index","follow":"follow","max-snippet":"max-snippet:-1","max-image-preview":"max-image-preview:large","max-video-preview":"max-video-preview:-1"},"canonical":"https:\/\/www.copealcoy.es\/es\/informativo-matinal-viernes-14-de-noviembre-2025-0750h\/","og_locale":"es_ES","og_type":"article","og_title":"Informativo matinal viernes 14 de noviembre 2025 (07:50h) - COPE Alcoy","og_description":"Hoy viernes os hemos contado las \u00faltimas novedades sobre la crisis pol\u00edtica que se ha desatado en L&#8217;Alqueria d&#8217;Asnar. Tambi\u00e9n...","og_url":"https:\/\/www.copealcoy.es\/es\/informativo-matinal-viernes-14-de-noviembre-2025-0750h\/","og_site_name":"COPE Alcoy","article_published_time":"2025-11-14T06:30:37+00:00","article_modified_time":"2025-11-14T14:38:35+00:00","og_image":[{"width":357,"height":290,"url":"https:\/\/www.copealcoy.es\/wp-content\/uploads\/2025\/02\/Informativo-Matinal-Castellano.png","type":"image\/png"}],"author":"Cope Alcoy","twitter_misc":{"Escrito por":"Cope Alcoy","Tiempo de lectura":"4 minutos"},"schema":{"@context":"https:\/\/schema.org","@graph":[{"@type":"Article","@id":"https:\/\/www.copealcoy.es\/es\/informativo-matinal-viernes-14-de-noviembre-2025-0750h\/#article","isPartOf":{"@id":"https:\/\/www.copealcoy.es\/es\/informativo-matinal-viernes-14-de-noviembre-2025-0750h\/"},"author":{"name":"Cope Alcoy","@id":"https:\/\/www.copealcoy.es\/es\/#\/schema\/person\/e777c87fa024e57d40170af9df39882c"},"headline":"Informativo matinal viernes 14 de noviembre 2025 (07:50h)","datePublished":"2025-11-14T06:30:37+00:00","dateModified":"2025-11-14T14:38:35+00:00","mainEntityOfPage":{"@id":"https:\/\/www.copealcoy.es\/es\/informativo-matinal-viernes-14-de-noviembre-2025-0750h\/"},"wordCount":738,"image":{"@id":"https:\/\/www.copealcoy.es\/es\/informativo-matinal-viernes-14-de-noviembre-2025-0750h\/#primaryimage"},"thumbnailUrl":"https:\/\/www.copealcoy.es\/wp-content\/uploads\/2025\/02\/Informativo-Matinal-Castellano.png","articleSection":["Actualidad","Audios de los programas","Informativos","Noticias"],"inLanguage":"es"},{"@type":"WebPage","@id":"https:\/\/www.copealcoy.es\/es\/informativo-matinal-viernes-14-de-noviembre-2025-0750h\/","url":"https:\/\/www.copealcoy.es\/es\/informativo-matinal-viernes-14-de-noviembre-2025-0750h\/","name":"Informativo matinal viernes 14 de noviembre 2025 (07:50h) - COPE Alcoy","isPartOf":{"@id":"https:\/\/www.copealcoy.es\/es\/#website"},"primaryImageOfPage":{"@id":"https:\/\/www.copealcoy.es\/es\/informativo-matinal-viernes-14-de-noviembre-2025-0750h\/#primaryimage"},"image":{"@id":"https:\/\/www.copealcoy.es\/es\/informativo-matinal-viernes-14-de-noviembre-2025-0750h\/#primaryimage"},"thumbnailUrl":"https:\/\/www.copealcoy.es\/wp-content\/uploads\/2025\/02\/Informativo-Matinal-Castellano.png","datePublished":"2025-11-14T06:30:37+00:00","dateModified":"2025-11-14T14:38:35+00:00","author":{"@id":"https:\/\/www.copealcoy.es\/es\/#\/schema\/person\/e777c87fa024e57d40170af9df39882c"},"breadcrumb":{"@id":"https:\/\/www.copealcoy.es\/es\/informativo-matinal-viernes-14-de-noviembre-2025-0750h\/#breadcrumb"},"inLanguage":"es","potentialAction":[{"@type":"ReadAction","target":["https:\/\/www.copealcoy.es\/es\/informativo-matinal-viernes-14-de-noviembre-2025-0750h\/"]}]},{"@type":"ImageObject","inLanguage":"es","@id":"https:\/\/www.copealcoy.es\/es\/informativo-matinal-viernes-14-de-noviembre-2025-0750h\/#primaryimage","url":"https:\/\/www.copealcoy.es\/wp-content\/uploads\/2025\/02\/Informativo-Matinal-Castellano.png","contentUrl":"https:\/\/www.copealcoy.es\/wp-content\/uploads\/2025\/02\/Informativo-Matinal-Castellano.png","width":357,"height":290},{"@type":"BreadcrumbList","@id":"https:\/\/www.copealcoy.es\/es\/informativo-matinal-viernes-14-de-noviembre-2025-0750h\/#breadcrumb","itemListElement":[{"@type":"ListItem","position":1,"name":"Portada","item":"https:\/\/www.copealcoy.es\/es\/"},{"@type":"ListItem","position":2,"name":"Informativo matinal viernes 14 de noviembre 2025 (07:50h)"}]},{"@type":"WebSite","@id":"https:\/\/www.copealcoy.es\/es\/#website","url":"https:\/\/www.copealcoy.es\/es\/","name":"COPE Alcoy","description":"Emisora COPE de radio local con emisi\u00f3n online. Pont de Sant Jordi 8-10 03803 Alcoy","potentialAction":[{"@type":"SearchAction","target":{"@type":"EntryPoint","urlTemplate":"https:\/\/www.copealcoy.es\/es\/?s={search_term_string}"},"query-input":{"@type":"PropertyValueSpecification","valueRequired":true,"valueName":"search_term_string"}}],"inLanguage":"es"},{"@type":"Person","@id":"https:\/\/www.copealcoy.es\/es\/#\/schema\/person\/e777c87fa024e57d40170af9df39882c","name":"Cope Alcoy","image":{"@type":"ImageObject","inLanguage":"es","@id":"https:\/\/secure.gravatar.com\/avatar\/bb65d0283347e303893ba14f0692005417c1e0e690a325a4c5d8bb2b3943ee14?s=96&d=mm&r=g","url":"https:\/\/secure.gravatar.com\/avatar\/bb65d0283347e303893ba14f0692005417c1e0e690a325a4c5d8bb2b3943ee14?s=96&d=mm&r=g","contentUrl":"https:\/\/secure.gravatar.com\/avatar\/bb65d0283347e303893ba14f0692005417c1e0e690a325a4c5d8bb2b3943ee14?s=96&d=mm&r=g","caption":"Cope Alcoy"}}]}},"_links":{"self":[{"href":"https:\/\/www.copealcoy.es\/es\/wp-json\/wp\/v2\/posts\/159889","targetHints":{"allow":["GET"]}}],"collection":[{"href":"https:\/\/www.copealcoy.es\/es\/wp-json\/wp\/v2\/posts"}],"about":[{"href":"https:\/\/www.copealcoy.es\/es\/wp-json\/wp\/v2\/types\/post"}],"author":[{"embeddable":true,"href":"https:\/\/www.copealcoy.es\/es\/wp-json\/wp\/v2\/users\/1"}],"replies":[{"embeddable":true,"href":"https:\/\/www.copealcoy.es\/es\/wp-json\/wp\/v2\/comments?post=159889"}],"version-history":[{"count":1,"href":"https:\/\/www.copealcoy.es\/es\/wp-json\/wp\/v2\/posts\/159889\/revisions"}],"predecessor-version":[{"id":159890,"href":"https:\/\/www.copealcoy.es\/es\/wp-json\/wp\/v2\/posts\/159889\/revisions\/159890"}],"wp:featuredmedia":[{"embeddable":true,"href":"https:\/\/www.copealcoy.es\/es\/wp-json\/wp\/v2\/media\/147669"}],"wp:attachment":[{"href":"https:\/\/www.copealcoy.es\/es\/wp-json\/wp\/v2\/media?parent=159889"}],"wp:term":[{"taxonomy":"category","embeddable":true,"href":"https:\/\/www.copealcoy.es\/es\/wp-json\/wp\/v2\/categories?post=159889"},{"taxonomy":"post_tag","embeddable":true,"href":"https:\/\/www.copealcoy.es\/es\/wp-json\/wp\/v2\/tags?post=159889"}],"curies":[{"name":"wp","href":"https:\/\/api.w.org\/{rel}","templated":true}]}}