{"id":159885,"date":"2025-11-14T15:29:05","date_gmt":"2025-11-14T14:29:05","guid":{"rendered":"https:\/\/www.copealcoy.es\/?p=159885"},"modified":"2025-11-17T14:38:42","modified_gmt":"2025-11-17T13:38:42","slug":"estas-tres-entidades-acompanaran-a-los-reyes-magos-en-su-proxima-visita-a-alcoy","status":"publish","type":"post","link":"https:\/\/www.copealcoy.es\/es\/estas-tres-entidades-acompanaran-a-los-reyes-magos-en-su-proxima-visita-a-alcoy\/","title":{"rendered":"Estas tres entidades acompa\u00f1ar\u00e1n a los Reyes Magos en su pr\u00f3xima visita a Alcoy"},"content":{"rendered":"<p style=\"text-align: justify;\" data-start=\"178\" data-end=\"546\">El pr\u00f3ximo <strong data-start=\"189\" data-end=\"203\">5 de enero<\/strong>, Melchor, Gaspar y Baltasar recorrer\u00e1n las calles del Centre y Zona Alta de Alcoy en una de las cabalgatas m\u00e1s antiguas y emblem\u00e1ticas de Espa\u00f1a. Como cada a\u00f1o, los Reyes Magos repartir\u00e1n ilusi\u00f3n a peque\u00f1os y mayores, tras haber llegado la noche anterior a la <strong data-start=\"464\" data-end=\"484\">Serra de Mariola<\/strong>, donde acampar\u00e1n para ultimar los preparativos del desfile.<\/p>\n<p style=\"text-align: justify;\" data-start=\"548\" data-end=\"743\">Desde 1984, el Ayuntamiento organiza la Cabalgata con la colaboraci\u00f3n de entidades locales, y este a\u00f1o participar\u00e1n <strong data-start=\"664\" data-end=\"686\">el Judo Club Alcoi<\/strong>, las <strong data-start=\"692\" data-end=\"719\">asociaciones de vecinos<\/strong> y la <strong>Fil\u00e0 Vascos<\/strong>. El <strong data-start=\"748\" data-end=\"767\">Judo Club Alcoi<\/strong> celebra su <strong data-start=\"779\" data-end=\"797\">60 aniversario<\/strong>, promoviendo deporte, disciplina y valores como el esfuerzo y el compa\u00f1erismo. Por su parte, las <strong data-start=\"895\" data-end=\"935\">asociaciones de vecinos de la ciudad<\/strong> conmemoran los <strong data-start=\"951\" data-end=\"962\">50 a\u00f1os<\/strong> desde la creaci\u00f3n de la primera entidad vecinal, trabajando desde entonces por la mejora de los barrios y la participaci\u00f3n ciudadana. La <strong data-start=\"1100\" data-end=\"1115\">Fil\u00e0 Vascos<\/strong>, con su larga trayectoria en las Fiestas de Moros y Cristianos, aportar\u00e1 experiencia y ambiente festivo a la Cabalgata.<\/p>\n<p style=\"text-align: justify;\" data-start=\"1239\" data-end=\"1616\">La <a href=\"https:\/\/www.facebook.com\/alcoiciutatdelnadal\/?locale=es_LA\" target=\"_blank\" rel=\"noopener\"><span style=\"color: #3366ff;\"><strong>Cabalgata de los Reyes Magos de Alcoy<\/strong>\u00a0<\/span><\/a>se celebra de forma ininterrumpida desde <strong data-start=\"1321\" data-end=\"1329\">1885<\/strong>, con antecedentes documentales desde <strong data-start=\"1367\" data-end=\"1375\">1866<\/strong>, lo que la convierte en la cabalgata m\u00e1s antigua de Espa\u00f1a y posiblemente del mundo. En 2001 fue declarada <strong data-start=\"1483\" data-end=\"1523\">Fiesta de Inter\u00e9s Tur\u00edstico Nacional<\/strong>, y en 2011 la Generalitat Valenciana la reconoci\u00f3 como <strong data-start=\"1579\" data-end=\"1613\">Bien de Inter\u00e9s Cultural (BIC) <\/strong><em>&#8220;la Cabalgata es posible gracias a la participaci\u00f3n desinteresada de muchas entidades y vecindad. Este esfuerzo comunitario es lo que hace que la Navidad alcoyana sea \u00fanica y especial&#8221;,\u00a0<\/em>asevera el edil de Fiestas; Jordi Mart\u00ednez.<\/p>\n<p style=\"text-align: justify;\" data-start=\"1618\" data-end=\"1939\">M\u00e1s de <strong data-start=\"1625\" data-end=\"1641\">mil personas<\/strong> participan cada a\u00f1o en el desfile: heraldos, pajes, antorcheros, servidores y escoltas.\u00a0 A ello se le unen carros engalanados, carrozas, bandas de m\u00fasica, grupos de m\u00fasica tradicional y un buen n\u00famero de ciudadanos que colaboran para que la visita de los Reyes Magos a Alcoy sea \u00fanica en Espa\u00f1a.<\/p>\n","protected":false},"excerpt":{"rendered":"<p>El pr\u00f3ximo 5 de enero, Melchor, Gaspar y Baltasar recorrer\u00e1n las calles del Centre y Zona Alta de Alcoy en&#8230;<\/p>\n","protected":false},"author":1,"featured_media":145510,"comment_status":"closed","ping_status":"closed","sticky":false,"template":"","format":"standard","meta":{"footnotes":""},"categories":[6909,97,78,75,125],"tags":[1494,368,15952,488],"class_list":["post-159885","post","type-post","status-publish","format-standard","has-post-thumbnail","hentry","category-actualidad","category-alcoy","category-fiestaycultura","category-noticias","category-portada","tag-alcoy","tag-cabalgata","tag-entidades","tag-reyes-magos"],"yoast_head":"<!-- This site is optimized with the Yoast SEO plugin v27.3 - https:\/\/yoast.com\/product\/yoast-seo-wordpress\/ -->\n<title>Estas tres entidades acompa\u00f1ar\u00e1n a los Reyes Magos en su pr\u00f3xima visita a Alcoy - COPE Alcoy<\/title>\n<meta name=\"description\" content=\"Estas tres entidades acompa\u00f1ar\u00e1n a los Reyes Magos en su pr\u00f3xima visita a Alcoy\" \/>\n<meta name=\"robots\" content=\"index, follow, max-snippet:-1, max-image-preview:large, max-video-preview:-1\" \/>\n<link rel=\"canonical\" href=\"https:\/\/www.copealcoy.es\/es\/estas-tres-entidades-acompanaran-a-los-reyes-magos-en-su-proxima-visita-a-alcoy\/\" \/>\n<meta property=\"og:locale\" content=\"es_ES\" \/>\n<meta property=\"og:type\" content=\"article\" \/>\n<meta property=\"og:title\" content=\"Estas tres entidades acompa\u00f1ar\u00e1n a los Reyes Magos en su pr\u00f3xima visita a Alcoy - COPE Alcoy\" \/>\n<meta property=\"og:description\" content=\"Estas tres entidades acompa\u00f1ar\u00e1n a los Reyes Magos en su pr\u00f3xima visita a Alcoy\" \/>\n<meta property=\"og:url\" content=\"https:\/\/www.copealcoy.es\/es\/estas-tres-entidades-acompanaran-a-los-reyes-magos-en-su-proxima-visita-a-alcoy\/\" \/>\n<meta property=\"og:site_name\" content=\"COPE Alcoy\" \/>\n<meta property=\"article:published_time\" content=\"2025-11-14T14:29:05+00:00\" \/>\n<meta property=\"article:modified_time\" content=\"2025-11-17T13:38:42+00:00\" \/>\n<meta property=\"og:image\" content=\"https:\/\/www.copealcoy.es\/wp-content\/uploads\/2025\/01\/IMG_5378.jpg\" \/>\n\t<meta property=\"og:image:width\" content=\"1006\" \/>\n\t<meta property=\"og:image:height\" content=\"606\" \/>\n\t<meta property=\"og:image:type\" content=\"image\/jpeg\" \/>\n<meta name=\"author\" content=\"Cope Alcoy\" \/>\n<meta name=\"twitter:label1\" content=\"Escrito por\" \/>\n\t<meta name=\"twitter:data1\" content=\"Cope Alcoy\" \/>\n\t<meta name=\"twitter:label2\" content=\"Tiempo de lectura\" \/>\n\t<meta name=\"twitter:data2\" content=\"2 minutos\" \/>\n<script type=\"application\/ld+json\" class=\"yoast-schema-graph\">{\"@context\":\"https:\\\/\\\/schema.org\",\"@graph\":[{\"@type\":\"Article\",\"@id\":\"https:\\\/\\\/www.copealcoy.es\\\/es\\\/estas-tres-entidades-acompanaran-a-los-reyes-magos-en-su-proxima-visita-a-alcoy\\\/#article\",\"isPartOf\":{\"@id\":\"https:\\\/\\\/www.copealcoy.es\\\/es\\\/estas-tres-entidades-acompanaran-a-los-reyes-magos-en-su-proxima-visita-a-alcoy\\\/\"},\"author\":{\"name\":\"Cope Alcoy\",\"@id\":\"https:\\\/\\\/www.copealcoy.es\\\/es\\\/#\\\/schema\\\/person\\\/e777c87fa024e57d40170af9df39882c\"},\"headline\":\"Estas tres entidades acompa\u00f1ar\u00e1n a los Reyes Magos en su pr\u00f3xima visita a Alcoy\",\"datePublished\":\"2025-11-14T14:29:05+00:00\",\"dateModified\":\"2025-11-17T13:38:42+00:00\",\"mainEntityOfPage\":{\"@id\":\"https:\\\/\\\/www.copealcoy.es\\\/es\\\/estas-tres-entidades-acompanaran-a-los-reyes-magos-en-su-proxima-visita-a-alcoy\\\/\"},\"wordCount\":352,\"image\":{\"@id\":\"https:\\\/\\\/www.copealcoy.es\\\/es\\\/estas-tres-entidades-acompanaran-a-los-reyes-magos-en-su-proxima-visita-a-alcoy\\\/#primaryimage\"},\"thumbnailUrl\":\"https:\\\/\\\/www.copealcoy.es\\\/wp-content\\\/uploads\\\/2025\\\/01\\\/IMG_5378.jpg\",\"keywords\":[\"Alcoy\",\"Cabalgata\",\"entidades\",\"Reyes Magos\"],\"articleSection\":[\"Actualidad\",\"Alcoy\",\"Fiesta y Cultura\",\"Noticias\",\"Portada\"],\"inLanguage\":\"es\"},{\"@type\":\"WebPage\",\"@id\":\"https:\\\/\\\/www.copealcoy.es\\\/es\\\/estas-tres-entidades-acompanaran-a-los-reyes-magos-en-su-proxima-visita-a-alcoy\\\/\",\"url\":\"https:\\\/\\\/www.copealcoy.es\\\/es\\\/estas-tres-entidades-acompanaran-a-los-reyes-magos-en-su-proxima-visita-a-alcoy\\\/\",\"name\":\"Estas tres entidades acompa\u00f1ar\u00e1n a los Reyes Magos en su pr\u00f3xima visita a Alcoy - COPE Alcoy\",\"isPartOf\":{\"@id\":\"https:\\\/\\\/www.copealcoy.es\\\/es\\\/#website\"},\"primaryImageOfPage\":{\"@id\":\"https:\\\/\\\/www.copealcoy.es\\\/es\\\/estas-tres-entidades-acompanaran-a-los-reyes-magos-en-su-proxima-visita-a-alcoy\\\/#primaryimage\"},\"image\":{\"@id\":\"https:\\\/\\\/www.copealcoy.es\\\/es\\\/estas-tres-entidades-acompanaran-a-los-reyes-magos-en-su-proxima-visita-a-alcoy\\\/#primaryimage\"},\"thumbnailUrl\":\"https:\\\/\\\/www.copealcoy.es\\\/wp-content\\\/uploads\\\/2025\\\/01\\\/IMG_5378.jpg\",\"datePublished\":\"2025-11-14T14:29:05+00:00\",\"dateModified\":\"2025-11-17T13:38:42+00:00\",\"author\":{\"@id\":\"https:\\\/\\\/www.copealcoy.es\\\/es\\\/#\\\/schema\\\/person\\\/e777c87fa024e57d40170af9df39882c\"},\"description\":\"Estas tres entidades acompa\u00f1ar\u00e1n a los Reyes Magos en su pr\u00f3xima visita a Alcoy\",\"breadcrumb\":{\"@id\":\"https:\\\/\\\/www.copealcoy.es\\\/es\\\/estas-tres-entidades-acompanaran-a-los-reyes-magos-en-su-proxima-visita-a-alcoy\\\/#breadcrumb\"},\"inLanguage\":\"es\",\"potentialAction\":[{\"@type\":\"ReadAction\",\"target\":[\"https:\\\/\\\/www.copealcoy.es\\\/es\\\/estas-tres-entidades-acompanaran-a-los-reyes-magos-en-su-proxima-visita-a-alcoy\\\/\"]}]},{\"@type\":\"ImageObject\",\"inLanguage\":\"es\",\"@id\":\"https:\\\/\\\/www.copealcoy.es\\\/es\\\/estas-tres-entidades-acompanaran-a-los-reyes-magos-en-su-proxima-visita-a-alcoy\\\/#primaryimage\",\"url\":\"https:\\\/\\\/www.copealcoy.es\\\/wp-content\\\/uploads\\\/2025\\\/01\\\/IMG_5378.jpg\",\"contentUrl\":\"https:\\\/\\\/www.copealcoy.es\\\/wp-content\\\/uploads\\\/2025\\\/01\\\/IMG_5378.jpg\",\"width\":1006,\"height\":606},{\"@type\":\"BreadcrumbList\",\"@id\":\"https:\\\/\\\/www.copealcoy.es\\\/es\\\/estas-tres-entidades-acompanaran-a-los-reyes-magos-en-su-proxima-visita-a-alcoy\\\/#breadcrumb\",\"itemListElement\":[{\"@type\":\"ListItem\",\"position\":1,\"name\":\"Portada\",\"item\":\"https:\\\/\\\/www.copealcoy.es\\\/es\\\/\"},{\"@type\":\"ListItem\",\"position\":2,\"name\":\"Estas tres entidades acompa\u00f1ar\u00e1n a los Reyes Magos en su pr\u00f3xima visita a Alcoy\"}]},{\"@type\":\"WebSite\",\"@id\":\"https:\\\/\\\/www.copealcoy.es\\\/es\\\/#website\",\"url\":\"https:\\\/\\\/www.copealcoy.es\\\/es\\\/\",\"name\":\"COPE Alcoy\",\"description\":\"Emisora COPE de radio local con emisi\u00f3n online. Pont de Sant Jordi 8-10 03803 Alcoy\",\"potentialAction\":[{\"@type\":\"SearchAction\",\"target\":{\"@type\":\"EntryPoint\",\"urlTemplate\":\"https:\\\/\\\/www.copealcoy.es\\\/es\\\/?s={search_term_string}\"},\"query-input\":{\"@type\":\"PropertyValueSpecification\",\"valueRequired\":true,\"valueName\":\"search_term_string\"}}],\"inLanguage\":\"es\"},{\"@type\":\"Person\",\"@id\":\"https:\\\/\\\/www.copealcoy.es\\\/es\\\/#\\\/schema\\\/person\\\/e777c87fa024e57d40170af9df39882c\",\"name\":\"Cope Alcoy\",\"image\":{\"@type\":\"ImageObject\",\"inLanguage\":\"es\",\"@id\":\"https:\\\/\\\/secure.gravatar.com\\\/avatar\\\/bb65d0283347e303893ba14f0692005417c1e0e690a325a4c5d8bb2b3943ee14?s=96&d=mm&r=g\",\"url\":\"https:\\\/\\\/secure.gravatar.com\\\/avatar\\\/bb65d0283347e303893ba14f0692005417c1e0e690a325a4c5d8bb2b3943ee14?s=96&d=mm&r=g\",\"contentUrl\":\"https:\\\/\\\/secure.gravatar.com\\\/avatar\\\/bb65d0283347e303893ba14f0692005417c1e0e690a325a4c5d8bb2b3943ee14?s=96&d=mm&r=g\",\"caption\":\"Cope Alcoy\"}}]}<\/script>\n<!-- \/ Yoast SEO plugin. -->","yoast_head_json":{"title":"Estas tres entidades acompa\u00f1ar\u00e1n a los Reyes Magos en su pr\u00f3xima visita a Alcoy - COPE Alcoy","description":"Estas tres entidades acompa\u00f1ar\u00e1n a los Reyes Magos en su pr\u00f3xima visita a Alcoy","robots":{"index":"index","follow":"follow","max-snippet":"max-snippet:-1","max-image-preview":"max-image-preview:large","max-video-preview":"max-video-preview:-1"},"canonical":"https:\/\/www.copealcoy.es\/es\/estas-tres-entidades-acompanaran-a-los-reyes-magos-en-su-proxima-visita-a-alcoy\/","og_locale":"es_ES","og_type":"article","og_title":"Estas tres entidades acompa\u00f1ar\u00e1n a los Reyes Magos en su pr\u00f3xima visita a Alcoy - COPE Alcoy","og_description":"Estas tres entidades acompa\u00f1ar\u00e1n a los Reyes Magos en su pr\u00f3xima visita a Alcoy","og_url":"https:\/\/www.copealcoy.es\/es\/estas-tres-entidades-acompanaran-a-los-reyes-magos-en-su-proxima-visita-a-alcoy\/","og_site_name":"COPE Alcoy","article_published_time":"2025-11-14T14:29:05+00:00","article_modified_time":"2025-11-17T13:38:42+00:00","og_image":[{"width":1006,"height":606,"url":"https:\/\/www.copealcoy.es\/wp-content\/uploads\/2025\/01\/IMG_5378.jpg","type":"image\/jpeg"}],"author":"Cope Alcoy","twitter_misc":{"Escrito por":"Cope Alcoy","Tiempo de lectura":"2 minutos"},"schema":{"@context":"https:\/\/schema.org","@graph":[{"@type":"Article","@id":"https:\/\/www.copealcoy.es\/es\/estas-tres-entidades-acompanaran-a-los-reyes-magos-en-su-proxima-visita-a-alcoy\/#article","isPartOf":{"@id":"https:\/\/www.copealcoy.es\/es\/estas-tres-entidades-acompanaran-a-los-reyes-magos-en-su-proxima-visita-a-alcoy\/"},"author":{"name":"Cope Alcoy","@id":"https:\/\/www.copealcoy.es\/es\/#\/schema\/person\/e777c87fa024e57d40170af9df39882c"},"headline":"Estas tres entidades acompa\u00f1ar\u00e1n a los Reyes Magos en su pr\u00f3xima visita a Alcoy","datePublished":"2025-11-14T14:29:05+00:00","dateModified":"2025-11-17T13:38:42+00:00","mainEntityOfPage":{"@id":"https:\/\/www.copealcoy.es\/es\/estas-tres-entidades-acompanaran-a-los-reyes-magos-en-su-proxima-visita-a-alcoy\/"},"wordCount":352,"image":{"@id":"https:\/\/www.copealcoy.es\/es\/estas-tres-entidades-acompanaran-a-los-reyes-magos-en-su-proxima-visita-a-alcoy\/#primaryimage"},"thumbnailUrl":"https:\/\/www.copealcoy.es\/wp-content\/uploads\/2025\/01\/IMG_5378.jpg","keywords":["Alcoy","Cabalgata","entidades","Reyes Magos"],"articleSection":["Actualidad","Alcoy","Fiesta y Cultura","Noticias","Portada"],"inLanguage":"es"},{"@type":"WebPage","@id":"https:\/\/www.copealcoy.es\/es\/estas-tres-entidades-acompanaran-a-los-reyes-magos-en-su-proxima-visita-a-alcoy\/","url":"https:\/\/www.copealcoy.es\/es\/estas-tres-entidades-acompanaran-a-los-reyes-magos-en-su-proxima-visita-a-alcoy\/","name":"Estas tres entidades acompa\u00f1ar\u00e1n a los Reyes Magos en su pr\u00f3xima visita a Alcoy - COPE Alcoy","isPartOf":{"@id":"https:\/\/www.copealcoy.es\/es\/#website"},"primaryImageOfPage":{"@id":"https:\/\/www.copealcoy.es\/es\/estas-tres-entidades-acompanaran-a-los-reyes-magos-en-su-proxima-visita-a-alcoy\/#primaryimage"},"image":{"@id":"https:\/\/www.copealcoy.es\/es\/estas-tres-entidades-acompanaran-a-los-reyes-magos-en-su-proxima-visita-a-alcoy\/#primaryimage"},"thumbnailUrl":"https:\/\/www.copealcoy.es\/wp-content\/uploads\/2025\/01\/IMG_5378.jpg","datePublished":"2025-11-14T14:29:05+00:00","dateModified":"2025-11-17T13:38:42+00:00","author":{"@id":"https:\/\/www.copealcoy.es\/es\/#\/schema\/person\/e777c87fa024e57d40170af9df39882c"},"description":"Estas tres entidades acompa\u00f1ar\u00e1n a los Reyes Magos en su pr\u00f3xima visita a Alcoy","breadcrumb":{"@id":"https:\/\/www.copealcoy.es\/es\/estas-tres-entidades-acompanaran-a-los-reyes-magos-en-su-proxima-visita-a-alcoy\/#breadcrumb"},"inLanguage":"es","potentialAction":[{"@type":"ReadAction","target":["https:\/\/www.copealcoy.es\/es\/estas-tres-entidades-acompanaran-a-los-reyes-magos-en-su-proxima-visita-a-alcoy\/"]}]},{"@type":"ImageObject","inLanguage":"es","@id":"https:\/\/www.copealcoy.es\/es\/estas-tres-entidades-acompanaran-a-los-reyes-magos-en-su-proxima-visita-a-alcoy\/#primaryimage","url":"https:\/\/www.copealcoy.es\/wp-content\/uploads\/2025\/01\/IMG_5378.jpg","contentUrl":"https:\/\/www.copealcoy.es\/wp-content\/uploads\/2025\/01\/IMG_5378.jpg","width":1006,"height":606},{"@type":"BreadcrumbList","@id":"https:\/\/www.copealcoy.es\/es\/estas-tres-entidades-acompanaran-a-los-reyes-magos-en-su-proxima-visita-a-alcoy\/#breadcrumb","itemListElement":[{"@type":"ListItem","position":1,"name":"Portada","item":"https:\/\/www.copealcoy.es\/es\/"},{"@type":"ListItem","position":2,"name":"Estas tres entidades acompa\u00f1ar\u00e1n a los Reyes Magos en su pr\u00f3xima visita a Alcoy"}]},{"@type":"WebSite","@id":"https:\/\/www.copealcoy.es\/es\/#website","url":"https:\/\/www.copealcoy.es\/es\/","name":"COPE Alcoy","description":"Emisora COPE de radio local con emisi\u00f3n online. Pont de Sant Jordi 8-10 03803 Alcoy","potentialAction":[{"@type":"SearchAction","target":{"@type":"EntryPoint","urlTemplate":"https:\/\/www.copealcoy.es\/es\/?s={search_term_string}"},"query-input":{"@type":"PropertyValueSpecification","valueRequired":true,"valueName":"search_term_string"}}],"inLanguage":"es"},{"@type":"Person","@id":"https:\/\/www.copealcoy.es\/es\/#\/schema\/person\/e777c87fa024e57d40170af9df39882c","name":"Cope Alcoy","image":{"@type":"ImageObject","inLanguage":"es","@id":"https:\/\/secure.gravatar.com\/avatar\/bb65d0283347e303893ba14f0692005417c1e0e690a325a4c5d8bb2b3943ee14?s=96&d=mm&r=g","url":"https:\/\/secure.gravatar.com\/avatar\/bb65d0283347e303893ba14f0692005417c1e0e690a325a4c5d8bb2b3943ee14?s=96&d=mm&r=g","contentUrl":"https:\/\/secure.gravatar.com\/avatar\/bb65d0283347e303893ba14f0692005417c1e0e690a325a4c5d8bb2b3943ee14?s=96&d=mm&r=g","caption":"Cope Alcoy"}}]}},"_links":{"self":[{"href":"https:\/\/www.copealcoy.es\/es\/wp-json\/wp\/v2\/posts\/159885","targetHints":{"allow":["GET"]}}],"collection":[{"href":"https:\/\/www.copealcoy.es\/es\/wp-json\/wp\/v2\/posts"}],"about":[{"href":"https:\/\/www.copealcoy.es\/es\/wp-json\/wp\/v2\/types\/post"}],"author":[{"embeddable":true,"href":"https:\/\/www.copealcoy.es\/es\/wp-json\/wp\/v2\/users\/1"}],"replies":[{"embeddable":true,"href":"https:\/\/www.copealcoy.es\/es\/wp-json\/wp\/v2\/comments?post=159885"}],"version-history":[{"count":3,"href":"https:\/\/www.copealcoy.es\/es\/wp-json\/wp\/v2\/posts\/159885\/revisions"}],"predecessor-version":[{"id":159977,"href":"https:\/\/www.copealcoy.es\/es\/wp-json\/wp\/v2\/posts\/159885\/revisions\/159977"}],"wp:featuredmedia":[{"embeddable":true,"href":"https:\/\/www.copealcoy.es\/es\/wp-json\/wp\/v2\/media\/145510"}],"wp:attachment":[{"href":"https:\/\/www.copealcoy.es\/es\/wp-json\/wp\/v2\/media?parent=159885"}],"wp:term":[{"taxonomy":"category","embeddable":true,"href":"https:\/\/www.copealcoy.es\/es\/wp-json\/wp\/v2\/categories?post=159885"},{"taxonomy":"post_tag","embeddable":true,"href":"https:\/\/www.copealcoy.es\/es\/wp-json\/wp\/v2\/tags?post=159885"}],"curies":[{"name":"wp","href":"https:\/\/api.w.org\/{rel}","templated":true}]}}