{"id":159823,"date":"2025-11-13T09:00:25","date_gmt":"2025-11-13T08:00:25","guid":{"rendered":"https:\/\/www.copealcoy.es\/?p=159823"},"modified":"2025-11-17T16:13:30","modified_gmt":"2025-11-17T15:13:30","slug":"cope-alcoy-celebra-veinte-anos-de-presencia-en-la-ciudad-y-nuestras-comarcas","status":"publish","type":"post","link":"https:\/\/www.copealcoy.es\/es\/cope-alcoy-celebra-veinte-anos-de-presencia-en-la-ciudad-y-nuestras-comarcas\/","title":{"rendered":"COPE ALCOY celebra veinte a\u00f1os de presencia en la ciudad y nuestras comarcas"},"content":{"rendered":"<p style=\"text-align: justify;\"><a href=\"https:\/\/www.facebook.com\/copealcoy\/\" target=\"_blank\" rel=\"noopener\"><strong><span style=\"color: #0000ff;\">COPE ALCOY<\/span><\/strong><\/a> vivi\u00f3 ayer <strong>una jornada muy significativa<\/strong> en el marco de la celebraci\u00f3n de su veinte aniversario. La emisora record\u00f3 sus or\u00edgenes, y<strong> celebr\u00f3 tambi\u00e9n esta efem\u00e9ride<\/strong>, con un gran acto que tuvo lugar a partir de las siete de la tarde en el sal\u00f3n de actos del IVAM-CADA.<\/p>\n<p style=\"text-align: justify;\">La gala, <strong>conducida por nuestro compa\u00f1ero Gabriel Pascual<\/strong>, reuni\u00f3 a una amplia representaci\u00f3n del \u00e1mbito institucional de la ciudad y de esas comarcas, as\u00ed como del tejido empresarial, econ\u00f3mico o asociativo junto a trabajadores, antiguos empleados o colaboradores de la casa. El acto\u00a0 arranc\u00f3 con la intervenci\u00f3n de la directora de COPE ALCOY, Bego\u00f1a del Prado, y esta <strong>expres\u00f3 su agradecimiento<\/strong> a quienes impulsaron el proyecto hace dos d\u00e9cadas al mismo tiempo que felicit\u00f3 a las personas que actualmente forman parte de la empresa veinte a\u00f1os despu\u00e9s de su nacimiento. Seguidamente tom\u00f3 la palabra el alcalde de Alcoy, <strong>Toni Franc\u00e9s<\/strong>, y el primer edil remarc\u00f3 el papel que ha desempa\u00f1ado desde 2005 COPE ALCOY en la la ciudad, y en el conjunto de nuestras comarcas, remarcando tambi\u00e9n la importancia que tienen los medios de comunicaci\u00f3n a la hora de garantizar una informaci\u00f3n veraz y plural en nuestra sociedad. Posteriormente, y <strong>tras un v\u00eddeo conmemorativo de nuestro veinte cumplea\u00f1os<\/strong>, la emisora efectu\u00f3 un reconocimiento a empresas, particulares o protagonistas que han sido clave en la historia de COPE ALCOY desde su creaci\u00f3n y hasta la actualidad.<\/p>\n<p style=\"text-align: justify;\">Estos galardones recayeron en las <strong>Fiestas de Moros y Cristianos de Alcoy y la Fira de Tots Sants de Cocentaina <\/strong>(referentes de la Fiesta), el <strong>Betlem del Tirisiti<\/strong> (referente de la cultura), <strong>AFA Alcoy<\/strong> (referente en el \u00e1mbito social) y<strong> Uni\u00f3n Alcoyana Seguros<\/strong> (referente en la promoci\u00f3n del Deporte). Tambi\u00e9n fueron homenajeadas\u00a0 <strong>Licores SINC, Salvador Dom\u00e9nech, Difusi\u00f3n Comunicaci\u00f3n y AITEX<\/strong> como referentes en el \u00e1mbito empresarial o de la innovaci\u00f3n.<\/p>\n<p style=\"text-align: justify;\">La velada finaliz\u00f3 con las palabras de<strong> Carlos Jurado<\/strong>, primer director de COPE ALCOY, y quien record\u00f3 los primeros pasos para poner en marcha la casa e incluso record\u00f3 el camino recorrido hasta llegar a la consolidaci\u00f3n de la empresa. Entre grandes aplausos recibi\u00f3 tambi\u00e9n un galard\u00f3n por su entrega y dedicaci\u00f3n a la hora de hacer posible que la emisora sea hoy una realidad. Por \u00faltimo tom\u00f3 la palabra <strong>Felipe Carrasco<\/strong>, secretario auton\u00f3mico de Industria, para tambi\u00e9n desear larga vida a COPE ALCOY; un medio de comunicaci\u00f3n cercano y de proximidad que veinte a\u00f1os despu\u00e9s de su nacimiento es una pieza clave en Alcoy pero tambi\u00e9n el conjunto de las comarcas de L&#8217;Alcoi\u00e0 y El Comtat.<\/p>\n<p style=\"text-align: justify;\">Un acto que <strong>fue posible<\/strong> con el apoyo de la Generalitat Valenciana, Diputaci\u00f3n Provincial de Alicante, Ayuntamiento de Alcoy, Ayuntamiento de Cocentaina, Ayuntamiento de Muro, Ayuntamiento de Ibi, Mancomunitat de L&#8217;Alcoi\u00e0 y El Comtat, Mancomunitat El Xarpolar, AITEX, Milar, Regicarp, Caixa Ontinyent, EASDA Alcoi, Single &amp; Jam, Inmobiliaria Carbonell, Crea 360, Viuda de Tadeo Juan, Terra Natura, C\u00edrculo Industrial, Franc\u00e9s Asesores, Visauto, Bigmat, Sir Events, Jovempa, Caixa Popular, Persianas San Valent\u00edn, C\u00e1mara de Comercio e Industria de Alcoy, Gr\u00e1ficas Agull\u00f3, Brahm Catering.<\/p>\n","protected":false},"excerpt":{"rendered":"<p>COPE ALCOY vivi\u00f3 ayer una jornada muy significativa en el marco de la celebraci\u00f3n de su veinte aniversario. La emisora&#8230;<\/p>\n","protected":false},"author":1,"featured_media":159824,"comment_status":"closed","ping_status":"closed","sticky":false,"template":"","format":"standard","meta":{"footnotes":""},"categories":[6909,75,125],"tags":[1494,5945,1045,530,20290],"class_list":["post-159823","post","type-post","status-publish","format-standard","has-post-thumbnail","hentry","category-actualidad","category-noticias","category-portada","tag-alcoy","tag-celebracion","tag-cope-alcoy","tag-gala","tag-veinte-aniversario"],"yoast_head":"<!-- This site is optimized with the Yoast SEO plugin v27.3 - https:\/\/yoast.com\/product\/yoast-seo-wordpress\/ -->\n<title>COPE ALCOY celebra veinte a\u00f1os de presencia en la ciudad y nuestras comarcas - COPE Alcoy<\/title>\n<meta name=\"description\" content=\"COPE ALCOY celebra veinte a\u00f1os de presencia en la ciudad y nuestras comarcas\" \/>\n<meta name=\"robots\" content=\"index, follow, max-snippet:-1, max-image-preview:large, max-video-preview:-1\" \/>\n<link rel=\"canonical\" href=\"https:\/\/www.copealcoy.es\/es\/cope-alcoy-celebra-veinte-anos-de-presencia-en-la-ciudad-y-nuestras-comarcas\/\" \/>\n<meta property=\"og:locale\" content=\"es_ES\" \/>\n<meta property=\"og:type\" content=\"article\" \/>\n<meta property=\"og:title\" content=\"COPE ALCOY celebra veinte a\u00f1os de presencia en la ciudad y nuestras comarcas - COPE Alcoy\" \/>\n<meta property=\"og:description\" content=\"COPE ALCOY celebra veinte a\u00f1os de presencia en la ciudad y nuestras comarcas\" \/>\n<meta property=\"og:url\" content=\"https:\/\/www.copealcoy.es\/es\/cope-alcoy-celebra-veinte-anos-de-presencia-en-la-ciudad-y-nuestras-comarcas\/\" \/>\n<meta property=\"og:site_name\" content=\"COPE Alcoy\" \/>\n<meta property=\"article:published_time\" content=\"2025-11-13T08:00:25+00:00\" \/>\n<meta property=\"article:modified_time\" content=\"2025-11-17T15:13:30+00:00\" \/>\n<meta property=\"og:image\" content=\"https:\/\/www.copealcoy.es\/wp-content\/uploads\/2025\/11\/unnamed-2.jpg\" \/>\n\t<meta property=\"og:image:width\" content=\"2046\" \/>\n\t<meta property=\"og:image:height\" content=\"1091\" \/>\n\t<meta property=\"og:image:type\" content=\"image\/jpeg\" \/>\n<meta name=\"author\" content=\"Cope Alcoy\" \/>\n<meta name=\"twitter:label1\" content=\"Escrito por\" \/>\n\t<meta name=\"twitter:data1\" content=\"Cope Alcoy\" \/>\n\t<meta name=\"twitter:label2\" content=\"Tiempo de lectura\" \/>\n\t<meta name=\"twitter:data2\" content=\"3 minutos\" \/>\n<script type=\"application\/ld+json\" class=\"yoast-schema-graph\">{\"@context\":\"https:\\\/\\\/schema.org\",\"@graph\":[{\"@type\":\"Article\",\"@id\":\"https:\\\/\\\/www.copealcoy.es\\\/es\\\/cope-alcoy-celebra-veinte-anos-de-presencia-en-la-ciudad-y-nuestras-comarcas\\\/#article\",\"isPartOf\":{\"@id\":\"https:\\\/\\\/www.copealcoy.es\\\/es\\\/cope-alcoy-celebra-veinte-anos-de-presencia-en-la-ciudad-y-nuestras-comarcas\\\/\"},\"author\":{\"name\":\"Cope Alcoy\",\"@id\":\"https:\\\/\\\/www.copealcoy.es\\\/es\\\/#\\\/schema\\\/person\\\/e777c87fa024e57d40170af9df39882c\"},\"headline\":\"COPE ALCOY celebra veinte a\u00f1os de presencia en la ciudad y nuestras comarcas\",\"datePublished\":\"2025-11-13T08:00:25+00:00\",\"dateModified\":\"2025-11-17T15:13:30+00:00\",\"mainEntityOfPage\":{\"@id\":\"https:\\\/\\\/www.copealcoy.es\\\/es\\\/cope-alcoy-celebra-veinte-anos-de-presencia-en-la-ciudad-y-nuestras-comarcas\\\/\"},\"wordCount\":562,\"image\":{\"@id\":\"https:\\\/\\\/www.copealcoy.es\\\/es\\\/cope-alcoy-celebra-veinte-anos-de-presencia-en-la-ciudad-y-nuestras-comarcas\\\/#primaryimage\"},\"thumbnailUrl\":\"https:\\\/\\\/www.copealcoy.es\\\/wp-content\\\/uploads\\\/2025\\\/11\\\/unnamed-2.jpg\",\"keywords\":[\"Alcoy\",\"celebraci\u00f3n\",\"Cope Alcoy\",\"Gala\",\"veinte aniversario\"],\"articleSection\":[\"Actualidad\",\"Noticias\",\"Portada\"],\"inLanguage\":\"es\"},{\"@type\":\"WebPage\",\"@id\":\"https:\\\/\\\/www.copealcoy.es\\\/es\\\/cope-alcoy-celebra-veinte-anos-de-presencia-en-la-ciudad-y-nuestras-comarcas\\\/\",\"url\":\"https:\\\/\\\/www.copealcoy.es\\\/es\\\/cope-alcoy-celebra-veinte-anos-de-presencia-en-la-ciudad-y-nuestras-comarcas\\\/\",\"name\":\"COPE ALCOY celebra veinte a\u00f1os de presencia en la ciudad y nuestras comarcas - COPE Alcoy\",\"isPartOf\":{\"@id\":\"https:\\\/\\\/www.copealcoy.es\\\/es\\\/#website\"},\"primaryImageOfPage\":{\"@id\":\"https:\\\/\\\/www.copealcoy.es\\\/es\\\/cope-alcoy-celebra-veinte-anos-de-presencia-en-la-ciudad-y-nuestras-comarcas\\\/#primaryimage\"},\"image\":{\"@id\":\"https:\\\/\\\/www.copealcoy.es\\\/es\\\/cope-alcoy-celebra-veinte-anos-de-presencia-en-la-ciudad-y-nuestras-comarcas\\\/#primaryimage\"},\"thumbnailUrl\":\"https:\\\/\\\/www.copealcoy.es\\\/wp-content\\\/uploads\\\/2025\\\/11\\\/unnamed-2.jpg\",\"datePublished\":\"2025-11-13T08:00:25+00:00\",\"dateModified\":\"2025-11-17T15:13:30+00:00\",\"author\":{\"@id\":\"https:\\\/\\\/www.copealcoy.es\\\/es\\\/#\\\/schema\\\/person\\\/e777c87fa024e57d40170af9df39882c\"},\"description\":\"COPE ALCOY celebra veinte a\u00f1os de presencia en la ciudad y nuestras comarcas\",\"breadcrumb\":{\"@id\":\"https:\\\/\\\/www.copealcoy.es\\\/es\\\/cope-alcoy-celebra-veinte-anos-de-presencia-en-la-ciudad-y-nuestras-comarcas\\\/#breadcrumb\"},\"inLanguage\":\"es\",\"potentialAction\":[{\"@type\":\"ReadAction\",\"target\":[\"https:\\\/\\\/www.copealcoy.es\\\/es\\\/cope-alcoy-celebra-veinte-anos-de-presencia-en-la-ciudad-y-nuestras-comarcas\\\/\"]}]},{\"@type\":\"ImageObject\",\"inLanguage\":\"es\",\"@id\":\"https:\\\/\\\/www.copealcoy.es\\\/es\\\/cope-alcoy-celebra-veinte-anos-de-presencia-en-la-ciudad-y-nuestras-comarcas\\\/#primaryimage\",\"url\":\"https:\\\/\\\/www.copealcoy.es\\\/wp-content\\\/uploads\\\/2025\\\/11\\\/unnamed-2.jpg\",\"contentUrl\":\"https:\\\/\\\/www.copealcoy.es\\\/wp-content\\\/uploads\\\/2025\\\/11\\\/unnamed-2.jpg\",\"width\":2046,\"height\":1091},{\"@type\":\"BreadcrumbList\",\"@id\":\"https:\\\/\\\/www.copealcoy.es\\\/es\\\/cope-alcoy-celebra-veinte-anos-de-presencia-en-la-ciudad-y-nuestras-comarcas\\\/#breadcrumb\",\"itemListElement\":[{\"@type\":\"ListItem\",\"position\":1,\"name\":\"Portada\",\"item\":\"https:\\\/\\\/www.copealcoy.es\\\/es\\\/\"},{\"@type\":\"ListItem\",\"position\":2,\"name\":\"COPE ALCOY celebra veinte a\u00f1os de presencia en la ciudad y nuestras comarcas\"}]},{\"@type\":\"WebSite\",\"@id\":\"https:\\\/\\\/www.copealcoy.es\\\/es\\\/#website\",\"url\":\"https:\\\/\\\/www.copealcoy.es\\\/es\\\/\",\"name\":\"COPE Alcoy\",\"description\":\"Emisora COPE de radio local con emisi\u00f3n online. Pont de Sant Jordi 8-10 03803 Alcoy\",\"potentialAction\":[{\"@type\":\"SearchAction\",\"target\":{\"@type\":\"EntryPoint\",\"urlTemplate\":\"https:\\\/\\\/www.copealcoy.es\\\/es\\\/?s={search_term_string}\"},\"query-input\":{\"@type\":\"PropertyValueSpecification\",\"valueRequired\":true,\"valueName\":\"search_term_string\"}}],\"inLanguage\":\"es\"},{\"@type\":\"Person\",\"@id\":\"https:\\\/\\\/www.copealcoy.es\\\/es\\\/#\\\/schema\\\/person\\\/e777c87fa024e57d40170af9df39882c\",\"name\":\"Cope Alcoy\",\"image\":{\"@type\":\"ImageObject\",\"inLanguage\":\"es\",\"@id\":\"https:\\\/\\\/secure.gravatar.com\\\/avatar\\\/bb65d0283347e303893ba14f0692005417c1e0e690a325a4c5d8bb2b3943ee14?s=96&d=mm&r=g\",\"url\":\"https:\\\/\\\/secure.gravatar.com\\\/avatar\\\/bb65d0283347e303893ba14f0692005417c1e0e690a325a4c5d8bb2b3943ee14?s=96&d=mm&r=g\",\"contentUrl\":\"https:\\\/\\\/secure.gravatar.com\\\/avatar\\\/bb65d0283347e303893ba14f0692005417c1e0e690a325a4c5d8bb2b3943ee14?s=96&d=mm&r=g\",\"caption\":\"Cope Alcoy\"}}]}<\/script>\n<!-- \/ Yoast SEO plugin. -->","yoast_head_json":{"title":"COPE ALCOY celebra veinte a\u00f1os de presencia en la ciudad y nuestras comarcas - COPE Alcoy","description":"COPE ALCOY celebra veinte a\u00f1os de presencia en la ciudad y nuestras comarcas","robots":{"index":"index","follow":"follow","max-snippet":"max-snippet:-1","max-image-preview":"max-image-preview:large","max-video-preview":"max-video-preview:-1"},"canonical":"https:\/\/www.copealcoy.es\/es\/cope-alcoy-celebra-veinte-anos-de-presencia-en-la-ciudad-y-nuestras-comarcas\/","og_locale":"es_ES","og_type":"article","og_title":"COPE ALCOY celebra veinte a\u00f1os de presencia en la ciudad y nuestras comarcas - COPE Alcoy","og_description":"COPE ALCOY celebra veinte a\u00f1os de presencia en la ciudad y nuestras comarcas","og_url":"https:\/\/www.copealcoy.es\/es\/cope-alcoy-celebra-veinte-anos-de-presencia-en-la-ciudad-y-nuestras-comarcas\/","og_site_name":"COPE Alcoy","article_published_time":"2025-11-13T08:00:25+00:00","article_modified_time":"2025-11-17T15:13:30+00:00","og_image":[{"width":2046,"height":1091,"url":"https:\/\/www.copealcoy.es\/wp-content\/uploads\/2025\/11\/unnamed-2.jpg","type":"image\/jpeg"}],"author":"Cope Alcoy","twitter_misc":{"Escrito por":"Cope Alcoy","Tiempo de lectura":"3 minutos"},"schema":{"@context":"https:\/\/schema.org","@graph":[{"@type":"Article","@id":"https:\/\/www.copealcoy.es\/es\/cope-alcoy-celebra-veinte-anos-de-presencia-en-la-ciudad-y-nuestras-comarcas\/#article","isPartOf":{"@id":"https:\/\/www.copealcoy.es\/es\/cope-alcoy-celebra-veinte-anos-de-presencia-en-la-ciudad-y-nuestras-comarcas\/"},"author":{"name":"Cope Alcoy","@id":"https:\/\/www.copealcoy.es\/es\/#\/schema\/person\/e777c87fa024e57d40170af9df39882c"},"headline":"COPE ALCOY celebra veinte a\u00f1os de presencia en la ciudad y nuestras comarcas","datePublished":"2025-11-13T08:00:25+00:00","dateModified":"2025-11-17T15:13:30+00:00","mainEntityOfPage":{"@id":"https:\/\/www.copealcoy.es\/es\/cope-alcoy-celebra-veinte-anos-de-presencia-en-la-ciudad-y-nuestras-comarcas\/"},"wordCount":562,"image":{"@id":"https:\/\/www.copealcoy.es\/es\/cope-alcoy-celebra-veinte-anos-de-presencia-en-la-ciudad-y-nuestras-comarcas\/#primaryimage"},"thumbnailUrl":"https:\/\/www.copealcoy.es\/wp-content\/uploads\/2025\/11\/unnamed-2.jpg","keywords":["Alcoy","celebraci\u00f3n","Cope Alcoy","Gala","veinte aniversario"],"articleSection":["Actualidad","Noticias","Portada"],"inLanguage":"es"},{"@type":"WebPage","@id":"https:\/\/www.copealcoy.es\/es\/cope-alcoy-celebra-veinte-anos-de-presencia-en-la-ciudad-y-nuestras-comarcas\/","url":"https:\/\/www.copealcoy.es\/es\/cope-alcoy-celebra-veinte-anos-de-presencia-en-la-ciudad-y-nuestras-comarcas\/","name":"COPE ALCOY celebra veinte a\u00f1os de presencia en la ciudad y nuestras comarcas - COPE Alcoy","isPartOf":{"@id":"https:\/\/www.copealcoy.es\/es\/#website"},"primaryImageOfPage":{"@id":"https:\/\/www.copealcoy.es\/es\/cope-alcoy-celebra-veinte-anos-de-presencia-en-la-ciudad-y-nuestras-comarcas\/#primaryimage"},"image":{"@id":"https:\/\/www.copealcoy.es\/es\/cope-alcoy-celebra-veinte-anos-de-presencia-en-la-ciudad-y-nuestras-comarcas\/#primaryimage"},"thumbnailUrl":"https:\/\/www.copealcoy.es\/wp-content\/uploads\/2025\/11\/unnamed-2.jpg","datePublished":"2025-11-13T08:00:25+00:00","dateModified":"2025-11-17T15:13:30+00:00","author":{"@id":"https:\/\/www.copealcoy.es\/es\/#\/schema\/person\/e777c87fa024e57d40170af9df39882c"},"description":"COPE ALCOY celebra veinte a\u00f1os de presencia en la ciudad y nuestras comarcas","breadcrumb":{"@id":"https:\/\/www.copealcoy.es\/es\/cope-alcoy-celebra-veinte-anos-de-presencia-en-la-ciudad-y-nuestras-comarcas\/#breadcrumb"},"inLanguage":"es","potentialAction":[{"@type":"ReadAction","target":["https:\/\/www.copealcoy.es\/es\/cope-alcoy-celebra-veinte-anos-de-presencia-en-la-ciudad-y-nuestras-comarcas\/"]}]},{"@type":"ImageObject","inLanguage":"es","@id":"https:\/\/www.copealcoy.es\/es\/cope-alcoy-celebra-veinte-anos-de-presencia-en-la-ciudad-y-nuestras-comarcas\/#primaryimage","url":"https:\/\/www.copealcoy.es\/wp-content\/uploads\/2025\/11\/unnamed-2.jpg","contentUrl":"https:\/\/www.copealcoy.es\/wp-content\/uploads\/2025\/11\/unnamed-2.jpg","width":2046,"height":1091},{"@type":"BreadcrumbList","@id":"https:\/\/www.copealcoy.es\/es\/cope-alcoy-celebra-veinte-anos-de-presencia-en-la-ciudad-y-nuestras-comarcas\/#breadcrumb","itemListElement":[{"@type":"ListItem","position":1,"name":"Portada","item":"https:\/\/www.copealcoy.es\/es\/"},{"@type":"ListItem","position":2,"name":"COPE ALCOY celebra veinte a\u00f1os de presencia en la ciudad y nuestras comarcas"}]},{"@type":"WebSite","@id":"https:\/\/www.copealcoy.es\/es\/#website","url":"https:\/\/www.copealcoy.es\/es\/","name":"COPE Alcoy","description":"Emisora COPE de radio local con emisi\u00f3n online. Pont de Sant Jordi 8-10 03803 Alcoy","potentialAction":[{"@type":"SearchAction","target":{"@type":"EntryPoint","urlTemplate":"https:\/\/www.copealcoy.es\/es\/?s={search_term_string}"},"query-input":{"@type":"PropertyValueSpecification","valueRequired":true,"valueName":"search_term_string"}}],"inLanguage":"es"},{"@type":"Person","@id":"https:\/\/www.copealcoy.es\/es\/#\/schema\/person\/e777c87fa024e57d40170af9df39882c","name":"Cope Alcoy","image":{"@type":"ImageObject","inLanguage":"es","@id":"https:\/\/secure.gravatar.com\/avatar\/bb65d0283347e303893ba14f0692005417c1e0e690a325a4c5d8bb2b3943ee14?s=96&d=mm&r=g","url":"https:\/\/secure.gravatar.com\/avatar\/bb65d0283347e303893ba14f0692005417c1e0e690a325a4c5d8bb2b3943ee14?s=96&d=mm&r=g","contentUrl":"https:\/\/secure.gravatar.com\/avatar\/bb65d0283347e303893ba14f0692005417c1e0e690a325a4c5d8bb2b3943ee14?s=96&d=mm&r=g","caption":"Cope Alcoy"}}]}},"_links":{"self":[{"href":"https:\/\/www.copealcoy.es\/es\/wp-json\/wp\/v2\/posts\/159823","targetHints":{"allow":["GET"]}}],"collection":[{"href":"https:\/\/www.copealcoy.es\/es\/wp-json\/wp\/v2\/posts"}],"about":[{"href":"https:\/\/www.copealcoy.es\/es\/wp-json\/wp\/v2\/types\/post"}],"author":[{"embeddable":true,"href":"https:\/\/www.copealcoy.es\/es\/wp-json\/wp\/v2\/users\/1"}],"replies":[{"embeddable":true,"href":"https:\/\/www.copealcoy.es\/es\/wp-json\/wp\/v2\/comments?post=159823"}],"version-history":[{"count":3,"href":"https:\/\/www.copealcoy.es\/es\/wp-json\/wp\/v2\/posts\/159823\/revisions"}],"predecessor-version":[{"id":159952,"href":"https:\/\/www.copealcoy.es\/es\/wp-json\/wp\/v2\/posts\/159823\/revisions\/159952"}],"wp:featuredmedia":[{"embeddable":true,"href":"https:\/\/www.copealcoy.es\/es\/wp-json\/wp\/v2\/media\/159824"}],"wp:attachment":[{"href":"https:\/\/www.copealcoy.es\/es\/wp-json\/wp\/v2\/media?parent=159823"}],"wp:term":[{"taxonomy":"category","embeddable":true,"href":"https:\/\/www.copealcoy.es\/es\/wp-json\/wp\/v2\/categories?post=159823"},{"taxonomy":"post_tag","embeddable":true,"href":"https:\/\/www.copealcoy.es\/es\/wp-json\/wp\/v2\/tags?post=159823"}],"curies":[{"name":"wp","href":"https:\/\/api.w.org\/{rel}","templated":true}]}}