{"id":159785,"date":"2025-11-13T09:00:31","date_gmt":"2025-11-13T08:00:31","guid":{"rendered":"https:\/\/www.copealcoy.es\/?p=159785"},"modified":"2025-11-13T13:21:08","modified_gmt":"2025-11-13T12:21:08","slug":"el-trail-fira-de-tots-sants-una-cita-multitudinaria-en-2025","status":"publish","type":"post","link":"https:\/\/www.copealcoy.es\/es\/el-trail-fira-de-tots-sants-una-cita-multitudinaria-en-2025\/","title":{"rendered":"El Trail Fira de Tots Sants, una cita multitudinaria en 2025"},"content":{"rendered":"<p style=\"text-align: justify;\" data-start=\"326\" data-end=\"985\">El pasado <strong data-start=\"336\" data-end=\"362\">domingo 9 de noviembre<\/strong>, <strong data-start=\"364\" data-end=\"378\">Cocentaina<\/strong> vivi\u00f3 la edici\u00f3n m\u00e1s multitudinaria del <a href=\"https:\/\/trailfiradetotssants.com\/\" target=\"_blank\" rel=\"noopener\"><span style=\"color: #0000ff;\"><strong data-start=\"419\" data-end=\"447\">Trail Fira de Tots Sants<\/strong><\/span><\/a>, con m\u00e1s de <strong data-start=\"460\" data-end=\"481\">500 participantes<\/strong> repartidos entre las pruebas de <strong data-start=\"514\" data-end=\"535\">20 y 8 kil\u00f3metros<\/strong> y la marcha popular. La salida tuvo lugar desde la <strong data-start=\"587\" data-end=\"604\">plaza del Pla<\/strong> y el recorrido transcurri\u00f3 por la <strong data-start=\"639\" data-end=\"659\">Serra de Mariola<\/strong>, en una jornada con un ambiente excelente y condiciones meteorol\u00f3gicas perfectas para la pr\u00e1ctica deportiva. El presidente del <strong data-start=\"787\" data-end=\"804\">Club Soca-run<\/strong>, <strong data-start=\"806\" data-end=\"823\">Javier Agull\u00f3<\/strong>, realiz\u00f3 un balance muy positivo, destacando el alto nivel de los corredores y la consolidaci\u00f3n de la cita como un referente del calendario deportivo comarcal.<\/p>\n<p style=\"text-align: justify;\" data-start=\"987\" data-end=\"1944\">La carrera de <strong data-start=\"1001\" data-end=\"1018\">20 kil\u00f3metros<\/strong>, en la que tomaron parte 136 atletas, tuvo como ganador absoluto a <strong data-start=\"1086\" data-end=\"1111\">Cesko Compte (Woodys)<\/strong> con un tiempo de 1:45:04, seguido de <strong data-start=\"1149\" data-end=\"1187\">Enrique R\u00edos Belda (Independiente)<\/strong> y <strong data-start=\"1190\" data-end=\"1232\">Ricardo Soriano Gimeno (Independiente)<\/strong>. En la categor\u00eda femenina, la victoria fue para <strong data-start=\"1281\" data-end=\"1329\">Julia Revert Vicedo (C.A. Vila de Bocairent)<\/strong> con un registro de 2:15:41, acompa\u00f1ada en el podio por <strong data-start=\"1385\" data-end=\"1419\">Roser Nicolau Pic\u00f3 (15 Cumbre)<\/strong> y <strong data-start=\"1422\" data-end=\"1467\">Miriam Ortu\u00f1o Benito (Club Trail Caudete)<\/strong>. En la distancia de <strong data-start=\"1488\" data-end=\"1504\">8 kil\u00f3metros<\/strong>, que reuni\u00f3 a 171 participantes, el primer puesto masculino fue para <strong data-start=\"1574\" data-end=\"1622\">David Belda Garc\u00eda (CEM Les LleBres de Muro)<\/strong> con un tiempo de 00:33:59, seguido de <strong data-start=\"1661\" data-end=\"1693\">Joan Sim\u00f3 Real (C.A. Canals)<\/strong> y <strong data-start=\"1696\" data-end=\"1739\">Rafa P\u00e9rez Monllor (Trail Running Onil)<\/strong>. En la categor\u00eda femenina, el triunfo correspondi\u00f3 a <strong data-start=\"1793\" data-end=\"1843\">Mar\u00eda Bel\u00e9n Mart\u00ednez Abad (Trail Running Onil)<\/strong>, por delante de <strong data-start=\"1860\" data-end=\"1906\">Venus Alabort Penad\u00e9s (Atletisme Atzeneta)<\/strong> y <strong data-start=\"1909\" data-end=\"1941\">Ainhoa Ruiz Ribera (Trivici)<\/strong>.<\/p>\n<p style=\"text-align: justify;\" data-start=\"1946\" data-end=\"2429\">La organizaci\u00f3n cont\u00f3 con m\u00e1s de un centenar de <strong data-start=\"1994\" data-end=\"2009\">voluntarios<\/strong> distribuidos en puntos de control y avituallamiento, adem\u00e1s de la colaboraci\u00f3n de <strong data-start=\"2092\" data-end=\"2125\">entidades locales y comercios<\/strong> que participaron en un sorteo de regalos entre los corredores. Una de las principales novedades de esta edici\u00f3n fue su <strong data-start=\"2245\" data-end=\"2267\">car\u00e1cter solidario<\/strong>, que permiti\u00f3 recaudar m\u00e1s de <strong data-start=\"2298\" data-end=\"2311\">900 euros<\/strong> para la <strong data-start=\"2320\" data-end=\"2382\">Asociaci\u00f3n de Fibrosis Qu\u00edstica de la Comunidad Valenciana<\/strong>, reforzando el compromiso social del evento.<\/p>\n<p style=\"text-align: justify;\" data-start=\"2431\" data-end=\"3004\">La jornada previa tambi\u00e9n incluy\u00f3 una charla en el <strong data-start=\"2482\" data-end=\"2498\">Palau Comtal<\/strong> con la corredora <strong data-start=\"2516\" data-end=\"2533\">Roser Nicolau<\/strong>, que despert\u00f3 gran inter\u00e9s entre los aficionados al deporte de monta\u00f1a. Agull\u00f3 destac\u00f3 el excelente \u201cfeedback\u201d de los participantes, que valoraron el marcaje, la animaci\u00f3n y el avituallamiento con productos locales. Con esta edici\u00f3n, <strong data-start=\"2768\" data-end=\"2820\">Cocentaina consolida el Trail Fira de Tots Sants<\/strong> como una prueba que combina <strong data-start=\"2849\" data-end=\"2908\">deporte, solidaridad y promoci\u00f3n del patrimonio natural<\/strong> de la <strong data-start=\"2915\" data-end=\"2935\">Serra de Mariola<\/strong>, reafirmando su lugar como una de las citas m\u00e1s esperadas del a\u00f1o.<\/p>\n","protected":false},"excerpt":{"rendered":"<p>El pasado domingo 9 de noviembre, Cocentaina vivi\u00f3 la edici\u00f3n m\u00e1s multitudinaria del Trail Fira de Tots Sants, con m\u00e1s&#8230;<\/p>\n","protected":false},"author":1,"featured_media":159786,"comment_status":"closed","ping_status":"closed","sticky":false,"template":"","format":"standard","meta":{"footnotes":""},"categories":[6909,98,75],"tags":[132,19060,20283,20282],"class_list":["post-159785","post","type-post","status-publish","format-standard","has-post-thumbnail","hentry","category-actualidad","category-comarcas","category-noticias","tag-cocentaina","tag-edicion-2025","tag-soca-run","tag-trail-fira-de-tots-sants"],"yoast_head":"<!-- This site is optimized with the Yoast SEO plugin v27.3 - https:\/\/yoast.com\/product\/yoast-seo-wordpress\/ -->\n<title>El Trail Fira de Tots Sants, una cita multitudinaria en 2025 - COPE Alcoy<\/title>\n<meta name=\"description\" content=\"El Trail Fira de Tots Sants, una cita multitudinaria en 2025\" \/>\n<meta name=\"robots\" content=\"index, follow, max-snippet:-1, max-image-preview:large, max-video-preview:-1\" \/>\n<link rel=\"canonical\" href=\"https:\/\/www.copealcoy.es\/es\/el-trail-fira-de-tots-sants-una-cita-multitudinaria-en-2025\/\" \/>\n<meta property=\"og:locale\" content=\"es_ES\" \/>\n<meta property=\"og:type\" content=\"article\" \/>\n<meta property=\"og:title\" content=\"El Trail Fira de Tots Sants, una cita multitudinaria en 2025 - COPE Alcoy\" \/>\n<meta property=\"og:description\" content=\"El Trail Fira de Tots Sants, una cita multitudinaria en 2025\" \/>\n<meta property=\"og:url\" content=\"https:\/\/www.copealcoy.es\/es\/el-trail-fira-de-tots-sants-una-cita-multitudinaria-en-2025\/\" \/>\n<meta property=\"og:site_name\" content=\"COPE Alcoy\" \/>\n<meta property=\"article:published_time\" content=\"2025-11-13T08:00:31+00:00\" \/>\n<meta property=\"article:modified_time\" content=\"2025-11-13T12:21:08+00:00\" \/>\n<meta property=\"og:image\" content=\"https:\/\/www.copealcoy.es\/wp-content\/uploads\/2025\/11\/TEL0112-scaled.jpg\" \/>\n\t<meta property=\"og:image:width\" content=\"2560\" \/>\n\t<meta property=\"og:image:height\" content=\"1707\" \/>\n\t<meta property=\"og:image:type\" content=\"image\/jpeg\" \/>\n<meta name=\"author\" content=\"Cope Alcoy\" \/>\n<meta name=\"twitter:label1\" content=\"Escrito por\" \/>\n\t<meta name=\"twitter:data1\" content=\"Cope Alcoy\" \/>\n\t<meta name=\"twitter:label2\" content=\"Tiempo de lectura\" \/>\n\t<meta name=\"twitter:data2\" content=\"3 minutos\" \/>\n<script type=\"application\/ld+json\" class=\"yoast-schema-graph\">{\"@context\":\"https:\\\/\\\/schema.org\",\"@graph\":[{\"@type\":\"Article\",\"@id\":\"https:\\\/\\\/www.copealcoy.es\\\/es\\\/el-trail-fira-de-tots-sants-una-cita-multitudinaria-en-2025\\\/#article\",\"isPartOf\":{\"@id\":\"https:\\\/\\\/www.copealcoy.es\\\/es\\\/el-trail-fira-de-tots-sants-una-cita-multitudinaria-en-2025\\\/\"},\"author\":{\"name\":\"Cope Alcoy\",\"@id\":\"https:\\\/\\\/www.copealcoy.es\\\/es\\\/#\\\/schema\\\/person\\\/e777c87fa024e57d40170af9df39882c\"},\"headline\":\"El Trail Fira de Tots Sants, una cita multitudinaria en 2025\",\"datePublished\":\"2025-11-13T08:00:31+00:00\",\"dateModified\":\"2025-11-13T12:21:08+00:00\",\"mainEntityOfPage\":{\"@id\":\"https:\\\/\\\/www.copealcoy.es\\\/es\\\/el-trail-fira-de-tots-sants-una-cita-multitudinaria-en-2025\\\/\"},\"wordCount\":440,\"image\":{\"@id\":\"https:\\\/\\\/www.copealcoy.es\\\/es\\\/el-trail-fira-de-tots-sants-una-cita-multitudinaria-en-2025\\\/#primaryimage\"},\"thumbnailUrl\":\"https:\\\/\\\/www.copealcoy.es\\\/wp-content\\\/uploads\\\/2025\\\/11\\\/TEL0112-scaled.jpg\",\"keywords\":[\"Cocentaina\",\"edici\u00f3n 2025\",\"Soca-run\",\"Trail Fira de Tots Sants\"],\"articleSection\":[\"Actualidad\",\"Comarcas\",\"Noticias\"],\"inLanguage\":\"es\"},{\"@type\":\"WebPage\",\"@id\":\"https:\\\/\\\/www.copealcoy.es\\\/es\\\/el-trail-fira-de-tots-sants-una-cita-multitudinaria-en-2025\\\/\",\"url\":\"https:\\\/\\\/www.copealcoy.es\\\/es\\\/el-trail-fira-de-tots-sants-una-cita-multitudinaria-en-2025\\\/\",\"name\":\"El Trail Fira de Tots Sants, una cita multitudinaria en 2025 - COPE Alcoy\",\"isPartOf\":{\"@id\":\"https:\\\/\\\/www.copealcoy.es\\\/es\\\/#website\"},\"primaryImageOfPage\":{\"@id\":\"https:\\\/\\\/www.copealcoy.es\\\/es\\\/el-trail-fira-de-tots-sants-una-cita-multitudinaria-en-2025\\\/#primaryimage\"},\"image\":{\"@id\":\"https:\\\/\\\/www.copealcoy.es\\\/es\\\/el-trail-fira-de-tots-sants-una-cita-multitudinaria-en-2025\\\/#primaryimage\"},\"thumbnailUrl\":\"https:\\\/\\\/www.copealcoy.es\\\/wp-content\\\/uploads\\\/2025\\\/11\\\/TEL0112-scaled.jpg\",\"datePublished\":\"2025-11-13T08:00:31+00:00\",\"dateModified\":\"2025-11-13T12:21:08+00:00\",\"author\":{\"@id\":\"https:\\\/\\\/www.copealcoy.es\\\/es\\\/#\\\/schema\\\/person\\\/e777c87fa024e57d40170af9df39882c\"},\"description\":\"El Trail Fira de Tots Sants, una cita multitudinaria en 2025\",\"breadcrumb\":{\"@id\":\"https:\\\/\\\/www.copealcoy.es\\\/es\\\/el-trail-fira-de-tots-sants-una-cita-multitudinaria-en-2025\\\/#breadcrumb\"},\"inLanguage\":\"es\",\"potentialAction\":[{\"@type\":\"ReadAction\",\"target\":[\"https:\\\/\\\/www.copealcoy.es\\\/es\\\/el-trail-fira-de-tots-sants-una-cita-multitudinaria-en-2025\\\/\"]}]},{\"@type\":\"ImageObject\",\"inLanguage\":\"es\",\"@id\":\"https:\\\/\\\/www.copealcoy.es\\\/es\\\/el-trail-fira-de-tots-sants-una-cita-multitudinaria-en-2025\\\/#primaryimage\",\"url\":\"https:\\\/\\\/www.copealcoy.es\\\/wp-content\\\/uploads\\\/2025\\\/11\\\/TEL0112-scaled.jpg\",\"contentUrl\":\"https:\\\/\\\/www.copealcoy.es\\\/wp-content\\\/uploads\\\/2025\\\/11\\\/TEL0112-scaled.jpg\",\"width\":2560,\"height\":1707},{\"@type\":\"BreadcrumbList\",\"@id\":\"https:\\\/\\\/www.copealcoy.es\\\/es\\\/el-trail-fira-de-tots-sants-una-cita-multitudinaria-en-2025\\\/#breadcrumb\",\"itemListElement\":[{\"@type\":\"ListItem\",\"position\":1,\"name\":\"Portada\",\"item\":\"https:\\\/\\\/www.copealcoy.es\\\/es\\\/\"},{\"@type\":\"ListItem\",\"position\":2,\"name\":\"El Trail Fira de Tots Sants, una cita multitudinaria en 2025\"}]},{\"@type\":\"WebSite\",\"@id\":\"https:\\\/\\\/www.copealcoy.es\\\/es\\\/#website\",\"url\":\"https:\\\/\\\/www.copealcoy.es\\\/es\\\/\",\"name\":\"COPE Alcoy\",\"description\":\"Emisora COPE de radio local con emisi\u00f3n online. Pont de Sant Jordi 8-10 03803 Alcoy\",\"potentialAction\":[{\"@type\":\"SearchAction\",\"target\":{\"@type\":\"EntryPoint\",\"urlTemplate\":\"https:\\\/\\\/www.copealcoy.es\\\/es\\\/?s={search_term_string}\"},\"query-input\":{\"@type\":\"PropertyValueSpecification\",\"valueRequired\":true,\"valueName\":\"search_term_string\"}}],\"inLanguage\":\"es\"},{\"@type\":\"Person\",\"@id\":\"https:\\\/\\\/www.copealcoy.es\\\/es\\\/#\\\/schema\\\/person\\\/e777c87fa024e57d40170af9df39882c\",\"name\":\"Cope Alcoy\",\"image\":{\"@type\":\"ImageObject\",\"inLanguage\":\"es\",\"@id\":\"https:\\\/\\\/secure.gravatar.com\\\/avatar\\\/bb65d0283347e303893ba14f0692005417c1e0e690a325a4c5d8bb2b3943ee14?s=96&d=mm&r=g\",\"url\":\"https:\\\/\\\/secure.gravatar.com\\\/avatar\\\/bb65d0283347e303893ba14f0692005417c1e0e690a325a4c5d8bb2b3943ee14?s=96&d=mm&r=g\",\"contentUrl\":\"https:\\\/\\\/secure.gravatar.com\\\/avatar\\\/bb65d0283347e303893ba14f0692005417c1e0e690a325a4c5d8bb2b3943ee14?s=96&d=mm&r=g\",\"caption\":\"Cope Alcoy\"}}]}<\/script>\n<!-- \/ Yoast SEO plugin. -->","yoast_head_json":{"title":"El Trail Fira de Tots Sants, una cita multitudinaria en 2025 - COPE Alcoy","description":"El Trail Fira de Tots Sants, una cita multitudinaria en 2025","robots":{"index":"index","follow":"follow","max-snippet":"max-snippet:-1","max-image-preview":"max-image-preview:large","max-video-preview":"max-video-preview:-1"},"canonical":"https:\/\/www.copealcoy.es\/es\/el-trail-fira-de-tots-sants-una-cita-multitudinaria-en-2025\/","og_locale":"es_ES","og_type":"article","og_title":"El Trail Fira de Tots Sants, una cita multitudinaria en 2025 - COPE Alcoy","og_description":"El Trail Fira de Tots Sants, una cita multitudinaria en 2025","og_url":"https:\/\/www.copealcoy.es\/es\/el-trail-fira-de-tots-sants-una-cita-multitudinaria-en-2025\/","og_site_name":"COPE Alcoy","article_published_time":"2025-11-13T08:00:31+00:00","article_modified_time":"2025-11-13T12:21:08+00:00","og_image":[{"width":2560,"height":1707,"url":"https:\/\/www.copealcoy.es\/wp-content\/uploads\/2025\/11\/TEL0112-scaled.jpg","type":"image\/jpeg"}],"author":"Cope Alcoy","twitter_misc":{"Escrito por":"Cope Alcoy","Tiempo de lectura":"3 minutos"},"schema":{"@context":"https:\/\/schema.org","@graph":[{"@type":"Article","@id":"https:\/\/www.copealcoy.es\/es\/el-trail-fira-de-tots-sants-una-cita-multitudinaria-en-2025\/#article","isPartOf":{"@id":"https:\/\/www.copealcoy.es\/es\/el-trail-fira-de-tots-sants-una-cita-multitudinaria-en-2025\/"},"author":{"name":"Cope Alcoy","@id":"https:\/\/www.copealcoy.es\/es\/#\/schema\/person\/e777c87fa024e57d40170af9df39882c"},"headline":"El Trail Fira de Tots Sants, una cita multitudinaria en 2025","datePublished":"2025-11-13T08:00:31+00:00","dateModified":"2025-11-13T12:21:08+00:00","mainEntityOfPage":{"@id":"https:\/\/www.copealcoy.es\/es\/el-trail-fira-de-tots-sants-una-cita-multitudinaria-en-2025\/"},"wordCount":440,"image":{"@id":"https:\/\/www.copealcoy.es\/es\/el-trail-fira-de-tots-sants-una-cita-multitudinaria-en-2025\/#primaryimage"},"thumbnailUrl":"https:\/\/www.copealcoy.es\/wp-content\/uploads\/2025\/11\/TEL0112-scaled.jpg","keywords":["Cocentaina","edici\u00f3n 2025","Soca-run","Trail Fira de Tots Sants"],"articleSection":["Actualidad","Comarcas","Noticias"],"inLanguage":"es"},{"@type":"WebPage","@id":"https:\/\/www.copealcoy.es\/es\/el-trail-fira-de-tots-sants-una-cita-multitudinaria-en-2025\/","url":"https:\/\/www.copealcoy.es\/es\/el-trail-fira-de-tots-sants-una-cita-multitudinaria-en-2025\/","name":"El Trail Fira de Tots Sants, una cita multitudinaria en 2025 - COPE Alcoy","isPartOf":{"@id":"https:\/\/www.copealcoy.es\/es\/#website"},"primaryImageOfPage":{"@id":"https:\/\/www.copealcoy.es\/es\/el-trail-fira-de-tots-sants-una-cita-multitudinaria-en-2025\/#primaryimage"},"image":{"@id":"https:\/\/www.copealcoy.es\/es\/el-trail-fira-de-tots-sants-una-cita-multitudinaria-en-2025\/#primaryimage"},"thumbnailUrl":"https:\/\/www.copealcoy.es\/wp-content\/uploads\/2025\/11\/TEL0112-scaled.jpg","datePublished":"2025-11-13T08:00:31+00:00","dateModified":"2025-11-13T12:21:08+00:00","author":{"@id":"https:\/\/www.copealcoy.es\/es\/#\/schema\/person\/e777c87fa024e57d40170af9df39882c"},"description":"El Trail Fira de Tots Sants, una cita multitudinaria en 2025","breadcrumb":{"@id":"https:\/\/www.copealcoy.es\/es\/el-trail-fira-de-tots-sants-una-cita-multitudinaria-en-2025\/#breadcrumb"},"inLanguage":"es","potentialAction":[{"@type":"ReadAction","target":["https:\/\/www.copealcoy.es\/es\/el-trail-fira-de-tots-sants-una-cita-multitudinaria-en-2025\/"]}]},{"@type":"ImageObject","inLanguage":"es","@id":"https:\/\/www.copealcoy.es\/es\/el-trail-fira-de-tots-sants-una-cita-multitudinaria-en-2025\/#primaryimage","url":"https:\/\/www.copealcoy.es\/wp-content\/uploads\/2025\/11\/TEL0112-scaled.jpg","contentUrl":"https:\/\/www.copealcoy.es\/wp-content\/uploads\/2025\/11\/TEL0112-scaled.jpg","width":2560,"height":1707},{"@type":"BreadcrumbList","@id":"https:\/\/www.copealcoy.es\/es\/el-trail-fira-de-tots-sants-una-cita-multitudinaria-en-2025\/#breadcrumb","itemListElement":[{"@type":"ListItem","position":1,"name":"Portada","item":"https:\/\/www.copealcoy.es\/es\/"},{"@type":"ListItem","position":2,"name":"El Trail Fira de Tots Sants, una cita multitudinaria en 2025"}]},{"@type":"WebSite","@id":"https:\/\/www.copealcoy.es\/es\/#website","url":"https:\/\/www.copealcoy.es\/es\/","name":"COPE Alcoy","description":"Emisora COPE de radio local con emisi\u00f3n online. Pont de Sant Jordi 8-10 03803 Alcoy","potentialAction":[{"@type":"SearchAction","target":{"@type":"EntryPoint","urlTemplate":"https:\/\/www.copealcoy.es\/es\/?s={search_term_string}"},"query-input":{"@type":"PropertyValueSpecification","valueRequired":true,"valueName":"search_term_string"}}],"inLanguage":"es"},{"@type":"Person","@id":"https:\/\/www.copealcoy.es\/es\/#\/schema\/person\/e777c87fa024e57d40170af9df39882c","name":"Cope Alcoy","image":{"@type":"ImageObject","inLanguage":"es","@id":"https:\/\/secure.gravatar.com\/avatar\/bb65d0283347e303893ba14f0692005417c1e0e690a325a4c5d8bb2b3943ee14?s=96&d=mm&r=g","url":"https:\/\/secure.gravatar.com\/avatar\/bb65d0283347e303893ba14f0692005417c1e0e690a325a4c5d8bb2b3943ee14?s=96&d=mm&r=g","contentUrl":"https:\/\/secure.gravatar.com\/avatar\/bb65d0283347e303893ba14f0692005417c1e0e690a325a4c5d8bb2b3943ee14?s=96&d=mm&r=g","caption":"Cope Alcoy"}}]}},"_links":{"self":[{"href":"https:\/\/www.copealcoy.es\/es\/wp-json\/wp\/v2\/posts\/159785","targetHints":{"allow":["GET"]}}],"collection":[{"href":"https:\/\/www.copealcoy.es\/es\/wp-json\/wp\/v2\/posts"}],"about":[{"href":"https:\/\/www.copealcoy.es\/es\/wp-json\/wp\/v2\/types\/post"}],"author":[{"embeddable":true,"href":"https:\/\/www.copealcoy.es\/es\/wp-json\/wp\/v2\/users\/1"}],"replies":[{"embeddable":true,"href":"https:\/\/www.copealcoy.es\/es\/wp-json\/wp\/v2\/comments?post=159785"}],"version-history":[{"count":1,"href":"https:\/\/www.copealcoy.es\/es\/wp-json\/wp\/v2\/posts\/159785\/revisions"}],"predecessor-version":[{"id":159788,"href":"https:\/\/www.copealcoy.es\/es\/wp-json\/wp\/v2\/posts\/159785\/revisions\/159788"}],"wp:featuredmedia":[{"embeddable":true,"href":"https:\/\/www.copealcoy.es\/es\/wp-json\/wp\/v2\/media\/159786"}],"wp:attachment":[{"href":"https:\/\/www.copealcoy.es\/es\/wp-json\/wp\/v2\/media?parent=159785"}],"wp:term":[{"taxonomy":"category","embeddable":true,"href":"https:\/\/www.copealcoy.es\/es\/wp-json\/wp\/v2\/categories?post=159785"},{"taxonomy":"post_tag","embeddable":true,"href":"https:\/\/www.copealcoy.es\/es\/wp-json\/wp\/v2\/tags?post=159785"}],"curies":[{"name":"wp","href":"https:\/\/api.w.org\/{rel}","templated":true}]}}