{"id":15976,"date":"2015-09-25T05:26:57","date_gmt":"2015-09-25T05:26:57","guid":{"rendered":"http:\/\/copealcoi.es\/new\/?p=15976"},"modified":"2015-09-24T21:52:13","modified_gmt":"2015-09-24T21:52:13","slug":"cocentaina-invierte-185-000-euros-en-mejorar-la-insfraestructura-para-la-fira","status":"publish","type":"post","link":"https:\/\/www.copealcoy.es\/es\/cocentaina-invierte-185-000-euros-en-mejorar-la-insfraestructura-para-la-fira\/","title":{"rendered":"Cocentaina invierte 185.000 euros en mejorar la insfraestructura para la Fira"},"content":{"rendered":"<p style=\"text-align: justify;\">El Ayuntamiento de Cocentaina invertir\u00e1\u00a0para la 669 edici\u00f3n de la Fira de Tots Sants un total de 185.000 euros que se destinar\u00e1n a acondicionar y mejorar gran parte de las infraestructuras. En concreto se van a instalar 25 nuevos puestos para suministrar agua que se ubicar\u00e1n en la zona de alimentaci\u00f3n con la intenci\u00f3n de mejorar la calidad de\u00a0los expositores y el servicio as\u00ed como la atenci\u00f3n que prestan a los visitantes. Adem\u00e1s se han adaptado a la legislaci\u00f3n vigente las tomas de luz del recinto ferial de las atracciones infantiles al mismo tiempo que se han realizado varias obras con el fin de aumentar la potencia contratada para evitar bajadas de tensi\u00f3n en las viviendas colindantes.<\/p>\n<p style=\"text-align: justify;\">Por su parte\u00a0las zonas de aparcamiento, repartidas en 17 puntos concretos con una superficie total de 139.000 metros cuadrados, van a contar con torres de iluminaci\u00f3n similares a las de los campos de f\u00fatbol para hacer visibles las zonas de estacionamiento de cara a la noche as\u00ed como evitar robos y garantizar la seguridad. En este sentido se instalar\u00e1n columnas con focos en el resto que ya permanecer\u00e1n durante todo el a\u00f1o y de igual modo se pondr\u00e1n en rotaci\u00f3n las pantallas de algunas farolas para proveer de luz a espacios que habitualmente no disponen de esta. Finalmente se est\u00e1 gestionando con las grandes compa\u00f1\u00edas de telefon\u00eda aumentar la infraestructura para que durante los d\u00edas de Fira se puedan realizar llamadas por tel\u00e9fono m\u00f3vil y disponer de Internet con normalidad.<\/p>\n<p style=\"text-align: justify;\">La edil de Fira, Mariona Carbonell, ha apuntado que la parte de infraestructura es la que se lleva mayor presupuesto de la Fira &#8220;es la que garantiza que el Certamen sea seguro y accesible para todos. Es fundamental trabajar cada a\u00f1o para enriquecer la Fira en todos los niveles con el fin de\u00a0que todos los visitantes que lo deseen puedan tener una estancia agradable y de calidad&#8221;, concluye.<\/p>\n","protected":false},"excerpt":{"rendered":"<p>El Ayuntamiento de Cocentaina invertir\u00e1\u00a0para la 669 edici\u00f3n de la Fira de Tots Sants un total de 185.000 euros que&#8230;<\/p>\n","protected":false},"author":1,"featured_media":8252,"comment_status":"open","ping_status":"open","sticky":false,"template":"","format":"standard","meta":{"footnotes":""},"categories":[98,75],"tags":[132,237,676,1450],"class_list":["post-15976","post","type-post","status-publish","format-standard","has-post-thumbnail","hentry","category-comarcas","category-noticias","tag-cocentaina","tag-comtat","tag-fira","tag-tots-sants"],"yoast_head":"<!-- This site is optimized with the Yoast SEO plugin v27.3 - https:\/\/yoast.com\/product\/yoast-seo-wordpress\/ -->\n<title>Cocentaina invierte 185.000 euros en mejorar la insfraestructura para la Fira - COPE Alcoy<\/title>\n<meta name=\"robots\" content=\"index, follow, max-snippet:-1, max-image-preview:large, max-video-preview:-1\" \/>\n<link rel=\"canonical\" href=\"https:\/\/www.copealcoy.es\/es\/cocentaina-invierte-185-000-euros-en-mejorar-la-insfraestructura-para-la-fira\/\" \/>\n<meta property=\"og:locale\" content=\"es_ES\" \/>\n<meta property=\"og:type\" content=\"article\" \/>\n<meta property=\"og:title\" content=\"Cocentaina invierte 185.000 euros en mejorar la insfraestructura para la Fira - COPE Alcoy\" \/>\n<meta property=\"og:description\" content=\"El Ayuntamiento de Cocentaina invertir\u00e1\u00a0para la 669 edici\u00f3n de la Fira de Tots Sants un total de 185.000 euros que...\" \/>\n<meta property=\"og:url\" content=\"https:\/\/www.copealcoy.es\/es\/cocentaina-invierte-185-000-euros-en-mejorar-la-insfraestructura-para-la-fira\/\" \/>\n<meta property=\"og:site_name\" content=\"COPE Alcoy\" \/>\n<meta property=\"article:published_time\" content=\"2015-09-25T05:26:57+00:00\" \/>\n<meta property=\"og:image\" content=\"https:\/\/www.copealcoy.es\/wp-content\/uploads\/2014\/11\/10462719_550701261740030_515689241283066083_n-e1415375951467.jpg\" \/>\n\t<meta property=\"og:image:width\" content=\"500\" \/>\n\t<meta property=\"og:image:height\" content=\"310\" \/>\n\t<meta property=\"og:image:type\" content=\"image\/jpeg\" \/>\n<meta name=\"author\" content=\"Cope Alcoy\" \/>\n<meta name=\"twitter:label1\" content=\"Escrito por\" \/>\n\t<meta name=\"twitter:data1\" content=\"Cope Alcoy\" \/>\n\t<meta name=\"twitter:label2\" content=\"Tiempo de lectura\" \/>\n\t<meta name=\"twitter:data2\" content=\"2 minutos\" \/>\n<script type=\"application\/ld+json\" class=\"yoast-schema-graph\">{\"@context\":\"https:\\\/\\\/schema.org\",\"@graph\":[{\"@type\":\"Article\",\"@id\":\"https:\\\/\\\/www.copealcoy.es\\\/es\\\/cocentaina-invierte-185-000-euros-en-mejorar-la-insfraestructura-para-la-fira\\\/#article\",\"isPartOf\":{\"@id\":\"https:\\\/\\\/www.copealcoy.es\\\/es\\\/cocentaina-invierte-185-000-euros-en-mejorar-la-insfraestructura-para-la-fira\\\/\"},\"author\":{\"name\":\"Cope Alcoy\",\"@id\":\"https:\\\/\\\/www.copealcoy.es\\\/es\\\/#\\\/schema\\\/person\\\/e777c87fa024e57d40170af9df39882c\"},\"headline\":\"Cocentaina invierte 185.000 euros en mejorar la insfraestructura para la Fira\",\"datePublished\":\"2015-09-25T05:26:57+00:00\",\"mainEntityOfPage\":{\"@id\":\"https:\\\/\\\/www.copealcoy.es\\\/es\\\/cocentaina-invierte-185-000-euros-en-mejorar-la-insfraestructura-para-la-fira\\\/\"},\"wordCount\":346,\"commentCount\":0,\"image\":{\"@id\":\"https:\\\/\\\/www.copealcoy.es\\\/es\\\/cocentaina-invierte-185-000-euros-en-mejorar-la-insfraestructura-para-la-fira\\\/#primaryimage\"},\"thumbnailUrl\":\"https:\\\/\\\/www.copealcoy.es\\\/wp-content\\\/uploads\\\/2014\\\/11\\\/10462719_550701261740030_515689241283066083_n-e1415375951467.jpg\",\"keywords\":[\"Cocentaina\",\"Comtat\",\"Fira\",\"Tots Sants\"],\"articleSection\":[\"Comarcas\",\"Noticias\"],\"inLanguage\":\"es\"},{\"@type\":\"WebPage\",\"@id\":\"https:\\\/\\\/www.copealcoy.es\\\/es\\\/cocentaina-invierte-185-000-euros-en-mejorar-la-insfraestructura-para-la-fira\\\/\",\"url\":\"https:\\\/\\\/www.copealcoy.es\\\/es\\\/cocentaina-invierte-185-000-euros-en-mejorar-la-insfraestructura-para-la-fira\\\/\",\"name\":\"Cocentaina invierte 185.000 euros en mejorar la insfraestructura para la Fira - COPE Alcoy\",\"isPartOf\":{\"@id\":\"https:\\\/\\\/www.copealcoy.es\\\/es\\\/#website\"},\"primaryImageOfPage\":{\"@id\":\"https:\\\/\\\/www.copealcoy.es\\\/es\\\/cocentaina-invierte-185-000-euros-en-mejorar-la-insfraestructura-para-la-fira\\\/#primaryimage\"},\"image\":{\"@id\":\"https:\\\/\\\/www.copealcoy.es\\\/es\\\/cocentaina-invierte-185-000-euros-en-mejorar-la-insfraestructura-para-la-fira\\\/#primaryimage\"},\"thumbnailUrl\":\"https:\\\/\\\/www.copealcoy.es\\\/wp-content\\\/uploads\\\/2014\\\/11\\\/10462719_550701261740030_515689241283066083_n-e1415375951467.jpg\",\"datePublished\":\"2015-09-25T05:26:57+00:00\",\"author\":{\"@id\":\"https:\\\/\\\/www.copealcoy.es\\\/es\\\/#\\\/schema\\\/person\\\/e777c87fa024e57d40170af9df39882c\"},\"breadcrumb\":{\"@id\":\"https:\\\/\\\/www.copealcoy.es\\\/es\\\/cocentaina-invierte-185-000-euros-en-mejorar-la-insfraestructura-para-la-fira\\\/#breadcrumb\"},\"inLanguage\":\"es\",\"potentialAction\":[{\"@type\":\"ReadAction\",\"target\":[\"https:\\\/\\\/www.copealcoy.es\\\/es\\\/cocentaina-invierte-185-000-euros-en-mejorar-la-insfraestructura-para-la-fira\\\/\"]}]},{\"@type\":\"ImageObject\",\"inLanguage\":\"es\",\"@id\":\"https:\\\/\\\/www.copealcoy.es\\\/es\\\/cocentaina-invierte-185-000-euros-en-mejorar-la-insfraestructura-para-la-fira\\\/#primaryimage\",\"url\":\"https:\\\/\\\/www.copealcoy.es\\\/wp-content\\\/uploads\\\/2014\\\/11\\\/10462719_550701261740030_515689241283066083_n-e1415375951467.jpg\",\"contentUrl\":\"https:\\\/\\\/www.copealcoy.es\\\/wp-content\\\/uploads\\\/2014\\\/11\\\/10462719_550701261740030_515689241283066083_n-e1415375951467.jpg\",\"width\":500,\"height\":310,\"caption\":\"La edici\u00f3n 2014 de la Fira reuni\u00f3 a m\u00e1s de 500.000 visitantes\"},{\"@type\":\"BreadcrumbList\",\"@id\":\"https:\\\/\\\/www.copealcoy.es\\\/es\\\/cocentaina-invierte-185-000-euros-en-mejorar-la-insfraestructura-para-la-fira\\\/#breadcrumb\",\"itemListElement\":[{\"@type\":\"ListItem\",\"position\":1,\"name\":\"Portada\",\"item\":\"https:\\\/\\\/www.copealcoy.es\\\/es\\\/\"},{\"@type\":\"ListItem\",\"position\":2,\"name\":\"Cocentaina invierte 185.000 euros en mejorar la insfraestructura para la Fira\"}]},{\"@type\":\"WebSite\",\"@id\":\"https:\\\/\\\/www.copealcoy.es\\\/es\\\/#website\",\"url\":\"https:\\\/\\\/www.copealcoy.es\\\/es\\\/\",\"name\":\"COPE Alcoy\",\"description\":\"Emisora COPE de radio local con emisi\u00f3n online. Pont de Sant Jordi 8-10 03803 Alcoy\",\"potentialAction\":[{\"@type\":\"SearchAction\",\"target\":{\"@type\":\"EntryPoint\",\"urlTemplate\":\"https:\\\/\\\/www.copealcoy.es\\\/es\\\/?s={search_term_string}\"},\"query-input\":{\"@type\":\"PropertyValueSpecification\",\"valueRequired\":true,\"valueName\":\"search_term_string\"}}],\"inLanguage\":\"es\"},{\"@type\":\"Person\",\"@id\":\"https:\\\/\\\/www.copealcoy.es\\\/es\\\/#\\\/schema\\\/person\\\/e777c87fa024e57d40170af9df39882c\",\"name\":\"Cope Alcoy\",\"image\":{\"@type\":\"ImageObject\",\"inLanguage\":\"es\",\"@id\":\"https:\\\/\\\/secure.gravatar.com\\\/avatar\\\/bb65d0283347e303893ba14f0692005417c1e0e690a325a4c5d8bb2b3943ee14?s=96&d=mm&r=g\",\"url\":\"https:\\\/\\\/secure.gravatar.com\\\/avatar\\\/bb65d0283347e303893ba14f0692005417c1e0e690a325a4c5d8bb2b3943ee14?s=96&d=mm&r=g\",\"contentUrl\":\"https:\\\/\\\/secure.gravatar.com\\\/avatar\\\/bb65d0283347e303893ba14f0692005417c1e0e690a325a4c5d8bb2b3943ee14?s=96&d=mm&r=g\",\"caption\":\"Cope Alcoy\"}}]}<\/script>\n<!-- \/ Yoast SEO plugin. -->","yoast_head_json":{"title":"Cocentaina invierte 185.000 euros en mejorar la insfraestructura para la Fira - COPE Alcoy","robots":{"index":"index","follow":"follow","max-snippet":"max-snippet:-1","max-image-preview":"max-image-preview:large","max-video-preview":"max-video-preview:-1"},"canonical":"https:\/\/www.copealcoy.es\/es\/cocentaina-invierte-185-000-euros-en-mejorar-la-insfraestructura-para-la-fira\/","og_locale":"es_ES","og_type":"article","og_title":"Cocentaina invierte 185.000 euros en mejorar la insfraestructura para la Fira - COPE Alcoy","og_description":"El Ayuntamiento de Cocentaina invertir\u00e1\u00a0para la 669 edici\u00f3n de la Fira de Tots Sants un total de 185.000 euros que...","og_url":"https:\/\/www.copealcoy.es\/es\/cocentaina-invierte-185-000-euros-en-mejorar-la-insfraestructura-para-la-fira\/","og_site_name":"COPE Alcoy","article_published_time":"2015-09-25T05:26:57+00:00","og_image":[{"width":500,"height":310,"url":"https:\/\/www.copealcoy.es\/wp-content\/uploads\/2014\/11\/10462719_550701261740030_515689241283066083_n-e1415375951467.jpg","type":"image\/jpeg"}],"author":"Cope Alcoy","twitter_misc":{"Escrito por":"Cope Alcoy","Tiempo de lectura":"2 minutos"},"schema":{"@context":"https:\/\/schema.org","@graph":[{"@type":"Article","@id":"https:\/\/www.copealcoy.es\/es\/cocentaina-invierte-185-000-euros-en-mejorar-la-insfraestructura-para-la-fira\/#article","isPartOf":{"@id":"https:\/\/www.copealcoy.es\/es\/cocentaina-invierte-185-000-euros-en-mejorar-la-insfraestructura-para-la-fira\/"},"author":{"name":"Cope Alcoy","@id":"https:\/\/www.copealcoy.es\/es\/#\/schema\/person\/e777c87fa024e57d40170af9df39882c"},"headline":"Cocentaina invierte 185.000 euros en mejorar la insfraestructura para la Fira","datePublished":"2015-09-25T05:26:57+00:00","mainEntityOfPage":{"@id":"https:\/\/www.copealcoy.es\/es\/cocentaina-invierte-185-000-euros-en-mejorar-la-insfraestructura-para-la-fira\/"},"wordCount":346,"commentCount":0,"image":{"@id":"https:\/\/www.copealcoy.es\/es\/cocentaina-invierte-185-000-euros-en-mejorar-la-insfraestructura-para-la-fira\/#primaryimage"},"thumbnailUrl":"https:\/\/www.copealcoy.es\/wp-content\/uploads\/2014\/11\/10462719_550701261740030_515689241283066083_n-e1415375951467.jpg","keywords":["Cocentaina","Comtat","Fira","Tots Sants"],"articleSection":["Comarcas","Noticias"],"inLanguage":"es"},{"@type":"WebPage","@id":"https:\/\/www.copealcoy.es\/es\/cocentaina-invierte-185-000-euros-en-mejorar-la-insfraestructura-para-la-fira\/","url":"https:\/\/www.copealcoy.es\/es\/cocentaina-invierte-185-000-euros-en-mejorar-la-insfraestructura-para-la-fira\/","name":"Cocentaina invierte 185.000 euros en mejorar la insfraestructura para la Fira - COPE Alcoy","isPartOf":{"@id":"https:\/\/www.copealcoy.es\/es\/#website"},"primaryImageOfPage":{"@id":"https:\/\/www.copealcoy.es\/es\/cocentaina-invierte-185-000-euros-en-mejorar-la-insfraestructura-para-la-fira\/#primaryimage"},"image":{"@id":"https:\/\/www.copealcoy.es\/es\/cocentaina-invierte-185-000-euros-en-mejorar-la-insfraestructura-para-la-fira\/#primaryimage"},"thumbnailUrl":"https:\/\/www.copealcoy.es\/wp-content\/uploads\/2014\/11\/10462719_550701261740030_515689241283066083_n-e1415375951467.jpg","datePublished":"2015-09-25T05:26:57+00:00","author":{"@id":"https:\/\/www.copealcoy.es\/es\/#\/schema\/person\/e777c87fa024e57d40170af9df39882c"},"breadcrumb":{"@id":"https:\/\/www.copealcoy.es\/es\/cocentaina-invierte-185-000-euros-en-mejorar-la-insfraestructura-para-la-fira\/#breadcrumb"},"inLanguage":"es","potentialAction":[{"@type":"ReadAction","target":["https:\/\/www.copealcoy.es\/es\/cocentaina-invierte-185-000-euros-en-mejorar-la-insfraestructura-para-la-fira\/"]}]},{"@type":"ImageObject","inLanguage":"es","@id":"https:\/\/www.copealcoy.es\/es\/cocentaina-invierte-185-000-euros-en-mejorar-la-insfraestructura-para-la-fira\/#primaryimage","url":"https:\/\/www.copealcoy.es\/wp-content\/uploads\/2014\/11\/10462719_550701261740030_515689241283066083_n-e1415375951467.jpg","contentUrl":"https:\/\/www.copealcoy.es\/wp-content\/uploads\/2014\/11\/10462719_550701261740030_515689241283066083_n-e1415375951467.jpg","width":500,"height":310,"caption":"La edici\u00f3n 2014 de la Fira reuni\u00f3 a m\u00e1s de 500.000 visitantes"},{"@type":"BreadcrumbList","@id":"https:\/\/www.copealcoy.es\/es\/cocentaina-invierte-185-000-euros-en-mejorar-la-insfraestructura-para-la-fira\/#breadcrumb","itemListElement":[{"@type":"ListItem","position":1,"name":"Portada","item":"https:\/\/www.copealcoy.es\/es\/"},{"@type":"ListItem","position":2,"name":"Cocentaina invierte 185.000 euros en mejorar la insfraestructura para la Fira"}]},{"@type":"WebSite","@id":"https:\/\/www.copealcoy.es\/es\/#website","url":"https:\/\/www.copealcoy.es\/es\/","name":"COPE Alcoy","description":"Emisora COPE de radio local con emisi\u00f3n online. Pont de Sant Jordi 8-10 03803 Alcoy","potentialAction":[{"@type":"SearchAction","target":{"@type":"EntryPoint","urlTemplate":"https:\/\/www.copealcoy.es\/es\/?s={search_term_string}"},"query-input":{"@type":"PropertyValueSpecification","valueRequired":true,"valueName":"search_term_string"}}],"inLanguage":"es"},{"@type":"Person","@id":"https:\/\/www.copealcoy.es\/es\/#\/schema\/person\/e777c87fa024e57d40170af9df39882c","name":"Cope Alcoy","image":{"@type":"ImageObject","inLanguage":"es","@id":"https:\/\/secure.gravatar.com\/avatar\/bb65d0283347e303893ba14f0692005417c1e0e690a325a4c5d8bb2b3943ee14?s=96&d=mm&r=g","url":"https:\/\/secure.gravatar.com\/avatar\/bb65d0283347e303893ba14f0692005417c1e0e690a325a4c5d8bb2b3943ee14?s=96&d=mm&r=g","contentUrl":"https:\/\/secure.gravatar.com\/avatar\/bb65d0283347e303893ba14f0692005417c1e0e690a325a4c5d8bb2b3943ee14?s=96&d=mm&r=g","caption":"Cope Alcoy"}}]}},"_links":{"self":[{"href":"https:\/\/www.copealcoy.es\/es\/wp-json\/wp\/v2\/posts\/15976","targetHints":{"allow":["GET"]}}],"collection":[{"href":"https:\/\/www.copealcoy.es\/es\/wp-json\/wp\/v2\/posts"}],"about":[{"href":"https:\/\/www.copealcoy.es\/es\/wp-json\/wp\/v2\/types\/post"}],"author":[{"embeddable":true,"href":"https:\/\/www.copealcoy.es\/es\/wp-json\/wp\/v2\/users\/1"}],"replies":[{"embeddable":true,"href":"https:\/\/www.copealcoy.es\/es\/wp-json\/wp\/v2\/comments?post=15976"}],"version-history":[{"count":0,"href":"https:\/\/www.copealcoy.es\/es\/wp-json\/wp\/v2\/posts\/15976\/revisions"}],"wp:featuredmedia":[{"embeddable":true,"href":"https:\/\/www.copealcoy.es\/es\/wp-json\/wp\/v2\/media\/8252"}],"wp:attachment":[{"href":"https:\/\/www.copealcoy.es\/es\/wp-json\/wp\/v2\/media?parent=15976"}],"wp:term":[{"taxonomy":"category","embeddable":true,"href":"https:\/\/www.copealcoy.es\/es\/wp-json\/wp\/v2\/categories?post=15976"},{"taxonomy":"post_tag","embeddable":true,"href":"https:\/\/www.copealcoy.es\/es\/wp-json\/wp\/v2\/tags?post=15976"}],"curies":[{"name":"wp","href":"https:\/\/api.w.org\/{rel}","templated":true}]}}