{"id":159758,"date":"2025-11-11T15:38:24","date_gmt":"2025-11-11T14:38:24","guid":{"rendered":"https:\/\/www.copealcoy.es\/?p=159758"},"modified":"2025-11-11T15:38:24","modified_gmt":"2025-11-11T14:38:24","slug":"alcoy-inicia-la-transformacion-de-sus-calles-para-la-navidad","status":"publish","type":"post","link":"https:\/\/www.copealcoy.es\/es\/alcoy-inicia-la-transformacion-de-sus-calles-para-la-navidad\/","title":{"rendered":"Alcoy inicia la transformaci\u00f3n de sus calles para la Navidad"},"content":{"rendered":"<p style=\"text-align: justify;\" data-start=\"255\" data-end=\"848\"><a href=\"https:\/\/www.facebook.com\/alcoiciutatdelnadal\/?locale=es_LA\" target=\"_blank\" rel=\"noopener\"><span style=\"color: #0000ff;\"><strong>Alcoy<\/strong><\/span><\/a> ha comenzado a vestirse de <strong data-start=\"288\" data-end=\"299\">Navidad<\/strong>, y a finales de octubre se pusieron en marcha los trabajos de <strong data-start=\"362\" data-end=\"406\">montaje de la iluminaci\u00f3n extraordinaria<\/strong> en las calles del <strong data-start=\"425\" data-end=\"435\">Centro<\/strong>, donde ya se han colocado los diferentes tramos de la tradicional <strong data-start=\"502\" data-end=\"514\">enramada<\/strong> que identifica al <strong data-start=\"533\" data-end=\"551\">\u2018Nadal Alcoi\u00e0\u2019<\/strong>, uno de los s\u00edmbolos m\u00e1s reconocibles de la Navidad alcoyana. Los preparativos no se limitan al coraz\u00f3n de la ciudad: tambi\u00e9n se han avanzado los trabajos en v\u00edas como <strong data-start=\"720\" data-end=\"731\">Entenza<\/strong> y en barrios como <strong data-start=\"750\" data-end=\"764\">Santa Rosa<\/strong>, con el objetivo de que toda Alcoy luzca su mejor cara festiva para estas fechas.<\/p>\n<p style=\"text-align: justify;\" data-start=\"850\" data-end=\"1561\">Paralelamente, la <strong data-start=\"868\" data-end=\"887\">Plaza de Espa\u00f1a<\/strong> acoge la instalaci\u00f3n de las <strong data-start=\"916\" data-end=\"927\">tarimas<\/strong> que albergar\u00e1n <strong data-start=\"943\" data-end=\"960\">El Nacimiento<\/strong>, un punto que adem\u00e1s es escenario central en actos de la <strong data-start=\"995\" data-end=\"1016\">trilog\u00eda navide\u00f1a<\/strong>, como <strong data-start=\"1023\" data-end=\"1043\">\u2018Les Pastoretes\u2019<\/strong> o la <strong data-start=\"1049\" data-end=\"1071\">Cabalgata de Reyes<\/strong> durante la adoraci\u00f3n de los <strong data-start=\"1100\" data-end=\"1115\">Reyes Magos<\/strong>. La concejala de <strong data-start=\"1195\" data-end=\"1206\">Turismo<\/strong>, <strong data-start=\"1208\" data-end=\"1227\">Lorena Zamorano<\/strong>, se\u00f1al\u00f3 en el programa especial de la <strong data-start=\"1266\" data-end=\"1288\">Fira de Tots Sants<\/strong> de COPE ALCOY que los preparativos navide\u00f1os siempre comienzan a principios de octubre &#8220;<em>para garantizar que todo est\u00e9 listo a finales de mes&#8221; <\/em>y record\u00f3 que la Fira &#8220;<em>sirve para dar a conocer todas las actividades del \u2018Nadal Alcoi\u00e0\u2019 y promocionar nuestra Navidad alcoyana<\/em>\u201d, apunt\u00f3.<\/p>\n<p style=\"text-align: justify;\" data-start=\"1563\" data-end=\"2270\">La <strong data-start=\"1893\" data-end=\"1917\">iluminaci\u00f3n especial<\/strong> se encender\u00e1 el pr\u00f3ximo <strong data-start=\"1942\" data-end=\"1969\">viernes 28 de noviembre<\/strong>, coincidiendo con el descubrimiento del <strong data-start=\"2010\" data-end=\"2031\">cartel anunciador<\/strong> de la <strong data-start=\"2038\" data-end=\"2066\">Cabalgata de Reyes Magos<\/strong> en la Plaza de Espa\u00f1a, obra en esta ocasi\u00f3n de la artista <strong data-start=\"2109\" data-end=\"2128\">Ester Hern\u00e1ndez.\u00a0<\/strong>A partir de ah\u00ed comenzar\u00e1 una intensa programaci\u00f3n con ocasi\u00f3n de la Navidad que puedes consultar <a href=\"https:\/\/alcoyturismo.com\/alcoy\/uploaded\/Acontecimientos\/2025\/Alcoi_Ciutat_del_nadal_merged_cas.pdf\" target=\"_blank\" rel=\"noopener\"><span style=\"color: #0000ff;\"><strong>aqu\u00ed<\/strong><\/span><\/a>.<\/p>\n","protected":false},"excerpt":{"rendered":"<p>Alcoy ha comenzado a vestirse de Navidad, y a finales de octubre se pusieron en marcha los trabajos de montaje&#8230;<\/p>\n","protected":false},"author":1,"featured_media":159759,"comment_status":"closed","ping_status":"closed","sticky":false,"template":"","format":"standard","meta":{"footnotes":""},"categories":[6909,97,78,75,125],"tags":[1494,3398,3375,1796,5353],"class_list":["post-159758","post","type-post","status-publish","format-standard","has-post-thumbnail","hentry","category-actualidad","category-alcoy","category-fiestaycultura","category-noticias","category-portada","tag-alcoy","tag-iluminacion-navidena","tag-instalacion","tag-lorena-zamorano","tag-preparativos"],"yoast_head":"<!-- This site is optimized with the Yoast SEO plugin v27.3 - https:\/\/yoast.com\/product\/yoast-seo-wordpress\/ -->\n<title>Alcoy inicia la transformaci\u00f3n de sus calles para la Navidad - COPE Alcoy<\/title>\n<meta name=\"description\" content=\"Alcoy inicia la transformaci\u00f3n de sus calles para la Navidad\" \/>\n<meta name=\"robots\" content=\"index, follow, max-snippet:-1, max-image-preview:large, max-video-preview:-1\" \/>\n<link rel=\"canonical\" href=\"https:\/\/www.copealcoy.es\/es\/alcoy-inicia-la-transformacion-de-sus-calles-para-la-navidad\/\" \/>\n<meta property=\"og:locale\" content=\"es_ES\" \/>\n<meta property=\"og:type\" content=\"article\" \/>\n<meta property=\"og:title\" content=\"Alcoy inicia la transformaci\u00f3n de sus calles para la Navidad - COPE Alcoy\" \/>\n<meta property=\"og:description\" content=\"Alcoy inicia la transformaci\u00f3n de sus calles para la Navidad\" \/>\n<meta property=\"og:url\" content=\"https:\/\/www.copealcoy.es\/es\/alcoy-inicia-la-transformacion-de-sus-calles-para-la-navidad\/\" \/>\n<meta property=\"og:site_name\" content=\"COPE Alcoy\" \/>\n<meta property=\"article:published_time\" content=\"2025-11-11T14:38:24+00:00\" \/>\n<meta property=\"og:image\" content=\"https:\/\/www.copealcoy.es\/wp-content\/uploads\/2025\/11\/unnamed-1-11-scaled.jpg\" \/>\n\t<meta property=\"og:image:width\" content=\"2560\" \/>\n\t<meta property=\"og:image:height\" content=\"1647\" \/>\n\t<meta property=\"og:image:type\" content=\"image\/jpeg\" \/>\n<meta name=\"author\" content=\"Cope Alcoy\" \/>\n<meta name=\"twitter:label1\" content=\"Escrito por\" \/>\n\t<meta name=\"twitter:data1\" content=\"Cope Alcoy\" \/>\n\t<meta name=\"twitter:label2\" content=\"Tiempo de lectura\" \/>\n\t<meta name=\"twitter:data2\" content=\"2 minutos\" \/>\n<script type=\"application\/ld+json\" class=\"yoast-schema-graph\">{\"@context\":\"https:\\\/\\\/schema.org\",\"@graph\":[{\"@type\":\"Article\",\"@id\":\"https:\\\/\\\/www.copealcoy.es\\\/es\\\/alcoy-inicia-la-transformacion-de-sus-calles-para-la-navidad\\\/#article\",\"isPartOf\":{\"@id\":\"https:\\\/\\\/www.copealcoy.es\\\/es\\\/alcoy-inicia-la-transformacion-de-sus-calles-para-la-navidad\\\/\"},\"author\":{\"name\":\"Cope Alcoy\",\"@id\":\"https:\\\/\\\/www.copealcoy.es\\\/es\\\/#\\\/schema\\\/person\\\/e777c87fa024e57d40170af9df39882c\"},\"headline\":\"Alcoy inicia la transformaci\u00f3n de sus calles para la Navidad\",\"datePublished\":\"2025-11-11T14:38:24+00:00\",\"mainEntityOfPage\":{\"@id\":\"https:\\\/\\\/www.copealcoy.es\\\/es\\\/alcoy-inicia-la-transformacion-de-sus-calles-para-la-navidad\\\/\"},\"wordCount\":289,\"image\":{\"@id\":\"https:\\\/\\\/www.copealcoy.es\\\/es\\\/alcoy-inicia-la-transformacion-de-sus-calles-para-la-navidad\\\/#primaryimage\"},\"thumbnailUrl\":\"https:\\\/\\\/www.copealcoy.es\\\/wp-content\\\/uploads\\\/2025\\\/11\\\/unnamed-1-11-scaled.jpg\",\"keywords\":[\"Alcoy\",\"iluminaci\u00f3n navide\u00f1a\",\"instalaci\u00f3n\",\"Lorena Zamorano\",\"preparativos\"],\"articleSection\":[\"Actualidad\",\"Alcoy\",\"Fiesta y Cultura\",\"Noticias\",\"Portada\"],\"inLanguage\":\"es\"},{\"@type\":\"WebPage\",\"@id\":\"https:\\\/\\\/www.copealcoy.es\\\/es\\\/alcoy-inicia-la-transformacion-de-sus-calles-para-la-navidad\\\/\",\"url\":\"https:\\\/\\\/www.copealcoy.es\\\/es\\\/alcoy-inicia-la-transformacion-de-sus-calles-para-la-navidad\\\/\",\"name\":\"Alcoy inicia la transformaci\u00f3n de sus calles para la Navidad - COPE Alcoy\",\"isPartOf\":{\"@id\":\"https:\\\/\\\/www.copealcoy.es\\\/es\\\/#website\"},\"primaryImageOfPage\":{\"@id\":\"https:\\\/\\\/www.copealcoy.es\\\/es\\\/alcoy-inicia-la-transformacion-de-sus-calles-para-la-navidad\\\/#primaryimage\"},\"image\":{\"@id\":\"https:\\\/\\\/www.copealcoy.es\\\/es\\\/alcoy-inicia-la-transformacion-de-sus-calles-para-la-navidad\\\/#primaryimage\"},\"thumbnailUrl\":\"https:\\\/\\\/www.copealcoy.es\\\/wp-content\\\/uploads\\\/2025\\\/11\\\/unnamed-1-11-scaled.jpg\",\"datePublished\":\"2025-11-11T14:38:24+00:00\",\"author\":{\"@id\":\"https:\\\/\\\/www.copealcoy.es\\\/es\\\/#\\\/schema\\\/person\\\/e777c87fa024e57d40170af9df39882c\"},\"description\":\"Alcoy inicia la transformaci\u00f3n de sus calles para la Navidad\",\"breadcrumb\":{\"@id\":\"https:\\\/\\\/www.copealcoy.es\\\/es\\\/alcoy-inicia-la-transformacion-de-sus-calles-para-la-navidad\\\/#breadcrumb\"},\"inLanguage\":\"es\",\"potentialAction\":[{\"@type\":\"ReadAction\",\"target\":[\"https:\\\/\\\/www.copealcoy.es\\\/es\\\/alcoy-inicia-la-transformacion-de-sus-calles-para-la-navidad\\\/\"]}]},{\"@type\":\"ImageObject\",\"inLanguage\":\"es\",\"@id\":\"https:\\\/\\\/www.copealcoy.es\\\/es\\\/alcoy-inicia-la-transformacion-de-sus-calles-para-la-navidad\\\/#primaryimage\",\"url\":\"https:\\\/\\\/www.copealcoy.es\\\/wp-content\\\/uploads\\\/2025\\\/11\\\/unnamed-1-11-scaled.jpg\",\"contentUrl\":\"https:\\\/\\\/www.copealcoy.es\\\/wp-content\\\/uploads\\\/2025\\\/11\\\/unnamed-1-11-scaled.jpg\",\"width\":2560,\"height\":1647},{\"@type\":\"BreadcrumbList\",\"@id\":\"https:\\\/\\\/www.copealcoy.es\\\/es\\\/alcoy-inicia-la-transformacion-de-sus-calles-para-la-navidad\\\/#breadcrumb\",\"itemListElement\":[{\"@type\":\"ListItem\",\"position\":1,\"name\":\"Portada\",\"item\":\"https:\\\/\\\/www.copealcoy.es\\\/es\\\/\"},{\"@type\":\"ListItem\",\"position\":2,\"name\":\"Alcoy inicia la transformaci\u00f3n de sus calles para la Navidad\"}]},{\"@type\":\"WebSite\",\"@id\":\"https:\\\/\\\/www.copealcoy.es\\\/es\\\/#website\",\"url\":\"https:\\\/\\\/www.copealcoy.es\\\/es\\\/\",\"name\":\"COPE Alcoy\",\"description\":\"Emisora COPE de radio local con emisi\u00f3n online. Pont de Sant Jordi 8-10 03803 Alcoy\",\"potentialAction\":[{\"@type\":\"SearchAction\",\"target\":{\"@type\":\"EntryPoint\",\"urlTemplate\":\"https:\\\/\\\/www.copealcoy.es\\\/es\\\/?s={search_term_string}\"},\"query-input\":{\"@type\":\"PropertyValueSpecification\",\"valueRequired\":true,\"valueName\":\"search_term_string\"}}],\"inLanguage\":\"es\"},{\"@type\":\"Person\",\"@id\":\"https:\\\/\\\/www.copealcoy.es\\\/es\\\/#\\\/schema\\\/person\\\/e777c87fa024e57d40170af9df39882c\",\"name\":\"Cope Alcoy\",\"image\":{\"@type\":\"ImageObject\",\"inLanguage\":\"es\",\"@id\":\"https:\\\/\\\/secure.gravatar.com\\\/avatar\\\/bb65d0283347e303893ba14f0692005417c1e0e690a325a4c5d8bb2b3943ee14?s=96&d=mm&r=g\",\"url\":\"https:\\\/\\\/secure.gravatar.com\\\/avatar\\\/bb65d0283347e303893ba14f0692005417c1e0e690a325a4c5d8bb2b3943ee14?s=96&d=mm&r=g\",\"contentUrl\":\"https:\\\/\\\/secure.gravatar.com\\\/avatar\\\/bb65d0283347e303893ba14f0692005417c1e0e690a325a4c5d8bb2b3943ee14?s=96&d=mm&r=g\",\"caption\":\"Cope Alcoy\"}}]}<\/script>\n<!-- \/ Yoast SEO plugin. -->","yoast_head_json":{"title":"Alcoy inicia la transformaci\u00f3n de sus calles para la Navidad - COPE Alcoy","description":"Alcoy inicia la transformaci\u00f3n de sus calles para la Navidad","robots":{"index":"index","follow":"follow","max-snippet":"max-snippet:-1","max-image-preview":"max-image-preview:large","max-video-preview":"max-video-preview:-1"},"canonical":"https:\/\/www.copealcoy.es\/es\/alcoy-inicia-la-transformacion-de-sus-calles-para-la-navidad\/","og_locale":"es_ES","og_type":"article","og_title":"Alcoy inicia la transformaci\u00f3n de sus calles para la Navidad - COPE Alcoy","og_description":"Alcoy inicia la transformaci\u00f3n de sus calles para la Navidad","og_url":"https:\/\/www.copealcoy.es\/es\/alcoy-inicia-la-transformacion-de-sus-calles-para-la-navidad\/","og_site_name":"COPE Alcoy","article_published_time":"2025-11-11T14:38:24+00:00","og_image":[{"width":2560,"height":1647,"url":"https:\/\/www.copealcoy.es\/wp-content\/uploads\/2025\/11\/unnamed-1-11-scaled.jpg","type":"image\/jpeg"}],"author":"Cope Alcoy","twitter_misc":{"Escrito por":"Cope Alcoy","Tiempo de lectura":"2 minutos"},"schema":{"@context":"https:\/\/schema.org","@graph":[{"@type":"Article","@id":"https:\/\/www.copealcoy.es\/es\/alcoy-inicia-la-transformacion-de-sus-calles-para-la-navidad\/#article","isPartOf":{"@id":"https:\/\/www.copealcoy.es\/es\/alcoy-inicia-la-transformacion-de-sus-calles-para-la-navidad\/"},"author":{"name":"Cope Alcoy","@id":"https:\/\/www.copealcoy.es\/es\/#\/schema\/person\/e777c87fa024e57d40170af9df39882c"},"headline":"Alcoy inicia la transformaci\u00f3n de sus calles para la Navidad","datePublished":"2025-11-11T14:38:24+00:00","mainEntityOfPage":{"@id":"https:\/\/www.copealcoy.es\/es\/alcoy-inicia-la-transformacion-de-sus-calles-para-la-navidad\/"},"wordCount":289,"image":{"@id":"https:\/\/www.copealcoy.es\/es\/alcoy-inicia-la-transformacion-de-sus-calles-para-la-navidad\/#primaryimage"},"thumbnailUrl":"https:\/\/www.copealcoy.es\/wp-content\/uploads\/2025\/11\/unnamed-1-11-scaled.jpg","keywords":["Alcoy","iluminaci\u00f3n navide\u00f1a","instalaci\u00f3n","Lorena Zamorano","preparativos"],"articleSection":["Actualidad","Alcoy","Fiesta y Cultura","Noticias","Portada"],"inLanguage":"es"},{"@type":"WebPage","@id":"https:\/\/www.copealcoy.es\/es\/alcoy-inicia-la-transformacion-de-sus-calles-para-la-navidad\/","url":"https:\/\/www.copealcoy.es\/es\/alcoy-inicia-la-transformacion-de-sus-calles-para-la-navidad\/","name":"Alcoy inicia la transformaci\u00f3n de sus calles para la Navidad - COPE Alcoy","isPartOf":{"@id":"https:\/\/www.copealcoy.es\/es\/#website"},"primaryImageOfPage":{"@id":"https:\/\/www.copealcoy.es\/es\/alcoy-inicia-la-transformacion-de-sus-calles-para-la-navidad\/#primaryimage"},"image":{"@id":"https:\/\/www.copealcoy.es\/es\/alcoy-inicia-la-transformacion-de-sus-calles-para-la-navidad\/#primaryimage"},"thumbnailUrl":"https:\/\/www.copealcoy.es\/wp-content\/uploads\/2025\/11\/unnamed-1-11-scaled.jpg","datePublished":"2025-11-11T14:38:24+00:00","author":{"@id":"https:\/\/www.copealcoy.es\/es\/#\/schema\/person\/e777c87fa024e57d40170af9df39882c"},"description":"Alcoy inicia la transformaci\u00f3n de sus calles para la Navidad","breadcrumb":{"@id":"https:\/\/www.copealcoy.es\/es\/alcoy-inicia-la-transformacion-de-sus-calles-para-la-navidad\/#breadcrumb"},"inLanguage":"es","potentialAction":[{"@type":"ReadAction","target":["https:\/\/www.copealcoy.es\/es\/alcoy-inicia-la-transformacion-de-sus-calles-para-la-navidad\/"]}]},{"@type":"ImageObject","inLanguage":"es","@id":"https:\/\/www.copealcoy.es\/es\/alcoy-inicia-la-transformacion-de-sus-calles-para-la-navidad\/#primaryimage","url":"https:\/\/www.copealcoy.es\/wp-content\/uploads\/2025\/11\/unnamed-1-11-scaled.jpg","contentUrl":"https:\/\/www.copealcoy.es\/wp-content\/uploads\/2025\/11\/unnamed-1-11-scaled.jpg","width":2560,"height":1647},{"@type":"BreadcrumbList","@id":"https:\/\/www.copealcoy.es\/es\/alcoy-inicia-la-transformacion-de-sus-calles-para-la-navidad\/#breadcrumb","itemListElement":[{"@type":"ListItem","position":1,"name":"Portada","item":"https:\/\/www.copealcoy.es\/es\/"},{"@type":"ListItem","position":2,"name":"Alcoy inicia la transformaci\u00f3n de sus calles para la Navidad"}]},{"@type":"WebSite","@id":"https:\/\/www.copealcoy.es\/es\/#website","url":"https:\/\/www.copealcoy.es\/es\/","name":"COPE Alcoy","description":"Emisora COPE de radio local con emisi\u00f3n online. Pont de Sant Jordi 8-10 03803 Alcoy","potentialAction":[{"@type":"SearchAction","target":{"@type":"EntryPoint","urlTemplate":"https:\/\/www.copealcoy.es\/es\/?s={search_term_string}"},"query-input":{"@type":"PropertyValueSpecification","valueRequired":true,"valueName":"search_term_string"}}],"inLanguage":"es"},{"@type":"Person","@id":"https:\/\/www.copealcoy.es\/es\/#\/schema\/person\/e777c87fa024e57d40170af9df39882c","name":"Cope Alcoy","image":{"@type":"ImageObject","inLanguage":"es","@id":"https:\/\/secure.gravatar.com\/avatar\/bb65d0283347e303893ba14f0692005417c1e0e690a325a4c5d8bb2b3943ee14?s=96&d=mm&r=g","url":"https:\/\/secure.gravatar.com\/avatar\/bb65d0283347e303893ba14f0692005417c1e0e690a325a4c5d8bb2b3943ee14?s=96&d=mm&r=g","contentUrl":"https:\/\/secure.gravatar.com\/avatar\/bb65d0283347e303893ba14f0692005417c1e0e690a325a4c5d8bb2b3943ee14?s=96&d=mm&r=g","caption":"Cope Alcoy"}}]}},"_links":{"self":[{"href":"https:\/\/www.copealcoy.es\/es\/wp-json\/wp\/v2\/posts\/159758","targetHints":{"allow":["GET"]}}],"collection":[{"href":"https:\/\/www.copealcoy.es\/es\/wp-json\/wp\/v2\/posts"}],"about":[{"href":"https:\/\/www.copealcoy.es\/es\/wp-json\/wp\/v2\/types\/post"}],"author":[{"embeddable":true,"href":"https:\/\/www.copealcoy.es\/es\/wp-json\/wp\/v2\/users\/1"}],"replies":[{"embeddable":true,"href":"https:\/\/www.copealcoy.es\/es\/wp-json\/wp\/v2\/comments?post=159758"}],"version-history":[{"count":1,"href":"https:\/\/www.copealcoy.es\/es\/wp-json\/wp\/v2\/posts\/159758\/revisions"}],"predecessor-version":[{"id":159761,"href":"https:\/\/www.copealcoy.es\/es\/wp-json\/wp\/v2\/posts\/159758\/revisions\/159761"}],"wp:featuredmedia":[{"embeddable":true,"href":"https:\/\/www.copealcoy.es\/es\/wp-json\/wp\/v2\/media\/159759"}],"wp:attachment":[{"href":"https:\/\/www.copealcoy.es\/es\/wp-json\/wp\/v2\/media?parent=159758"}],"wp:term":[{"taxonomy":"category","embeddable":true,"href":"https:\/\/www.copealcoy.es\/es\/wp-json\/wp\/v2\/categories?post=159758"},{"taxonomy":"post_tag","embeddable":true,"href":"https:\/\/www.copealcoy.es\/es\/wp-json\/wp\/v2\/tags?post=159758"}],"curies":[{"name":"wp","href":"https:\/\/api.w.org\/{rel}","templated":true}]}}