{"id":159752,"date":"2025-11-12T11:00:44","date_gmt":"2025-11-12T10:00:44","guid":{"rendered":"https:\/\/www.copealcoy.es\/?p=159752"},"modified":"2025-11-12T13:11:08","modified_gmt":"2025-11-12T12:11:08","slug":"la-upcca-se-integra-en-el-departamento-de-sanidad-y-traslada-su-sede-para-reforzar-la-prevencion-en-alcoy","status":"publish","type":"post","link":"https:\/\/www.copealcoy.es\/es\/la-upcca-se-integra-en-el-departamento-de-sanidad-y-traslada-su-sede-para-reforzar-la-prevencion-en-alcoy\/","title":{"rendered":"La UPCCA se integra en el Departamento de Sanidad y traslada su sede para reforzar la prevenci\u00f3n en Alcoy"},"content":{"rendered":"<p style=\"text-align: justify;\" data-start=\"225\" data-end=\"555\">La <strong data-start=\"260\" data-end=\"327\">Unitat de Prevenci\u00f3 Comunit\u00e0ria en Conductes Addictives (UPCCA)<\/strong> de <a href=\"https:\/\/www.alcoi.org\/ca\/portal\/index.html\" target=\"_blank\" rel=\"noopener\"><span style=\"color: #0000ff;\"><strong>Alcoy<\/strong> <\/span><\/a>se integra en el <strong data-start=\"354\" data-end=\"381\">Departamento de Sanidad<\/strong> del Ayuntamiento, dejando de depender del \u00e1rea de <strong data-start=\"432\" data-end=\"456\">Pol\u00edticas Inclusivas<\/strong>, en una medida orientada a reforzar la <strong data-start=\"496\" data-end=\"510\">prevenci\u00f3n<\/strong> y mejorar la <strong data-start=\"524\" data-end=\"552\">atenci\u00f3n a la ciudadan\u00eda<\/strong>.<\/p>\n<p style=\"text-align: justify;\" data-start=\"557\" data-end=\"899\">La <strong data-start=\"560\" data-end=\"575\">reubicaci\u00f3n<\/strong> del servicio tambi\u00e9n forma parte de esta estrategia: a partir del pr\u00f3ximo lunes, la <strong data-start=\"660\" data-end=\"669\">UPCCA<\/strong> atender\u00e1 en su nueva <strong data-start=\"691\" data-end=\"699\">sede<\/strong> de la <strong data-start=\"706\" data-end=\"735\">calle Pintor Casanova, 10<\/strong>, dejando atr\u00e1s su anterior ubicaci\u00f3n en la <strong data-start=\"779\" data-end=\"800\">calle El Cam\u00ed, 40<\/strong>. La atenci\u00f3n se realizar\u00e1 mediante <strong data-start=\"836\" data-end=\"851\">cita previa<\/strong>, manteniendo todos los <strong data-start=\"875\" data-end=\"896\">programas activos<\/strong>.<\/p>\n<p style=\"text-align: justify;\" data-start=\"901\" data-end=\"1464\">Seg\u00fan Carles Sansalvador, concejal de <strong data-start=\"939\" data-end=\"950\">Sanidad<\/strong>, <em data-start=\"952\" data-end=\"1201\">\u201cesta integraci\u00f3n supone una mejora directa para la ciudadan\u00eda, al concentrar en un mismo \u00e1mbito los recursos destinados a la prevenci\u00f3n y el abordaje de conductas adictivas, reforzando la coordinaci\u00f3n profesional y la eficacia de las actuaciones\u201d<\/em>. Por su parte, la concejala de <strong data-start=\"1233\" data-end=\"1257\">Pol\u00edticas Inclusivas<\/strong>, Aroa Mira, destac\u00f3 que <em data-start=\"1282\" data-end=\"1461\">\u201cla colaboraci\u00f3n entre Sanidad y Pol\u00edticas Inclusivas seguir\u00e1 siendo clave para dar respuesta a las necesidades preventivas y comunitarias que venimos trabajando desde la UPCCA\u201d<\/em>.<\/p>\n<p style=\"text-align: justify;\" data-start=\"1466\" data-end=\"2011\">La <strong data-start=\"1469\" data-end=\"1484\">integraci\u00f3n<\/strong> permitir\u00e1 al servicio alinearse plenamente con las <strong data-start=\"1536\" data-end=\"1561\">pol\u00edticas auton\u00f3micas<\/strong> en <strong data-start=\"1565\" data-end=\"1582\">salud p\u00fablica<\/strong> y <strong data-start=\"1585\" data-end=\"1613\">prevenci\u00f3n de adicciones<\/strong>, mejorar la <strong data-start=\"1626\" data-end=\"1642\">coordinaci\u00f3n<\/strong> con los servicios de <strong data-start=\"1664\" data-end=\"1698\">atenci\u00f3n primaria y secundaria<\/strong>, acceder a <strong data-start=\"1710\" data-end=\"1737\">financiaci\u00f3n espec\u00edfica<\/strong> del sector sanitario, impulsar nuevos <strong data-start=\"1776\" data-end=\"1814\">programas de promoci\u00f3n de la salud<\/strong> y mejorar la <strong data-start=\"1828\" data-end=\"1845\">accesibilidad<\/strong> al servicio en un <strong data-start=\"1864\" data-end=\"1895\">entorno sanitario municipal<\/strong>. El <strong data-start=\"1900\" data-end=\"1912\">traslado<\/strong> se realizar\u00e1 sin afectar la <strong data-start=\"1941\" data-end=\"1973\">continuidad de los programas<\/strong> ni la <strong data-start=\"1980\" data-end=\"2008\">estabilidad del personal<\/strong>.<\/p>\n<p style=\"text-align: justify;\" data-start=\"2013\" data-end=\"2752\">La <strong data-start=\"2016\" data-end=\"2025\">UPCCA<\/strong> es un <strong data-start=\"2032\" data-end=\"2063\">servicio p\u00fablico y gratuito<\/strong> especializado en la <strong data-start=\"2084\" data-end=\"2109\">promoci\u00f3n de la salud<\/strong> y la <strong data-start=\"2115\" data-end=\"2152\">prevenci\u00f3n de conductas adictivas<\/strong>, tanto de <strong data-start=\"2163\" data-end=\"2177\">sustancias<\/strong> como <strong data-start=\"2183\" data-end=\"2203\">comportamentales<\/strong>. Su labor se centra en la <strong data-start=\"2230\" data-end=\"2253\">atenci\u00f3n individual<\/strong> a <strong data-start=\"2256\" data-end=\"2278\">menores y familias<\/strong>, <strong data-start=\"2280\" data-end=\"2316\">formaci\u00f3n y orientaci\u00f3n familiar<\/strong>, <strong data-start=\"2318\" data-end=\"2348\">apoyo a centros educativos<\/strong> y <strong data-start=\"2351\" data-end=\"2379\">coordinaci\u00f3n comunitaria<\/strong> para promover <strong data-start=\"2394\" data-end=\"2424\">h\u00e1bitos de vida saludables<\/strong>. Entre sus actuaciones destacan <strong data-start=\"2457\" data-end=\"2480\">talleres familiares<\/strong> como la <strong data-start=\"2489\" data-end=\"2512\">Escuela de Familias<\/strong>, <strong data-start=\"2514\" data-end=\"2545\">campa\u00f1as de sensibilizaci\u00f3n<\/strong> en fechas clave, <strong data-start=\"2563\" data-end=\"2599\">programas educativos en colegios<\/strong> y actividades de <strong data-start=\"2617\" data-end=\"2656\">prevenci\u00f3n de adicciones emergentes<\/strong>, como el <strong data-start=\"2666\" data-end=\"2707\">uso responsable de nuevas tecnolog\u00edas<\/strong> o el <strong data-start=\"2713\" data-end=\"2749\">consumo de cigarros electr\u00f3nicos<\/strong>.<\/p>\n","protected":false},"excerpt":{"rendered":"<p>La Unitat de Prevenci\u00f3 Comunit\u00e0ria en Conductes Addictives (UPCCA) de Alcoy se integra en el Departamento de Sanidad del Ayuntamiento,&#8230;<\/p>\n","protected":false},"author":1,"featured_media":159753,"comment_status":"closed","ping_status":"closed","sticky":false,"template":"","format":"standard","meta":{"footnotes":""},"categories":[6909,97,75,79],"tags":[1494,4819,187,185,6879],"class_list":["post-159752","post","type-post","status-publish","format-standard","has-post-thumbnail","hentry","category-actualidad","category-alcoy","category-noticias","category-politicayeconomia","tag-alcoy","tag-dependencias","tag-sede","tag-traslado","tag-upcca"],"yoast_head":"<!-- This site is optimized with the Yoast SEO plugin v27.3 - https:\/\/yoast.com\/product\/yoast-seo-wordpress\/ -->\n<title>La UPCCA se integra en el Departamento de Sanidad y traslada su sede para reforzar la prevenci\u00f3n en Alcoy - COPE Alcoy<\/title>\n<meta name=\"description\" content=\"La UPCCA se integra en el Departamento de Sanidad y traslada su sede para reforzar la prevenci\u00f3n en Alcoy\" \/>\n<meta name=\"robots\" content=\"index, follow, max-snippet:-1, max-image-preview:large, max-video-preview:-1\" \/>\n<link rel=\"canonical\" href=\"https:\/\/www.copealcoy.es\/es\/la-upcca-se-integra-en-el-departamento-de-sanidad-y-traslada-su-sede-para-reforzar-la-prevencion-en-alcoy\/\" \/>\n<meta property=\"og:locale\" content=\"es_ES\" \/>\n<meta property=\"og:type\" content=\"article\" \/>\n<meta property=\"og:title\" content=\"La UPCCA se integra en el Departamento de Sanidad y traslada su sede para reforzar la prevenci\u00f3n en Alcoy - COPE Alcoy\" \/>\n<meta property=\"og:description\" content=\"La UPCCA se integra en el Departamento de Sanidad y traslada su sede para reforzar la prevenci\u00f3n en Alcoy\" \/>\n<meta property=\"og:url\" content=\"https:\/\/www.copealcoy.es\/es\/la-upcca-se-integra-en-el-departamento-de-sanidad-y-traslada-su-sede-para-reforzar-la-prevencion-en-alcoy\/\" \/>\n<meta property=\"og:site_name\" content=\"COPE Alcoy\" \/>\n<meta property=\"article:published_time\" content=\"2025-11-12T10:00:44+00:00\" \/>\n<meta property=\"article:modified_time\" content=\"2025-11-12T12:11:08+00:00\" \/>\n<meta property=\"og:image\" content=\"https:\/\/www.copealcoy.es\/wp-content\/uploads\/2025\/11\/1-10.jpg\" \/>\n\t<meta property=\"og:image:width\" content=\"933\" \/>\n\t<meta property=\"og:image:height\" content=\"700\" \/>\n\t<meta property=\"og:image:type\" content=\"image\/jpeg\" \/>\n<meta name=\"author\" content=\"Cope Alcoy\" \/>\n<meta name=\"twitter:label1\" content=\"Escrito por\" \/>\n\t<meta name=\"twitter:data1\" content=\"Cope Alcoy\" \/>\n\t<meta name=\"twitter:label2\" content=\"Tiempo de lectura\" \/>\n\t<meta name=\"twitter:data2\" content=\"3 minutos\" \/>\n<script type=\"application\/ld+json\" class=\"yoast-schema-graph\">{\"@context\":\"https:\\\/\\\/schema.org\",\"@graph\":[{\"@type\":\"Article\",\"@id\":\"https:\\\/\\\/www.copealcoy.es\\\/es\\\/la-upcca-se-integra-en-el-departamento-de-sanidad-y-traslada-su-sede-para-reforzar-la-prevencion-en-alcoy\\\/#article\",\"isPartOf\":{\"@id\":\"https:\\\/\\\/www.copealcoy.es\\\/es\\\/la-upcca-se-integra-en-el-departamento-de-sanidad-y-traslada-su-sede-para-reforzar-la-prevencion-en-alcoy\\\/\"},\"author\":{\"name\":\"Cope Alcoy\",\"@id\":\"https:\\\/\\\/www.copealcoy.es\\\/es\\\/#\\\/schema\\\/person\\\/e777c87fa024e57d40170af9df39882c\"},\"headline\":\"La UPCCA se integra en el Departamento de Sanidad y traslada su sede para reforzar la prevenci\u00f3n en Alcoy\",\"datePublished\":\"2025-11-12T10:00:44+00:00\",\"dateModified\":\"2025-11-12T12:11:08+00:00\",\"mainEntityOfPage\":{\"@id\":\"https:\\\/\\\/www.copealcoy.es\\\/es\\\/la-upcca-se-integra-en-el-departamento-de-sanidad-y-traslada-su-sede-para-reforzar-la-prevencion-en-alcoy\\\/\"},\"wordCount\":401,\"image\":{\"@id\":\"https:\\\/\\\/www.copealcoy.es\\\/es\\\/la-upcca-se-integra-en-el-departamento-de-sanidad-y-traslada-su-sede-para-reforzar-la-prevencion-en-alcoy\\\/#primaryimage\"},\"thumbnailUrl\":\"https:\\\/\\\/www.copealcoy.es\\\/wp-content\\\/uploads\\\/2025\\\/11\\\/1-10.jpg\",\"keywords\":[\"Alcoy\",\"dependencias\",\"Sede\",\"Traslado\",\"UPCCA\"],\"articleSection\":[\"Actualidad\",\"Alcoy\",\"Noticias\",\"Pol\u00edtica y Econom\u00eda\"],\"inLanguage\":\"es\"},{\"@type\":\"WebPage\",\"@id\":\"https:\\\/\\\/www.copealcoy.es\\\/es\\\/la-upcca-se-integra-en-el-departamento-de-sanidad-y-traslada-su-sede-para-reforzar-la-prevencion-en-alcoy\\\/\",\"url\":\"https:\\\/\\\/www.copealcoy.es\\\/es\\\/la-upcca-se-integra-en-el-departamento-de-sanidad-y-traslada-su-sede-para-reforzar-la-prevencion-en-alcoy\\\/\",\"name\":\"La UPCCA se integra en el Departamento de Sanidad y traslada su sede para reforzar la prevenci\u00f3n en Alcoy - COPE Alcoy\",\"isPartOf\":{\"@id\":\"https:\\\/\\\/www.copealcoy.es\\\/es\\\/#website\"},\"primaryImageOfPage\":{\"@id\":\"https:\\\/\\\/www.copealcoy.es\\\/es\\\/la-upcca-se-integra-en-el-departamento-de-sanidad-y-traslada-su-sede-para-reforzar-la-prevencion-en-alcoy\\\/#primaryimage\"},\"image\":{\"@id\":\"https:\\\/\\\/www.copealcoy.es\\\/es\\\/la-upcca-se-integra-en-el-departamento-de-sanidad-y-traslada-su-sede-para-reforzar-la-prevencion-en-alcoy\\\/#primaryimage\"},\"thumbnailUrl\":\"https:\\\/\\\/www.copealcoy.es\\\/wp-content\\\/uploads\\\/2025\\\/11\\\/1-10.jpg\",\"datePublished\":\"2025-11-12T10:00:44+00:00\",\"dateModified\":\"2025-11-12T12:11:08+00:00\",\"author\":{\"@id\":\"https:\\\/\\\/www.copealcoy.es\\\/es\\\/#\\\/schema\\\/person\\\/e777c87fa024e57d40170af9df39882c\"},\"description\":\"La UPCCA se integra en el Departamento de Sanidad y traslada su sede para reforzar la prevenci\u00f3n en Alcoy\",\"breadcrumb\":{\"@id\":\"https:\\\/\\\/www.copealcoy.es\\\/es\\\/la-upcca-se-integra-en-el-departamento-de-sanidad-y-traslada-su-sede-para-reforzar-la-prevencion-en-alcoy\\\/#breadcrumb\"},\"inLanguage\":\"es\",\"potentialAction\":[{\"@type\":\"ReadAction\",\"target\":[\"https:\\\/\\\/www.copealcoy.es\\\/es\\\/la-upcca-se-integra-en-el-departamento-de-sanidad-y-traslada-su-sede-para-reforzar-la-prevencion-en-alcoy\\\/\"]}]},{\"@type\":\"ImageObject\",\"inLanguage\":\"es\",\"@id\":\"https:\\\/\\\/www.copealcoy.es\\\/es\\\/la-upcca-se-integra-en-el-departamento-de-sanidad-y-traslada-su-sede-para-reforzar-la-prevencion-en-alcoy\\\/#primaryimage\",\"url\":\"https:\\\/\\\/www.copealcoy.es\\\/wp-content\\\/uploads\\\/2025\\\/11\\\/1-10.jpg\",\"contentUrl\":\"https:\\\/\\\/www.copealcoy.es\\\/wp-content\\\/uploads\\\/2025\\\/11\\\/1-10.jpg\",\"width\":933,\"height\":700},{\"@type\":\"BreadcrumbList\",\"@id\":\"https:\\\/\\\/www.copealcoy.es\\\/es\\\/la-upcca-se-integra-en-el-departamento-de-sanidad-y-traslada-su-sede-para-reforzar-la-prevencion-en-alcoy\\\/#breadcrumb\",\"itemListElement\":[{\"@type\":\"ListItem\",\"position\":1,\"name\":\"Portada\",\"item\":\"https:\\\/\\\/www.copealcoy.es\\\/es\\\/\"},{\"@type\":\"ListItem\",\"position\":2,\"name\":\"La UPCCA se integra en el Departamento de Sanidad y traslada su sede para reforzar la prevenci\u00f3n en Alcoy\"}]},{\"@type\":\"WebSite\",\"@id\":\"https:\\\/\\\/www.copealcoy.es\\\/es\\\/#website\",\"url\":\"https:\\\/\\\/www.copealcoy.es\\\/es\\\/\",\"name\":\"COPE Alcoy\",\"description\":\"Emisora COPE de radio local con emisi\u00f3n online. Pont de Sant Jordi 8-10 03803 Alcoy\",\"potentialAction\":[{\"@type\":\"SearchAction\",\"target\":{\"@type\":\"EntryPoint\",\"urlTemplate\":\"https:\\\/\\\/www.copealcoy.es\\\/es\\\/?s={search_term_string}\"},\"query-input\":{\"@type\":\"PropertyValueSpecification\",\"valueRequired\":true,\"valueName\":\"search_term_string\"}}],\"inLanguage\":\"es\"},{\"@type\":\"Person\",\"@id\":\"https:\\\/\\\/www.copealcoy.es\\\/es\\\/#\\\/schema\\\/person\\\/e777c87fa024e57d40170af9df39882c\",\"name\":\"Cope Alcoy\",\"image\":{\"@type\":\"ImageObject\",\"inLanguage\":\"es\",\"@id\":\"https:\\\/\\\/secure.gravatar.com\\\/avatar\\\/bb65d0283347e303893ba14f0692005417c1e0e690a325a4c5d8bb2b3943ee14?s=96&d=mm&r=g\",\"url\":\"https:\\\/\\\/secure.gravatar.com\\\/avatar\\\/bb65d0283347e303893ba14f0692005417c1e0e690a325a4c5d8bb2b3943ee14?s=96&d=mm&r=g\",\"contentUrl\":\"https:\\\/\\\/secure.gravatar.com\\\/avatar\\\/bb65d0283347e303893ba14f0692005417c1e0e690a325a4c5d8bb2b3943ee14?s=96&d=mm&r=g\",\"caption\":\"Cope Alcoy\"}}]}<\/script>\n<!-- \/ Yoast SEO plugin. -->","yoast_head_json":{"title":"La UPCCA se integra en el Departamento de Sanidad y traslada su sede para reforzar la prevenci\u00f3n en Alcoy - COPE Alcoy","description":"La UPCCA se integra en el Departamento de Sanidad y traslada su sede para reforzar la prevenci\u00f3n en Alcoy","robots":{"index":"index","follow":"follow","max-snippet":"max-snippet:-1","max-image-preview":"max-image-preview:large","max-video-preview":"max-video-preview:-1"},"canonical":"https:\/\/www.copealcoy.es\/es\/la-upcca-se-integra-en-el-departamento-de-sanidad-y-traslada-su-sede-para-reforzar-la-prevencion-en-alcoy\/","og_locale":"es_ES","og_type":"article","og_title":"La UPCCA se integra en el Departamento de Sanidad y traslada su sede para reforzar la prevenci\u00f3n en Alcoy - COPE Alcoy","og_description":"La UPCCA se integra en el Departamento de Sanidad y traslada su sede para reforzar la prevenci\u00f3n en Alcoy","og_url":"https:\/\/www.copealcoy.es\/es\/la-upcca-se-integra-en-el-departamento-de-sanidad-y-traslada-su-sede-para-reforzar-la-prevencion-en-alcoy\/","og_site_name":"COPE Alcoy","article_published_time":"2025-11-12T10:00:44+00:00","article_modified_time":"2025-11-12T12:11:08+00:00","og_image":[{"width":933,"height":700,"url":"https:\/\/www.copealcoy.es\/wp-content\/uploads\/2025\/11\/1-10.jpg","type":"image\/jpeg"}],"author":"Cope Alcoy","twitter_misc":{"Escrito por":"Cope Alcoy","Tiempo de lectura":"3 minutos"},"schema":{"@context":"https:\/\/schema.org","@graph":[{"@type":"Article","@id":"https:\/\/www.copealcoy.es\/es\/la-upcca-se-integra-en-el-departamento-de-sanidad-y-traslada-su-sede-para-reforzar-la-prevencion-en-alcoy\/#article","isPartOf":{"@id":"https:\/\/www.copealcoy.es\/es\/la-upcca-se-integra-en-el-departamento-de-sanidad-y-traslada-su-sede-para-reforzar-la-prevencion-en-alcoy\/"},"author":{"name":"Cope Alcoy","@id":"https:\/\/www.copealcoy.es\/es\/#\/schema\/person\/e777c87fa024e57d40170af9df39882c"},"headline":"La UPCCA se integra en el Departamento de Sanidad y traslada su sede para reforzar la prevenci\u00f3n en Alcoy","datePublished":"2025-11-12T10:00:44+00:00","dateModified":"2025-11-12T12:11:08+00:00","mainEntityOfPage":{"@id":"https:\/\/www.copealcoy.es\/es\/la-upcca-se-integra-en-el-departamento-de-sanidad-y-traslada-su-sede-para-reforzar-la-prevencion-en-alcoy\/"},"wordCount":401,"image":{"@id":"https:\/\/www.copealcoy.es\/es\/la-upcca-se-integra-en-el-departamento-de-sanidad-y-traslada-su-sede-para-reforzar-la-prevencion-en-alcoy\/#primaryimage"},"thumbnailUrl":"https:\/\/www.copealcoy.es\/wp-content\/uploads\/2025\/11\/1-10.jpg","keywords":["Alcoy","dependencias","Sede","Traslado","UPCCA"],"articleSection":["Actualidad","Alcoy","Noticias","Pol\u00edtica y Econom\u00eda"],"inLanguage":"es"},{"@type":"WebPage","@id":"https:\/\/www.copealcoy.es\/es\/la-upcca-se-integra-en-el-departamento-de-sanidad-y-traslada-su-sede-para-reforzar-la-prevencion-en-alcoy\/","url":"https:\/\/www.copealcoy.es\/es\/la-upcca-se-integra-en-el-departamento-de-sanidad-y-traslada-su-sede-para-reforzar-la-prevencion-en-alcoy\/","name":"La UPCCA se integra en el Departamento de Sanidad y traslada su sede para reforzar la prevenci\u00f3n en Alcoy - COPE Alcoy","isPartOf":{"@id":"https:\/\/www.copealcoy.es\/es\/#website"},"primaryImageOfPage":{"@id":"https:\/\/www.copealcoy.es\/es\/la-upcca-se-integra-en-el-departamento-de-sanidad-y-traslada-su-sede-para-reforzar-la-prevencion-en-alcoy\/#primaryimage"},"image":{"@id":"https:\/\/www.copealcoy.es\/es\/la-upcca-se-integra-en-el-departamento-de-sanidad-y-traslada-su-sede-para-reforzar-la-prevencion-en-alcoy\/#primaryimage"},"thumbnailUrl":"https:\/\/www.copealcoy.es\/wp-content\/uploads\/2025\/11\/1-10.jpg","datePublished":"2025-11-12T10:00:44+00:00","dateModified":"2025-11-12T12:11:08+00:00","author":{"@id":"https:\/\/www.copealcoy.es\/es\/#\/schema\/person\/e777c87fa024e57d40170af9df39882c"},"description":"La UPCCA se integra en el Departamento de Sanidad y traslada su sede para reforzar la prevenci\u00f3n en Alcoy","breadcrumb":{"@id":"https:\/\/www.copealcoy.es\/es\/la-upcca-se-integra-en-el-departamento-de-sanidad-y-traslada-su-sede-para-reforzar-la-prevencion-en-alcoy\/#breadcrumb"},"inLanguage":"es","potentialAction":[{"@type":"ReadAction","target":["https:\/\/www.copealcoy.es\/es\/la-upcca-se-integra-en-el-departamento-de-sanidad-y-traslada-su-sede-para-reforzar-la-prevencion-en-alcoy\/"]}]},{"@type":"ImageObject","inLanguage":"es","@id":"https:\/\/www.copealcoy.es\/es\/la-upcca-se-integra-en-el-departamento-de-sanidad-y-traslada-su-sede-para-reforzar-la-prevencion-en-alcoy\/#primaryimage","url":"https:\/\/www.copealcoy.es\/wp-content\/uploads\/2025\/11\/1-10.jpg","contentUrl":"https:\/\/www.copealcoy.es\/wp-content\/uploads\/2025\/11\/1-10.jpg","width":933,"height":700},{"@type":"BreadcrumbList","@id":"https:\/\/www.copealcoy.es\/es\/la-upcca-se-integra-en-el-departamento-de-sanidad-y-traslada-su-sede-para-reforzar-la-prevencion-en-alcoy\/#breadcrumb","itemListElement":[{"@type":"ListItem","position":1,"name":"Portada","item":"https:\/\/www.copealcoy.es\/es\/"},{"@type":"ListItem","position":2,"name":"La UPCCA se integra en el Departamento de Sanidad y traslada su sede para reforzar la prevenci\u00f3n en Alcoy"}]},{"@type":"WebSite","@id":"https:\/\/www.copealcoy.es\/es\/#website","url":"https:\/\/www.copealcoy.es\/es\/","name":"COPE Alcoy","description":"Emisora COPE de radio local con emisi\u00f3n online. Pont de Sant Jordi 8-10 03803 Alcoy","potentialAction":[{"@type":"SearchAction","target":{"@type":"EntryPoint","urlTemplate":"https:\/\/www.copealcoy.es\/es\/?s={search_term_string}"},"query-input":{"@type":"PropertyValueSpecification","valueRequired":true,"valueName":"search_term_string"}}],"inLanguage":"es"},{"@type":"Person","@id":"https:\/\/www.copealcoy.es\/es\/#\/schema\/person\/e777c87fa024e57d40170af9df39882c","name":"Cope Alcoy","image":{"@type":"ImageObject","inLanguage":"es","@id":"https:\/\/secure.gravatar.com\/avatar\/bb65d0283347e303893ba14f0692005417c1e0e690a325a4c5d8bb2b3943ee14?s=96&d=mm&r=g","url":"https:\/\/secure.gravatar.com\/avatar\/bb65d0283347e303893ba14f0692005417c1e0e690a325a4c5d8bb2b3943ee14?s=96&d=mm&r=g","contentUrl":"https:\/\/secure.gravatar.com\/avatar\/bb65d0283347e303893ba14f0692005417c1e0e690a325a4c5d8bb2b3943ee14?s=96&d=mm&r=g","caption":"Cope Alcoy"}}]}},"_links":{"self":[{"href":"https:\/\/www.copealcoy.es\/es\/wp-json\/wp\/v2\/posts\/159752","targetHints":{"allow":["GET"]}}],"collection":[{"href":"https:\/\/www.copealcoy.es\/es\/wp-json\/wp\/v2\/posts"}],"about":[{"href":"https:\/\/www.copealcoy.es\/es\/wp-json\/wp\/v2\/types\/post"}],"author":[{"embeddable":true,"href":"https:\/\/www.copealcoy.es\/es\/wp-json\/wp\/v2\/users\/1"}],"replies":[{"embeddable":true,"href":"https:\/\/www.copealcoy.es\/es\/wp-json\/wp\/v2\/comments?post=159752"}],"version-history":[{"count":1,"href":"https:\/\/www.copealcoy.es\/es\/wp-json\/wp\/v2\/posts\/159752\/revisions"}],"predecessor-version":[{"id":159755,"href":"https:\/\/www.copealcoy.es\/es\/wp-json\/wp\/v2\/posts\/159752\/revisions\/159755"}],"wp:featuredmedia":[{"embeddable":true,"href":"https:\/\/www.copealcoy.es\/es\/wp-json\/wp\/v2\/media\/159753"}],"wp:attachment":[{"href":"https:\/\/www.copealcoy.es\/es\/wp-json\/wp\/v2\/media?parent=159752"}],"wp:term":[{"taxonomy":"category","embeddable":true,"href":"https:\/\/www.copealcoy.es\/es\/wp-json\/wp\/v2\/categories?post=159752"},{"taxonomy":"post_tag","embeddable":true,"href":"https:\/\/www.copealcoy.es\/es\/wp-json\/wp\/v2\/tags?post=159752"}],"curies":[{"name":"wp","href":"https:\/\/api.w.org\/{rel}","templated":true}]}}