{"id":15974,"date":"2015-09-24T21:23:43","date_gmt":"2015-09-24T21:23:43","guid":{"rendered":"http:\/\/copealcoi.es\/new\/?p=15974"},"modified":"2015-09-24T21:23:43","modified_gmt":"2015-09-24T21:23:43","slug":"compromis-insta-a-mejorar-las-senales-de-la-ciudad","status":"publish","type":"post","link":"https:\/\/www.copealcoy.es\/es\/compromis-insta-a-mejorar-las-senales-de-la-ciudad\/","title":{"rendered":"Comprom\u00eds insta a mejorar las se\u00f1ales de la ciudad"},"content":{"rendered":"<p style=\"text-align: justify;\">El Grupo Municipal de Comprom\u00eds plantear\u00e1 en el pr\u00f3ximo pleno una moci\u00f3n para que Alcoy ponga en marcha una auditor\u00eda de la se\u00f1alizaci\u00f3n, sobre todo la vertical, teniendo en cuenta criterios como la mejora de la seguridad vial, la movilidad, itinerarios a puntos de inter\u00e9s y la unidad en imagen con relaci\u00f3n al mobiliario urbano de la ciudad. El portavoz de Comprom\u00eds, David Abad, ha recordado que una mala se\u00f1alizaci\u00f3n puede provocar retenciones de tr\u00e1fico &#8220;el exceso de se\u00f1ales tur\u00edsticas, la duplicidad de indicaciones , o se\u00f1ales que env\u00edan a espacios que ya no existen, los \u00e1rboles que dificultan la visibilidad, se\u00f1ales de dudosa legalidad en el c\u00f3digo de circulaci\u00f3n etc. han provocado que no sea nada extra\u00f1o encontrarse con camiones por lugares inexplicables o veh\u00edculos de turistas dando vueltas por ciudad sin encontrar el Museo de Bomberos o el Explora&#8221;, a\u00f1ade.<\/p>\n<p style=\"text-align: justify;\">Por \u00faltimo David Abad destaca que las universidades valencianas cuentan con departamentos y organismos especializados en Seguridad Vial que podr\u00edan desarrollar un plan de mejora de estas se\u00f1alizaciones en Alcoy.<\/p>\n","protected":false},"excerpt":{"rendered":"<p>El Grupo Municipal de Comprom\u00eds plantear\u00e1 en el pr\u00f3ximo pleno una moci\u00f3n para que Alcoy ponga en marcha una auditor\u00eda&#8230;<\/p>\n","protected":false},"author":1,"featured_media":13090,"comment_status":"open","ping_status":"open","sticky":false,"template":"","format":"standard","meta":{"footnotes":""},"categories":[75,79],"tags":[1494,152,581,401],"class_list":["post-15974","post","type-post","status-publish","format-standard","has-post-thumbnail","hentry","category-noticias","category-politicayeconomia","tag-alcoy","tag-compromis","tag-senales","tag-trafico"],"yoast_head":"<!-- This site is optimized with the Yoast SEO plugin v27.3 - https:\/\/yoast.com\/product\/yoast-seo-wordpress\/ -->\n<title>Comprom\u00eds insta a mejorar las se\u00f1ales de la ciudad - COPE Alcoy<\/title>\n<meta name=\"robots\" content=\"index, follow, max-snippet:-1, max-image-preview:large, max-video-preview:-1\" \/>\n<link rel=\"canonical\" href=\"https:\/\/www.copealcoy.es\/es\/compromis-insta-a-mejorar-las-senales-de-la-ciudad\/\" \/>\n<meta property=\"og:locale\" content=\"es_ES\" \/>\n<meta property=\"og:type\" content=\"article\" \/>\n<meta property=\"og:title\" content=\"Comprom\u00eds insta a mejorar las se\u00f1ales de la ciudad - COPE Alcoy\" \/>\n<meta property=\"og:description\" content=\"El Grupo Municipal de Comprom\u00eds plantear\u00e1 en el pr\u00f3ximo pleno una moci\u00f3n para que Alcoy ponga en marcha una auditor\u00eda...\" \/>\n<meta property=\"og:url\" content=\"https:\/\/www.copealcoy.es\/es\/compromis-insta-a-mejorar-las-senales-de-la-ciudad\/\" \/>\n<meta property=\"og:site_name\" content=\"COPE Alcoy\" \/>\n<meta property=\"article:published_time\" content=\"2015-09-24T21:23:43+00:00\" \/>\n<meta property=\"og:image\" content=\"https:\/\/www.copealcoy.es\/wp-content\/uploads\/2015\/05\/IMG-20150514-WA0005.jpg\" \/>\n\t<meta property=\"og:image:width\" content=\"1280\" \/>\n\t<meta property=\"og:image:height\" content=\"719\" \/>\n\t<meta property=\"og:image:type\" content=\"image\/jpeg\" \/>\n<meta name=\"author\" content=\"Cope Alcoy\" \/>\n<meta name=\"twitter:label1\" content=\"Escrito por\" \/>\n\t<meta name=\"twitter:data1\" content=\"Cope Alcoy\" \/>\n\t<meta name=\"twitter:label2\" content=\"Tiempo de lectura\" \/>\n\t<meta name=\"twitter:data2\" content=\"1 minuto\" \/>\n<script type=\"application\/ld+json\" class=\"yoast-schema-graph\">{\"@context\":\"https:\\\/\\\/schema.org\",\"@graph\":[{\"@type\":\"Article\",\"@id\":\"https:\\\/\\\/www.copealcoy.es\\\/es\\\/compromis-insta-a-mejorar-las-senales-de-la-ciudad\\\/#article\",\"isPartOf\":{\"@id\":\"https:\\\/\\\/www.copealcoy.es\\\/es\\\/compromis-insta-a-mejorar-las-senales-de-la-ciudad\\\/\"},\"author\":{\"name\":\"Cope Alcoy\",\"@id\":\"https:\\\/\\\/www.copealcoy.es\\\/es\\\/#\\\/schema\\\/person\\\/e777c87fa024e57d40170af9df39882c\"},\"headline\":\"Comprom\u00eds insta a mejorar las se\u00f1ales de la ciudad\",\"datePublished\":\"2015-09-24T21:23:43+00:00\",\"mainEntityOfPage\":{\"@id\":\"https:\\\/\\\/www.copealcoy.es\\\/es\\\/compromis-insta-a-mejorar-las-senales-de-la-ciudad\\\/\"},\"wordCount\":206,\"commentCount\":0,\"image\":{\"@id\":\"https:\\\/\\\/www.copealcoy.es\\\/es\\\/compromis-insta-a-mejorar-las-senales-de-la-ciudad\\\/#primaryimage\"},\"thumbnailUrl\":\"https:\\\/\\\/www.copealcoy.es\\\/wp-content\\\/uploads\\\/2015\\\/05\\\/IMG-20150514-WA0005.jpg\",\"keywords\":[\"Alcoy\",\"Comprom\u00eds\",\"Se\u00f1ales\",\"Tr\u00e1fico\"],\"articleSection\":[\"Noticias\",\"Pol\u00edtica y Econom\u00eda\"],\"inLanguage\":\"es\"},{\"@type\":\"WebPage\",\"@id\":\"https:\\\/\\\/www.copealcoy.es\\\/es\\\/compromis-insta-a-mejorar-las-senales-de-la-ciudad\\\/\",\"url\":\"https:\\\/\\\/www.copealcoy.es\\\/es\\\/compromis-insta-a-mejorar-las-senales-de-la-ciudad\\\/\",\"name\":\"Comprom\u00eds insta a mejorar las se\u00f1ales de la ciudad - COPE Alcoy\",\"isPartOf\":{\"@id\":\"https:\\\/\\\/www.copealcoy.es\\\/es\\\/#website\"},\"primaryImageOfPage\":{\"@id\":\"https:\\\/\\\/www.copealcoy.es\\\/es\\\/compromis-insta-a-mejorar-las-senales-de-la-ciudad\\\/#primaryimage\"},\"image\":{\"@id\":\"https:\\\/\\\/www.copealcoy.es\\\/es\\\/compromis-insta-a-mejorar-las-senales-de-la-ciudad\\\/#primaryimage\"},\"thumbnailUrl\":\"https:\\\/\\\/www.copealcoy.es\\\/wp-content\\\/uploads\\\/2015\\\/05\\\/IMG-20150514-WA0005.jpg\",\"datePublished\":\"2015-09-24T21:23:43+00:00\",\"author\":{\"@id\":\"https:\\\/\\\/www.copealcoy.es\\\/es\\\/#\\\/schema\\\/person\\\/e777c87fa024e57d40170af9df39882c\"},\"breadcrumb\":{\"@id\":\"https:\\\/\\\/www.copealcoy.es\\\/es\\\/compromis-insta-a-mejorar-las-senales-de-la-ciudad\\\/#breadcrumb\"},\"inLanguage\":\"es\",\"potentialAction\":[{\"@type\":\"ReadAction\",\"target\":[\"https:\\\/\\\/www.copealcoy.es\\\/es\\\/compromis-insta-a-mejorar-las-senales-de-la-ciudad\\\/\"]}]},{\"@type\":\"ImageObject\",\"inLanguage\":\"es\",\"@id\":\"https:\\\/\\\/www.copealcoy.es\\\/es\\\/compromis-insta-a-mejorar-las-senales-de-la-ciudad\\\/#primaryimage\",\"url\":\"https:\\\/\\\/www.copealcoy.es\\\/wp-content\\\/uploads\\\/2015\\\/05\\\/IMG-20150514-WA0005.jpg\",\"contentUrl\":\"https:\\\/\\\/www.copealcoy.es\\\/wp-content\\\/uploads\\\/2015\\\/05\\\/IMG-20150514-WA0005.jpg\",\"width\":1280,\"height\":719,\"caption\":\"David Abad, portavoz de Comprom\u00eds, durante una rueda de prensa\"},{\"@type\":\"BreadcrumbList\",\"@id\":\"https:\\\/\\\/www.copealcoy.es\\\/es\\\/compromis-insta-a-mejorar-las-senales-de-la-ciudad\\\/#breadcrumb\",\"itemListElement\":[{\"@type\":\"ListItem\",\"position\":1,\"name\":\"Portada\",\"item\":\"https:\\\/\\\/www.copealcoy.es\\\/es\\\/\"},{\"@type\":\"ListItem\",\"position\":2,\"name\":\"Comprom\u00eds insta a mejorar las se\u00f1ales de la ciudad\"}]},{\"@type\":\"WebSite\",\"@id\":\"https:\\\/\\\/www.copealcoy.es\\\/es\\\/#website\",\"url\":\"https:\\\/\\\/www.copealcoy.es\\\/es\\\/\",\"name\":\"COPE Alcoy\",\"description\":\"Emisora COPE de radio local con emisi\u00f3n online. Pont de Sant Jordi 8-10 03803 Alcoy\",\"potentialAction\":[{\"@type\":\"SearchAction\",\"target\":{\"@type\":\"EntryPoint\",\"urlTemplate\":\"https:\\\/\\\/www.copealcoy.es\\\/es\\\/?s={search_term_string}\"},\"query-input\":{\"@type\":\"PropertyValueSpecification\",\"valueRequired\":true,\"valueName\":\"search_term_string\"}}],\"inLanguage\":\"es\"},{\"@type\":\"Person\",\"@id\":\"https:\\\/\\\/www.copealcoy.es\\\/es\\\/#\\\/schema\\\/person\\\/e777c87fa024e57d40170af9df39882c\",\"name\":\"Cope Alcoy\",\"image\":{\"@type\":\"ImageObject\",\"inLanguage\":\"es\",\"@id\":\"https:\\\/\\\/secure.gravatar.com\\\/avatar\\\/bb65d0283347e303893ba14f0692005417c1e0e690a325a4c5d8bb2b3943ee14?s=96&d=mm&r=g\",\"url\":\"https:\\\/\\\/secure.gravatar.com\\\/avatar\\\/bb65d0283347e303893ba14f0692005417c1e0e690a325a4c5d8bb2b3943ee14?s=96&d=mm&r=g\",\"contentUrl\":\"https:\\\/\\\/secure.gravatar.com\\\/avatar\\\/bb65d0283347e303893ba14f0692005417c1e0e690a325a4c5d8bb2b3943ee14?s=96&d=mm&r=g\",\"caption\":\"Cope Alcoy\"}}]}<\/script>\n<!-- \/ Yoast SEO plugin. -->","yoast_head_json":{"title":"Comprom\u00eds insta a mejorar las se\u00f1ales de la ciudad - COPE Alcoy","robots":{"index":"index","follow":"follow","max-snippet":"max-snippet:-1","max-image-preview":"max-image-preview:large","max-video-preview":"max-video-preview:-1"},"canonical":"https:\/\/www.copealcoy.es\/es\/compromis-insta-a-mejorar-las-senales-de-la-ciudad\/","og_locale":"es_ES","og_type":"article","og_title":"Comprom\u00eds insta a mejorar las se\u00f1ales de la ciudad - COPE Alcoy","og_description":"El Grupo Municipal de Comprom\u00eds plantear\u00e1 en el pr\u00f3ximo pleno una moci\u00f3n para que Alcoy ponga en marcha una auditor\u00eda...","og_url":"https:\/\/www.copealcoy.es\/es\/compromis-insta-a-mejorar-las-senales-de-la-ciudad\/","og_site_name":"COPE Alcoy","article_published_time":"2015-09-24T21:23:43+00:00","og_image":[{"width":1280,"height":719,"url":"https:\/\/www.copealcoy.es\/wp-content\/uploads\/2015\/05\/IMG-20150514-WA0005.jpg","type":"image\/jpeg"}],"author":"Cope Alcoy","twitter_misc":{"Escrito por":"Cope Alcoy","Tiempo de lectura":"1 minuto"},"schema":{"@context":"https:\/\/schema.org","@graph":[{"@type":"Article","@id":"https:\/\/www.copealcoy.es\/es\/compromis-insta-a-mejorar-las-senales-de-la-ciudad\/#article","isPartOf":{"@id":"https:\/\/www.copealcoy.es\/es\/compromis-insta-a-mejorar-las-senales-de-la-ciudad\/"},"author":{"name":"Cope Alcoy","@id":"https:\/\/www.copealcoy.es\/es\/#\/schema\/person\/e777c87fa024e57d40170af9df39882c"},"headline":"Comprom\u00eds insta a mejorar las se\u00f1ales de la ciudad","datePublished":"2015-09-24T21:23:43+00:00","mainEntityOfPage":{"@id":"https:\/\/www.copealcoy.es\/es\/compromis-insta-a-mejorar-las-senales-de-la-ciudad\/"},"wordCount":206,"commentCount":0,"image":{"@id":"https:\/\/www.copealcoy.es\/es\/compromis-insta-a-mejorar-las-senales-de-la-ciudad\/#primaryimage"},"thumbnailUrl":"https:\/\/www.copealcoy.es\/wp-content\/uploads\/2015\/05\/IMG-20150514-WA0005.jpg","keywords":["Alcoy","Comprom\u00eds","Se\u00f1ales","Tr\u00e1fico"],"articleSection":["Noticias","Pol\u00edtica y Econom\u00eda"],"inLanguage":"es"},{"@type":"WebPage","@id":"https:\/\/www.copealcoy.es\/es\/compromis-insta-a-mejorar-las-senales-de-la-ciudad\/","url":"https:\/\/www.copealcoy.es\/es\/compromis-insta-a-mejorar-las-senales-de-la-ciudad\/","name":"Comprom\u00eds insta a mejorar las se\u00f1ales de la ciudad - COPE Alcoy","isPartOf":{"@id":"https:\/\/www.copealcoy.es\/es\/#website"},"primaryImageOfPage":{"@id":"https:\/\/www.copealcoy.es\/es\/compromis-insta-a-mejorar-las-senales-de-la-ciudad\/#primaryimage"},"image":{"@id":"https:\/\/www.copealcoy.es\/es\/compromis-insta-a-mejorar-las-senales-de-la-ciudad\/#primaryimage"},"thumbnailUrl":"https:\/\/www.copealcoy.es\/wp-content\/uploads\/2015\/05\/IMG-20150514-WA0005.jpg","datePublished":"2015-09-24T21:23:43+00:00","author":{"@id":"https:\/\/www.copealcoy.es\/es\/#\/schema\/person\/e777c87fa024e57d40170af9df39882c"},"breadcrumb":{"@id":"https:\/\/www.copealcoy.es\/es\/compromis-insta-a-mejorar-las-senales-de-la-ciudad\/#breadcrumb"},"inLanguage":"es","potentialAction":[{"@type":"ReadAction","target":["https:\/\/www.copealcoy.es\/es\/compromis-insta-a-mejorar-las-senales-de-la-ciudad\/"]}]},{"@type":"ImageObject","inLanguage":"es","@id":"https:\/\/www.copealcoy.es\/es\/compromis-insta-a-mejorar-las-senales-de-la-ciudad\/#primaryimage","url":"https:\/\/www.copealcoy.es\/wp-content\/uploads\/2015\/05\/IMG-20150514-WA0005.jpg","contentUrl":"https:\/\/www.copealcoy.es\/wp-content\/uploads\/2015\/05\/IMG-20150514-WA0005.jpg","width":1280,"height":719,"caption":"David Abad, portavoz de Comprom\u00eds, durante una rueda de prensa"},{"@type":"BreadcrumbList","@id":"https:\/\/www.copealcoy.es\/es\/compromis-insta-a-mejorar-las-senales-de-la-ciudad\/#breadcrumb","itemListElement":[{"@type":"ListItem","position":1,"name":"Portada","item":"https:\/\/www.copealcoy.es\/es\/"},{"@type":"ListItem","position":2,"name":"Comprom\u00eds insta a mejorar las se\u00f1ales de la ciudad"}]},{"@type":"WebSite","@id":"https:\/\/www.copealcoy.es\/es\/#website","url":"https:\/\/www.copealcoy.es\/es\/","name":"COPE Alcoy","description":"Emisora COPE de radio local con emisi\u00f3n online. Pont de Sant Jordi 8-10 03803 Alcoy","potentialAction":[{"@type":"SearchAction","target":{"@type":"EntryPoint","urlTemplate":"https:\/\/www.copealcoy.es\/es\/?s={search_term_string}"},"query-input":{"@type":"PropertyValueSpecification","valueRequired":true,"valueName":"search_term_string"}}],"inLanguage":"es"},{"@type":"Person","@id":"https:\/\/www.copealcoy.es\/es\/#\/schema\/person\/e777c87fa024e57d40170af9df39882c","name":"Cope Alcoy","image":{"@type":"ImageObject","inLanguage":"es","@id":"https:\/\/secure.gravatar.com\/avatar\/bb65d0283347e303893ba14f0692005417c1e0e690a325a4c5d8bb2b3943ee14?s=96&d=mm&r=g","url":"https:\/\/secure.gravatar.com\/avatar\/bb65d0283347e303893ba14f0692005417c1e0e690a325a4c5d8bb2b3943ee14?s=96&d=mm&r=g","contentUrl":"https:\/\/secure.gravatar.com\/avatar\/bb65d0283347e303893ba14f0692005417c1e0e690a325a4c5d8bb2b3943ee14?s=96&d=mm&r=g","caption":"Cope Alcoy"}}]}},"_links":{"self":[{"href":"https:\/\/www.copealcoy.es\/es\/wp-json\/wp\/v2\/posts\/15974","targetHints":{"allow":["GET"]}}],"collection":[{"href":"https:\/\/www.copealcoy.es\/es\/wp-json\/wp\/v2\/posts"}],"about":[{"href":"https:\/\/www.copealcoy.es\/es\/wp-json\/wp\/v2\/types\/post"}],"author":[{"embeddable":true,"href":"https:\/\/www.copealcoy.es\/es\/wp-json\/wp\/v2\/users\/1"}],"replies":[{"embeddable":true,"href":"https:\/\/www.copealcoy.es\/es\/wp-json\/wp\/v2\/comments?post=15974"}],"version-history":[{"count":0,"href":"https:\/\/www.copealcoy.es\/es\/wp-json\/wp\/v2\/posts\/15974\/revisions"}],"wp:featuredmedia":[{"embeddable":true,"href":"https:\/\/www.copealcoy.es\/es\/wp-json\/wp\/v2\/media\/13090"}],"wp:attachment":[{"href":"https:\/\/www.copealcoy.es\/es\/wp-json\/wp\/v2\/media?parent=15974"}],"wp:term":[{"taxonomy":"category","embeddable":true,"href":"https:\/\/www.copealcoy.es\/es\/wp-json\/wp\/v2\/categories?post=15974"},{"taxonomy":"post_tag","embeddable":true,"href":"https:\/\/www.copealcoy.es\/es\/wp-json\/wp\/v2\/tags?post=15974"}],"curies":[{"name":"wp","href":"https:\/\/api.w.org\/{rel}","templated":true}]}}