{"id":159692,"date":"2025-11-10T09:45:07","date_gmt":"2025-11-10T08:45:07","guid":{"rendered":"https:\/\/www.copealcoy.es\/?p=159692"},"modified":"2025-11-09T12:45:09","modified_gmt":"2025-11-09T11:45:09","slug":"la-universidad-senior-del-campus-de-alcoy-de-la-upv-cumple-25-anos","status":"publish","type":"post","link":"https:\/\/www.copealcoy.es\/es\/la-universidad-senior-del-campus-de-alcoy-de-la-upv-cumple-25-anos\/","title":{"rendered":"La Universidad S\u00e9nior del Campus de Alcoy de la UPV cumple 25 a\u00f1os"},"content":{"rendered":"<p style=\"text-align: justify;\" data-start=\"225\" data-end=\"602\">El <a href=\"https:\/\/www.upv.es\/entidades\/epsa\/\" target=\"_blank\" rel=\"noopener\"><span style=\"color: #0000ff;\"><strong data-start=\"247\" data-end=\"314\">Campus de Alcoy de la Universitat Polit\u00e8cnica de Val\u00e8ncia (UPV)<\/strong> <\/span><\/a>ha inaugurado recientemente el curso 2025-2026 de la <strong data-start=\"349\" data-end=\"371\">Universidad S\u00e9nior<\/strong>, coincidiendo con el <strong data-start=\"393\" data-end=\"412\">25\u00ba aniversario<\/strong> de su creaci\u00f3n. Este programa, dirigido a personas mayores, se ha consolidado como un espacio de aprendizaje, cultura y convivencia, demostrando que nunca es tarde para seguir form\u00e1ndose.<\/p>\n<p style=\"text-align: justify;\" data-start=\"604\" data-end=\"873\">El acto, celebrado en el <strong data-start=\"629\" data-end=\"672\">Sal\u00f3n de Actos de la Escuela Industrial<\/strong>, reuni\u00f3 a parte de los <strong data-start=\"696\" data-end=\"728\">260 estudiantes matriculados<\/strong>, cifra superior a la del curso anterior, lo que refleja el creciente inter\u00e9s de la ciudadan\u00eda por la educaci\u00f3n en todas las etapas de la vida. La ceremonia estuvo presidida por la <strong data-start=\"912\" data-end=\"1006\">vicerrectora de Arte, Ciencia, Tecnolog\u00eda y Sociedad de la UPV, Mar\u00eda Salom\u00e9 Cuesta Valera<\/strong>, acompa\u00f1ada por el <strong data-start=\"1026\" data-end=\"1092\">concejal de Educaci\u00f3n del Ayuntamiento de Alcoy, Alberto Belda<\/strong>, y el <strong data-start=\"1099\" data-end=\"1145\">director del Campus de Alcoy, Pau Bernabeu<\/strong>.<\/p>\n<p style=\"text-align: justify;\" data-start=\"1150\" data-end=\"1456\">El <strong data-start=\"1153\" data-end=\"1179\">Coro S\u00e9nior del Campus<\/strong> abri\u00f3 el acto con la interpretaci\u00f3n de <em data-start=\"1219\" data-end=\"1233\">Il Fortunato<\/em> de Gastoldi, aportando un tono solemne y emotivo. Posteriormente, <strong data-start=\"1300\" data-end=\"1313\">Ana Mu\u00f1oz<\/strong>, responsable de la Universidad Senior, present\u00f3 un v\u00eddeo sobre la evoluci\u00f3n del programa y el entusiasmo del alumnado durante estos 25 a\u00f1os.<\/p>\n<p data-start=\"1458\" data-end=\"1491\"><span style=\"color: #0000ff;\"><strong data-start=\"1458\" data-end=\"1489\">Reconocimientos y homenajes<\/strong><\/span><\/p>\n<p style=\"text-align: justify;\" data-start=\"1493\" data-end=\"1761\">Durante el evento, se rindi\u00f3 homenaje a los responsables hist\u00f3ricos de la Universidad Senior en Alcoy: <strong data-start=\"1596\" data-end=\"1701\">Georgina Blanes, Jordi Segura, Rosa Vercher, Luc\u00eda Agud, Carlos Sastre, Jos\u00e9 M\u00aa Gadea e Isaac Montava<\/strong>. Rosa Vercher intervino en representaci\u00f3n de todos ellos. Asimismo, se reconoci\u00f3 la trayectoria de alumnas mayores de <strong data-start=\"1823\" data-end=\"1834\">85 a\u00f1os<\/strong> con m\u00e1s de una d\u00e9cada de participaci\u00f3n, a quienes se les entreg\u00f3 un ramo de flores. <strong data-start=\"1919\" data-end=\"1951\">Mar\u00eda del Pilar Sim\u00f3 Pascual<\/strong> dedic\u00f3 unas emotivas palabras al p\u00fablico en representaci\u00f3n de ellas.<\/p>\n<p data-start=\"2024\" data-end=\"2070\"><span style=\"color: #0000ff;\"><strong data-start=\"2024\" data-end=\"2068\">Lecci\u00f3n inaugural y cierre institucional<\/strong><\/span><\/p>\n<p style=\"text-align: justify;\" data-start=\"2072\" data-end=\"2436\">La lecci\u00f3n inaugural corri\u00f3 a cargo de <strong data-start=\"2111\" data-end=\"2137\">Gabriel Guillem Garc\u00eda<\/strong>, bajo el t\u00edtulo: \u201c<em data-start=\"2156\" data-end=\"2256\">De la fusta al ferro. El patrimoni de la manufactura i la ind\u00fastria t\u00e8xtil en l\u2019Alcoi\u00e0 i el Comtat<\/em>\u201d, donde destac\u00f3 la labor divulgativa de <strong data-start=\"2297\" data-end=\"2312\">Josep Juli\u00e0<\/strong> en la cultura textil tradicional. Tambi\u00e9n se reconoci\u00f3 la dedicaci\u00f3n de <strong data-start=\"2385\" data-end=\"2406\">Inmaculada Catal\u00e1<\/strong> con un detalle en su honor. El acto concluy\u00f3 con las intervenciones de <strong data-start=\"2481\" data-end=\"2497\">Pau Bernabeu<\/strong> y <strong data-start=\"2500\" data-end=\"2517\">Alberto Belda<\/strong>, quienes resaltaron el valor social y educativo de la Universidad Senior como espacio de encuentro y cohesi\u00f3n comunitaria. La ceremonia finaliz\u00f3 con las palabras de clausura de la vicerrectora y la interpretaci\u00f3n del tradicional <em data-start=\"2747\" data-end=\"2765\">Gaudeamus igitur<\/em> por el Coro S\u00e9nior, en un ambiente de emoci\u00f3n y celebraci\u00f3n.<\/p>\n","protected":false},"excerpt":{"rendered":"<p>El Campus de Alcoy de la Universitat Polit\u00e8cnica de Val\u00e8ncia (UPV) ha inaugurado recientemente el curso 2025-2026 de la Universidad&#8230;<\/p>\n","protected":false},"author":1,"featured_media":159693,"comment_status":"closed","ping_status":"closed","sticky":false,"template":"","format":"standard","meta":{"footnotes":""},"categories":[6909,97,5374,900,75],"tags":[1494,1560,10805,6689],"class_list":["post-159692","post","type-post","status-publish","format-standard","has-post-thumbnail","hentry","category-actualidad","category-alcoy","category-campus-de-alcoy","category-educacion","category-noticias","tag-alcoy","tag-campus-upv","tag-inicio-de-curso","tag-universidad-senior"],"yoast_head":"<!-- This site is optimized with the Yoast SEO plugin v27.3 - https:\/\/yoast.com\/product\/yoast-seo-wordpress\/ -->\n<title>La Universidad S\u00e9nior del Campus de Alcoy de la UPV cumple 25 a\u00f1os - COPE Alcoy<\/title>\n<meta name=\"description\" content=\"La Universidad S\u00e9nior del Campus de Alcoy de la UPV cumple 25 a\u00f1os\" \/>\n<meta name=\"robots\" content=\"index, follow, max-snippet:-1, max-image-preview:large, max-video-preview:-1\" \/>\n<link rel=\"canonical\" href=\"https:\/\/www.copealcoy.es\/es\/la-universidad-senior-del-campus-de-alcoy-de-la-upv-cumple-25-anos\/\" \/>\n<meta property=\"og:locale\" content=\"es_ES\" \/>\n<meta property=\"og:type\" content=\"article\" \/>\n<meta property=\"og:title\" content=\"La Universidad S\u00e9nior del Campus de Alcoy de la UPV cumple 25 a\u00f1os - COPE Alcoy\" \/>\n<meta property=\"og:description\" content=\"La Universidad S\u00e9nior del Campus de Alcoy de la UPV cumple 25 a\u00f1os\" \/>\n<meta property=\"og:url\" content=\"https:\/\/www.copealcoy.es\/es\/la-universidad-senior-del-campus-de-alcoy-de-la-upv-cumple-25-anos\/\" \/>\n<meta property=\"og:site_name\" content=\"COPE Alcoy\" \/>\n<meta property=\"article:published_time\" content=\"2025-11-10T08:45:07+00:00\" \/>\n<meta property=\"og:image\" content=\"https:\/\/www.copealcoy.es\/wp-content\/uploads\/2025\/11\/Autoritats-scaled.jpg\" \/>\n\t<meta property=\"og:image:width\" content=\"2560\" \/>\n\t<meta property=\"og:image:height\" content=\"1239\" \/>\n\t<meta property=\"og:image:type\" content=\"image\/jpeg\" \/>\n<meta name=\"author\" content=\"Cope Alcoy\" \/>\n<meta name=\"twitter:label1\" content=\"Escrito por\" \/>\n\t<meta name=\"twitter:data1\" content=\"Cope Alcoy\" \/>\n\t<meta name=\"twitter:label2\" content=\"Tiempo de lectura\" \/>\n\t<meta name=\"twitter:data2\" content=\"3 minutos\" \/>\n<script type=\"application\/ld+json\" class=\"yoast-schema-graph\">{\"@context\":\"https:\\\/\\\/schema.org\",\"@graph\":[{\"@type\":\"Article\",\"@id\":\"https:\\\/\\\/www.copealcoy.es\\\/es\\\/la-universidad-senior-del-campus-de-alcoy-de-la-upv-cumple-25-anos\\\/#article\",\"isPartOf\":{\"@id\":\"https:\\\/\\\/www.copealcoy.es\\\/es\\\/la-universidad-senior-del-campus-de-alcoy-de-la-upv-cumple-25-anos\\\/\"},\"author\":{\"name\":\"Cope Alcoy\",\"@id\":\"https:\\\/\\\/www.copealcoy.es\\\/es\\\/#\\\/schema\\\/person\\\/e777c87fa024e57d40170af9df39882c\"},\"headline\":\"La Universidad S\u00e9nior del Campus de Alcoy de la UPV cumple 25 a\u00f1os\",\"datePublished\":\"2025-11-10T08:45:07+00:00\",\"mainEntityOfPage\":{\"@id\":\"https:\\\/\\\/www.copealcoy.es\\\/es\\\/la-universidad-senior-del-campus-de-alcoy-de-la-upv-cumple-25-anos\\\/\"},\"wordCount\":449,\"image\":{\"@id\":\"https:\\\/\\\/www.copealcoy.es\\\/es\\\/la-universidad-senior-del-campus-de-alcoy-de-la-upv-cumple-25-anos\\\/#primaryimage\"},\"thumbnailUrl\":\"https:\\\/\\\/www.copealcoy.es\\\/wp-content\\\/uploads\\\/2025\\\/11\\\/Autoritats-scaled.jpg\",\"keywords\":[\"Alcoy\",\"Campus UPV\",\"inicio de curso\",\"Universidad S\u00e9nior\"],\"articleSection\":[\"Actualidad\",\"Alcoy\",\"Campus de Alcoy\",\"Educaci\u00f3n\",\"Noticias\"],\"inLanguage\":\"es\"},{\"@type\":\"WebPage\",\"@id\":\"https:\\\/\\\/www.copealcoy.es\\\/es\\\/la-universidad-senior-del-campus-de-alcoy-de-la-upv-cumple-25-anos\\\/\",\"url\":\"https:\\\/\\\/www.copealcoy.es\\\/es\\\/la-universidad-senior-del-campus-de-alcoy-de-la-upv-cumple-25-anos\\\/\",\"name\":\"La Universidad S\u00e9nior del Campus de Alcoy de la UPV cumple 25 a\u00f1os - COPE Alcoy\",\"isPartOf\":{\"@id\":\"https:\\\/\\\/www.copealcoy.es\\\/es\\\/#website\"},\"primaryImageOfPage\":{\"@id\":\"https:\\\/\\\/www.copealcoy.es\\\/es\\\/la-universidad-senior-del-campus-de-alcoy-de-la-upv-cumple-25-anos\\\/#primaryimage\"},\"image\":{\"@id\":\"https:\\\/\\\/www.copealcoy.es\\\/es\\\/la-universidad-senior-del-campus-de-alcoy-de-la-upv-cumple-25-anos\\\/#primaryimage\"},\"thumbnailUrl\":\"https:\\\/\\\/www.copealcoy.es\\\/wp-content\\\/uploads\\\/2025\\\/11\\\/Autoritats-scaled.jpg\",\"datePublished\":\"2025-11-10T08:45:07+00:00\",\"author\":{\"@id\":\"https:\\\/\\\/www.copealcoy.es\\\/es\\\/#\\\/schema\\\/person\\\/e777c87fa024e57d40170af9df39882c\"},\"description\":\"La Universidad S\u00e9nior del Campus de Alcoy de la UPV cumple 25 a\u00f1os\",\"breadcrumb\":{\"@id\":\"https:\\\/\\\/www.copealcoy.es\\\/es\\\/la-universidad-senior-del-campus-de-alcoy-de-la-upv-cumple-25-anos\\\/#breadcrumb\"},\"inLanguage\":\"es\",\"potentialAction\":[{\"@type\":\"ReadAction\",\"target\":[\"https:\\\/\\\/www.copealcoy.es\\\/es\\\/la-universidad-senior-del-campus-de-alcoy-de-la-upv-cumple-25-anos\\\/\"]}]},{\"@type\":\"ImageObject\",\"inLanguage\":\"es\",\"@id\":\"https:\\\/\\\/www.copealcoy.es\\\/es\\\/la-universidad-senior-del-campus-de-alcoy-de-la-upv-cumple-25-anos\\\/#primaryimage\",\"url\":\"https:\\\/\\\/www.copealcoy.es\\\/wp-content\\\/uploads\\\/2025\\\/11\\\/Autoritats-scaled.jpg\",\"contentUrl\":\"https:\\\/\\\/www.copealcoy.es\\\/wp-content\\\/uploads\\\/2025\\\/11\\\/Autoritats-scaled.jpg\",\"width\":2560,\"height\":1239},{\"@type\":\"BreadcrumbList\",\"@id\":\"https:\\\/\\\/www.copealcoy.es\\\/es\\\/la-universidad-senior-del-campus-de-alcoy-de-la-upv-cumple-25-anos\\\/#breadcrumb\",\"itemListElement\":[{\"@type\":\"ListItem\",\"position\":1,\"name\":\"Portada\",\"item\":\"https:\\\/\\\/www.copealcoy.es\\\/es\\\/\"},{\"@type\":\"ListItem\",\"position\":2,\"name\":\"La Universidad S\u00e9nior del Campus de Alcoy de la UPV cumple 25 a\u00f1os\"}]},{\"@type\":\"WebSite\",\"@id\":\"https:\\\/\\\/www.copealcoy.es\\\/es\\\/#website\",\"url\":\"https:\\\/\\\/www.copealcoy.es\\\/es\\\/\",\"name\":\"COPE Alcoy\",\"description\":\"Emisora COPE de radio local con emisi\u00f3n online. Pont de Sant Jordi 8-10 03803 Alcoy\",\"potentialAction\":[{\"@type\":\"SearchAction\",\"target\":{\"@type\":\"EntryPoint\",\"urlTemplate\":\"https:\\\/\\\/www.copealcoy.es\\\/es\\\/?s={search_term_string}\"},\"query-input\":{\"@type\":\"PropertyValueSpecification\",\"valueRequired\":true,\"valueName\":\"search_term_string\"}}],\"inLanguage\":\"es\"},{\"@type\":\"Person\",\"@id\":\"https:\\\/\\\/www.copealcoy.es\\\/es\\\/#\\\/schema\\\/person\\\/e777c87fa024e57d40170af9df39882c\",\"name\":\"Cope Alcoy\",\"image\":{\"@type\":\"ImageObject\",\"inLanguage\":\"es\",\"@id\":\"https:\\\/\\\/secure.gravatar.com\\\/avatar\\\/bb65d0283347e303893ba14f0692005417c1e0e690a325a4c5d8bb2b3943ee14?s=96&d=mm&r=g\",\"url\":\"https:\\\/\\\/secure.gravatar.com\\\/avatar\\\/bb65d0283347e303893ba14f0692005417c1e0e690a325a4c5d8bb2b3943ee14?s=96&d=mm&r=g\",\"contentUrl\":\"https:\\\/\\\/secure.gravatar.com\\\/avatar\\\/bb65d0283347e303893ba14f0692005417c1e0e690a325a4c5d8bb2b3943ee14?s=96&d=mm&r=g\",\"caption\":\"Cope Alcoy\"}}]}<\/script>\n<!-- \/ Yoast SEO plugin. -->","yoast_head_json":{"title":"La Universidad S\u00e9nior del Campus de Alcoy de la UPV cumple 25 a\u00f1os - COPE Alcoy","description":"La Universidad S\u00e9nior del Campus de Alcoy de la UPV cumple 25 a\u00f1os","robots":{"index":"index","follow":"follow","max-snippet":"max-snippet:-1","max-image-preview":"max-image-preview:large","max-video-preview":"max-video-preview:-1"},"canonical":"https:\/\/www.copealcoy.es\/es\/la-universidad-senior-del-campus-de-alcoy-de-la-upv-cumple-25-anos\/","og_locale":"es_ES","og_type":"article","og_title":"La Universidad S\u00e9nior del Campus de Alcoy de la UPV cumple 25 a\u00f1os - COPE Alcoy","og_description":"La Universidad S\u00e9nior del Campus de Alcoy de la UPV cumple 25 a\u00f1os","og_url":"https:\/\/www.copealcoy.es\/es\/la-universidad-senior-del-campus-de-alcoy-de-la-upv-cumple-25-anos\/","og_site_name":"COPE Alcoy","article_published_time":"2025-11-10T08:45:07+00:00","og_image":[{"width":2560,"height":1239,"url":"https:\/\/www.copealcoy.es\/wp-content\/uploads\/2025\/11\/Autoritats-scaled.jpg","type":"image\/jpeg"}],"author":"Cope Alcoy","twitter_misc":{"Escrito por":"Cope Alcoy","Tiempo de lectura":"3 minutos"},"schema":{"@context":"https:\/\/schema.org","@graph":[{"@type":"Article","@id":"https:\/\/www.copealcoy.es\/es\/la-universidad-senior-del-campus-de-alcoy-de-la-upv-cumple-25-anos\/#article","isPartOf":{"@id":"https:\/\/www.copealcoy.es\/es\/la-universidad-senior-del-campus-de-alcoy-de-la-upv-cumple-25-anos\/"},"author":{"name":"Cope Alcoy","@id":"https:\/\/www.copealcoy.es\/es\/#\/schema\/person\/e777c87fa024e57d40170af9df39882c"},"headline":"La Universidad S\u00e9nior del Campus de Alcoy de la UPV cumple 25 a\u00f1os","datePublished":"2025-11-10T08:45:07+00:00","mainEntityOfPage":{"@id":"https:\/\/www.copealcoy.es\/es\/la-universidad-senior-del-campus-de-alcoy-de-la-upv-cumple-25-anos\/"},"wordCount":449,"image":{"@id":"https:\/\/www.copealcoy.es\/es\/la-universidad-senior-del-campus-de-alcoy-de-la-upv-cumple-25-anos\/#primaryimage"},"thumbnailUrl":"https:\/\/www.copealcoy.es\/wp-content\/uploads\/2025\/11\/Autoritats-scaled.jpg","keywords":["Alcoy","Campus UPV","inicio de curso","Universidad S\u00e9nior"],"articleSection":["Actualidad","Alcoy","Campus de Alcoy","Educaci\u00f3n","Noticias"],"inLanguage":"es"},{"@type":"WebPage","@id":"https:\/\/www.copealcoy.es\/es\/la-universidad-senior-del-campus-de-alcoy-de-la-upv-cumple-25-anos\/","url":"https:\/\/www.copealcoy.es\/es\/la-universidad-senior-del-campus-de-alcoy-de-la-upv-cumple-25-anos\/","name":"La Universidad S\u00e9nior del Campus de Alcoy de la UPV cumple 25 a\u00f1os - COPE Alcoy","isPartOf":{"@id":"https:\/\/www.copealcoy.es\/es\/#website"},"primaryImageOfPage":{"@id":"https:\/\/www.copealcoy.es\/es\/la-universidad-senior-del-campus-de-alcoy-de-la-upv-cumple-25-anos\/#primaryimage"},"image":{"@id":"https:\/\/www.copealcoy.es\/es\/la-universidad-senior-del-campus-de-alcoy-de-la-upv-cumple-25-anos\/#primaryimage"},"thumbnailUrl":"https:\/\/www.copealcoy.es\/wp-content\/uploads\/2025\/11\/Autoritats-scaled.jpg","datePublished":"2025-11-10T08:45:07+00:00","author":{"@id":"https:\/\/www.copealcoy.es\/es\/#\/schema\/person\/e777c87fa024e57d40170af9df39882c"},"description":"La Universidad S\u00e9nior del Campus de Alcoy de la UPV cumple 25 a\u00f1os","breadcrumb":{"@id":"https:\/\/www.copealcoy.es\/es\/la-universidad-senior-del-campus-de-alcoy-de-la-upv-cumple-25-anos\/#breadcrumb"},"inLanguage":"es","potentialAction":[{"@type":"ReadAction","target":["https:\/\/www.copealcoy.es\/es\/la-universidad-senior-del-campus-de-alcoy-de-la-upv-cumple-25-anos\/"]}]},{"@type":"ImageObject","inLanguage":"es","@id":"https:\/\/www.copealcoy.es\/es\/la-universidad-senior-del-campus-de-alcoy-de-la-upv-cumple-25-anos\/#primaryimage","url":"https:\/\/www.copealcoy.es\/wp-content\/uploads\/2025\/11\/Autoritats-scaled.jpg","contentUrl":"https:\/\/www.copealcoy.es\/wp-content\/uploads\/2025\/11\/Autoritats-scaled.jpg","width":2560,"height":1239},{"@type":"BreadcrumbList","@id":"https:\/\/www.copealcoy.es\/es\/la-universidad-senior-del-campus-de-alcoy-de-la-upv-cumple-25-anos\/#breadcrumb","itemListElement":[{"@type":"ListItem","position":1,"name":"Portada","item":"https:\/\/www.copealcoy.es\/es\/"},{"@type":"ListItem","position":2,"name":"La Universidad S\u00e9nior del Campus de Alcoy de la UPV cumple 25 a\u00f1os"}]},{"@type":"WebSite","@id":"https:\/\/www.copealcoy.es\/es\/#website","url":"https:\/\/www.copealcoy.es\/es\/","name":"COPE Alcoy","description":"Emisora COPE de radio local con emisi\u00f3n online. Pont de Sant Jordi 8-10 03803 Alcoy","potentialAction":[{"@type":"SearchAction","target":{"@type":"EntryPoint","urlTemplate":"https:\/\/www.copealcoy.es\/es\/?s={search_term_string}"},"query-input":{"@type":"PropertyValueSpecification","valueRequired":true,"valueName":"search_term_string"}}],"inLanguage":"es"},{"@type":"Person","@id":"https:\/\/www.copealcoy.es\/es\/#\/schema\/person\/e777c87fa024e57d40170af9df39882c","name":"Cope Alcoy","image":{"@type":"ImageObject","inLanguage":"es","@id":"https:\/\/secure.gravatar.com\/avatar\/bb65d0283347e303893ba14f0692005417c1e0e690a325a4c5d8bb2b3943ee14?s=96&d=mm&r=g","url":"https:\/\/secure.gravatar.com\/avatar\/bb65d0283347e303893ba14f0692005417c1e0e690a325a4c5d8bb2b3943ee14?s=96&d=mm&r=g","contentUrl":"https:\/\/secure.gravatar.com\/avatar\/bb65d0283347e303893ba14f0692005417c1e0e690a325a4c5d8bb2b3943ee14?s=96&d=mm&r=g","caption":"Cope Alcoy"}}]}},"_links":{"self":[{"href":"https:\/\/www.copealcoy.es\/es\/wp-json\/wp\/v2\/posts\/159692","targetHints":{"allow":["GET"]}}],"collection":[{"href":"https:\/\/www.copealcoy.es\/es\/wp-json\/wp\/v2\/posts"}],"about":[{"href":"https:\/\/www.copealcoy.es\/es\/wp-json\/wp\/v2\/types\/post"}],"author":[{"embeddable":true,"href":"https:\/\/www.copealcoy.es\/es\/wp-json\/wp\/v2\/users\/1"}],"replies":[{"embeddable":true,"href":"https:\/\/www.copealcoy.es\/es\/wp-json\/wp\/v2\/comments?post=159692"}],"version-history":[{"count":2,"href":"https:\/\/www.copealcoy.es\/es\/wp-json\/wp\/v2\/posts\/159692\/revisions"}],"predecessor-version":[{"id":159697,"href":"https:\/\/www.copealcoy.es\/es\/wp-json\/wp\/v2\/posts\/159692\/revisions\/159697"}],"wp:featuredmedia":[{"embeddable":true,"href":"https:\/\/www.copealcoy.es\/es\/wp-json\/wp\/v2\/media\/159693"}],"wp:attachment":[{"href":"https:\/\/www.copealcoy.es\/es\/wp-json\/wp\/v2\/media?parent=159692"}],"wp:term":[{"taxonomy":"category","embeddable":true,"href":"https:\/\/www.copealcoy.es\/es\/wp-json\/wp\/v2\/categories?post=159692"},{"taxonomy":"post_tag","embeddable":true,"href":"https:\/\/www.copealcoy.es\/es\/wp-json\/wp\/v2\/tags?post=159692"}],"curies":[{"name":"wp","href":"https:\/\/api.w.org\/{rel}","templated":true}]}}