{"id":159661,"date":"2025-11-02T17:47:53","date_gmt":"2025-11-02T16:47:53","guid":{"rendered":"https:\/\/www.copealcoy.es\/?p=159661"},"modified":"2025-11-08T23:22:58","modified_gmt":"2025-11-08T22:22:58","slug":"la-fira-convierte-a-cocentaina-en-epicentro-de-la-actualidad","status":"publish","type":"post","link":"https:\/\/www.copealcoy.es\/es\/la-fira-convierte-a-cocentaina-en-epicentro-de-la-actualidad\/","title":{"rendered":"La Fira convierte a Cocentaina en epicentro de la actualidad"},"content":{"rendered":"<p style=\"text-align: justify;\">La <a href=\"https:\/\/www.firadecocentaina.org\/es\/\" target=\"_blank\" rel=\"noopener\"><span style=\"color: #0000ff;\"><strong>Fira de Tots Sants de Cocentaina<\/strong><\/span><\/a> genera actividad comercial, l\u00fadica y festiva pero <strong>es tambi\u00e9n un evento de referencia<\/strong> que re\u00fane cada a\u00f1o a numerosos representantes de las m\u00e1s altas instituciones, desde el gobierno central al auton\u00f3mico pasando por la Diputaci\u00f3n Provincial de Alicante o las administraciones m\u00e1s cercanas. Ese <strong>respaldo institucional<\/strong> hacia la Fira de Fires, que ya se vio el viernes durante la inauguraci\u00f3n oficial, tambi\u00e9n se ha repetido en este domingo 2 de noviembre con motivo de los cl\u00e1sicos almuerzos de Fira que organizan los partidos pol\u00edticos con representaci\u00f3n en la Corporaci\u00f3n Municipal de la Villa Condal.<\/p>\n<p style=\"text-align: justify;\">El <strong>Partido Socialista<\/strong> ha escogido un conocido hotel del municipio para reunir a los l\u00edderes de la formaci\u00f3n a nivel provincial y comarcal, una cita que ha contado con la presencia de Rub\u00e9n Alfaro como secretario general de los socialistas en la provincia. COPE ALCOY ha estado all\u00ed y ha recogido las siguientes declaraciones:<\/p>\n<audio class=\"wp-audio-shortcode\" id=\"audio-159661-1\" preload=\"none\" style=\"width: 100%;\" controls=\"controls\"><source type=\"audio\/mpeg\" src=\"https:\/\/www.copealcoy.es\/wp-content\/uploads\/2025\/11\/Esmorzar-de-Fira-PSPV.mp3?_=1\" \/><a href=\"https:\/\/www.copealcoy.es\/wp-content\/uploads\/2025\/11\/Esmorzar-de-Fira-PSPV.mp3\">https:\/\/www.copealcoy.es\/wp-content\/uploads\/2025\/11\/Esmorzar-de-Fira-PSPV.mp3<\/a><\/audio>\n<p>&nbsp;<\/p>\n<p style=\"text-align: justify;\">Por su parte, el <strong>Partido Popular<\/strong> ha escogido la plaza exterior del Centre Social Real Blanc para llevar a cabo su &#8216;Esmorzar de Fira&#8217; reuniendo a alcaldes y concejales de las diferentes poblaciones de estas comarcas. La Consellera de Industria y Turismo, Mari\u00e1n Cano, ha acudido a la cita y COPE ALCOY ha realizado las siguientes entrevistas en este almuerzo:<\/p>\n<audio class=\"wp-audio-shortcode\" id=\"audio-159661-2\" preload=\"none\" style=\"width: 100%;\" controls=\"controls\"><source type=\"audio\/mpeg\" src=\"https:\/\/www.copealcoy.es\/wp-content\/uploads\/2025\/11\/Esmorzar-de-Fira-PP.mp3?_=2\" \/><a href=\"https:\/\/www.copealcoy.es\/wp-content\/uploads\/2025\/11\/Esmorzar-de-Fira-PP.mp3\">https:\/\/www.copealcoy.es\/wp-content\/uploads\/2025\/11\/Esmorzar-de-Fira-PP.mp3<\/a><\/audio>\n<p>&nbsp;<\/p>\n<p style=\"text-align: justify;\"><strong>Comprom\u00eds<\/strong> tambi\u00e9n ha realizado el cl\u00e1sico &#8216;Esmorzar de Fira&#8217; en el Centre Social Real Blanc reuniendo a militantes de la Villa Condal pero tambi\u00e9n cargos de las poblaciones de la comarca. Vicent Marz\u00e1, diputado en el Parlamento Europeo, ha presidido el encuentro:<\/p>\n<audio class=\"wp-audio-shortcode\" id=\"audio-159661-3\" preload=\"none\" style=\"width: 100%;\" controls=\"controls\"><source type=\"audio\/mpeg\" src=\"https:\/\/www.copealcoy.es\/wp-content\/uploads\/2025\/11\/Esmorzar-de-Fira-Compromis.mp3?_=3\" \/><a href=\"https:\/\/www.copealcoy.es\/wp-content\/uploads\/2025\/11\/Esmorzar-de-Fira-Compromis.mp3\">https:\/\/www.copealcoy.es\/wp-content\/uploads\/2025\/11\/Esmorzar-de-Fira-Compromis.mp3<\/a><\/audio>\n<p>&nbsp;<\/p>\n<p style=\"text-align: justify;\"><strong>VOX<\/strong> realiz\u00f3 su almuerzo ayer coincidiendo con el d\u00eda grande de la Fira de Tots Sants. Hoy domingo su portavoz, Vicky Fern\u00e1ndez, ha valorado la 679 edici\u00f3n del certamen en declaraciones a Radio Cocentaina que te ofrecemos a continuaci\u00f3n:<\/p>\n<audio class=\"wp-audio-shortcode\" id=\"audio-159661-4\" preload=\"none\" style=\"width: 100%;\" controls=\"controls\"><source type=\"audio\/mpeg\" src=\"https:\/\/www.copealcoy.es\/wp-content\/uploads\/2025\/11\/Balanc-Fira-VOX.mp3?_=4\" \/><a href=\"https:\/\/www.copealcoy.es\/wp-content\/uploads\/2025\/11\/Balanc-Fira-VOX.mp3\">https:\/\/www.copealcoy.es\/wp-content\/uploads\/2025\/11\/Balanc-Fira-VOX.mp3<\/a><\/audio>\n<p>&nbsp;<\/p>\n<p style=\"text-align: justify;\">La Fira de Tots Sants ya agota sus \u00faltimas horas en este domingo 2 de noviembre, Festividad de los Fieles Difuntos. El evento <strong>finalizar\u00e1 oficialmente<\/strong> en torno a las 20:30h, en El Pla, con un gran espect\u00e1culo final.<\/p>\n","protected":false},"excerpt":{"rendered":"<p>La Fira de Tots Sants de Cocentaina genera actividad comercial, l\u00fadica y festiva pero es tambi\u00e9n un evento de referencia&#8230;<\/p>\n","protected":false},"author":1,"featured_media":159672,"comment_status":"closed","ping_status":"closed","sticky":false,"template":"","format":"standard","meta":{"footnotes":""},"categories":[6909,98,75],"tags":[20265,989,132,635],"class_list":["post-159661","post","type-post","status-publish","format-standard","has-post-thumbnail","hentry","category-actualidad","category-comarcas","category-noticias","tag-esmorzars-de-fira","tag-actualidad","tag-cocentaina","tag-fira-de-tots-sants"],"yoast_head":"<!-- This site is optimized with the Yoast SEO plugin v27.3 - https:\/\/yoast.com\/product\/yoast-seo-wordpress\/ -->\n<title>La Fira convierte a Cocentaina en epicentro de la actualidad - COPE Alcoy<\/title>\n<meta name=\"description\" content=\"La Fira convierte a Cocentaina en epicentro de la actualidad\" \/>\n<meta name=\"robots\" content=\"index, follow, max-snippet:-1, max-image-preview:large, max-video-preview:-1\" \/>\n<link rel=\"canonical\" href=\"https:\/\/www.copealcoy.es\/es\/la-fira-convierte-a-cocentaina-en-epicentro-de-la-actualidad\/\" \/>\n<meta property=\"og:locale\" content=\"es_ES\" \/>\n<meta property=\"og:type\" content=\"article\" \/>\n<meta property=\"og:title\" content=\"La Fira convierte a Cocentaina en epicentro de la actualidad - COPE Alcoy\" \/>\n<meta property=\"og:description\" content=\"La Fira convierte a Cocentaina en epicentro de la actualidad\" \/>\n<meta property=\"og:url\" content=\"https:\/\/www.copealcoy.es\/es\/la-fira-convierte-a-cocentaina-en-epicentro-de-la-actualidad\/\" \/>\n<meta property=\"og:site_name\" content=\"COPE Alcoy\" \/>\n<meta property=\"article:published_time\" content=\"2025-11-02T16:47:53+00:00\" \/>\n<meta property=\"article:modified_time\" content=\"2025-11-08T22:22:58+00:00\" \/>\n<meta property=\"og:image\" content=\"https:\/\/www.copealcoy.es\/wp-content\/uploads\/2025\/11\/unnamed-1-10.jpg\" \/>\n\t<meta property=\"og:image:width\" content=\"1920\" \/>\n\t<meta property=\"og:image:height\" content=\"1080\" \/>\n\t<meta property=\"og:image:type\" content=\"image\/jpeg\" \/>\n<meta name=\"author\" content=\"Cope Alcoy\" \/>\n<meta name=\"twitter:label1\" content=\"Escrito por\" \/>\n\t<meta name=\"twitter:data1\" content=\"Cope Alcoy\" \/>\n\t<meta name=\"twitter:label2\" content=\"Tiempo de lectura\" \/>\n\t<meta name=\"twitter:data2\" content=\"3 minutos\" \/>\n<script type=\"application\/ld+json\" class=\"yoast-schema-graph\">{\"@context\":\"https:\\\/\\\/schema.org\",\"@graph\":[{\"@type\":\"Article\",\"@id\":\"https:\\\/\\\/www.copealcoy.es\\\/es\\\/la-fira-convierte-a-cocentaina-en-epicentro-de-la-actualidad\\\/#article\",\"isPartOf\":{\"@id\":\"https:\\\/\\\/www.copealcoy.es\\\/es\\\/la-fira-convierte-a-cocentaina-en-epicentro-de-la-actualidad\\\/\"},\"author\":{\"name\":\"Cope Alcoy\",\"@id\":\"https:\\\/\\\/www.copealcoy.es\\\/es\\\/#\\\/schema\\\/person\\\/e777c87fa024e57d40170af9df39882c\"},\"headline\":\"La Fira convierte a Cocentaina en epicentro de la actualidad\",\"datePublished\":\"2025-11-02T16:47:53+00:00\",\"dateModified\":\"2025-11-08T22:22:58+00:00\",\"mainEntityOfPage\":{\"@id\":\"https:\\\/\\\/www.copealcoy.es\\\/es\\\/la-fira-convierte-a-cocentaina-en-epicentro-de-la-actualidad\\\/\"},\"wordCount\":416,\"image\":{\"@id\":\"https:\\\/\\\/www.copealcoy.es\\\/es\\\/la-fira-convierte-a-cocentaina-en-epicentro-de-la-actualidad\\\/#primaryimage\"},\"thumbnailUrl\":\"https:\\\/\\\/www.copealcoy.es\\\/wp-content\\\/uploads\\\/2025\\\/11\\\/unnamed-1-10.jpg\",\"keywords\":[\"'Esmorzars de Fira'\",\"Actualidad\",\"Cocentaina\",\"Fira de Tots Sants\"],\"articleSection\":[\"Actualidad\",\"Comarcas\",\"Noticias\"],\"inLanguage\":\"es\"},{\"@type\":\"WebPage\",\"@id\":\"https:\\\/\\\/www.copealcoy.es\\\/es\\\/la-fira-convierte-a-cocentaina-en-epicentro-de-la-actualidad\\\/\",\"url\":\"https:\\\/\\\/www.copealcoy.es\\\/es\\\/la-fira-convierte-a-cocentaina-en-epicentro-de-la-actualidad\\\/\",\"name\":\"La Fira convierte a Cocentaina en epicentro de la actualidad - COPE Alcoy\",\"isPartOf\":{\"@id\":\"https:\\\/\\\/www.copealcoy.es\\\/es\\\/#website\"},\"primaryImageOfPage\":{\"@id\":\"https:\\\/\\\/www.copealcoy.es\\\/es\\\/la-fira-convierte-a-cocentaina-en-epicentro-de-la-actualidad\\\/#primaryimage\"},\"image\":{\"@id\":\"https:\\\/\\\/www.copealcoy.es\\\/es\\\/la-fira-convierte-a-cocentaina-en-epicentro-de-la-actualidad\\\/#primaryimage\"},\"thumbnailUrl\":\"https:\\\/\\\/www.copealcoy.es\\\/wp-content\\\/uploads\\\/2025\\\/11\\\/unnamed-1-10.jpg\",\"datePublished\":\"2025-11-02T16:47:53+00:00\",\"dateModified\":\"2025-11-08T22:22:58+00:00\",\"author\":{\"@id\":\"https:\\\/\\\/www.copealcoy.es\\\/es\\\/#\\\/schema\\\/person\\\/e777c87fa024e57d40170af9df39882c\"},\"description\":\"La Fira convierte a Cocentaina en epicentro de la actualidad\",\"breadcrumb\":{\"@id\":\"https:\\\/\\\/www.copealcoy.es\\\/es\\\/la-fira-convierte-a-cocentaina-en-epicentro-de-la-actualidad\\\/#breadcrumb\"},\"inLanguage\":\"es\",\"potentialAction\":[{\"@type\":\"ReadAction\",\"target\":[\"https:\\\/\\\/www.copealcoy.es\\\/es\\\/la-fira-convierte-a-cocentaina-en-epicentro-de-la-actualidad\\\/\"]}]},{\"@type\":\"ImageObject\",\"inLanguage\":\"es\",\"@id\":\"https:\\\/\\\/www.copealcoy.es\\\/es\\\/la-fira-convierte-a-cocentaina-en-epicentro-de-la-actualidad\\\/#primaryimage\",\"url\":\"https:\\\/\\\/www.copealcoy.es\\\/wp-content\\\/uploads\\\/2025\\\/11\\\/unnamed-1-10.jpg\",\"contentUrl\":\"https:\\\/\\\/www.copealcoy.es\\\/wp-content\\\/uploads\\\/2025\\\/11\\\/unnamed-1-10.jpg\",\"width\":1920,\"height\":1080},{\"@type\":\"BreadcrumbList\",\"@id\":\"https:\\\/\\\/www.copealcoy.es\\\/es\\\/la-fira-convierte-a-cocentaina-en-epicentro-de-la-actualidad\\\/#breadcrumb\",\"itemListElement\":[{\"@type\":\"ListItem\",\"position\":1,\"name\":\"Portada\",\"item\":\"https:\\\/\\\/www.copealcoy.es\\\/es\\\/\"},{\"@type\":\"ListItem\",\"position\":2,\"name\":\"La Fira convierte a Cocentaina en epicentro de la actualidad\"}]},{\"@type\":\"WebSite\",\"@id\":\"https:\\\/\\\/www.copealcoy.es\\\/es\\\/#website\",\"url\":\"https:\\\/\\\/www.copealcoy.es\\\/es\\\/\",\"name\":\"COPE Alcoy\",\"description\":\"Emisora COPE de radio local con emisi\u00f3n online. Pont de Sant Jordi 8-10 03803 Alcoy\",\"potentialAction\":[{\"@type\":\"SearchAction\",\"target\":{\"@type\":\"EntryPoint\",\"urlTemplate\":\"https:\\\/\\\/www.copealcoy.es\\\/es\\\/?s={search_term_string}\"},\"query-input\":{\"@type\":\"PropertyValueSpecification\",\"valueRequired\":true,\"valueName\":\"search_term_string\"}}],\"inLanguage\":\"es\"},{\"@type\":\"Person\",\"@id\":\"https:\\\/\\\/www.copealcoy.es\\\/es\\\/#\\\/schema\\\/person\\\/e777c87fa024e57d40170af9df39882c\",\"name\":\"Cope Alcoy\",\"image\":{\"@type\":\"ImageObject\",\"inLanguage\":\"es\",\"@id\":\"https:\\\/\\\/secure.gravatar.com\\\/avatar\\\/bb65d0283347e303893ba14f0692005417c1e0e690a325a4c5d8bb2b3943ee14?s=96&d=mm&r=g\",\"url\":\"https:\\\/\\\/secure.gravatar.com\\\/avatar\\\/bb65d0283347e303893ba14f0692005417c1e0e690a325a4c5d8bb2b3943ee14?s=96&d=mm&r=g\",\"contentUrl\":\"https:\\\/\\\/secure.gravatar.com\\\/avatar\\\/bb65d0283347e303893ba14f0692005417c1e0e690a325a4c5d8bb2b3943ee14?s=96&d=mm&r=g\",\"caption\":\"Cope Alcoy\"}}]}<\/script>\n<!-- \/ Yoast SEO plugin. -->","yoast_head_json":{"title":"La Fira convierte a Cocentaina en epicentro de la actualidad - COPE Alcoy","description":"La Fira convierte a Cocentaina en epicentro de la actualidad","robots":{"index":"index","follow":"follow","max-snippet":"max-snippet:-1","max-image-preview":"max-image-preview:large","max-video-preview":"max-video-preview:-1"},"canonical":"https:\/\/www.copealcoy.es\/es\/la-fira-convierte-a-cocentaina-en-epicentro-de-la-actualidad\/","og_locale":"es_ES","og_type":"article","og_title":"La Fira convierte a Cocentaina en epicentro de la actualidad - COPE Alcoy","og_description":"La Fira convierte a Cocentaina en epicentro de la actualidad","og_url":"https:\/\/www.copealcoy.es\/es\/la-fira-convierte-a-cocentaina-en-epicentro-de-la-actualidad\/","og_site_name":"COPE Alcoy","article_published_time":"2025-11-02T16:47:53+00:00","article_modified_time":"2025-11-08T22:22:58+00:00","og_image":[{"width":1920,"height":1080,"url":"https:\/\/www.copealcoy.es\/wp-content\/uploads\/2025\/11\/unnamed-1-10.jpg","type":"image\/jpeg"}],"author":"Cope Alcoy","twitter_misc":{"Escrito por":"Cope Alcoy","Tiempo de lectura":"3 minutos"},"schema":{"@context":"https:\/\/schema.org","@graph":[{"@type":"Article","@id":"https:\/\/www.copealcoy.es\/es\/la-fira-convierte-a-cocentaina-en-epicentro-de-la-actualidad\/#article","isPartOf":{"@id":"https:\/\/www.copealcoy.es\/es\/la-fira-convierte-a-cocentaina-en-epicentro-de-la-actualidad\/"},"author":{"name":"Cope Alcoy","@id":"https:\/\/www.copealcoy.es\/es\/#\/schema\/person\/e777c87fa024e57d40170af9df39882c"},"headline":"La Fira convierte a Cocentaina en epicentro de la actualidad","datePublished":"2025-11-02T16:47:53+00:00","dateModified":"2025-11-08T22:22:58+00:00","mainEntityOfPage":{"@id":"https:\/\/www.copealcoy.es\/es\/la-fira-convierte-a-cocentaina-en-epicentro-de-la-actualidad\/"},"wordCount":416,"image":{"@id":"https:\/\/www.copealcoy.es\/es\/la-fira-convierte-a-cocentaina-en-epicentro-de-la-actualidad\/#primaryimage"},"thumbnailUrl":"https:\/\/www.copealcoy.es\/wp-content\/uploads\/2025\/11\/unnamed-1-10.jpg","keywords":["'Esmorzars de Fira'","Actualidad","Cocentaina","Fira de Tots Sants"],"articleSection":["Actualidad","Comarcas","Noticias"],"inLanguage":"es"},{"@type":"WebPage","@id":"https:\/\/www.copealcoy.es\/es\/la-fira-convierte-a-cocentaina-en-epicentro-de-la-actualidad\/","url":"https:\/\/www.copealcoy.es\/es\/la-fira-convierte-a-cocentaina-en-epicentro-de-la-actualidad\/","name":"La Fira convierte a Cocentaina en epicentro de la actualidad - COPE Alcoy","isPartOf":{"@id":"https:\/\/www.copealcoy.es\/es\/#website"},"primaryImageOfPage":{"@id":"https:\/\/www.copealcoy.es\/es\/la-fira-convierte-a-cocentaina-en-epicentro-de-la-actualidad\/#primaryimage"},"image":{"@id":"https:\/\/www.copealcoy.es\/es\/la-fira-convierte-a-cocentaina-en-epicentro-de-la-actualidad\/#primaryimage"},"thumbnailUrl":"https:\/\/www.copealcoy.es\/wp-content\/uploads\/2025\/11\/unnamed-1-10.jpg","datePublished":"2025-11-02T16:47:53+00:00","dateModified":"2025-11-08T22:22:58+00:00","author":{"@id":"https:\/\/www.copealcoy.es\/es\/#\/schema\/person\/e777c87fa024e57d40170af9df39882c"},"description":"La Fira convierte a Cocentaina en epicentro de la actualidad","breadcrumb":{"@id":"https:\/\/www.copealcoy.es\/es\/la-fira-convierte-a-cocentaina-en-epicentro-de-la-actualidad\/#breadcrumb"},"inLanguage":"es","potentialAction":[{"@type":"ReadAction","target":["https:\/\/www.copealcoy.es\/es\/la-fira-convierte-a-cocentaina-en-epicentro-de-la-actualidad\/"]}]},{"@type":"ImageObject","inLanguage":"es","@id":"https:\/\/www.copealcoy.es\/es\/la-fira-convierte-a-cocentaina-en-epicentro-de-la-actualidad\/#primaryimage","url":"https:\/\/www.copealcoy.es\/wp-content\/uploads\/2025\/11\/unnamed-1-10.jpg","contentUrl":"https:\/\/www.copealcoy.es\/wp-content\/uploads\/2025\/11\/unnamed-1-10.jpg","width":1920,"height":1080},{"@type":"BreadcrumbList","@id":"https:\/\/www.copealcoy.es\/es\/la-fira-convierte-a-cocentaina-en-epicentro-de-la-actualidad\/#breadcrumb","itemListElement":[{"@type":"ListItem","position":1,"name":"Portada","item":"https:\/\/www.copealcoy.es\/es\/"},{"@type":"ListItem","position":2,"name":"La Fira convierte a Cocentaina en epicentro de la actualidad"}]},{"@type":"WebSite","@id":"https:\/\/www.copealcoy.es\/es\/#website","url":"https:\/\/www.copealcoy.es\/es\/","name":"COPE Alcoy","description":"Emisora COPE de radio local con emisi\u00f3n online. Pont de Sant Jordi 8-10 03803 Alcoy","potentialAction":[{"@type":"SearchAction","target":{"@type":"EntryPoint","urlTemplate":"https:\/\/www.copealcoy.es\/es\/?s={search_term_string}"},"query-input":{"@type":"PropertyValueSpecification","valueRequired":true,"valueName":"search_term_string"}}],"inLanguage":"es"},{"@type":"Person","@id":"https:\/\/www.copealcoy.es\/es\/#\/schema\/person\/e777c87fa024e57d40170af9df39882c","name":"Cope Alcoy","image":{"@type":"ImageObject","inLanguage":"es","@id":"https:\/\/secure.gravatar.com\/avatar\/bb65d0283347e303893ba14f0692005417c1e0e690a325a4c5d8bb2b3943ee14?s=96&d=mm&r=g","url":"https:\/\/secure.gravatar.com\/avatar\/bb65d0283347e303893ba14f0692005417c1e0e690a325a4c5d8bb2b3943ee14?s=96&d=mm&r=g","contentUrl":"https:\/\/secure.gravatar.com\/avatar\/bb65d0283347e303893ba14f0692005417c1e0e690a325a4c5d8bb2b3943ee14?s=96&d=mm&r=g","caption":"Cope Alcoy"}}]}},"_links":{"self":[{"href":"https:\/\/www.copealcoy.es\/es\/wp-json\/wp\/v2\/posts\/159661","targetHints":{"allow":["GET"]}}],"collection":[{"href":"https:\/\/www.copealcoy.es\/es\/wp-json\/wp\/v2\/posts"}],"about":[{"href":"https:\/\/www.copealcoy.es\/es\/wp-json\/wp\/v2\/types\/post"}],"author":[{"embeddable":true,"href":"https:\/\/www.copealcoy.es\/es\/wp-json\/wp\/v2\/users\/1"}],"replies":[{"embeddable":true,"href":"https:\/\/www.copealcoy.es\/es\/wp-json\/wp\/v2\/comments?post=159661"}],"version-history":[{"count":1,"href":"https:\/\/www.copealcoy.es\/es\/wp-json\/wp\/v2\/posts\/159661\/revisions"}],"predecessor-version":[{"id":159674,"href":"https:\/\/www.copealcoy.es\/es\/wp-json\/wp\/v2\/posts\/159661\/revisions\/159674"}],"wp:featuredmedia":[{"embeddable":true,"href":"https:\/\/www.copealcoy.es\/es\/wp-json\/wp\/v2\/media\/159672"}],"wp:attachment":[{"href":"https:\/\/www.copealcoy.es\/es\/wp-json\/wp\/v2\/media?parent=159661"}],"wp:term":[{"taxonomy":"category","embeddable":true,"href":"https:\/\/www.copealcoy.es\/es\/wp-json\/wp\/v2\/categories?post=159661"},{"taxonomy":"post_tag","embeddable":true,"href":"https:\/\/www.copealcoy.es\/es\/wp-json\/wp\/v2\/tags?post=159661"}],"curies":[{"name":"wp","href":"https:\/\/api.w.org\/{rel}","templated":true}]}}