{"id":159568,"date":"2025-10-31T17:00:16","date_gmt":"2025-10-31T16:00:16","guid":{"rendered":"https:\/\/www.copealcoy.es\/?p=159568"},"modified":"2025-11-08T21:28:53","modified_gmt":"2025-11-08T20:28:53","slug":"la-inauguracion-de-la-fira-reune-a-una-amplia-representacion-institucional","status":"publish","type":"post","link":"https:\/\/www.copealcoy.es\/es\/la-inauguracion-de-la-fira-reune-a-una-amplia-representacion-institucional\/","title":{"rendered":"La inauguraci\u00f3n de la Fira re\u00fane a una amplia representaci\u00f3n institucional"},"content":{"rendered":"<p style=\"text-align: justify;\" data-start=\"532\" data-end=\"842\">La <strong data-start=\"535\" data-end=\"598\">inauguraci\u00f3n oficial de la <span style=\"color: #0000ff;\"><a style=\"color: #0000ff;\" href=\"https:\/\/www.firadecocentaina.org\/es\/\" target=\"_blank\" rel=\"noopener\">Fira de Tots Sants de Cocentaina<\/a><\/span><\/strong> ha tenido lugar en la <strong data-start=\"621\" data-end=\"660\">ma\u00f1ana de este viernes 31 de octubre<\/strong>, en un acto que ha reunido a una <strong data-start=\"694\" data-end=\"733\">amplia representaci\u00f3n institucional<\/strong> y que ha estado encabezado por la <strong data-start=\"768\" data-end=\"793\">ministra Diana Morant<\/strong>, tambi\u00e9n <strong data-start=\"803\" data-end=\"839\">secretaria general del PSPV-PSOE<\/strong>. Morant destac\u00f3 durante su intervenci\u00f3n que la de Cocentaina <em>\u201ces una Fira que forma parte de nuestra historia, pero tambi\u00e9n de la memoria colectiva y de nuestras ra\u00edces\u201d\u00a0<\/em>al mismo tiempo que hizo menci\u00f3n a la antig\u00fcedad de esta gran fiesta:<\/p>\n<audio class=\"wp-audio-shortcode\" id=\"audio-159568-1\" preload=\"none\" style=\"width: 100%;\" controls=\"controls\"><source type=\"audio\/mpeg\" src=\"https:\/\/www.copealcoy.es\/wp-content\/uploads\/2025\/10\/Tall-Diana-Morant-inauguracio-Fira.mp3?_=1\" \/><a href=\"https:\/\/www.copealcoy.es\/wp-content\/uploads\/2025\/10\/Tall-Diana-Morant-inauguracio-Fira.mp3\">https:\/\/www.copealcoy.es\/wp-content\/uploads\/2025\/10\/Tall-Diana-Morant-inauguracio-Fira.mp3<\/a><\/audio>\n<p>&nbsp;<\/p>\n<p style=\"text-align: justify;\" data-start=\"532\" data-end=\"842\"><strong>Felipe Carrasco<\/strong>, secretario auton\u00f3mico de Industria de la Generalitat Valenciana, encabez\u00f3 la representaci\u00f3n del Consell en este acto inaugural de la Fira de Tots Sants y pudimos hablar con \u00e9l:<\/p>\n<audio class=\"wp-audio-shortcode\" id=\"audio-159568-2\" preload=\"none\" style=\"width: 100%;\" controls=\"controls\"><source type=\"audio\/mpeg\" src=\"https:\/\/www.copealcoy.es\/wp-content\/uploads\/2025\/11\/Tall-Felipe-Carrasco-inauguracion-Fira-2025.mp3?_=2\" \/><a href=\"https:\/\/www.copealcoy.es\/wp-content\/uploads\/2025\/11\/Tall-Felipe-Carrasco-inauguracion-Fira-2025.mp3\">https:\/\/www.copealcoy.es\/wp-content\/uploads\/2025\/11\/Tall-Felipe-Carrasco-inauguracion-Fira-2025.mp3<\/a><\/audio>\n<p>&nbsp;<\/p>\n<p style=\"text-align: justify;\" data-start=\"1676\" data-end=\"2205\"><strong>Rub\u00e9n Mu\u00f1oz<\/strong>, alcalde de Cocentaina, agradeci\u00f3 el respaldo institucional con el que cuenta la Fira e hizo menci\u00f3n a las previsiones que maneja este a\u00f1o la organizaci\u00f3n en cuanto a visitantes se refiere:<\/p>\n<audio class=\"wp-audio-shortcode\" id=\"audio-159568-3\" preload=\"none\" style=\"width: 100%;\" controls=\"controls\"><source type=\"audio\/mpeg\" src=\"https:\/\/www.copealcoy.es\/wp-content\/uploads\/2025\/10\/Tall-Ruben-Munoz-inauguracio-Fira.mp3?_=3\" \/><a href=\"https:\/\/www.copealcoy.es\/wp-content\/uploads\/2025\/10\/Tall-Ruben-Munoz-inauguracio-Fira.mp3\">https:\/\/www.copealcoy.es\/wp-content\/uploads\/2025\/10\/Tall-Ruben-Munoz-inauguracio-Fira.mp3<\/a><\/audio>\n<p>&nbsp;<\/p>\n<p style=\"text-align: justify;\">Desde las Cortes Valencianas ha destacado la presencia del diputado auton\u00f3mico de Comprom\u00eds, <strong>Gerard Fullana<\/strong>, acompa\u00f1ado de diversos altos cargos de la formaci\u00f3n pol\u00edtica como el S\u00edndic del partido; <strong>Joan Baldov\u00ed<\/strong>:<\/p>\n<audio class=\"wp-audio-shortcode\" id=\"audio-159568-4\" preload=\"none\" style=\"width: 100%;\" controls=\"controls\"><source type=\"audio\/mpeg\" src=\"https:\/\/www.copealcoy.es\/wp-content\/uploads\/2025\/11\/Tall-Gerard-Fullana-inauguracion-Fira-2025.mp3?_=4\" \/><a href=\"https:\/\/www.copealcoy.es\/wp-content\/uploads\/2025\/11\/Tall-Gerard-Fullana-inauguracion-Fira-2025.mp3\">https:\/\/www.copealcoy.es\/wp-content\/uploads\/2025\/11\/Tall-Gerard-Fullana-inauguracion-Fira-2025.mp3<\/a><\/audio>\n<p>&nbsp;<\/p>\n<audio class=\"wp-audio-shortcode\" id=\"audio-159568-5\" preload=\"none\" style=\"width: 100%;\" controls=\"controls\"><source type=\"audio\/mpeg\" src=\"https:\/\/www.copealcoy.es\/wp-content\/uploads\/2025\/11\/Tall-Joan-Baldovi.mp3?_=5\" \/><a href=\"https:\/\/www.copealcoy.es\/wp-content\/uploads\/2025\/11\/Tall-Joan-Baldovi.mp3\">https:\/\/www.copealcoy.es\/wp-content\/uploads\/2025\/11\/Tall-Joan-Baldovi.mp3<\/a><\/audio>\n<p>&nbsp;<\/p>\n<p style=\"text-align: justify;\" data-start=\"1676\" data-end=\"2205\">El acto de inauguraci\u00f3n cont\u00f3 tambi\u00e9n con la presencia de numerosas <strong data-start=\"1744\" data-end=\"1802\">autoridades pol\u00edticas y representantes institucionales<\/strong>. Entre ellos, las diputadas nacionales <strong>Patr\u00edcia Blanquer<\/strong> (PSOE) y <strong>\u00c0gueda Mic\u00f3<\/strong> (Comprom\u00eds):<\/p>\n<audio class=\"wp-audio-shortcode\" id=\"audio-159568-6\" preload=\"none\" style=\"width: 100%;\" controls=\"controls\"><source type=\"audio\/mpeg\" src=\"https:\/\/www.copealcoy.es\/wp-content\/uploads\/2025\/11\/Tall-Patri-Blanquer.mp3?_=6\" \/><a href=\"https:\/\/www.copealcoy.es\/wp-content\/uploads\/2025\/11\/Tall-Patri-Blanquer.mp3\">https:\/\/www.copealcoy.es\/wp-content\/uploads\/2025\/11\/Tall-Patri-Blanquer.mp3<\/a><\/audio>\n<p>&nbsp;<\/p>\n<audio class=\"wp-audio-shortcode\" id=\"audio-159568-7\" preload=\"none\" style=\"width: 100%;\" controls=\"controls\"><source type=\"audio\/mpeg\" src=\"https:\/\/www.copealcoy.es\/wp-content\/uploads\/2025\/11\/Tall-Agueda-Mico.mp3?_=7\" \/><a href=\"https:\/\/www.copealcoy.es\/wp-content\/uploads\/2025\/11\/Tall-Agueda-Mico.mp3\">https:\/\/www.copealcoy.es\/wp-content\/uploads\/2025\/11\/Tall-Agueda-Mico.mp3<\/a><\/audio>\n<p>&nbsp;<\/p>\n<p style=\"text-align: justify;\">Por nuestra provincia han estado presentes los diputados provinciales <strong>Carlos Pastor<\/strong> (Partido Popular) e <strong>Ismael Vidal<\/strong> (Partido Socialista):<\/p>\n<audio class=\"wp-audio-shortcode\" id=\"audio-159568-8\" preload=\"none\" style=\"width: 100%;\" controls=\"controls\"><source type=\"audio\/mpeg\" src=\"https:\/\/www.copealcoy.es\/wp-content\/uploads\/2025\/11\/Tall-Carlos-Pastor-inauguracion-Fira-2025.mp3?_=8\" \/><a href=\"https:\/\/www.copealcoy.es\/wp-content\/uploads\/2025\/11\/Tall-Carlos-Pastor-inauguracion-Fira-2025.mp3\">https:\/\/www.copealcoy.es\/wp-content\/uploads\/2025\/11\/Tall-Carlos-Pastor-inauguracion-Fira-2025.mp3<\/a><\/audio>\n<p>&nbsp;<\/p>\n<audio class=\"wp-audio-shortcode\" id=\"audio-159568-9\" preload=\"none\" style=\"width: 100%;\" controls=\"controls\"><source type=\"audio\/mpeg\" src=\"https:\/\/www.copealcoy.es\/wp-content\/uploads\/2025\/11\/Tall-Ismael-Vidal-inauguracion-Fira-2025.mp3?_=9\" \/><a href=\"https:\/\/www.copealcoy.es\/wp-content\/uploads\/2025\/11\/Tall-Ismael-Vidal-inauguracion-Fira-2025.mp3\">https:\/\/www.copealcoy.es\/wp-content\/uploads\/2025\/11\/Tall-Ismael-Vidal-inauguracion-Fira-2025.mp3<\/a><\/audio>\n<p>&nbsp;<\/p>\n<p style=\"text-align: justify;\">Numerosos <strong>alcaldes y concejales de las poblaciones de L&#8217;Alcoi\u00e0 y El Comtat<\/strong> han acompa\u00f1ado a Cocentaina en esta tan importante coincidiendo con la inauguraci\u00f3n de la 679 edici\u00f3n de la Fira de Tots Sants. Hemos hablado con el primer edil de Alcoy<strong> (Toni Franc\u00e9s)<\/strong>, el vicealcalde de la ciudad <strong>(\u00c0lex Cerradelo)<\/strong> y el alcalde de Muro <strong>(Vicent Molina)<\/strong>:<\/p>\n<audio class=\"wp-audio-shortcode\" id=\"audio-159568-10\" preload=\"none\" style=\"width: 100%;\" controls=\"controls\"><source type=\"audio\/mpeg\" src=\"https:\/\/www.copealcoy.es\/wp-content\/uploads\/2025\/11\/Tall-Toni-Frances-inauguracion-Fira.mp3?_=10\" \/><a href=\"https:\/\/www.copealcoy.es\/wp-content\/uploads\/2025\/11\/Tall-Toni-Frances-inauguracion-Fira.mp3\">https:\/\/www.copealcoy.es\/wp-content\/uploads\/2025\/11\/Tall-Toni-Frances-inauguracion-Fira.mp3<\/a><\/audio>\n<p>&nbsp;<\/p>\n<audio class=\"wp-audio-shortcode\" id=\"audio-159568-11\" preload=\"none\" style=\"width: 100%;\" controls=\"controls\"><source type=\"audio\/mpeg\" src=\"https:\/\/www.copealcoy.es\/wp-content\/uploads\/2025\/11\/Tall-Alex-Cerradelo-inauguracion-Fira.mp3?_=11\" \/><a href=\"https:\/\/www.copealcoy.es\/wp-content\/uploads\/2025\/11\/Tall-Alex-Cerradelo-inauguracion-Fira.mp3\">https:\/\/www.copealcoy.es\/wp-content\/uploads\/2025\/11\/Tall-Alex-Cerradelo-inauguracion-Fira.mp3<\/a><\/audio>\n<p>&nbsp;<\/p>\n<audio class=\"wp-audio-shortcode\" id=\"audio-159568-12\" preload=\"none\" style=\"width: 100%;\" controls=\"controls\"><source type=\"audio\/mpeg\" src=\"https:\/\/www.copealcoy.es\/wp-content\/uploads\/2025\/11\/Tall-Vicent-Molina-inauguracion-Fira.mp3?_=12\" \/><a href=\"https:\/\/www.copealcoy.es\/wp-content\/uploads\/2025\/11\/Tall-Vicent-Molina-inauguracion-Fira.mp3\">https:\/\/www.copealcoy.es\/wp-content\/uploads\/2025\/11\/Tall-Vicent-Molina-inauguracion-Fira.mp3<\/a><\/audio>\n<p>&nbsp;<\/p>\n<p style=\"text-align: justify;\" data-start=\"2468\" data-end=\"2771\">Por otro lado, acudieron la <strong data-start=\"2491\" data-end=\"2554\">presidenta de la C\u00e1mara de Comercio de Alcoy, Luc\u00eda Pascual<\/strong>, la <strong data-start=\"2559\" data-end=\"2616\">rectora de la Universidad de Alicante, Amparo Navarro<\/strong>, representantes del <strong data-start=\"2637\" data-end=\"2698\">Campus de Alcoy de la Universitat Polit\u00e8cnica de Val\u00e8ncia<\/strong> y el <strong data-start=\"2704\" data-end=\"2768\">presidente de la Mancomunitat de l\u2019Alcoi\u00e0-Comtat, Blas Calbo<\/strong>. Con la misma presidenta de la C\u00e1mara de Comercio habl\u00e1bamos esta ma\u00f1ana:<\/p>\n<audio class=\"wp-audio-shortcode\" id=\"audio-159568-13\" preload=\"none\" style=\"width: 100%;\" controls=\"controls\"><source type=\"audio\/mpeg\" src=\"https:\/\/www.copealcoy.es\/wp-content\/uploads\/2025\/11\/Tall-Lucia-Pascual-inauguracion-Fira.mp3?_=13\" \/><a href=\"https:\/\/www.copealcoy.es\/wp-content\/uploads\/2025\/11\/Tall-Lucia-Pascual-inauguracion-Fira.mp3\">https:\/\/www.copealcoy.es\/wp-content\/uploads\/2025\/11\/Tall-Lucia-Pascual-inauguracion-Fira.mp3<\/a><\/audio>\n<p>&nbsp;<\/p>\n<p style=\"text-align: justify;\">Finalmente habl\u00e1bamos con los portavoces en el Ayuntamiento de Cocentaina por el PP<strong> (Borja Jornet)<\/strong> y Comprom\u00eds <strong>(Jordi Pla):<\/strong><\/p>\n<audio class=\"wp-audio-shortcode\" id=\"audio-159568-14\" preload=\"none\" style=\"width: 100%;\" controls=\"controls\"><source type=\"audio\/mpeg\" src=\"https:\/\/www.copealcoy.es\/wp-content\/uploads\/2025\/11\/Tall-Borja-Jornet-inauguracion-Fira-2025.mp3?_=14\" \/><a href=\"https:\/\/www.copealcoy.es\/wp-content\/uploads\/2025\/11\/Tall-Borja-Jornet-inauguracion-Fira-2025.mp3\">https:\/\/www.copealcoy.es\/wp-content\/uploads\/2025\/11\/Tall-Borja-Jornet-inauguracion-Fira-2025.mp3<\/a><\/audio>\n<p>&nbsp;<\/p>\n<audio class=\"wp-audio-shortcode\" id=\"audio-159568-15\" preload=\"none\" style=\"width: 100%;\" controls=\"controls\"><source type=\"audio\/mpeg\" src=\"https:\/\/www.copealcoy.es\/wp-content\/uploads\/2025\/11\/Tall-Borja-Jornet-inauguracion-Fira-2025.mp3?_=15\" \/><a href=\"https:\/\/www.copealcoy.es\/wp-content\/uploads\/2025\/11\/Tall-Borja-Jornet-inauguracion-Fira-2025.mp3\">https:\/\/www.copealcoy.es\/wp-content\/uploads\/2025\/11\/Tall-Borja-Jornet-inauguracion-Fira-2025.mp3<\/a><\/audio>\n<p>&nbsp;<\/p>\n<p style=\"text-align: justify;\">Son <strong>algunos de los muchos protagonistas<\/strong> que han estado presentes esta ma\u00f1ana en la Villa Condal y con quienes hemos podido hablar en el transcurso de la inauguraci\u00f3n oficial, una ma\u00f1ana fren\u00e9tica y repleta de actividad.\u00a0 Con este acto <strong>se da por<\/strong> <strong data-start=\"2797\" data-end=\"2865\">estrenada la 679\u00aa edici\u00f3n de la Fira de Tots Sants<\/strong>, que se prolongar\u00e1 durante todo el fin de semana y que espera superar los <strong data-start=\"2940\" data-end=\"2962\">500.000 visitantes<\/strong>.<\/p>\n<p style=\"text-align: justify;\">\n","protected":false},"excerpt":{"rendered":"<p>La inauguraci\u00f3n oficial de la Fira de Tots Sants de Cocentaina ha tenido lugar en la ma\u00f1ana de este viernes&#8230;<\/p>\n","protected":false},"author":1,"featured_media":159241,"comment_status":"closed","ping_status":"closed","sticky":false,"template":"","format":"standard","meta":{"footnotes":""},"categories":[6909,98,75],"tags":[132,635,4692,20264],"class_list":["post-159568","post","type-post","status-publish","format-standard","has-post-thumbnail","hentry","category-actualidad","category-comarcas","category-noticias","tag-cocentaina","tag-fira-de-tots-sants","tag-inauguracion-oficial","tag-representacon-institucional"],"yoast_head":"<!-- This site is optimized with the Yoast SEO plugin v27.3 - https:\/\/yoast.com\/product\/yoast-seo-wordpress\/ -->\n<title>La inauguraci\u00f3n de la Fira re\u00fane a una amplia representaci\u00f3n institucional - COPE Alcoy<\/title>\n<meta name=\"description\" content=\"La inauguraci\u00f3n de la Fira re\u00fane a una amplia representaci\u00f3n institucional\" \/>\n<meta name=\"robots\" content=\"index, follow, max-snippet:-1, max-image-preview:large, max-video-preview:-1\" \/>\n<link rel=\"canonical\" href=\"https:\/\/www.copealcoy.es\/es\/la-inauguracion-de-la-fira-reune-a-una-amplia-representacion-institucional\/\" \/>\n<meta property=\"og:locale\" content=\"es_ES\" \/>\n<meta property=\"og:type\" content=\"article\" \/>\n<meta property=\"og:title\" content=\"La inauguraci\u00f3n de la Fira re\u00fane a una amplia representaci\u00f3n institucional - COPE Alcoy\" \/>\n<meta property=\"og:description\" content=\"La inauguraci\u00f3n de la Fira re\u00fane a una amplia representaci\u00f3n institucional\" \/>\n<meta property=\"og:url\" content=\"https:\/\/www.copealcoy.es\/es\/la-inauguracion-de-la-fira-reune-a-una-amplia-representacion-institucional\/\" \/>\n<meta property=\"og:site_name\" content=\"COPE Alcoy\" \/>\n<meta property=\"article:published_time\" content=\"2025-10-31T16:00:16+00:00\" \/>\n<meta property=\"article:modified_time\" content=\"2025-11-08T20:28:53+00:00\" \/>\n<meta property=\"og:image\" content=\"https:\/\/www.copealcoy.es\/wp-content\/uploads\/2025\/10\/unnamed-1-32-scaled.jpg\" \/>\n\t<meta property=\"og:image:width\" content=\"2560\" \/>\n\t<meta property=\"og:image:height\" content=\"1920\" \/>\n\t<meta property=\"og:image:type\" content=\"image\/jpeg\" \/>\n<meta name=\"author\" content=\"Cope Alcoy\" \/>\n<meta name=\"twitter:label1\" content=\"Escrito por\" \/>\n\t<meta name=\"twitter:data1\" content=\"Cope Alcoy\" \/>\n\t<meta name=\"twitter:label2\" content=\"Tiempo de lectura\" \/>\n\t<meta name=\"twitter:data2\" content=\"3 minutos\" \/>\n<script type=\"application\/ld+json\" class=\"yoast-schema-graph\">{\"@context\":\"https:\\\/\\\/schema.org\",\"@graph\":[{\"@type\":\"Article\",\"@id\":\"https:\\\/\\\/www.copealcoy.es\\\/es\\\/la-inauguracion-de-la-fira-reune-a-una-amplia-representacion-institucional\\\/#article\",\"isPartOf\":{\"@id\":\"https:\\\/\\\/www.copealcoy.es\\\/es\\\/la-inauguracion-de-la-fira-reune-a-una-amplia-representacion-institucional\\\/\"},\"author\":{\"name\":\"Cope Alcoy\",\"@id\":\"https:\\\/\\\/www.copealcoy.es\\\/es\\\/#\\\/schema\\\/person\\\/e777c87fa024e57d40170af9df39882c\"},\"headline\":\"La inauguraci\u00f3n de la Fira re\u00fane a una amplia representaci\u00f3n institucional\",\"datePublished\":\"2025-10-31T16:00:16+00:00\",\"dateModified\":\"2025-11-08T20:28:53+00:00\",\"mainEntityOfPage\":{\"@id\":\"https:\\\/\\\/www.copealcoy.es\\\/es\\\/la-inauguracion-de-la-fira-reune-a-una-amplia-representacion-institucional\\\/\"},\"wordCount\":670,\"image\":{\"@id\":\"https:\\\/\\\/www.copealcoy.es\\\/es\\\/la-inauguracion-de-la-fira-reune-a-una-amplia-representacion-institucional\\\/#primaryimage\"},\"thumbnailUrl\":\"https:\\\/\\\/www.copealcoy.es\\\/wp-content\\\/uploads\\\/2025\\\/10\\\/unnamed-1-32-scaled.jpg\",\"keywords\":[\"Cocentaina\",\"Fira de Tots Sants\",\"Inauguraci\u00f3n Oficial\",\"representac\u00f3n institucional\"],\"articleSection\":[\"Actualidad\",\"Comarcas\",\"Noticias\"],\"inLanguage\":\"es\"},{\"@type\":\"WebPage\",\"@id\":\"https:\\\/\\\/www.copealcoy.es\\\/es\\\/la-inauguracion-de-la-fira-reune-a-una-amplia-representacion-institucional\\\/\",\"url\":\"https:\\\/\\\/www.copealcoy.es\\\/es\\\/la-inauguracion-de-la-fira-reune-a-una-amplia-representacion-institucional\\\/\",\"name\":\"La inauguraci\u00f3n de la Fira re\u00fane a una amplia representaci\u00f3n institucional - COPE Alcoy\",\"isPartOf\":{\"@id\":\"https:\\\/\\\/www.copealcoy.es\\\/es\\\/#website\"},\"primaryImageOfPage\":{\"@id\":\"https:\\\/\\\/www.copealcoy.es\\\/es\\\/la-inauguracion-de-la-fira-reune-a-una-amplia-representacion-institucional\\\/#primaryimage\"},\"image\":{\"@id\":\"https:\\\/\\\/www.copealcoy.es\\\/es\\\/la-inauguracion-de-la-fira-reune-a-una-amplia-representacion-institucional\\\/#primaryimage\"},\"thumbnailUrl\":\"https:\\\/\\\/www.copealcoy.es\\\/wp-content\\\/uploads\\\/2025\\\/10\\\/unnamed-1-32-scaled.jpg\",\"datePublished\":\"2025-10-31T16:00:16+00:00\",\"dateModified\":\"2025-11-08T20:28:53+00:00\",\"author\":{\"@id\":\"https:\\\/\\\/www.copealcoy.es\\\/es\\\/#\\\/schema\\\/person\\\/e777c87fa024e57d40170af9df39882c\"},\"description\":\"La inauguraci\u00f3n de la Fira re\u00fane a una amplia representaci\u00f3n institucional\",\"breadcrumb\":{\"@id\":\"https:\\\/\\\/www.copealcoy.es\\\/es\\\/la-inauguracion-de-la-fira-reune-a-una-amplia-representacion-institucional\\\/#breadcrumb\"},\"inLanguage\":\"es\",\"potentialAction\":[{\"@type\":\"ReadAction\",\"target\":[\"https:\\\/\\\/www.copealcoy.es\\\/es\\\/la-inauguracion-de-la-fira-reune-a-una-amplia-representacion-institucional\\\/\"]}]},{\"@type\":\"ImageObject\",\"inLanguage\":\"es\",\"@id\":\"https:\\\/\\\/www.copealcoy.es\\\/es\\\/la-inauguracion-de-la-fira-reune-a-una-amplia-representacion-institucional\\\/#primaryimage\",\"url\":\"https:\\\/\\\/www.copealcoy.es\\\/wp-content\\\/uploads\\\/2025\\\/10\\\/unnamed-1-32-scaled.jpg\",\"contentUrl\":\"https:\\\/\\\/www.copealcoy.es\\\/wp-content\\\/uploads\\\/2025\\\/10\\\/unnamed-1-32-scaled.jpg\",\"width\":2560,\"height\":1920},{\"@type\":\"BreadcrumbList\",\"@id\":\"https:\\\/\\\/www.copealcoy.es\\\/es\\\/la-inauguracion-de-la-fira-reune-a-una-amplia-representacion-institucional\\\/#breadcrumb\",\"itemListElement\":[{\"@type\":\"ListItem\",\"position\":1,\"name\":\"Portada\",\"item\":\"https:\\\/\\\/www.copealcoy.es\\\/es\\\/\"},{\"@type\":\"ListItem\",\"position\":2,\"name\":\"La inauguraci\u00f3n de la Fira re\u00fane a una amplia representaci\u00f3n institucional\"}]},{\"@type\":\"WebSite\",\"@id\":\"https:\\\/\\\/www.copealcoy.es\\\/es\\\/#website\",\"url\":\"https:\\\/\\\/www.copealcoy.es\\\/es\\\/\",\"name\":\"COPE Alcoy\",\"description\":\"Emisora COPE de radio local con emisi\u00f3n online. Pont de Sant Jordi 8-10 03803 Alcoy\",\"potentialAction\":[{\"@type\":\"SearchAction\",\"target\":{\"@type\":\"EntryPoint\",\"urlTemplate\":\"https:\\\/\\\/www.copealcoy.es\\\/es\\\/?s={search_term_string}\"},\"query-input\":{\"@type\":\"PropertyValueSpecification\",\"valueRequired\":true,\"valueName\":\"search_term_string\"}}],\"inLanguage\":\"es\"},{\"@type\":\"Person\",\"@id\":\"https:\\\/\\\/www.copealcoy.es\\\/es\\\/#\\\/schema\\\/person\\\/e777c87fa024e57d40170af9df39882c\",\"name\":\"Cope Alcoy\",\"image\":{\"@type\":\"ImageObject\",\"inLanguage\":\"es\",\"@id\":\"https:\\\/\\\/secure.gravatar.com\\\/avatar\\\/bb65d0283347e303893ba14f0692005417c1e0e690a325a4c5d8bb2b3943ee14?s=96&d=mm&r=g\",\"url\":\"https:\\\/\\\/secure.gravatar.com\\\/avatar\\\/bb65d0283347e303893ba14f0692005417c1e0e690a325a4c5d8bb2b3943ee14?s=96&d=mm&r=g\",\"contentUrl\":\"https:\\\/\\\/secure.gravatar.com\\\/avatar\\\/bb65d0283347e303893ba14f0692005417c1e0e690a325a4c5d8bb2b3943ee14?s=96&d=mm&r=g\",\"caption\":\"Cope Alcoy\"}}]}<\/script>\n<!-- \/ Yoast SEO plugin. -->","yoast_head_json":{"title":"La inauguraci\u00f3n de la Fira re\u00fane a una amplia representaci\u00f3n institucional - COPE Alcoy","description":"La inauguraci\u00f3n de la Fira re\u00fane a una amplia representaci\u00f3n institucional","robots":{"index":"index","follow":"follow","max-snippet":"max-snippet:-1","max-image-preview":"max-image-preview:large","max-video-preview":"max-video-preview:-1"},"canonical":"https:\/\/www.copealcoy.es\/es\/la-inauguracion-de-la-fira-reune-a-una-amplia-representacion-institucional\/","og_locale":"es_ES","og_type":"article","og_title":"La inauguraci\u00f3n de la Fira re\u00fane a una amplia representaci\u00f3n institucional - COPE Alcoy","og_description":"La inauguraci\u00f3n de la Fira re\u00fane a una amplia representaci\u00f3n institucional","og_url":"https:\/\/www.copealcoy.es\/es\/la-inauguracion-de-la-fira-reune-a-una-amplia-representacion-institucional\/","og_site_name":"COPE Alcoy","article_published_time":"2025-10-31T16:00:16+00:00","article_modified_time":"2025-11-08T20:28:53+00:00","og_image":[{"width":2560,"height":1920,"url":"https:\/\/www.copealcoy.es\/wp-content\/uploads\/2025\/10\/unnamed-1-32-scaled.jpg","type":"image\/jpeg"}],"author":"Cope Alcoy","twitter_misc":{"Escrito por":"Cope Alcoy","Tiempo de lectura":"3 minutos"},"schema":{"@context":"https:\/\/schema.org","@graph":[{"@type":"Article","@id":"https:\/\/www.copealcoy.es\/es\/la-inauguracion-de-la-fira-reune-a-una-amplia-representacion-institucional\/#article","isPartOf":{"@id":"https:\/\/www.copealcoy.es\/es\/la-inauguracion-de-la-fira-reune-a-una-amplia-representacion-institucional\/"},"author":{"name":"Cope Alcoy","@id":"https:\/\/www.copealcoy.es\/es\/#\/schema\/person\/e777c87fa024e57d40170af9df39882c"},"headline":"La inauguraci\u00f3n de la Fira re\u00fane a una amplia representaci\u00f3n institucional","datePublished":"2025-10-31T16:00:16+00:00","dateModified":"2025-11-08T20:28:53+00:00","mainEntityOfPage":{"@id":"https:\/\/www.copealcoy.es\/es\/la-inauguracion-de-la-fira-reune-a-una-amplia-representacion-institucional\/"},"wordCount":670,"image":{"@id":"https:\/\/www.copealcoy.es\/es\/la-inauguracion-de-la-fira-reune-a-una-amplia-representacion-institucional\/#primaryimage"},"thumbnailUrl":"https:\/\/www.copealcoy.es\/wp-content\/uploads\/2025\/10\/unnamed-1-32-scaled.jpg","keywords":["Cocentaina","Fira de Tots Sants","Inauguraci\u00f3n Oficial","representac\u00f3n institucional"],"articleSection":["Actualidad","Comarcas","Noticias"],"inLanguage":"es"},{"@type":"WebPage","@id":"https:\/\/www.copealcoy.es\/es\/la-inauguracion-de-la-fira-reune-a-una-amplia-representacion-institucional\/","url":"https:\/\/www.copealcoy.es\/es\/la-inauguracion-de-la-fira-reune-a-una-amplia-representacion-institucional\/","name":"La inauguraci\u00f3n de la Fira re\u00fane a una amplia representaci\u00f3n institucional - COPE Alcoy","isPartOf":{"@id":"https:\/\/www.copealcoy.es\/es\/#website"},"primaryImageOfPage":{"@id":"https:\/\/www.copealcoy.es\/es\/la-inauguracion-de-la-fira-reune-a-una-amplia-representacion-institucional\/#primaryimage"},"image":{"@id":"https:\/\/www.copealcoy.es\/es\/la-inauguracion-de-la-fira-reune-a-una-amplia-representacion-institucional\/#primaryimage"},"thumbnailUrl":"https:\/\/www.copealcoy.es\/wp-content\/uploads\/2025\/10\/unnamed-1-32-scaled.jpg","datePublished":"2025-10-31T16:00:16+00:00","dateModified":"2025-11-08T20:28:53+00:00","author":{"@id":"https:\/\/www.copealcoy.es\/es\/#\/schema\/person\/e777c87fa024e57d40170af9df39882c"},"description":"La inauguraci\u00f3n de la Fira re\u00fane a una amplia representaci\u00f3n institucional","breadcrumb":{"@id":"https:\/\/www.copealcoy.es\/es\/la-inauguracion-de-la-fira-reune-a-una-amplia-representacion-institucional\/#breadcrumb"},"inLanguage":"es","potentialAction":[{"@type":"ReadAction","target":["https:\/\/www.copealcoy.es\/es\/la-inauguracion-de-la-fira-reune-a-una-amplia-representacion-institucional\/"]}]},{"@type":"ImageObject","inLanguage":"es","@id":"https:\/\/www.copealcoy.es\/es\/la-inauguracion-de-la-fira-reune-a-una-amplia-representacion-institucional\/#primaryimage","url":"https:\/\/www.copealcoy.es\/wp-content\/uploads\/2025\/10\/unnamed-1-32-scaled.jpg","contentUrl":"https:\/\/www.copealcoy.es\/wp-content\/uploads\/2025\/10\/unnamed-1-32-scaled.jpg","width":2560,"height":1920},{"@type":"BreadcrumbList","@id":"https:\/\/www.copealcoy.es\/es\/la-inauguracion-de-la-fira-reune-a-una-amplia-representacion-institucional\/#breadcrumb","itemListElement":[{"@type":"ListItem","position":1,"name":"Portada","item":"https:\/\/www.copealcoy.es\/es\/"},{"@type":"ListItem","position":2,"name":"La inauguraci\u00f3n de la Fira re\u00fane a una amplia representaci\u00f3n institucional"}]},{"@type":"WebSite","@id":"https:\/\/www.copealcoy.es\/es\/#website","url":"https:\/\/www.copealcoy.es\/es\/","name":"COPE Alcoy","description":"Emisora COPE de radio local con emisi\u00f3n online. Pont de Sant Jordi 8-10 03803 Alcoy","potentialAction":[{"@type":"SearchAction","target":{"@type":"EntryPoint","urlTemplate":"https:\/\/www.copealcoy.es\/es\/?s={search_term_string}"},"query-input":{"@type":"PropertyValueSpecification","valueRequired":true,"valueName":"search_term_string"}}],"inLanguage":"es"},{"@type":"Person","@id":"https:\/\/www.copealcoy.es\/es\/#\/schema\/person\/e777c87fa024e57d40170af9df39882c","name":"Cope Alcoy","image":{"@type":"ImageObject","inLanguage":"es","@id":"https:\/\/secure.gravatar.com\/avatar\/bb65d0283347e303893ba14f0692005417c1e0e690a325a4c5d8bb2b3943ee14?s=96&d=mm&r=g","url":"https:\/\/secure.gravatar.com\/avatar\/bb65d0283347e303893ba14f0692005417c1e0e690a325a4c5d8bb2b3943ee14?s=96&d=mm&r=g","contentUrl":"https:\/\/secure.gravatar.com\/avatar\/bb65d0283347e303893ba14f0692005417c1e0e690a325a4c5d8bb2b3943ee14?s=96&d=mm&r=g","caption":"Cope Alcoy"}}]}},"_links":{"self":[{"href":"https:\/\/www.copealcoy.es\/es\/wp-json\/wp\/v2\/posts\/159568","targetHints":{"allow":["GET"]}}],"collection":[{"href":"https:\/\/www.copealcoy.es\/es\/wp-json\/wp\/v2\/posts"}],"about":[{"href":"https:\/\/www.copealcoy.es\/es\/wp-json\/wp\/v2\/types\/post"}],"author":[{"embeddable":true,"href":"https:\/\/www.copealcoy.es\/es\/wp-json\/wp\/v2\/users\/1"}],"replies":[{"embeddable":true,"href":"https:\/\/www.copealcoy.es\/es\/wp-json\/wp\/v2\/comments?post=159568"}],"version-history":[{"count":3,"href":"https:\/\/www.copealcoy.es\/es\/wp-json\/wp\/v2\/posts\/159568\/revisions"}],"predecessor-version":[{"id":159646,"href":"https:\/\/www.copealcoy.es\/es\/wp-json\/wp\/v2\/posts\/159568\/revisions\/159646"}],"wp:featuredmedia":[{"embeddable":true,"href":"https:\/\/www.copealcoy.es\/es\/wp-json\/wp\/v2\/media\/159241"}],"wp:attachment":[{"href":"https:\/\/www.copealcoy.es\/es\/wp-json\/wp\/v2\/media?parent=159568"}],"wp:term":[{"taxonomy":"category","embeddable":true,"href":"https:\/\/www.copealcoy.es\/es\/wp-json\/wp\/v2\/categories?post=159568"},{"taxonomy":"post_tag","embeddable":true,"href":"https:\/\/www.copealcoy.es\/es\/wp-json\/wp\/v2\/tags?post=159568"}],"curies":[{"name":"wp","href":"https:\/\/api.w.org\/{rel}","templated":true}]}}