{"id":159493,"date":"2025-11-07T14:11:24","date_gmt":"2025-11-07T13:11:24","guid":{"rendered":"https:\/\/www.copealcoy.es\/?p=159493"},"modified":"2025-11-07T14:15:08","modified_gmt":"2025-11-07T13:15:08","slug":"ester-hernandez-autora-del-cartel-que-anunciara-la-proxima-cabalgata-de-alcoy","status":"publish","type":"post","link":"https:\/\/www.copealcoy.es\/es\/ester-hernandez-autora-del-cartel-que-anunciara-la-proxima-cabalgata-de-alcoy\/","title":{"rendered":"Ester Hern\u00e1ndez, autora del cartel que anunciar\u00e1 la pr\u00f3xima Cabalgata de Alcoy"},"content":{"rendered":"<p style=\"text-align: justify;\" data-start=\"285\" data-end=\"737\">El jurado ha elegido el cartel que anunciar\u00e1 la <strong data-start=\"333\" data-end=\"375\">CXLI Cabalgata de Reyes Magos de Alcoy<\/strong>, que se celebrar\u00e1 el <strong data-start=\"397\" data-end=\"419\">5 de enero de 2026<\/strong>, una de las tradiciones m\u00e1s emblem\u00e1ticas de la ciudad. La obra seleccionada es de <strong data-start=\"502\" data-end=\"521\">Ester Hern\u00e1ndez<\/strong>, una joven dise\u00f1adora e ilustradora valenciana de <strong data-start=\"572\" data-end=\"583\">26 a\u00f1os<\/strong>, que ha sabido captar la <strong data-start=\"609\" data-end=\"631\">magia y la esencia<\/strong> de esta cita centenaria a trav\u00e9s de una propuesta realizada con <strong data-start=\"696\" data-end=\"710\">plastilina<\/strong>, su material distintivo.<\/p>\n<p style=\"text-align: justify;\" data-start=\"739\" data-end=\"1082\">Hern\u00e1ndez, graduada en <strong data-start=\"762\" data-end=\"804\">Dise\u00f1o Gr\u00e1fico por la EASD de Val\u00e8ncia<\/strong>, explic\u00f3 que su trabajo busca reflejar \u201c<strong data-start=\"845\" data-end=\"880\">la ilusi\u00f3n de la Noche de Reyes<\/strong> que todos conservamos desde la infancia\u201d. La artista ha incorporado en su dise\u00f1o <strong data-start=\"962\" data-end=\"994\">la emblem\u00e1tica escalera roja<\/strong> como estela de la estrella principal, s\u00edmbolo inconfundible de la Cabalgata alcoyana.<\/p>\n<p style=\"text-align: justify;\" data-start=\"1084\" data-end=\"1521\">Como novedad, el <strong data-start=\"1101\" data-end=\"1125\">concurso de este a\u00f1o<\/strong> ha incorporado la <strong data-start=\"1144\" data-end=\"1194\">prohibici\u00f3n del uso de inteligencia artificial<\/strong> en la creaci\u00f3n de las obras, garantizando as\u00ed la autenticidad y el valor artesanal de los trabajos presentados. El jurado, compuesto por <strong data-start=\"1332\" data-end=\"1370\">profesionales del arte y el dise\u00f1o<\/strong> junto a una representante del <strong data-start=\"1401\" data-end=\"1445\">Consejo Local de Infancia y Adolescencia<\/strong>, destac\u00f3 la creatividad y el car\u00e1cter emocional de la propuesta ganadora.<\/p>\n<p style=\"text-align: justify;\" data-start=\"1523\" data-end=\"1926\">La <a href=\"https:\/\/www.alcoyturismo.com\/pag\/4089\/la-cabalgata.html?lang=1\" target=\"_blank\" rel=\"noopener\"><span style=\"color: #0000ff;\"><strong data-start=\"1526\" data-end=\"1548\">Cabalgata de Alcoy<\/strong><\/span><\/a>, considerada la <strong data-start=\"1565\" data-end=\"1590\">m\u00e1s antigua del mundo<\/strong>, forma parte de una <strong data-start=\"1611\" data-end=\"1638\">trilog\u00eda navide\u00f1a \u00fanica<\/strong> junto con <strong>Les<\/strong> <strong data-start=\"1653\" data-end=\"1705\">Pastoretes, El Bando Real y El Bel\u00e9n de Tirisiti<\/strong>, adem\u00e1s de la visita al Campamento Real. En los pr\u00f3ximos d\u00edas se conocer\u00e1n, adem\u00e1s, los nombres de las entidades que acompa\u00f1ar\u00e1n a Sus Majestades el 5 de enero as\u00ed como de las personas que guiar\u00e1n al Embajador Real e incluso le ayudar\u00e1n en la tarea de escribir El Bando.<\/p>\n","protected":false},"excerpt":{"rendered":"<p>El jurado ha elegido el cartel que anunciar\u00e1 la CXLI Cabalgata de Reyes Magos de Alcoy, que se celebrar\u00e1 el&#8230;<\/p>\n","protected":false},"author":1,"featured_media":159494,"comment_status":"closed","ping_status":"closed","sticky":false,"template":"","format":"standard","meta":{"footnotes":""},"categories":[6909,97,78,75,125],"tags":[1494,368,3660,20259,488],"class_list":["post-159493","post","type-post","status-publish","format-standard","has-post-thumbnail","hentry","category-actualidad","category-alcoy","category-fiestaycultura","category-noticias","category-portada","tag-alcoy","tag-cabalgata","tag-cartel-anunciador","tag-esther-hernandez","tag-reyes-magos"],"yoast_head":"<!-- This site is optimized with the Yoast SEO plugin v27.3 - https:\/\/yoast.com\/product\/yoast-seo-wordpress\/ -->\n<title>Ester Hern\u00e1ndez, autora del cartel que anunciar\u00e1 la pr\u00f3xima Cabalgata de Alcoy - COPE Alcoy<\/title>\n<meta name=\"description\" content=\"Ester Hern\u00e1ndez, autora del cartel que anunciar\u00e1 la pr\u00f3xima Cabalgata de Alcoy\" \/>\n<meta name=\"robots\" content=\"index, follow, max-snippet:-1, max-image-preview:large, max-video-preview:-1\" \/>\n<link rel=\"canonical\" href=\"https:\/\/www.copealcoy.es\/es\/ester-hernandez-autora-del-cartel-que-anunciara-la-proxima-cabalgata-de-alcoy\/\" \/>\n<meta property=\"og:locale\" content=\"es_ES\" \/>\n<meta property=\"og:type\" content=\"article\" \/>\n<meta property=\"og:title\" content=\"Ester Hern\u00e1ndez, autora del cartel que anunciar\u00e1 la pr\u00f3xima Cabalgata de Alcoy - COPE Alcoy\" \/>\n<meta property=\"og:description\" content=\"Ester Hern\u00e1ndez, autora del cartel que anunciar\u00e1 la pr\u00f3xima Cabalgata de Alcoy\" \/>\n<meta property=\"og:url\" content=\"https:\/\/www.copealcoy.es\/es\/ester-hernandez-autora-del-cartel-que-anunciara-la-proxima-cabalgata-de-alcoy\/\" \/>\n<meta property=\"og:site_name\" content=\"COPE Alcoy\" \/>\n<meta property=\"article:published_time\" content=\"2025-11-07T13:11:24+00:00\" \/>\n<meta property=\"article:modified_time\" content=\"2025-11-07T13:15:08+00:00\" \/>\n<meta property=\"og:image\" content=\"https:\/\/www.copealcoy.es\/wp-content\/uploads\/2025\/11\/Jurado-con-el-Cartel-Ganador-Jurat-amb-el-Cartell-Guanyador.jpg_1760067043.jpg\" \/>\n\t<meta property=\"og:image:width\" content=\"625\" \/>\n\t<meta property=\"og:image:height\" content=\"469\" \/>\n\t<meta property=\"og:image:type\" content=\"image\/jpeg\" \/>\n<meta name=\"author\" content=\"Cope Alcoy\" \/>\n<meta name=\"twitter:label1\" content=\"Escrito por\" \/>\n\t<meta name=\"twitter:data1\" content=\"Cope Alcoy\" \/>\n\t<meta name=\"twitter:label2\" content=\"Tiempo de lectura\" \/>\n\t<meta name=\"twitter:data2\" content=\"2 minutos\" \/>\n<script type=\"application\/ld+json\" class=\"yoast-schema-graph\">{\"@context\":\"https:\\\/\\\/schema.org\",\"@graph\":[{\"@type\":\"Article\",\"@id\":\"https:\\\/\\\/www.copealcoy.es\\\/es\\\/ester-hernandez-autora-del-cartel-que-anunciara-la-proxima-cabalgata-de-alcoy\\\/#article\",\"isPartOf\":{\"@id\":\"https:\\\/\\\/www.copealcoy.es\\\/es\\\/ester-hernandez-autora-del-cartel-que-anunciara-la-proxima-cabalgata-de-alcoy\\\/\"},\"author\":{\"name\":\"Cope Alcoy\",\"@id\":\"https:\\\/\\\/www.copealcoy.es\\\/es\\\/#\\\/schema\\\/person\\\/e777c87fa024e57d40170af9df39882c\"},\"headline\":\"Ester Hern\u00e1ndez, autora del cartel que anunciar\u00e1 la pr\u00f3xima Cabalgata de Alcoy\",\"datePublished\":\"2025-11-07T13:11:24+00:00\",\"dateModified\":\"2025-11-07T13:15:08+00:00\",\"mainEntityOfPage\":{\"@id\":\"https:\\\/\\\/www.copealcoy.es\\\/es\\\/ester-hernandez-autora-del-cartel-que-anunciara-la-proxima-cabalgata-de-alcoy\\\/\"},\"wordCount\":312,\"image\":{\"@id\":\"https:\\\/\\\/www.copealcoy.es\\\/es\\\/ester-hernandez-autora-del-cartel-que-anunciara-la-proxima-cabalgata-de-alcoy\\\/#primaryimage\"},\"thumbnailUrl\":\"https:\\\/\\\/www.copealcoy.es\\\/wp-content\\\/uploads\\\/2025\\\/11\\\/Jurado-con-el-Cartel-Ganador-Jurat-amb-el-Cartell-Guanyador.jpg_1760067043.jpg\",\"keywords\":[\"Alcoy\",\"Cabalgata\",\"cartel anunciador\",\"Esther Hern\u00e1ndez\",\"Reyes Magos\"],\"articleSection\":[\"Actualidad\",\"Alcoy\",\"Fiesta y Cultura\",\"Noticias\",\"Portada\"],\"inLanguage\":\"es\"},{\"@type\":\"WebPage\",\"@id\":\"https:\\\/\\\/www.copealcoy.es\\\/es\\\/ester-hernandez-autora-del-cartel-que-anunciara-la-proxima-cabalgata-de-alcoy\\\/\",\"url\":\"https:\\\/\\\/www.copealcoy.es\\\/es\\\/ester-hernandez-autora-del-cartel-que-anunciara-la-proxima-cabalgata-de-alcoy\\\/\",\"name\":\"Ester Hern\u00e1ndez, autora del cartel que anunciar\u00e1 la pr\u00f3xima Cabalgata de Alcoy - COPE Alcoy\",\"isPartOf\":{\"@id\":\"https:\\\/\\\/www.copealcoy.es\\\/es\\\/#website\"},\"primaryImageOfPage\":{\"@id\":\"https:\\\/\\\/www.copealcoy.es\\\/es\\\/ester-hernandez-autora-del-cartel-que-anunciara-la-proxima-cabalgata-de-alcoy\\\/#primaryimage\"},\"image\":{\"@id\":\"https:\\\/\\\/www.copealcoy.es\\\/es\\\/ester-hernandez-autora-del-cartel-que-anunciara-la-proxima-cabalgata-de-alcoy\\\/#primaryimage\"},\"thumbnailUrl\":\"https:\\\/\\\/www.copealcoy.es\\\/wp-content\\\/uploads\\\/2025\\\/11\\\/Jurado-con-el-Cartel-Ganador-Jurat-amb-el-Cartell-Guanyador.jpg_1760067043.jpg\",\"datePublished\":\"2025-11-07T13:11:24+00:00\",\"dateModified\":\"2025-11-07T13:15:08+00:00\",\"author\":{\"@id\":\"https:\\\/\\\/www.copealcoy.es\\\/es\\\/#\\\/schema\\\/person\\\/e777c87fa024e57d40170af9df39882c\"},\"description\":\"Ester Hern\u00e1ndez, autora del cartel que anunciar\u00e1 la pr\u00f3xima Cabalgata de Alcoy\",\"breadcrumb\":{\"@id\":\"https:\\\/\\\/www.copealcoy.es\\\/es\\\/ester-hernandez-autora-del-cartel-que-anunciara-la-proxima-cabalgata-de-alcoy\\\/#breadcrumb\"},\"inLanguage\":\"es\",\"potentialAction\":[{\"@type\":\"ReadAction\",\"target\":[\"https:\\\/\\\/www.copealcoy.es\\\/es\\\/ester-hernandez-autora-del-cartel-que-anunciara-la-proxima-cabalgata-de-alcoy\\\/\"]}]},{\"@type\":\"ImageObject\",\"inLanguage\":\"es\",\"@id\":\"https:\\\/\\\/www.copealcoy.es\\\/es\\\/ester-hernandez-autora-del-cartel-que-anunciara-la-proxima-cabalgata-de-alcoy\\\/#primaryimage\",\"url\":\"https:\\\/\\\/www.copealcoy.es\\\/wp-content\\\/uploads\\\/2025\\\/11\\\/Jurado-con-el-Cartel-Ganador-Jurat-amb-el-Cartell-Guanyador.jpg_1760067043.jpg\",\"contentUrl\":\"https:\\\/\\\/www.copealcoy.es\\\/wp-content\\\/uploads\\\/2025\\\/11\\\/Jurado-con-el-Cartel-Ganador-Jurat-amb-el-Cartell-Guanyador.jpg_1760067043.jpg\",\"width\":625,\"height\":469},{\"@type\":\"BreadcrumbList\",\"@id\":\"https:\\\/\\\/www.copealcoy.es\\\/es\\\/ester-hernandez-autora-del-cartel-que-anunciara-la-proxima-cabalgata-de-alcoy\\\/#breadcrumb\",\"itemListElement\":[{\"@type\":\"ListItem\",\"position\":1,\"name\":\"Portada\",\"item\":\"https:\\\/\\\/www.copealcoy.es\\\/es\\\/\"},{\"@type\":\"ListItem\",\"position\":2,\"name\":\"Ester Hern\u00e1ndez, autora del cartel que anunciar\u00e1 la pr\u00f3xima Cabalgata de Alcoy\"}]},{\"@type\":\"WebSite\",\"@id\":\"https:\\\/\\\/www.copealcoy.es\\\/es\\\/#website\",\"url\":\"https:\\\/\\\/www.copealcoy.es\\\/es\\\/\",\"name\":\"COPE Alcoy\",\"description\":\"Emisora COPE de radio local con emisi\u00f3n online. Pont de Sant Jordi 8-10 03803 Alcoy\",\"potentialAction\":[{\"@type\":\"SearchAction\",\"target\":{\"@type\":\"EntryPoint\",\"urlTemplate\":\"https:\\\/\\\/www.copealcoy.es\\\/es\\\/?s={search_term_string}\"},\"query-input\":{\"@type\":\"PropertyValueSpecification\",\"valueRequired\":true,\"valueName\":\"search_term_string\"}}],\"inLanguage\":\"es\"},{\"@type\":\"Person\",\"@id\":\"https:\\\/\\\/www.copealcoy.es\\\/es\\\/#\\\/schema\\\/person\\\/e777c87fa024e57d40170af9df39882c\",\"name\":\"Cope Alcoy\",\"image\":{\"@type\":\"ImageObject\",\"inLanguage\":\"es\",\"@id\":\"https:\\\/\\\/secure.gravatar.com\\\/avatar\\\/bb65d0283347e303893ba14f0692005417c1e0e690a325a4c5d8bb2b3943ee14?s=96&d=mm&r=g\",\"url\":\"https:\\\/\\\/secure.gravatar.com\\\/avatar\\\/bb65d0283347e303893ba14f0692005417c1e0e690a325a4c5d8bb2b3943ee14?s=96&d=mm&r=g\",\"contentUrl\":\"https:\\\/\\\/secure.gravatar.com\\\/avatar\\\/bb65d0283347e303893ba14f0692005417c1e0e690a325a4c5d8bb2b3943ee14?s=96&d=mm&r=g\",\"caption\":\"Cope Alcoy\"}}]}<\/script>\n<!-- \/ Yoast SEO plugin. -->","yoast_head_json":{"title":"Ester Hern\u00e1ndez, autora del cartel que anunciar\u00e1 la pr\u00f3xima Cabalgata de Alcoy - COPE Alcoy","description":"Ester Hern\u00e1ndez, autora del cartel que anunciar\u00e1 la pr\u00f3xima Cabalgata de Alcoy","robots":{"index":"index","follow":"follow","max-snippet":"max-snippet:-1","max-image-preview":"max-image-preview:large","max-video-preview":"max-video-preview:-1"},"canonical":"https:\/\/www.copealcoy.es\/es\/ester-hernandez-autora-del-cartel-que-anunciara-la-proxima-cabalgata-de-alcoy\/","og_locale":"es_ES","og_type":"article","og_title":"Ester Hern\u00e1ndez, autora del cartel que anunciar\u00e1 la pr\u00f3xima Cabalgata de Alcoy - COPE Alcoy","og_description":"Ester Hern\u00e1ndez, autora del cartel que anunciar\u00e1 la pr\u00f3xima Cabalgata de Alcoy","og_url":"https:\/\/www.copealcoy.es\/es\/ester-hernandez-autora-del-cartel-que-anunciara-la-proxima-cabalgata-de-alcoy\/","og_site_name":"COPE Alcoy","article_published_time":"2025-11-07T13:11:24+00:00","article_modified_time":"2025-11-07T13:15:08+00:00","og_image":[{"width":625,"height":469,"url":"https:\/\/www.copealcoy.es\/wp-content\/uploads\/2025\/11\/Jurado-con-el-Cartel-Ganador-Jurat-amb-el-Cartell-Guanyador.jpg_1760067043.jpg","type":"image\/jpeg"}],"author":"Cope Alcoy","twitter_misc":{"Escrito por":"Cope Alcoy","Tiempo de lectura":"2 minutos"},"schema":{"@context":"https:\/\/schema.org","@graph":[{"@type":"Article","@id":"https:\/\/www.copealcoy.es\/es\/ester-hernandez-autora-del-cartel-que-anunciara-la-proxima-cabalgata-de-alcoy\/#article","isPartOf":{"@id":"https:\/\/www.copealcoy.es\/es\/ester-hernandez-autora-del-cartel-que-anunciara-la-proxima-cabalgata-de-alcoy\/"},"author":{"name":"Cope Alcoy","@id":"https:\/\/www.copealcoy.es\/es\/#\/schema\/person\/e777c87fa024e57d40170af9df39882c"},"headline":"Ester Hern\u00e1ndez, autora del cartel que anunciar\u00e1 la pr\u00f3xima Cabalgata de Alcoy","datePublished":"2025-11-07T13:11:24+00:00","dateModified":"2025-11-07T13:15:08+00:00","mainEntityOfPage":{"@id":"https:\/\/www.copealcoy.es\/es\/ester-hernandez-autora-del-cartel-que-anunciara-la-proxima-cabalgata-de-alcoy\/"},"wordCount":312,"image":{"@id":"https:\/\/www.copealcoy.es\/es\/ester-hernandez-autora-del-cartel-que-anunciara-la-proxima-cabalgata-de-alcoy\/#primaryimage"},"thumbnailUrl":"https:\/\/www.copealcoy.es\/wp-content\/uploads\/2025\/11\/Jurado-con-el-Cartel-Ganador-Jurat-amb-el-Cartell-Guanyador.jpg_1760067043.jpg","keywords":["Alcoy","Cabalgata","cartel anunciador","Esther Hern\u00e1ndez","Reyes Magos"],"articleSection":["Actualidad","Alcoy","Fiesta y Cultura","Noticias","Portada"],"inLanguage":"es"},{"@type":"WebPage","@id":"https:\/\/www.copealcoy.es\/es\/ester-hernandez-autora-del-cartel-que-anunciara-la-proxima-cabalgata-de-alcoy\/","url":"https:\/\/www.copealcoy.es\/es\/ester-hernandez-autora-del-cartel-que-anunciara-la-proxima-cabalgata-de-alcoy\/","name":"Ester Hern\u00e1ndez, autora del cartel que anunciar\u00e1 la pr\u00f3xima Cabalgata de Alcoy - COPE Alcoy","isPartOf":{"@id":"https:\/\/www.copealcoy.es\/es\/#website"},"primaryImageOfPage":{"@id":"https:\/\/www.copealcoy.es\/es\/ester-hernandez-autora-del-cartel-que-anunciara-la-proxima-cabalgata-de-alcoy\/#primaryimage"},"image":{"@id":"https:\/\/www.copealcoy.es\/es\/ester-hernandez-autora-del-cartel-que-anunciara-la-proxima-cabalgata-de-alcoy\/#primaryimage"},"thumbnailUrl":"https:\/\/www.copealcoy.es\/wp-content\/uploads\/2025\/11\/Jurado-con-el-Cartel-Ganador-Jurat-amb-el-Cartell-Guanyador.jpg_1760067043.jpg","datePublished":"2025-11-07T13:11:24+00:00","dateModified":"2025-11-07T13:15:08+00:00","author":{"@id":"https:\/\/www.copealcoy.es\/es\/#\/schema\/person\/e777c87fa024e57d40170af9df39882c"},"description":"Ester Hern\u00e1ndez, autora del cartel que anunciar\u00e1 la pr\u00f3xima Cabalgata de Alcoy","breadcrumb":{"@id":"https:\/\/www.copealcoy.es\/es\/ester-hernandez-autora-del-cartel-que-anunciara-la-proxima-cabalgata-de-alcoy\/#breadcrumb"},"inLanguage":"es","potentialAction":[{"@type":"ReadAction","target":["https:\/\/www.copealcoy.es\/es\/ester-hernandez-autora-del-cartel-que-anunciara-la-proxima-cabalgata-de-alcoy\/"]}]},{"@type":"ImageObject","inLanguage":"es","@id":"https:\/\/www.copealcoy.es\/es\/ester-hernandez-autora-del-cartel-que-anunciara-la-proxima-cabalgata-de-alcoy\/#primaryimage","url":"https:\/\/www.copealcoy.es\/wp-content\/uploads\/2025\/11\/Jurado-con-el-Cartel-Ganador-Jurat-amb-el-Cartell-Guanyador.jpg_1760067043.jpg","contentUrl":"https:\/\/www.copealcoy.es\/wp-content\/uploads\/2025\/11\/Jurado-con-el-Cartel-Ganador-Jurat-amb-el-Cartell-Guanyador.jpg_1760067043.jpg","width":625,"height":469},{"@type":"BreadcrumbList","@id":"https:\/\/www.copealcoy.es\/es\/ester-hernandez-autora-del-cartel-que-anunciara-la-proxima-cabalgata-de-alcoy\/#breadcrumb","itemListElement":[{"@type":"ListItem","position":1,"name":"Portada","item":"https:\/\/www.copealcoy.es\/es\/"},{"@type":"ListItem","position":2,"name":"Ester Hern\u00e1ndez, autora del cartel que anunciar\u00e1 la pr\u00f3xima Cabalgata de Alcoy"}]},{"@type":"WebSite","@id":"https:\/\/www.copealcoy.es\/es\/#website","url":"https:\/\/www.copealcoy.es\/es\/","name":"COPE Alcoy","description":"Emisora COPE de radio local con emisi\u00f3n online. Pont de Sant Jordi 8-10 03803 Alcoy","potentialAction":[{"@type":"SearchAction","target":{"@type":"EntryPoint","urlTemplate":"https:\/\/www.copealcoy.es\/es\/?s={search_term_string}"},"query-input":{"@type":"PropertyValueSpecification","valueRequired":true,"valueName":"search_term_string"}}],"inLanguage":"es"},{"@type":"Person","@id":"https:\/\/www.copealcoy.es\/es\/#\/schema\/person\/e777c87fa024e57d40170af9df39882c","name":"Cope Alcoy","image":{"@type":"ImageObject","inLanguage":"es","@id":"https:\/\/secure.gravatar.com\/avatar\/bb65d0283347e303893ba14f0692005417c1e0e690a325a4c5d8bb2b3943ee14?s=96&d=mm&r=g","url":"https:\/\/secure.gravatar.com\/avatar\/bb65d0283347e303893ba14f0692005417c1e0e690a325a4c5d8bb2b3943ee14?s=96&d=mm&r=g","contentUrl":"https:\/\/secure.gravatar.com\/avatar\/bb65d0283347e303893ba14f0692005417c1e0e690a325a4c5d8bb2b3943ee14?s=96&d=mm&r=g","caption":"Cope Alcoy"}}]}},"_links":{"self":[{"href":"https:\/\/www.copealcoy.es\/es\/wp-json\/wp\/v2\/posts\/159493","targetHints":{"allow":["GET"]}}],"collection":[{"href":"https:\/\/www.copealcoy.es\/es\/wp-json\/wp\/v2\/posts"}],"about":[{"href":"https:\/\/www.copealcoy.es\/es\/wp-json\/wp\/v2\/types\/post"}],"author":[{"embeddable":true,"href":"https:\/\/www.copealcoy.es\/es\/wp-json\/wp\/v2\/users\/1"}],"replies":[{"embeddable":true,"href":"https:\/\/www.copealcoy.es\/es\/wp-json\/wp\/v2\/comments?post=159493"}],"version-history":[{"count":2,"href":"https:\/\/www.copealcoy.es\/es\/wp-json\/wp\/v2\/posts\/159493\/revisions"}],"predecessor-version":[{"id":159498,"href":"https:\/\/www.copealcoy.es\/es\/wp-json\/wp\/v2\/posts\/159493\/revisions\/159498"}],"wp:featuredmedia":[{"embeddable":true,"href":"https:\/\/www.copealcoy.es\/es\/wp-json\/wp\/v2\/media\/159494"}],"wp:attachment":[{"href":"https:\/\/www.copealcoy.es\/es\/wp-json\/wp\/v2\/media?parent=159493"}],"wp:term":[{"taxonomy":"category","embeddable":true,"href":"https:\/\/www.copealcoy.es\/es\/wp-json\/wp\/v2\/categories?post=159493"},{"taxonomy":"post_tag","embeddable":true,"href":"https:\/\/www.copealcoy.es\/es\/wp-json\/wp\/v2\/tags?post=159493"}],"curies":[{"name":"wp","href":"https:\/\/api.w.org\/{rel}","templated":true}]}}