{"id":159481,"date":"2025-11-06T09:43:41","date_gmt":"2025-11-06T08:43:41","guid":{"rendered":"https:\/\/www.copealcoy.es\/?p=159481"},"modified":"2025-11-07T20:16:50","modified_gmt":"2025-11-07T19:16:50","slug":"dividen-en-lotes-las-obras-de-font-dolca-de-alcoy-para-garantizar-su-ejecucion","status":"publish","type":"post","link":"https:\/\/www.copealcoy.es\/es\/dividen-en-lotes-las-obras-de-font-dolca-de-alcoy-para-garantizar-su-ejecucion\/","title":{"rendered":"Dividen en lotes las obras de Font Dol\u00e7a de Alcoy para garantizar su ejecuci\u00f3n"},"content":{"rendered":"<p style=\"text-align: justify;\" data-start=\"0\" data-end=\"991\">El <a href=\"https:\/\/www.alcoi.org\/ca\/portal\/index.html\" target=\"_blank\" rel=\"noopener\"><span style=\"color: #0000ff;\"><strong data-start=\"3\" data-end=\"28\">Ayuntamiento de Alcoy<\/strong><\/span><\/a> ha decidido reactivar el <strong data-start=\"54\" data-end=\"104\">proyecto de mejora de la eficiencia energ\u00e9tica<\/strong> en el barrio de <strong data-start=\"121\" data-end=\"135\">Font Dol\u00e7a<\/strong>, una actuaci\u00f3n financiada con <strong data-start=\"166\" data-end=\"185\">fondos europeos<\/strong> que hab\u00eda quedado paralizada tras declararse desierta su licitaci\u00f3n en dos ocasiones. Con el fin de garantizar su ejecuci\u00f3n dentro de los plazos establecidos y favorecer la participaci\u00f3n de un mayor n\u00famero de constructoras, el Consistorio ha optado por <strong data-start=\"439\" data-end=\"489\">dividir las obras en seis lotes independientes<\/strong>, con un <strong data-start=\"498\" data-end=\"541\">presupuesto total de 4.276.809,56 euros<\/strong>. Las intervenciones afectar\u00e1n a <strong data-start=\"574\" data-end=\"601\">22 bloques de viviendas<\/strong> situados en las calles <strong data-start=\"625\" data-end=\"662\">Mestre Faus y Professor Sim\u00f3 Al\u00f3s<\/strong>, e incluir\u00e1n actuaciones centradas en la <strong data-start=\"704\" data-end=\"756\">mejora de la envolvente t\u00e9rmica de los edificios<\/strong>, la <strong data-start=\"761\" data-end=\"792\">sustituci\u00f3n de carpinter\u00edas<\/strong>, el <strong data-start=\"797\" data-end=\"836\">aislamiento de cubiertas y fachadas<\/strong> y la utilizaci\u00f3n de <strong data-start=\"857\" data-end=\"883\">materiales sostenibles<\/strong>, con el objetivo de <strong data-start=\"904\" data-end=\"937\">reducir el consumo energ\u00e9tico<\/strong> y <strong data-start=\"940\" data-end=\"971\">mejorar el confort interior<\/strong> de las viviendas.<\/p>\n<p style=\"text-align: justify;\" data-start=\"993\" data-end=\"1502\">La <strong data-start=\"996\" data-end=\"1036\">concejal de Urbanismo, Vanessa Molt\u00f3<\/strong>, ha explicado que \u201cel Ayuntamiento est\u00e1 adaptando el proyecto para garantizar que las obras se realicen y que Alcoy no pierda esta importante inversi\u00f3n europea\u201d, y ha destacado que <em>\u201cla divisi\u00f3n en lotes permitir\u00e1 atraer a m\u00e1s empresas, ajustar mejor los plazos y asegurar la ejecuci\u00f3n completa\u201d<\/em>. Molt\u00f3 ha subrayado adem\u00e1s que se trata de una actuaci\u00f3n <em>\u201cclave para mejorar la calidad de vida de los vecinos y modernizar el parque p\u00fablico de viviendas\u201d.<\/em><\/p>\n<p style=\"text-align: justify;\" data-start=\"1504\" data-end=\"2543\" data-is-last-node=\"\" data-is-only-node=\"\">Esta intervenci\u00f3n se enmarca dentro de una <strong data-start=\"1547\" data-end=\"1600\">estrategia global de regeneraci\u00f3n urbana en Alcoy<\/strong>, que incluye tambi\u00e9n la <strong data-start=\"1625\" data-end=\"1699\">rehabilitaci\u00f3n integral de los barrios de Font Dol\u00e7a y Sagrado Coraz\u00f3n<\/strong>, con una inversi\u00f3n conjunta que alcanza los <strong data-start=\"1744\" data-end=\"1769\">9,2 millones de euros<\/strong>. Mientras se prepara esta nueva licitaci\u00f3n, las <strong data-start=\"1818\" data-end=\"1860\">obras en el barrio del Sagrado Coraz\u00f3n<\/strong> \u2014que contemplan la <strong data-start=\"1880\" data-end=\"1915\">rehabilitaci\u00f3n de 208 viviendas<\/strong> y mejoras en accesibilidad y eficiencia energ\u00e9tica\u2014 est\u00e1n a punto de comenzar, consolidando uno de los <strong data-start=\"2019\" data-end=\"2070\">mayores programas de mejora de vivienda p\u00fablica<\/strong> en la ciudad en las \u00faltimas d\u00e9cadas. La licitaci\u00f3n se ha dise\u00f1ado con un <strong data-start=\"2144\" data-end=\"2164\">enfoque flexible<\/strong>, que permitir\u00e1 que empresas de distinto tama\u00f1o puedan optar a uno o varios lotes, garantizando as\u00ed una adjudicaci\u00f3n \u00e1gil conforme a los criterios del <strong data-start=\"2315\" data-end=\"2388\">Plan de Recuperaci\u00f3n, Transformaci\u00f3n y Resiliencia (NextGenerationEU)<\/strong>, impulsado por la <strong data-start=\"2407\" data-end=\"2424\">Uni\u00f3n Europea<\/strong> y gestionado en colaboraci\u00f3n con la <strong data-start=\"2461\" data-end=\"2542\">Vicepresidencia Segunda y Conselleria de Vivienda y Arquitectura Bioclim\u00e1tica<\/strong>.<\/p>\n","protected":false},"excerpt":{"rendered":"<p>El Ayuntamiento de Alcoy ha decidido reactivar el proyecto de mejora de la eficiencia energ\u00e9tica en el barrio de Font&#8230;<\/p>\n","protected":false},"author":1,"featured_media":159482,"comment_status":"closed","ping_status":"closed","sticky":false,"template":"","format":"standard","meta":{"footnotes":""},"categories":[6909,97,75,79],"tags":[1494,10984,2633,1686,418],"class_list":["post-159481","post","type-post","status-publish","format-standard","has-post-thumbnail","hentry","category-actualidad","category-alcoy","category-noticias","category-politicayeconomia","tag-alcoy","tag-ejecucion","tag-font-dolca","tag-lotes","tag-reforma"],"yoast_head":"<!-- This site is optimized with the Yoast SEO plugin v27.3 - https:\/\/yoast.com\/product\/yoast-seo-wordpress\/ -->\n<title>Dividen en lotes las obras de Font Dol\u00e7a de Alcoy para garantizar su ejecuci\u00f3n - COPE Alcoy<\/title>\n<meta name=\"description\" content=\"Dividen en lotes las obras de Font Dol\u00e7a de Alcoy para garantizar su ejecuci\u00f3n\" \/>\n<meta name=\"robots\" content=\"index, follow, max-snippet:-1, max-image-preview:large, max-video-preview:-1\" \/>\n<link rel=\"canonical\" href=\"https:\/\/www.copealcoy.es\/es\/dividen-en-lotes-las-obras-de-font-dolca-de-alcoy-para-garantizar-su-ejecucion\/\" \/>\n<meta property=\"og:locale\" content=\"es_ES\" \/>\n<meta property=\"og:type\" content=\"article\" \/>\n<meta property=\"og:title\" content=\"Dividen en lotes las obras de Font Dol\u00e7a de Alcoy para garantizar su ejecuci\u00f3n - COPE Alcoy\" \/>\n<meta property=\"og:description\" content=\"Dividen en lotes las obras de Font Dol\u00e7a de Alcoy para garantizar su ejecuci\u00f3n\" \/>\n<meta property=\"og:url\" content=\"https:\/\/www.copealcoy.es\/es\/dividen-en-lotes-las-obras-de-font-dolca-de-alcoy-para-garantizar-su-ejecucion\/\" \/>\n<meta property=\"og:site_name\" content=\"COPE Alcoy\" \/>\n<meta property=\"article:published_time\" content=\"2025-11-06T08:43:41+00:00\" \/>\n<meta property=\"article:modified_time\" content=\"2025-11-07T19:16:50+00:00\" \/>\n<meta property=\"og:image\" content=\"https:\/\/www.copealcoy.es\/wp-content\/uploads\/2025\/11\/Font-Dolca-logos.jpg_1905059840.jpg\" \/>\n\t<meta property=\"og:image:width\" content=\"623\" \/>\n\t<meta property=\"og:image:height\" content=\"355\" \/>\n\t<meta property=\"og:image:type\" content=\"image\/jpeg\" \/>\n<meta name=\"author\" content=\"Cope Alcoy\" \/>\n<meta name=\"twitter:label1\" content=\"Escrito por\" \/>\n\t<meta name=\"twitter:data1\" content=\"Cope Alcoy\" \/>\n\t<meta name=\"twitter:label2\" content=\"Tiempo de lectura\" \/>\n\t<meta name=\"twitter:data2\" content=\"3 minutos\" \/>\n<script type=\"application\/ld+json\" class=\"yoast-schema-graph\">{\"@context\":\"https:\\\/\\\/schema.org\",\"@graph\":[{\"@type\":\"Article\",\"@id\":\"https:\\\/\\\/www.copealcoy.es\\\/es\\\/dividen-en-lotes-las-obras-de-font-dolca-de-alcoy-para-garantizar-su-ejecucion\\\/#article\",\"isPartOf\":{\"@id\":\"https:\\\/\\\/www.copealcoy.es\\\/es\\\/dividen-en-lotes-las-obras-de-font-dolca-de-alcoy-para-garantizar-su-ejecucion\\\/\"},\"author\":{\"name\":\"Cope Alcoy\",\"@id\":\"https:\\\/\\\/www.copealcoy.es\\\/es\\\/#\\\/schema\\\/person\\\/e777c87fa024e57d40170af9df39882c\"},\"headline\":\"Dividen en lotes las obras de Font Dol\u00e7a de Alcoy para garantizar su ejecuci\u00f3n\",\"datePublished\":\"2025-11-06T08:43:41+00:00\",\"dateModified\":\"2025-11-07T19:16:50+00:00\",\"mainEntityOfPage\":{\"@id\":\"https:\\\/\\\/www.copealcoy.es\\\/es\\\/dividen-en-lotes-las-obras-de-font-dolca-de-alcoy-para-garantizar-su-ejecucion\\\/\"},\"wordCount\":433,\"image\":{\"@id\":\"https:\\\/\\\/www.copealcoy.es\\\/es\\\/dividen-en-lotes-las-obras-de-font-dolca-de-alcoy-para-garantizar-su-ejecucion\\\/#primaryimage\"},\"thumbnailUrl\":\"https:\\\/\\\/www.copealcoy.es\\\/wp-content\\\/uploads\\\/2025\\\/11\\\/Font-Dolca-logos.jpg_1905059840.jpg\",\"keywords\":[\"Alcoy\",\"ejecuci\u00f3n\",\"Font Dol\u00e7a\",\"Lotes\",\"Reforma\"],\"articleSection\":[\"Actualidad\",\"Alcoy\",\"Noticias\",\"Pol\u00edtica y Econom\u00eda\"],\"inLanguage\":\"es\"},{\"@type\":\"WebPage\",\"@id\":\"https:\\\/\\\/www.copealcoy.es\\\/es\\\/dividen-en-lotes-las-obras-de-font-dolca-de-alcoy-para-garantizar-su-ejecucion\\\/\",\"url\":\"https:\\\/\\\/www.copealcoy.es\\\/es\\\/dividen-en-lotes-las-obras-de-font-dolca-de-alcoy-para-garantizar-su-ejecucion\\\/\",\"name\":\"Dividen en lotes las obras de Font Dol\u00e7a de Alcoy para garantizar su ejecuci\u00f3n - COPE Alcoy\",\"isPartOf\":{\"@id\":\"https:\\\/\\\/www.copealcoy.es\\\/es\\\/#website\"},\"primaryImageOfPage\":{\"@id\":\"https:\\\/\\\/www.copealcoy.es\\\/es\\\/dividen-en-lotes-las-obras-de-font-dolca-de-alcoy-para-garantizar-su-ejecucion\\\/#primaryimage\"},\"image\":{\"@id\":\"https:\\\/\\\/www.copealcoy.es\\\/es\\\/dividen-en-lotes-las-obras-de-font-dolca-de-alcoy-para-garantizar-su-ejecucion\\\/#primaryimage\"},\"thumbnailUrl\":\"https:\\\/\\\/www.copealcoy.es\\\/wp-content\\\/uploads\\\/2025\\\/11\\\/Font-Dolca-logos.jpg_1905059840.jpg\",\"datePublished\":\"2025-11-06T08:43:41+00:00\",\"dateModified\":\"2025-11-07T19:16:50+00:00\",\"author\":{\"@id\":\"https:\\\/\\\/www.copealcoy.es\\\/es\\\/#\\\/schema\\\/person\\\/e777c87fa024e57d40170af9df39882c\"},\"description\":\"Dividen en lotes las obras de Font Dol\u00e7a de Alcoy para garantizar su ejecuci\u00f3n\",\"breadcrumb\":{\"@id\":\"https:\\\/\\\/www.copealcoy.es\\\/es\\\/dividen-en-lotes-las-obras-de-font-dolca-de-alcoy-para-garantizar-su-ejecucion\\\/#breadcrumb\"},\"inLanguage\":\"es\",\"potentialAction\":[{\"@type\":\"ReadAction\",\"target\":[\"https:\\\/\\\/www.copealcoy.es\\\/es\\\/dividen-en-lotes-las-obras-de-font-dolca-de-alcoy-para-garantizar-su-ejecucion\\\/\"]}]},{\"@type\":\"ImageObject\",\"inLanguage\":\"es\",\"@id\":\"https:\\\/\\\/www.copealcoy.es\\\/es\\\/dividen-en-lotes-las-obras-de-font-dolca-de-alcoy-para-garantizar-su-ejecucion\\\/#primaryimage\",\"url\":\"https:\\\/\\\/www.copealcoy.es\\\/wp-content\\\/uploads\\\/2025\\\/11\\\/Font-Dolca-logos.jpg_1905059840.jpg\",\"contentUrl\":\"https:\\\/\\\/www.copealcoy.es\\\/wp-content\\\/uploads\\\/2025\\\/11\\\/Font-Dolca-logos.jpg_1905059840.jpg\",\"width\":623,\"height\":355},{\"@type\":\"BreadcrumbList\",\"@id\":\"https:\\\/\\\/www.copealcoy.es\\\/es\\\/dividen-en-lotes-las-obras-de-font-dolca-de-alcoy-para-garantizar-su-ejecucion\\\/#breadcrumb\",\"itemListElement\":[{\"@type\":\"ListItem\",\"position\":1,\"name\":\"Portada\",\"item\":\"https:\\\/\\\/www.copealcoy.es\\\/es\\\/\"},{\"@type\":\"ListItem\",\"position\":2,\"name\":\"Dividen en lotes las obras de Font Dol\u00e7a de Alcoy para garantizar su ejecuci\u00f3n\"}]},{\"@type\":\"WebSite\",\"@id\":\"https:\\\/\\\/www.copealcoy.es\\\/es\\\/#website\",\"url\":\"https:\\\/\\\/www.copealcoy.es\\\/es\\\/\",\"name\":\"COPE Alcoy\",\"description\":\"Emisora COPE de radio local con emisi\u00f3n online. Pont de Sant Jordi 8-10 03803 Alcoy\",\"potentialAction\":[{\"@type\":\"SearchAction\",\"target\":{\"@type\":\"EntryPoint\",\"urlTemplate\":\"https:\\\/\\\/www.copealcoy.es\\\/es\\\/?s={search_term_string}\"},\"query-input\":{\"@type\":\"PropertyValueSpecification\",\"valueRequired\":true,\"valueName\":\"search_term_string\"}}],\"inLanguage\":\"es\"},{\"@type\":\"Person\",\"@id\":\"https:\\\/\\\/www.copealcoy.es\\\/es\\\/#\\\/schema\\\/person\\\/e777c87fa024e57d40170af9df39882c\",\"name\":\"Cope Alcoy\",\"image\":{\"@type\":\"ImageObject\",\"inLanguage\":\"es\",\"@id\":\"https:\\\/\\\/secure.gravatar.com\\\/avatar\\\/bb65d0283347e303893ba14f0692005417c1e0e690a325a4c5d8bb2b3943ee14?s=96&d=mm&r=g\",\"url\":\"https:\\\/\\\/secure.gravatar.com\\\/avatar\\\/bb65d0283347e303893ba14f0692005417c1e0e690a325a4c5d8bb2b3943ee14?s=96&d=mm&r=g\",\"contentUrl\":\"https:\\\/\\\/secure.gravatar.com\\\/avatar\\\/bb65d0283347e303893ba14f0692005417c1e0e690a325a4c5d8bb2b3943ee14?s=96&d=mm&r=g\",\"caption\":\"Cope Alcoy\"}}]}<\/script>\n<!-- \/ Yoast SEO plugin. -->","yoast_head_json":{"title":"Dividen en lotes las obras de Font Dol\u00e7a de Alcoy para garantizar su ejecuci\u00f3n - COPE Alcoy","description":"Dividen en lotes las obras de Font Dol\u00e7a de Alcoy para garantizar su ejecuci\u00f3n","robots":{"index":"index","follow":"follow","max-snippet":"max-snippet:-1","max-image-preview":"max-image-preview:large","max-video-preview":"max-video-preview:-1"},"canonical":"https:\/\/www.copealcoy.es\/es\/dividen-en-lotes-las-obras-de-font-dolca-de-alcoy-para-garantizar-su-ejecucion\/","og_locale":"es_ES","og_type":"article","og_title":"Dividen en lotes las obras de Font Dol\u00e7a de Alcoy para garantizar su ejecuci\u00f3n - COPE Alcoy","og_description":"Dividen en lotes las obras de Font Dol\u00e7a de Alcoy para garantizar su ejecuci\u00f3n","og_url":"https:\/\/www.copealcoy.es\/es\/dividen-en-lotes-las-obras-de-font-dolca-de-alcoy-para-garantizar-su-ejecucion\/","og_site_name":"COPE Alcoy","article_published_time":"2025-11-06T08:43:41+00:00","article_modified_time":"2025-11-07T19:16:50+00:00","og_image":[{"width":623,"height":355,"url":"https:\/\/www.copealcoy.es\/wp-content\/uploads\/2025\/11\/Font-Dolca-logos.jpg_1905059840.jpg","type":"image\/jpeg"}],"author":"Cope Alcoy","twitter_misc":{"Escrito por":"Cope Alcoy","Tiempo de lectura":"3 minutos"},"schema":{"@context":"https:\/\/schema.org","@graph":[{"@type":"Article","@id":"https:\/\/www.copealcoy.es\/es\/dividen-en-lotes-las-obras-de-font-dolca-de-alcoy-para-garantizar-su-ejecucion\/#article","isPartOf":{"@id":"https:\/\/www.copealcoy.es\/es\/dividen-en-lotes-las-obras-de-font-dolca-de-alcoy-para-garantizar-su-ejecucion\/"},"author":{"name":"Cope Alcoy","@id":"https:\/\/www.copealcoy.es\/es\/#\/schema\/person\/e777c87fa024e57d40170af9df39882c"},"headline":"Dividen en lotes las obras de Font Dol\u00e7a de Alcoy para garantizar su ejecuci\u00f3n","datePublished":"2025-11-06T08:43:41+00:00","dateModified":"2025-11-07T19:16:50+00:00","mainEntityOfPage":{"@id":"https:\/\/www.copealcoy.es\/es\/dividen-en-lotes-las-obras-de-font-dolca-de-alcoy-para-garantizar-su-ejecucion\/"},"wordCount":433,"image":{"@id":"https:\/\/www.copealcoy.es\/es\/dividen-en-lotes-las-obras-de-font-dolca-de-alcoy-para-garantizar-su-ejecucion\/#primaryimage"},"thumbnailUrl":"https:\/\/www.copealcoy.es\/wp-content\/uploads\/2025\/11\/Font-Dolca-logos.jpg_1905059840.jpg","keywords":["Alcoy","ejecuci\u00f3n","Font Dol\u00e7a","Lotes","Reforma"],"articleSection":["Actualidad","Alcoy","Noticias","Pol\u00edtica y Econom\u00eda"],"inLanguage":"es"},{"@type":"WebPage","@id":"https:\/\/www.copealcoy.es\/es\/dividen-en-lotes-las-obras-de-font-dolca-de-alcoy-para-garantizar-su-ejecucion\/","url":"https:\/\/www.copealcoy.es\/es\/dividen-en-lotes-las-obras-de-font-dolca-de-alcoy-para-garantizar-su-ejecucion\/","name":"Dividen en lotes las obras de Font Dol\u00e7a de Alcoy para garantizar su ejecuci\u00f3n - COPE Alcoy","isPartOf":{"@id":"https:\/\/www.copealcoy.es\/es\/#website"},"primaryImageOfPage":{"@id":"https:\/\/www.copealcoy.es\/es\/dividen-en-lotes-las-obras-de-font-dolca-de-alcoy-para-garantizar-su-ejecucion\/#primaryimage"},"image":{"@id":"https:\/\/www.copealcoy.es\/es\/dividen-en-lotes-las-obras-de-font-dolca-de-alcoy-para-garantizar-su-ejecucion\/#primaryimage"},"thumbnailUrl":"https:\/\/www.copealcoy.es\/wp-content\/uploads\/2025\/11\/Font-Dolca-logos.jpg_1905059840.jpg","datePublished":"2025-11-06T08:43:41+00:00","dateModified":"2025-11-07T19:16:50+00:00","author":{"@id":"https:\/\/www.copealcoy.es\/es\/#\/schema\/person\/e777c87fa024e57d40170af9df39882c"},"description":"Dividen en lotes las obras de Font Dol\u00e7a de Alcoy para garantizar su ejecuci\u00f3n","breadcrumb":{"@id":"https:\/\/www.copealcoy.es\/es\/dividen-en-lotes-las-obras-de-font-dolca-de-alcoy-para-garantizar-su-ejecucion\/#breadcrumb"},"inLanguage":"es","potentialAction":[{"@type":"ReadAction","target":["https:\/\/www.copealcoy.es\/es\/dividen-en-lotes-las-obras-de-font-dolca-de-alcoy-para-garantizar-su-ejecucion\/"]}]},{"@type":"ImageObject","inLanguage":"es","@id":"https:\/\/www.copealcoy.es\/es\/dividen-en-lotes-las-obras-de-font-dolca-de-alcoy-para-garantizar-su-ejecucion\/#primaryimage","url":"https:\/\/www.copealcoy.es\/wp-content\/uploads\/2025\/11\/Font-Dolca-logos.jpg_1905059840.jpg","contentUrl":"https:\/\/www.copealcoy.es\/wp-content\/uploads\/2025\/11\/Font-Dolca-logos.jpg_1905059840.jpg","width":623,"height":355},{"@type":"BreadcrumbList","@id":"https:\/\/www.copealcoy.es\/es\/dividen-en-lotes-las-obras-de-font-dolca-de-alcoy-para-garantizar-su-ejecucion\/#breadcrumb","itemListElement":[{"@type":"ListItem","position":1,"name":"Portada","item":"https:\/\/www.copealcoy.es\/es\/"},{"@type":"ListItem","position":2,"name":"Dividen en lotes las obras de Font Dol\u00e7a de Alcoy para garantizar su ejecuci\u00f3n"}]},{"@type":"WebSite","@id":"https:\/\/www.copealcoy.es\/es\/#website","url":"https:\/\/www.copealcoy.es\/es\/","name":"COPE Alcoy","description":"Emisora COPE de radio local con emisi\u00f3n online. Pont de Sant Jordi 8-10 03803 Alcoy","potentialAction":[{"@type":"SearchAction","target":{"@type":"EntryPoint","urlTemplate":"https:\/\/www.copealcoy.es\/es\/?s={search_term_string}"},"query-input":{"@type":"PropertyValueSpecification","valueRequired":true,"valueName":"search_term_string"}}],"inLanguage":"es"},{"@type":"Person","@id":"https:\/\/www.copealcoy.es\/es\/#\/schema\/person\/e777c87fa024e57d40170af9df39882c","name":"Cope Alcoy","image":{"@type":"ImageObject","inLanguage":"es","@id":"https:\/\/secure.gravatar.com\/avatar\/bb65d0283347e303893ba14f0692005417c1e0e690a325a4c5d8bb2b3943ee14?s=96&d=mm&r=g","url":"https:\/\/secure.gravatar.com\/avatar\/bb65d0283347e303893ba14f0692005417c1e0e690a325a4c5d8bb2b3943ee14?s=96&d=mm&r=g","contentUrl":"https:\/\/secure.gravatar.com\/avatar\/bb65d0283347e303893ba14f0692005417c1e0e690a325a4c5d8bb2b3943ee14?s=96&d=mm&r=g","caption":"Cope Alcoy"}}]}},"_links":{"self":[{"href":"https:\/\/www.copealcoy.es\/es\/wp-json\/wp\/v2\/posts\/159481","targetHints":{"allow":["GET"]}}],"collection":[{"href":"https:\/\/www.copealcoy.es\/es\/wp-json\/wp\/v2\/posts"}],"about":[{"href":"https:\/\/www.copealcoy.es\/es\/wp-json\/wp\/v2\/types\/post"}],"author":[{"embeddable":true,"href":"https:\/\/www.copealcoy.es\/es\/wp-json\/wp\/v2\/users\/1"}],"replies":[{"embeddable":true,"href":"https:\/\/www.copealcoy.es\/es\/wp-json\/wp\/v2\/comments?post=159481"}],"version-history":[{"count":2,"href":"https:\/\/www.copealcoy.es\/es\/wp-json\/wp\/v2\/posts\/159481\/revisions"}],"predecessor-version":[{"id":159485,"href":"https:\/\/www.copealcoy.es\/es\/wp-json\/wp\/v2\/posts\/159481\/revisions\/159485"}],"wp:featuredmedia":[{"embeddable":true,"href":"https:\/\/www.copealcoy.es\/es\/wp-json\/wp\/v2\/media\/159482"}],"wp:attachment":[{"href":"https:\/\/www.copealcoy.es\/es\/wp-json\/wp\/v2\/media?parent=159481"}],"wp:term":[{"taxonomy":"category","embeddable":true,"href":"https:\/\/www.copealcoy.es\/es\/wp-json\/wp\/v2\/categories?post=159481"},{"taxonomy":"post_tag","embeddable":true,"href":"https:\/\/www.copealcoy.es\/es\/wp-json\/wp\/v2\/tags?post=159481"}],"curies":[{"name":"wp","href":"https:\/\/api.w.org\/{rel}","templated":true}]}}