{"id":159392,"date":"2025-11-05T12:47:44","date_gmt":"2025-11-05T11:47:44","guid":{"rendered":"https:\/\/www.copealcoy.es\/?p=159392"},"modified":"2025-11-05T12:48:13","modified_gmt":"2025-11-05T11:48:13","slug":"instan-a-acelerar-las-obras-para-la-reforma-del-ies-andreu-sempere-de-alcoy","status":"publish","type":"post","link":"https:\/\/www.copealcoy.es\/es\/instan-a-acelerar-las-obras-para-la-reforma-del-ies-andreu-sempere-de-alcoy\/","title":{"rendered":"Instan a acelerar las obras para la reforma del IES Andreu Sempere de Alcoy"},"content":{"rendered":"<p style=\"text-align: justify;\" data-start=\"213\" data-end=\"598\">El alcalde de Alcoy, <strong data-start=\"266\" data-end=\"282\">Toni Franc\u00e9s<\/strong>, acompa\u00f1ado por el equipo directivo del <a href=\"https:\/\/portal.edu.gva.es\/iesandreusempere\/es\/inici\/\" target=\"_blank\" rel=\"noopener\"><span style=\"color: #0000ff;\"><strong data-start=\"323\" data-end=\"345\">IES Andreu Sempere<\/strong><\/span><\/a>, los concejales de Urbanismo, Educaci\u00f3n y Juventud, representantes del AMPA, t\u00e9cnicos municipales y responsables de la UTE adjudicataria, ha visitado las obras de <strong data-start=\"521\" data-end=\"559\">rehabilitaci\u00f3n integral del centro<\/strong>, enmarcadas en el <strong data-start=\"578\" data-end=\"595\">Pla Edificant<\/strong>. Los trabajos, que comenzaron pr\u00e1cticamente a principios de a\u00f1o, siguen su curso aunque no al ritmo que espera la comunidad educativa del mismo instituto.<\/p>\n<p style=\"text-align: justify;\" data-start=\"600\" data-end=\"1037\">Durante la visita, Franc\u00e9s traslad\u00f3 a la empresa la <strong data-start=\"652\" data-end=\"694\">preocupaci\u00f3n de la comunidad educativa<\/strong> y la necesidad de <strong data-start=\"713\" data-end=\"757\">acelerar al m\u00e1ximo el ritmo de ejecuci\u00f3n<\/strong> para que el pr\u00f3ximo curso escolar pueda iniciarse en septiembre en las nuevas instalaciones. Por su parte, la UTE mostr\u00f3 su compromiso con este objetivo y propuso <strong data-start=\"921\" data-end=\"1034\">coordinar con la direcci\u00f3n del instituto una estrategia espec\u00edfica de amueblamiento y adecuaci\u00f3n de servicios<\/strong>. Seg\u00fan la planificaci\u00f3n presentada, se conf\u00eda en que el IES Andreu Sempere pueda <strong data-start=\"1119\" data-end=\"1221\">abandonar su ubicaci\u00f3n provisional en la sede de la EOI y trasladar su actividad al nuevo edificio<\/strong> al inicio del curso. La constructora apunt\u00f3 que <strong data-start=\"1270\" data-end=\"1362\">la falta de mano de obra especializada y la elevada carga de trabajo de las subcontratas<\/strong> han condicionado el ritmo de las obras. El alcalde destac\u00f3 la <strong data-start=\"1428\" data-end=\"1463\">prioridad de cumplir los plazos<\/strong>, garantizando que el alumnado pueda estrenar un centro renovado y adaptado a las necesidades educativas actuales, <strong data-start=\"1578\" data-end=\"1661\">reforzando la apuesta municipal por la mejora de las infraestructuras escolares<\/strong>.<\/p>\n<p style=\"text-align: justify;\" data-start=\"600\" data-end=\"1037\">Cabe recordar que, tras diversos contratiempos, modificaciones e incremento de precios, <strong>el proyecto fue adjudicado por 6.934.737 euros.<\/strong> La rehabilitaci\u00f3n i<strong>ncluye la reforma integral y ampliaci\u00f3n del centro, ya que se va a construir una nave de cerca de 300 metros cuadrados<\/strong>. Tambi\u00e9n se contemplan actuaciones de urbanizaci\u00f3n y la adecuaci\u00f3n de la pista deportiva secundaria o la mejora del cierre de la parcela.<\/p>\n","protected":false},"excerpt":{"rendered":"<p>El alcalde de Alcoy, Toni Franc\u00e9s, acompa\u00f1ado por el equipo directivo del IES Andreu Sempere, los concejales de Urbanismo, Educaci\u00f3n&#8230;<\/p>\n","protected":false},"author":1,"featured_media":159393,"comment_status":"closed","ping_status":"closed","sticky":false,"template":"","format":"standard","meta":{"footnotes":""},"categories":[6909,97,75,125],"tags":[20246,1494,1032,145,418,1898,681],"class_list":["post-159392","post","type-post","status-publish","format-standard","has-post-thumbnail","hentry","category-actualidad","category-alcoy","category-noticias","category-portada","tag-aceleracion","tag-alcoy","tag-andreu-sempere","tag-obras","tag-reforma","tag-reivindicacion","tag-toni-frances"],"yoast_head":"<!-- This site is optimized with the Yoast SEO plugin v27.3 - https:\/\/yoast.com\/product\/yoast-seo-wordpress\/ -->\n<title>Instan a acelerar las obras para la reforma del IES Andreu Sempere de Alcoy - COPE Alcoy<\/title>\n<meta name=\"description\" content=\"Instan a acelerar las obras para la reforma del IES Andreu Sempere de Alcoy\" \/>\n<meta name=\"robots\" content=\"index, follow, max-snippet:-1, max-image-preview:large, max-video-preview:-1\" \/>\n<link rel=\"canonical\" href=\"https:\/\/www.copealcoy.es\/es\/instan-a-acelerar-las-obras-para-la-reforma-del-ies-andreu-sempere-de-alcoy\/\" \/>\n<meta property=\"og:locale\" content=\"es_ES\" \/>\n<meta property=\"og:type\" content=\"article\" \/>\n<meta property=\"og:title\" content=\"Instan a acelerar las obras para la reforma del IES Andreu Sempere de Alcoy - COPE Alcoy\" \/>\n<meta property=\"og:description\" content=\"Instan a acelerar las obras para la reforma del IES Andreu Sempere de Alcoy\" \/>\n<meta property=\"og:url\" content=\"https:\/\/www.copealcoy.es\/es\/instan-a-acelerar-las-obras-para-la-reforma-del-ies-andreu-sempere-de-alcoy\/\" \/>\n<meta property=\"og:site_name\" content=\"COPE Alcoy\" \/>\n<meta property=\"article:published_time\" content=\"2025-11-05T11:47:44+00:00\" \/>\n<meta property=\"article:modified_time\" content=\"2025-11-05T11:48:13+00:00\" \/>\n<meta property=\"og:image\" content=\"https:\/\/www.copealcoy.es\/wp-content\/uploads\/2025\/11\/1-4.jpg\" \/>\n\t<meta property=\"og:image:width\" content=\"933\" \/>\n\t<meta property=\"og:image:height\" content=\"700\" \/>\n\t<meta property=\"og:image:type\" content=\"image\/jpeg\" \/>\n<meta name=\"author\" content=\"Cope Alcoy\" \/>\n<meta name=\"twitter:label1\" content=\"Escrito por\" \/>\n\t<meta name=\"twitter:data1\" content=\"Cope Alcoy\" \/>\n\t<meta name=\"twitter:label2\" content=\"Tiempo de lectura\" \/>\n\t<meta name=\"twitter:data2\" content=\"2 minutos\" \/>\n<script type=\"application\/ld+json\" class=\"yoast-schema-graph\">{\"@context\":\"https:\\\/\\\/schema.org\",\"@graph\":[{\"@type\":\"Article\",\"@id\":\"https:\\\/\\\/www.copealcoy.es\\\/es\\\/instan-a-acelerar-las-obras-para-la-reforma-del-ies-andreu-sempere-de-alcoy\\\/#article\",\"isPartOf\":{\"@id\":\"https:\\\/\\\/www.copealcoy.es\\\/es\\\/instan-a-acelerar-las-obras-para-la-reforma-del-ies-andreu-sempere-de-alcoy\\\/\"},\"author\":{\"name\":\"Cope Alcoy\",\"@id\":\"https:\\\/\\\/www.copealcoy.es\\\/es\\\/#\\\/schema\\\/person\\\/e777c87fa024e57d40170af9df39882c\"},\"headline\":\"Instan a acelerar las obras para la reforma del IES Andreu Sempere de Alcoy\",\"datePublished\":\"2025-11-05T11:47:44+00:00\",\"dateModified\":\"2025-11-05T11:48:13+00:00\",\"mainEntityOfPage\":{\"@id\":\"https:\\\/\\\/www.copealcoy.es\\\/es\\\/instan-a-acelerar-las-obras-para-la-reforma-del-ies-andreu-sempere-de-alcoy\\\/\"},\"wordCount\":335,\"image\":{\"@id\":\"https:\\\/\\\/www.copealcoy.es\\\/es\\\/instan-a-acelerar-las-obras-para-la-reforma-del-ies-andreu-sempere-de-alcoy\\\/#primaryimage\"},\"thumbnailUrl\":\"https:\\\/\\\/www.copealcoy.es\\\/wp-content\\\/uploads\\\/2025\\\/11\\\/1-4.jpg\",\"keywords\":[\"aceleraci\u00f3n\",\"Alcoy\",\"Andreu Sempere\",\"Obras\",\"Reforma\",\"Reivindicaci\u00f3n\",\"Toni Franc\u00e9s\"],\"articleSection\":[\"Actualidad\",\"Alcoy\",\"Noticias\",\"Portada\"],\"inLanguage\":\"es\"},{\"@type\":\"WebPage\",\"@id\":\"https:\\\/\\\/www.copealcoy.es\\\/es\\\/instan-a-acelerar-las-obras-para-la-reforma-del-ies-andreu-sempere-de-alcoy\\\/\",\"url\":\"https:\\\/\\\/www.copealcoy.es\\\/es\\\/instan-a-acelerar-las-obras-para-la-reforma-del-ies-andreu-sempere-de-alcoy\\\/\",\"name\":\"Instan a acelerar las obras para la reforma del IES Andreu Sempere de Alcoy - COPE Alcoy\",\"isPartOf\":{\"@id\":\"https:\\\/\\\/www.copealcoy.es\\\/es\\\/#website\"},\"primaryImageOfPage\":{\"@id\":\"https:\\\/\\\/www.copealcoy.es\\\/es\\\/instan-a-acelerar-las-obras-para-la-reforma-del-ies-andreu-sempere-de-alcoy\\\/#primaryimage\"},\"image\":{\"@id\":\"https:\\\/\\\/www.copealcoy.es\\\/es\\\/instan-a-acelerar-las-obras-para-la-reforma-del-ies-andreu-sempere-de-alcoy\\\/#primaryimage\"},\"thumbnailUrl\":\"https:\\\/\\\/www.copealcoy.es\\\/wp-content\\\/uploads\\\/2025\\\/11\\\/1-4.jpg\",\"datePublished\":\"2025-11-05T11:47:44+00:00\",\"dateModified\":\"2025-11-05T11:48:13+00:00\",\"author\":{\"@id\":\"https:\\\/\\\/www.copealcoy.es\\\/es\\\/#\\\/schema\\\/person\\\/e777c87fa024e57d40170af9df39882c\"},\"description\":\"Instan a acelerar las obras para la reforma del IES Andreu Sempere de Alcoy\",\"breadcrumb\":{\"@id\":\"https:\\\/\\\/www.copealcoy.es\\\/es\\\/instan-a-acelerar-las-obras-para-la-reforma-del-ies-andreu-sempere-de-alcoy\\\/#breadcrumb\"},\"inLanguage\":\"es\",\"potentialAction\":[{\"@type\":\"ReadAction\",\"target\":[\"https:\\\/\\\/www.copealcoy.es\\\/es\\\/instan-a-acelerar-las-obras-para-la-reforma-del-ies-andreu-sempere-de-alcoy\\\/\"]}]},{\"@type\":\"ImageObject\",\"inLanguage\":\"es\",\"@id\":\"https:\\\/\\\/www.copealcoy.es\\\/es\\\/instan-a-acelerar-las-obras-para-la-reforma-del-ies-andreu-sempere-de-alcoy\\\/#primaryimage\",\"url\":\"https:\\\/\\\/www.copealcoy.es\\\/wp-content\\\/uploads\\\/2025\\\/11\\\/1-4.jpg\",\"contentUrl\":\"https:\\\/\\\/www.copealcoy.es\\\/wp-content\\\/uploads\\\/2025\\\/11\\\/1-4.jpg\",\"width\":933,\"height\":700},{\"@type\":\"BreadcrumbList\",\"@id\":\"https:\\\/\\\/www.copealcoy.es\\\/es\\\/instan-a-acelerar-las-obras-para-la-reforma-del-ies-andreu-sempere-de-alcoy\\\/#breadcrumb\",\"itemListElement\":[{\"@type\":\"ListItem\",\"position\":1,\"name\":\"Portada\",\"item\":\"https:\\\/\\\/www.copealcoy.es\\\/es\\\/\"},{\"@type\":\"ListItem\",\"position\":2,\"name\":\"Instan a acelerar las obras para la reforma del IES Andreu Sempere de Alcoy\"}]},{\"@type\":\"WebSite\",\"@id\":\"https:\\\/\\\/www.copealcoy.es\\\/es\\\/#website\",\"url\":\"https:\\\/\\\/www.copealcoy.es\\\/es\\\/\",\"name\":\"COPE Alcoy\",\"description\":\"Emisora COPE de radio local con emisi\u00f3n online. Pont de Sant Jordi 8-10 03803 Alcoy\",\"potentialAction\":[{\"@type\":\"SearchAction\",\"target\":{\"@type\":\"EntryPoint\",\"urlTemplate\":\"https:\\\/\\\/www.copealcoy.es\\\/es\\\/?s={search_term_string}\"},\"query-input\":{\"@type\":\"PropertyValueSpecification\",\"valueRequired\":true,\"valueName\":\"search_term_string\"}}],\"inLanguage\":\"es\"},{\"@type\":\"Person\",\"@id\":\"https:\\\/\\\/www.copealcoy.es\\\/es\\\/#\\\/schema\\\/person\\\/e777c87fa024e57d40170af9df39882c\",\"name\":\"Cope Alcoy\",\"image\":{\"@type\":\"ImageObject\",\"inLanguage\":\"es\",\"@id\":\"https:\\\/\\\/secure.gravatar.com\\\/avatar\\\/bb65d0283347e303893ba14f0692005417c1e0e690a325a4c5d8bb2b3943ee14?s=96&d=mm&r=g\",\"url\":\"https:\\\/\\\/secure.gravatar.com\\\/avatar\\\/bb65d0283347e303893ba14f0692005417c1e0e690a325a4c5d8bb2b3943ee14?s=96&d=mm&r=g\",\"contentUrl\":\"https:\\\/\\\/secure.gravatar.com\\\/avatar\\\/bb65d0283347e303893ba14f0692005417c1e0e690a325a4c5d8bb2b3943ee14?s=96&d=mm&r=g\",\"caption\":\"Cope Alcoy\"}}]}<\/script>\n<!-- \/ Yoast SEO plugin. -->","yoast_head_json":{"title":"Instan a acelerar las obras para la reforma del IES Andreu Sempere de Alcoy - COPE Alcoy","description":"Instan a acelerar las obras para la reforma del IES Andreu Sempere de Alcoy","robots":{"index":"index","follow":"follow","max-snippet":"max-snippet:-1","max-image-preview":"max-image-preview:large","max-video-preview":"max-video-preview:-1"},"canonical":"https:\/\/www.copealcoy.es\/es\/instan-a-acelerar-las-obras-para-la-reforma-del-ies-andreu-sempere-de-alcoy\/","og_locale":"es_ES","og_type":"article","og_title":"Instan a acelerar las obras para la reforma del IES Andreu Sempere de Alcoy - COPE Alcoy","og_description":"Instan a acelerar las obras para la reforma del IES Andreu Sempere de Alcoy","og_url":"https:\/\/www.copealcoy.es\/es\/instan-a-acelerar-las-obras-para-la-reforma-del-ies-andreu-sempere-de-alcoy\/","og_site_name":"COPE Alcoy","article_published_time":"2025-11-05T11:47:44+00:00","article_modified_time":"2025-11-05T11:48:13+00:00","og_image":[{"width":933,"height":700,"url":"https:\/\/www.copealcoy.es\/wp-content\/uploads\/2025\/11\/1-4.jpg","type":"image\/jpeg"}],"author":"Cope Alcoy","twitter_misc":{"Escrito por":"Cope Alcoy","Tiempo de lectura":"2 minutos"},"schema":{"@context":"https:\/\/schema.org","@graph":[{"@type":"Article","@id":"https:\/\/www.copealcoy.es\/es\/instan-a-acelerar-las-obras-para-la-reforma-del-ies-andreu-sempere-de-alcoy\/#article","isPartOf":{"@id":"https:\/\/www.copealcoy.es\/es\/instan-a-acelerar-las-obras-para-la-reforma-del-ies-andreu-sempere-de-alcoy\/"},"author":{"name":"Cope Alcoy","@id":"https:\/\/www.copealcoy.es\/es\/#\/schema\/person\/e777c87fa024e57d40170af9df39882c"},"headline":"Instan a acelerar las obras para la reforma del IES Andreu Sempere de Alcoy","datePublished":"2025-11-05T11:47:44+00:00","dateModified":"2025-11-05T11:48:13+00:00","mainEntityOfPage":{"@id":"https:\/\/www.copealcoy.es\/es\/instan-a-acelerar-las-obras-para-la-reforma-del-ies-andreu-sempere-de-alcoy\/"},"wordCount":335,"image":{"@id":"https:\/\/www.copealcoy.es\/es\/instan-a-acelerar-las-obras-para-la-reforma-del-ies-andreu-sempere-de-alcoy\/#primaryimage"},"thumbnailUrl":"https:\/\/www.copealcoy.es\/wp-content\/uploads\/2025\/11\/1-4.jpg","keywords":["aceleraci\u00f3n","Alcoy","Andreu Sempere","Obras","Reforma","Reivindicaci\u00f3n","Toni Franc\u00e9s"],"articleSection":["Actualidad","Alcoy","Noticias","Portada"],"inLanguage":"es"},{"@type":"WebPage","@id":"https:\/\/www.copealcoy.es\/es\/instan-a-acelerar-las-obras-para-la-reforma-del-ies-andreu-sempere-de-alcoy\/","url":"https:\/\/www.copealcoy.es\/es\/instan-a-acelerar-las-obras-para-la-reforma-del-ies-andreu-sempere-de-alcoy\/","name":"Instan a acelerar las obras para la reforma del IES Andreu Sempere de Alcoy - COPE Alcoy","isPartOf":{"@id":"https:\/\/www.copealcoy.es\/es\/#website"},"primaryImageOfPage":{"@id":"https:\/\/www.copealcoy.es\/es\/instan-a-acelerar-las-obras-para-la-reforma-del-ies-andreu-sempere-de-alcoy\/#primaryimage"},"image":{"@id":"https:\/\/www.copealcoy.es\/es\/instan-a-acelerar-las-obras-para-la-reforma-del-ies-andreu-sempere-de-alcoy\/#primaryimage"},"thumbnailUrl":"https:\/\/www.copealcoy.es\/wp-content\/uploads\/2025\/11\/1-4.jpg","datePublished":"2025-11-05T11:47:44+00:00","dateModified":"2025-11-05T11:48:13+00:00","author":{"@id":"https:\/\/www.copealcoy.es\/es\/#\/schema\/person\/e777c87fa024e57d40170af9df39882c"},"description":"Instan a acelerar las obras para la reforma del IES Andreu Sempere de Alcoy","breadcrumb":{"@id":"https:\/\/www.copealcoy.es\/es\/instan-a-acelerar-las-obras-para-la-reforma-del-ies-andreu-sempere-de-alcoy\/#breadcrumb"},"inLanguage":"es","potentialAction":[{"@type":"ReadAction","target":["https:\/\/www.copealcoy.es\/es\/instan-a-acelerar-las-obras-para-la-reforma-del-ies-andreu-sempere-de-alcoy\/"]}]},{"@type":"ImageObject","inLanguage":"es","@id":"https:\/\/www.copealcoy.es\/es\/instan-a-acelerar-las-obras-para-la-reforma-del-ies-andreu-sempere-de-alcoy\/#primaryimage","url":"https:\/\/www.copealcoy.es\/wp-content\/uploads\/2025\/11\/1-4.jpg","contentUrl":"https:\/\/www.copealcoy.es\/wp-content\/uploads\/2025\/11\/1-4.jpg","width":933,"height":700},{"@type":"BreadcrumbList","@id":"https:\/\/www.copealcoy.es\/es\/instan-a-acelerar-las-obras-para-la-reforma-del-ies-andreu-sempere-de-alcoy\/#breadcrumb","itemListElement":[{"@type":"ListItem","position":1,"name":"Portada","item":"https:\/\/www.copealcoy.es\/es\/"},{"@type":"ListItem","position":2,"name":"Instan a acelerar las obras para la reforma del IES Andreu Sempere de Alcoy"}]},{"@type":"WebSite","@id":"https:\/\/www.copealcoy.es\/es\/#website","url":"https:\/\/www.copealcoy.es\/es\/","name":"COPE Alcoy","description":"Emisora COPE de radio local con emisi\u00f3n online. Pont de Sant Jordi 8-10 03803 Alcoy","potentialAction":[{"@type":"SearchAction","target":{"@type":"EntryPoint","urlTemplate":"https:\/\/www.copealcoy.es\/es\/?s={search_term_string}"},"query-input":{"@type":"PropertyValueSpecification","valueRequired":true,"valueName":"search_term_string"}}],"inLanguage":"es"},{"@type":"Person","@id":"https:\/\/www.copealcoy.es\/es\/#\/schema\/person\/e777c87fa024e57d40170af9df39882c","name":"Cope Alcoy","image":{"@type":"ImageObject","inLanguage":"es","@id":"https:\/\/secure.gravatar.com\/avatar\/bb65d0283347e303893ba14f0692005417c1e0e690a325a4c5d8bb2b3943ee14?s=96&d=mm&r=g","url":"https:\/\/secure.gravatar.com\/avatar\/bb65d0283347e303893ba14f0692005417c1e0e690a325a4c5d8bb2b3943ee14?s=96&d=mm&r=g","contentUrl":"https:\/\/secure.gravatar.com\/avatar\/bb65d0283347e303893ba14f0692005417c1e0e690a325a4c5d8bb2b3943ee14?s=96&d=mm&r=g","caption":"Cope Alcoy"}}]}},"_links":{"self":[{"href":"https:\/\/www.copealcoy.es\/es\/wp-json\/wp\/v2\/posts\/159392","targetHints":{"allow":["GET"]}}],"collection":[{"href":"https:\/\/www.copealcoy.es\/es\/wp-json\/wp\/v2\/posts"}],"about":[{"href":"https:\/\/www.copealcoy.es\/es\/wp-json\/wp\/v2\/types\/post"}],"author":[{"embeddable":true,"href":"https:\/\/www.copealcoy.es\/es\/wp-json\/wp\/v2\/users\/1"}],"replies":[{"embeddable":true,"href":"https:\/\/www.copealcoy.es\/es\/wp-json\/wp\/v2\/comments?post=159392"}],"version-history":[{"count":1,"href":"https:\/\/www.copealcoy.es\/es\/wp-json\/wp\/v2\/posts\/159392\/revisions"}],"predecessor-version":[{"id":159395,"href":"https:\/\/www.copealcoy.es\/es\/wp-json\/wp\/v2\/posts\/159392\/revisions\/159395"}],"wp:featuredmedia":[{"embeddable":true,"href":"https:\/\/www.copealcoy.es\/es\/wp-json\/wp\/v2\/media\/159393"}],"wp:attachment":[{"href":"https:\/\/www.copealcoy.es\/es\/wp-json\/wp\/v2\/media?parent=159392"}],"wp:term":[{"taxonomy":"category","embeddable":true,"href":"https:\/\/www.copealcoy.es\/es\/wp-json\/wp\/v2\/categories?post=159392"},{"taxonomy":"post_tag","embeddable":true,"href":"https:\/\/www.copealcoy.es\/es\/wp-json\/wp\/v2\/tags?post=159392"}],"curies":[{"name":"wp","href":"https:\/\/api.w.org\/{rel}","templated":true}]}}