{"id":159316,"date":"2025-11-05T09:00:21","date_gmt":"2025-11-05T08:00:21","guid":{"rendered":"https:\/\/www.copealcoy.es\/?p=159316"},"modified":"2025-11-05T11:22:13","modified_gmt":"2025-11-05T10:22:13","slug":"los-municipios-pequenos-de-la-comarca-recuperan-la-atencion-pediatrica","status":"publish","type":"post","link":"https:\/\/www.copealcoy.es\/es\/los-municipios-pequenos-de-la-comarca-recuperan-la-atencion-pediatrica\/","title":{"rendered":"Los municipios peque\u00f1os de la comarca recuperan la atenci\u00f3n pedi\u00e1trica"},"content":{"rendered":"<p style=\"text-align: justify;\" data-start=\"519\" data-end=\"901\">A partir de este mes de <strong data-start=\"543\" data-end=\"556\">noviembre<\/strong>, la <a href=\"https:\/\/www.san.gva.es\/es\/web\/sanidad\" target=\"_blank\" rel=\"noopener\"><span style=\"color: #0000ff;\"><strong data-start=\"561\" data-end=\"587\">Conselleria de Sanidad<\/strong><\/span><\/a> restablece la <strong data-start=\"602\" data-end=\"656\">atenci\u00f3n pedi\u00e1trica en los consultorios auxiliares<\/strong> de los municipios que dependen de la zona b\u00e1sica de salud de <strong data-start=\"718\" data-end=\"726\">Muro<\/strong>. Se trata de un servicio que <strong>fue suprimido en 2020<\/strong> a ra\u00edz de la pandemia de la COVID-19 y que ahora vuelve a funcionar tras la demanda vecinal de las localidades afectadas.<\/p>\n<p style=\"text-align: justify;\" data-start=\"903\" data-end=\"1210\">La decisi\u00f3n se produce despu\u00e9s de que la <strong data-start=\"944\" data-end=\"979\">Asociaci\u00f3n de Vecinos de l\u2019Orxa<\/strong> impulsara una campa\u00f1a en la que se recogieron m\u00e1s de <strong data-start=\"1033\" data-end=\"1047\">mil firmas<\/strong> para solicitar el restablecimiento del servicio en varios municipios del <strong data-start=\"1121\" data-end=\"1131\">Comtat<\/strong>, especialmente en aquellos con un crecimiento notable de poblaci\u00f3n infantil. Desde el <strong data-start=\"1221\" data-end=\"1239\">3 de noviembre<\/strong>, los <strong data-start=\"1245\" data-end=\"1286\">pediatras del Centro de Salud de Muro<\/strong> volver\u00e1n a desplazarse semanalmente a los consultorios de <strong data-start=\"1345\" data-end=\"1425\">Agres, Alfafara, Gaianes, Beniarr\u00e9s, l\u2019Orxa, l\u2019Alqueria d\u2019Asnar, Benimarfull<\/strong> \u2014que atender\u00e1 tambi\u00e9n a <strong data-start=\"1450\" data-end=\"1462\">Benillup<\/strong> y <strong data-start=\"1465\" data-end=\"1477\">Alcosser<\/strong>\u2014 y <strong data-start=\"1481\" data-end=\"1491\">Planes<\/strong>, que dar\u00e1 cobertura a <strong data-start=\"1514\" data-end=\"1534\">la Vall d\u2019Alcal\u00e0<\/strong> y <strong data-start=\"1537\" data-end=\"1550\">Almudaina<\/strong>. All\u00ed pasar\u00e1n consulta y revisar\u00e1n el <strong data-start=\"1589\" data-end=\"1611\">Programa Ni\u00f1o Sano<\/strong>, centrado en el seguimiento m\u00e9dico y la prevenci\u00f3n en la infancia desde el nacimiento hasta los 14 a\u00f1os.<\/p>\n<p style=\"text-align: justify;\" data-start=\"1720\" data-end=\"2101\">Los <strong data-start=\"1724\" data-end=\"1768\">Ayuntamientos de las localidades rurales<\/strong> informar\u00e1n a los vecinos sobre los horarios de atenci\u00f3n de los pediatras, que tambi\u00e9n estar\u00e1n disponibles en los propios consultorios. Este programa sanitario <strong>busca<\/strong> garantizar revisiones peri\u00f3dicas, detectar de forma precoz posibles problemas de salud e impulsar medidas preventivas adaptadas a cada etapa del desarrollo infantil.<\/p>\n","protected":false},"excerpt":{"rendered":"<p>A partir de este mes de noviembre, la Conselleria de Sanidad restablece la atenci\u00f3n pedi\u00e1trica en los consultorios auxiliares de&#8230;<\/p>\n","protected":false},"author":1,"featured_media":155103,"comment_status":"closed","ping_status":"closed","sticky":false,"template":"","format":"standard","meta":{"footnotes":""},"categories":[6909,98,75],"tags":[482,20232,237,4374,486],"class_list":["post-159316","post","type-post","status-publish","format-standard","has-post-thumbnail","hentry","category-actualidad","category-comarcas","category-noticias","tag-alcoia","tag-atencion-medica","tag-comtat","tag-conselleria-de-sanidad","tag-pediatria"],"yoast_head":"<!-- This site is optimized with the Yoast SEO plugin v27.3 - https:\/\/yoast.com\/product\/yoast-seo-wordpress\/ -->\n<title>Los municipios peque\u00f1os de la comarca recuperan la atenci\u00f3n pedi\u00e1trica - COPE Alcoy<\/title>\n<meta name=\"description\" content=\"Los municipios peque\u00f1os de la comarca recuperan la atenci\u00f3n pedi\u00e1trica\" \/>\n<meta name=\"robots\" content=\"index, follow, max-snippet:-1, max-image-preview:large, max-video-preview:-1\" \/>\n<link rel=\"canonical\" href=\"https:\/\/www.copealcoy.es\/es\/los-municipios-pequenos-de-la-comarca-recuperan-la-atencion-pediatrica\/\" \/>\n<meta property=\"og:locale\" content=\"es_ES\" \/>\n<meta property=\"og:type\" content=\"article\" \/>\n<meta property=\"og:title\" content=\"Los municipios peque\u00f1os de la comarca recuperan la atenci\u00f3n pedi\u00e1trica - COPE Alcoy\" \/>\n<meta property=\"og:description\" content=\"Los municipios peque\u00f1os de la comarca recuperan la atenci\u00f3n pedi\u00e1trica\" \/>\n<meta property=\"og:url\" content=\"https:\/\/www.copealcoy.es\/es\/los-municipios-pequenos-de-la-comarca-recuperan-la-atencion-pediatrica\/\" \/>\n<meta property=\"og:site_name\" content=\"COPE Alcoy\" \/>\n<meta property=\"article:published_time\" content=\"2025-11-05T08:00:21+00:00\" \/>\n<meta property=\"article:modified_time\" content=\"2025-11-05T10:22:13+00:00\" \/>\n<meta property=\"og:image\" content=\"https:\/\/www.copealcoy.es\/wp-content\/uploads\/2025\/07\/LOrxa-Vista-640x357-1.png\" \/>\n\t<meta property=\"og:image:width\" content=\"640\" \/>\n\t<meta property=\"og:image:height\" content=\"357\" \/>\n\t<meta property=\"og:image:type\" content=\"image\/png\" \/>\n<meta name=\"author\" content=\"Cope Alcoy\" \/>\n<meta name=\"twitter:label1\" content=\"Escrito por\" \/>\n\t<meta name=\"twitter:data1\" content=\"Cope Alcoy\" \/>\n\t<meta name=\"twitter:label2\" content=\"Tiempo de lectura\" \/>\n\t<meta name=\"twitter:data2\" content=\"2 minutos\" \/>\n<script type=\"application\/ld+json\" class=\"yoast-schema-graph\">{\"@context\":\"https:\\\/\\\/schema.org\",\"@graph\":[{\"@type\":\"Article\",\"@id\":\"https:\\\/\\\/www.copealcoy.es\\\/es\\\/los-municipios-pequenos-de-la-comarca-recuperan-la-atencion-pediatrica\\\/#article\",\"isPartOf\":{\"@id\":\"https:\\\/\\\/www.copealcoy.es\\\/es\\\/los-municipios-pequenos-de-la-comarca-recuperan-la-atencion-pediatrica\\\/\"},\"author\":{\"name\":\"Cope Alcoy\",\"@id\":\"https:\\\/\\\/www.copealcoy.es\\\/es\\\/#\\\/schema\\\/person\\\/e777c87fa024e57d40170af9df39882c\"},\"headline\":\"Los municipios peque\u00f1os de la comarca recuperan la atenci\u00f3n pedi\u00e1trica\",\"datePublished\":\"2025-11-05T08:00:21+00:00\",\"dateModified\":\"2025-11-05T10:22:13+00:00\",\"mainEntityOfPage\":{\"@id\":\"https:\\\/\\\/www.copealcoy.es\\\/es\\\/los-municipios-pequenos-de-la-comarca-recuperan-la-atencion-pediatrica\\\/\"},\"wordCount\":275,\"image\":{\"@id\":\"https:\\\/\\\/www.copealcoy.es\\\/es\\\/los-municipios-pequenos-de-la-comarca-recuperan-la-atencion-pediatrica\\\/#primaryimage\"},\"thumbnailUrl\":\"https:\\\/\\\/www.copealcoy.es\\\/wp-content\\\/uploads\\\/2025\\\/07\\\/LOrxa-Vista-640x357-1.png\",\"keywords\":[\"Alcoi\u00e0\",\"atenci\u00f3n m\u00e9dica\",\"Comtat\",\"Conselleria de Sanidad\",\"Pediatr\u00eda\"],\"articleSection\":[\"Actualidad\",\"Comarcas\",\"Noticias\"],\"inLanguage\":\"es\"},{\"@type\":\"WebPage\",\"@id\":\"https:\\\/\\\/www.copealcoy.es\\\/es\\\/los-municipios-pequenos-de-la-comarca-recuperan-la-atencion-pediatrica\\\/\",\"url\":\"https:\\\/\\\/www.copealcoy.es\\\/es\\\/los-municipios-pequenos-de-la-comarca-recuperan-la-atencion-pediatrica\\\/\",\"name\":\"Los municipios peque\u00f1os de la comarca recuperan la atenci\u00f3n pedi\u00e1trica - COPE Alcoy\",\"isPartOf\":{\"@id\":\"https:\\\/\\\/www.copealcoy.es\\\/es\\\/#website\"},\"primaryImageOfPage\":{\"@id\":\"https:\\\/\\\/www.copealcoy.es\\\/es\\\/los-municipios-pequenos-de-la-comarca-recuperan-la-atencion-pediatrica\\\/#primaryimage\"},\"image\":{\"@id\":\"https:\\\/\\\/www.copealcoy.es\\\/es\\\/los-municipios-pequenos-de-la-comarca-recuperan-la-atencion-pediatrica\\\/#primaryimage\"},\"thumbnailUrl\":\"https:\\\/\\\/www.copealcoy.es\\\/wp-content\\\/uploads\\\/2025\\\/07\\\/LOrxa-Vista-640x357-1.png\",\"datePublished\":\"2025-11-05T08:00:21+00:00\",\"dateModified\":\"2025-11-05T10:22:13+00:00\",\"author\":{\"@id\":\"https:\\\/\\\/www.copealcoy.es\\\/es\\\/#\\\/schema\\\/person\\\/e777c87fa024e57d40170af9df39882c\"},\"description\":\"Los municipios peque\u00f1os de la comarca recuperan la atenci\u00f3n pedi\u00e1trica\",\"breadcrumb\":{\"@id\":\"https:\\\/\\\/www.copealcoy.es\\\/es\\\/los-municipios-pequenos-de-la-comarca-recuperan-la-atencion-pediatrica\\\/#breadcrumb\"},\"inLanguage\":\"es\",\"potentialAction\":[{\"@type\":\"ReadAction\",\"target\":[\"https:\\\/\\\/www.copealcoy.es\\\/es\\\/los-municipios-pequenos-de-la-comarca-recuperan-la-atencion-pediatrica\\\/\"]}]},{\"@type\":\"ImageObject\",\"inLanguage\":\"es\",\"@id\":\"https:\\\/\\\/www.copealcoy.es\\\/es\\\/los-municipios-pequenos-de-la-comarca-recuperan-la-atencion-pediatrica\\\/#primaryimage\",\"url\":\"https:\\\/\\\/www.copealcoy.es\\\/wp-content\\\/uploads\\\/2025\\\/07\\\/LOrxa-Vista-640x357-1.png\",\"contentUrl\":\"https:\\\/\\\/www.copealcoy.es\\\/wp-content\\\/uploads\\\/2025\\\/07\\\/LOrxa-Vista-640x357-1.png\",\"width\":640,\"height\":357},{\"@type\":\"BreadcrumbList\",\"@id\":\"https:\\\/\\\/www.copealcoy.es\\\/es\\\/los-municipios-pequenos-de-la-comarca-recuperan-la-atencion-pediatrica\\\/#breadcrumb\",\"itemListElement\":[{\"@type\":\"ListItem\",\"position\":1,\"name\":\"Portada\",\"item\":\"https:\\\/\\\/www.copealcoy.es\\\/es\\\/\"},{\"@type\":\"ListItem\",\"position\":2,\"name\":\"Los municipios peque\u00f1os de la comarca recuperan la atenci\u00f3n pedi\u00e1trica\"}]},{\"@type\":\"WebSite\",\"@id\":\"https:\\\/\\\/www.copealcoy.es\\\/es\\\/#website\",\"url\":\"https:\\\/\\\/www.copealcoy.es\\\/es\\\/\",\"name\":\"COPE Alcoy\",\"description\":\"Emisora COPE de radio local con emisi\u00f3n online. Pont de Sant Jordi 8-10 03803 Alcoy\",\"potentialAction\":[{\"@type\":\"SearchAction\",\"target\":{\"@type\":\"EntryPoint\",\"urlTemplate\":\"https:\\\/\\\/www.copealcoy.es\\\/es\\\/?s={search_term_string}\"},\"query-input\":{\"@type\":\"PropertyValueSpecification\",\"valueRequired\":true,\"valueName\":\"search_term_string\"}}],\"inLanguage\":\"es\"},{\"@type\":\"Person\",\"@id\":\"https:\\\/\\\/www.copealcoy.es\\\/es\\\/#\\\/schema\\\/person\\\/e777c87fa024e57d40170af9df39882c\",\"name\":\"Cope Alcoy\",\"image\":{\"@type\":\"ImageObject\",\"inLanguage\":\"es\",\"@id\":\"https:\\\/\\\/secure.gravatar.com\\\/avatar\\\/bb65d0283347e303893ba14f0692005417c1e0e690a325a4c5d8bb2b3943ee14?s=96&d=mm&r=g\",\"url\":\"https:\\\/\\\/secure.gravatar.com\\\/avatar\\\/bb65d0283347e303893ba14f0692005417c1e0e690a325a4c5d8bb2b3943ee14?s=96&d=mm&r=g\",\"contentUrl\":\"https:\\\/\\\/secure.gravatar.com\\\/avatar\\\/bb65d0283347e303893ba14f0692005417c1e0e690a325a4c5d8bb2b3943ee14?s=96&d=mm&r=g\",\"caption\":\"Cope Alcoy\"}}]}<\/script>\n<!-- \/ Yoast SEO plugin. -->","yoast_head_json":{"title":"Los municipios peque\u00f1os de la comarca recuperan la atenci\u00f3n pedi\u00e1trica - COPE Alcoy","description":"Los municipios peque\u00f1os de la comarca recuperan la atenci\u00f3n pedi\u00e1trica","robots":{"index":"index","follow":"follow","max-snippet":"max-snippet:-1","max-image-preview":"max-image-preview:large","max-video-preview":"max-video-preview:-1"},"canonical":"https:\/\/www.copealcoy.es\/es\/los-municipios-pequenos-de-la-comarca-recuperan-la-atencion-pediatrica\/","og_locale":"es_ES","og_type":"article","og_title":"Los municipios peque\u00f1os de la comarca recuperan la atenci\u00f3n pedi\u00e1trica - COPE Alcoy","og_description":"Los municipios peque\u00f1os de la comarca recuperan la atenci\u00f3n pedi\u00e1trica","og_url":"https:\/\/www.copealcoy.es\/es\/los-municipios-pequenos-de-la-comarca-recuperan-la-atencion-pediatrica\/","og_site_name":"COPE Alcoy","article_published_time":"2025-11-05T08:00:21+00:00","article_modified_time":"2025-11-05T10:22:13+00:00","og_image":[{"width":640,"height":357,"url":"https:\/\/www.copealcoy.es\/wp-content\/uploads\/2025\/07\/LOrxa-Vista-640x357-1.png","type":"image\/png"}],"author":"Cope Alcoy","twitter_misc":{"Escrito por":"Cope Alcoy","Tiempo de lectura":"2 minutos"},"schema":{"@context":"https:\/\/schema.org","@graph":[{"@type":"Article","@id":"https:\/\/www.copealcoy.es\/es\/los-municipios-pequenos-de-la-comarca-recuperan-la-atencion-pediatrica\/#article","isPartOf":{"@id":"https:\/\/www.copealcoy.es\/es\/los-municipios-pequenos-de-la-comarca-recuperan-la-atencion-pediatrica\/"},"author":{"name":"Cope Alcoy","@id":"https:\/\/www.copealcoy.es\/es\/#\/schema\/person\/e777c87fa024e57d40170af9df39882c"},"headline":"Los municipios peque\u00f1os de la comarca recuperan la atenci\u00f3n pedi\u00e1trica","datePublished":"2025-11-05T08:00:21+00:00","dateModified":"2025-11-05T10:22:13+00:00","mainEntityOfPage":{"@id":"https:\/\/www.copealcoy.es\/es\/los-municipios-pequenos-de-la-comarca-recuperan-la-atencion-pediatrica\/"},"wordCount":275,"image":{"@id":"https:\/\/www.copealcoy.es\/es\/los-municipios-pequenos-de-la-comarca-recuperan-la-atencion-pediatrica\/#primaryimage"},"thumbnailUrl":"https:\/\/www.copealcoy.es\/wp-content\/uploads\/2025\/07\/LOrxa-Vista-640x357-1.png","keywords":["Alcoi\u00e0","atenci\u00f3n m\u00e9dica","Comtat","Conselleria de Sanidad","Pediatr\u00eda"],"articleSection":["Actualidad","Comarcas","Noticias"],"inLanguage":"es"},{"@type":"WebPage","@id":"https:\/\/www.copealcoy.es\/es\/los-municipios-pequenos-de-la-comarca-recuperan-la-atencion-pediatrica\/","url":"https:\/\/www.copealcoy.es\/es\/los-municipios-pequenos-de-la-comarca-recuperan-la-atencion-pediatrica\/","name":"Los municipios peque\u00f1os de la comarca recuperan la atenci\u00f3n pedi\u00e1trica - COPE Alcoy","isPartOf":{"@id":"https:\/\/www.copealcoy.es\/es\/#website"},"primaryImageOfPage":{"@id":"https:\/\/www.copealcoy.es\/es\/los-municipios-pequenos-de-la-comarca-recuperan-la-atencion-pediatrica\/#primaryimage"},"image":{"@id":"https:\/\/www.copealcoy.es\/es\/los-municipios-pequenos-de-la-comarca-recuperan-la-atencion-pediatrica\/#primaryimage"},"thumbnailUrl":"https:\/\/www.copealcoy.es\/wp-content\/uploads\/2025\/07\/LOrxa-Vista-640x357-1.png","datePublished":"2025-11-05T08:00:21+00:00","dateModified":"2025-11-05T10:22:13+00:00","author":{"@id":"https:\/\/www.copealcoy.es\/es\/#\/schema\/person\/e777c87fa024e57d40170af9df39882c"},"description":"Los municipios peque\u00f1os de la comarca recuperan la atenci\u00f3n pedi\u00e1trica","breadcrumb":{"@id":"https:\/\/www.copealcoy.es\/es\/los-municipios-pequenos-de-la-comarca-recuperan-la-atencion-pediatrica\/#breadcrumb"},"inLanguage":"es","potentialAction":[{"@type":"ReadAction","target":["https:\/\/www.copealcoy.es\/es\/los-municipios-pequenos-de-la-comarca-recuperan-la-atencion-pediatrica\/"]}]},{"@type":"ImageObject","inLanguage":"es","@id":"https:\/\/www.copealcoy.es\/es\/los-municipios-pequenos-de-la-comarca-recuperan-la-atencion-pediatrica\/#primaryimage","url":"https:\/\/www.copealcoy.es\/wp-content\/uploads\/2025\/07\/LOrxa-Vista-640x357-1.png","contentUrl":"https:\/\/www.copealcoy.es\/wp-content\/uploads\/2025\/07\/LOrxa-Vista-640x357-1.png","width":640,"height":357},{"@type":"BreadcrumbList","@id":"https:\/\/www.copealcoy.es\/es\/los-municipios-pequenos-de-la-comarca-recuperan-la-atencion-pediatrica\/#breadcrumb","itemListElement":[{"@type":"ListItem","position":1,"name":"Portada","item":"https:\/\/www.copealcoy.es\/es\/"},{"@type":"ListItem","position":2,"name":"Los municipios peque\u00f1os de la comarca recuperan la atenci\u00f3n pedi\u00e1trica"}]},{"@type":"WebSite","@id":"https:\/\/www.copealcoy.es\/es\/#website","url":"https:\/\/www.copealcoy.es\/es\/","name":"COPE Alcoy","description":"Emisora COPE de radio local con emisi\u00f3n online. Pont de Sant Jordi 8-10 03803 Alcoy","potentialAction":[{"@type":"SearchAction","target":{"@type":"EntryPoint","urlTemplate":"https:\/\/www.copealcoy.es\/es\/?s={search_term_string}"},"query-input":{"@type":"PropertyValueSpecification","valueRequired":true,"valueName":"search_term_string"}}],"inLanguage":"es"},{"@type":"Person","@id":"https:\/\/www.copealcoy.es\/es\/#\/schema\/person\/e777c87fa024e57d40170af9df39882c","name":"Cope Alcoy","image":{"@type":"ImageObject","inLanguage":"es","@id":"https:\/\/secure.gravatar.com\/avatar\/bb65d0283347e303893ba14f0692005417c1e0e690a325a4c5d8bb2b3943ee14?s=96&d=mm&r=g","url":"https:\/\/secure.gravatar.com\/avatar\/bb65d0283347e303893ba14f0692005417c1e0e690a325a4c5d8bb2b3943ee14?s=96&d=mm&r=g","contentUrl":"https:\/\/secure.gravatar.com\/avatar\/bb65d0283347e303893ba14f0692005417c1e0e690a325a4c5d8bb2b3943ee14?s=96&d=mm&r=g","caption":"Cope Alcoy"}}]}},"_links":{"self":[{"href":"https:\/\/www.copealcoy.es\/es\/wp-json\/wp\/v2\/posts\/159316","targetHints":{"allow":["GET"]}}],"collection":[{"href":"https:\/\/www.copealcoy.es\/es\/wp-json\/wp\/v2\/posts"}],"about":[{"href":"https:\/\/www.copealcoy.es\/es\/wp-json\/wp\/v2\/types\/post"}],"author":[{"embeddable":true,"href":"https:\/\/www.copealcoy.es\/es\/wp-json\/wp\/v2\/users\/1"}],"replies":[{"embeddable":true,"href":"https:\/\/www.copealcoy.es\/es\/wp-json\/wp\/v2\/comments?post=159316"}],"version-history":[{"count":1,"href":"https:\/\/www.copealcoy.es\/es\/wp-json\/wp\/v2\/posts\/159316\/revisions"}],"predecessor-version":[{"id":159317,"href":"https:\/\/www.copealcoy.es\/es\/wp-json\/wp\/v2\/posts\/159316\/revisions\/159317"}],"wp:featuredmedia":[{"embeddable":true,"href":"https:\/\/www.copealcoy.es\/es\/wp-json\/wp\/v2\/media\/155103"}],"wp:attachment":[{"href":"https:\/\/www.copealcoy.es\/es\/wp-json\/wp\/v2\/media?parent=159316"}],"wp:term":[{"taxonomy":"category","embeddable":true,"href":"https:\/\/www.copealcoy.es\/es\/wp-json\/wp\/v2\/categories?post=159316"},{"taxonomy":"post_tag","embeddable":true,"href":"https:\/\/www.copealcoy.es\/es\/wp-json\/wp\/v2\/tags?post=159316"}],"curies":[{"name":"wp","href":"https:\/\/api.w.org\/{rel}","templated":true}]}}