{"id":159310,"date":"2025-11-05T09:15:06","date_gmt":"2025-11-05T08:15:06","guid":{"rendered":"https:\/\/www.copealcoy.es\/?p=159310"},"modified":"2025-11-05T11:21:54","modified_gmt":"2025-11-05T10:21:54","slug":"muro-y-la-academia-valenciana-de-la-llengua-firman-un-convenio-de-colaboracion","status":"publish","type":"post","link":"https:\/\/www.copealcoy.es\/es\/muro-y-la-academia-valenciana-de-la-llengua-firman-un-convenio-de-colaboracion\/","title":{"rendered":"Muro y la Acad\u00e8mia Valenciana de la Llengua firman un convenio de colaboraci\u00f3n"},"content":{"rendered":"<p style=\"text-align: justify;\" data-start=\"559\" data-end=\"931\">El <a href=\"https:\/\/www.vilademuro.net\/\" target=\"_blank\" rel=\"noopener\"><strong><span style=\"color: #0000ff;\">Ayuntamiento de Muro<\/span> <\/strong><\/a>y la <a href=\"https:\/\/www.avl.gva.es\/\" target=\"_blank\" rel=\"noopener\"><span style=\"color: #0000ff;\"><strong>Acad\u00e8mia Valenciana de la Llengua (AVL)<\/strong><\/span><\/a> han firmado un convenio de colaboraci\u00f3n que <strong>convertir\u00e1 al municipio en uno de los referentes en la promoci\u00f3n del valenciano<\/strong> como lengua de cultura, administraci\u00f3n y convivencia. El acto, celebrado en el Sal\u00f3n de Plenos del consistorio, estuvo cargado de simbolismo y compromiso con la identidad local.<\/p>\n<p style=\"text-align: justify;\" data-start=\"933\" data-end=\"1442\">El acuerdo fue rubricado por el alcalde, <strong data-start=\"974\" data-end=\"991\">Vicent Molina<\/strong>, y la presidenta de la AVL, <strong data-start=\"1020\" data-end=\"1038\">Ver\u00f2nica Cant\u00f3<\/strong>, quienes destacaron la importancia del paso dado hacia la normalizaci\u00f3n ling\u00fc\u00edstica. Molina subray\u00f3 que se trata de \u201c<em>un punto de inflexi\u00f3n en el trabajo constante por nuestra lengua, nuestra cultura y nuestra identidad<\/em>\u201d. A\u00f1adi\u00f3 que el convenio \u201c<em>no es solo un acto protocolario, sino un gesto profundamente simb\u00f3lico, que refuerza el camino hacia la plena normalidad ling\u00fc\u00edstica y cultural del pueblo<\/em>\u201d. El convenio tendr\u00e1 una duraci\u00f3n inicial de cuatro a\u00f1os e incluye medidas como valencianizar el nombre oficial del municipio, mantener la se\u00f1alizaci\u00f3n y el nomencl\u00e1tor urbano en valenciano, garantizar que al menos el 50% de la programaci\u00f3n cultural se realice en esta lengua y consolidar la Oficina de Promoci\u00f3n Ling\u00fc\u00edstica. Por su parte, la AVL ofrecer\u00e1 asesoramiento ling\u00fc\u00edstico y jur\u00eddico, aportar\u00e1 publicaciones para la biblioteca municipal, incluir\u00e1 los centros educativos en sus programas divulgativos y colaborar\u00e1 en actos culturales y festivos.<\/p>\n<p style=\"text-align: justify;\" data-start=\"1999\" data-end=\"2322\">La presidenta de la Acad\u00e8mia, Ver\u00f2nica Cant\u00f3, destac\u00f3 que <em>\u201cvivimos en un para\u00edso natural y tambi\u00e9n ling\u00fc\u00edstico, porque hemos sabido mantener viva la lengua que nos identifica como colectivo\u201d. Record\u00f3, adem\u00e1s, que \u201ca\u00fan queda tarea por hacer para valencianizar la administraci\u00f3n<\/em>\u201d, especialmente en los organismos estatales. El concejal de Cultura y Normalizaci\u00f3n Ling\u00fc\u00edstica, <strong data-start=\"2376\" data-end=\"2393\">Fernando Pic\u00f3<\/strong>, valor\u00f3 el acuerdo como \u201c<em>un reconocimiento a d\u00e9cadas de trabajo en defensa del valenciano<\/em>\u201d. El acto concluy\u00f3 con la firma de Cant\u00f3 en el <strong data-start=\"2534\" data-end=\"2567\">Libro de Oro del Ayuntamiento<\/strong> y un recorrido por los <strong data-start=\"2591\" data-end=\"2622\">murales literarios del Bat\u00e0<\/strong>, guiados por su autor, <strong data-start=\"2646\" data-end=\"2662\">Toni Espinar<\/strong>, como s\u00edmbolo de una lengua que inspira arte, cultura y comunidad.<\/p>\n","protected":false},"excerpt":{"rendered":"<p>El Ayuntamiento de Muro y la Acad\u00e8mia Valenciana de la Llengua (AVL) han firmado un convenio de colaboraci\u00f3n que convertir\u00e1&#8230;<\/p>\n","protected":false},"author":1,"featured_media":159311,"comment_status":"closed","ping_status":"closed","sticky":false,"template":"","format":"standard","meta":{"footnotes":""},"categories":[6909,98,75],"tags":[12522,590,5444,135,12521,2424],"class_list":["post-159310","post","type-post","status-publish","format-standard","has-post-thumbnail","hentry","category-actualidad","category-comarcas","category-noticias","tag-avl","tag-convenio","tag-firma","tag-muro","tag-veronica-canto","tag-vicent-molina"],"yoast_head":"<!-- This site is optimized with the Yoast SEO plugin v27.3 - https:\/\/yoast.com\/product\/yoast-seo-wordpress\/ -->\n<title>Muro y la Acad\u00e8mia Valenciana de la Llengua firman un convenio de colaboraci\u00f3n - COPE Alcoy<\/title>\n<meta name=\"description\" content=\"Muro y la Acad\u00e8mia Valenciana de la Llengua firman un convenio de colaboraci\u00f3n\" \/>\n<meta name=\"robots\" content=\"index, follow, max-snippet:-1, max-image-preview:large, max-video-preview:-1\" \/>\n<link rel=\"canonical\" href=\"https:\/\/www.copealcoy.es\/es\/muro-y-la-academia-valenciana-de-la-llengua-firman-un-convenio-de-colaboracion\/\" \/>\n<meta property=\"og:locale\" content=\"es_ES\" \/>\n<meta property=\"og:type\" content=\"article\" \/>\n<meta property=\"og:title\" content=\"Muro y la Acad\u00e8mia Valenciana de la Llengua firman un convenio de colaboraci\u00f3n - COPE Alcoy\" \/>\n<meta property=\"og:description\" content=\"Muro y la Acad\u00e8mia Valenciana de la Llengua firman un convenio de colaboraci\u00f3n\" \/>\n<meta property=\"og:url\" content=\"https:\/\/www.copealcoy.es\/es\/muro-y-la-academia-valenciana-de-la-llengua-firman-un-convenio-de-colaboracion\/\" \/>\n<meta property=\"og:site_name\" content=\"COPE Alcoy\" \/>\n<meta property=\"article:published_time\" content=\"2025-11-05T08:15:06+00:00\" \/>\n<meta property=\"article:modified_time\" content=\"2025-11-05T10:21:54+00:00\" \/>\n<meta property=\"og:image\" content=\"https:\/\/www.copealcoy.es\/wp-content\/uploads\/2025\/11\/AVL-Muro2-scaled.jpg\" \/>\n\t<meta property=\"og:image:width\" content=\"2560\" \/>\n\t<meta property=\"og:image:height\" content=\"1920\" \/>\n\t<meta property=\"og:image:type\" content=\"image\/jpeg\" \/>\n<meta name=\"author\" content=\"Cope Alcoy\" \/>\n<meta name=\"twitter:label1\" content=\"Escrito por\" \/>\n\t<meta name=\"twitter:data1\" content=\"Cope Alcoy\" \/>\n\t<meta name=\"twitter:label2\" content=\"Tiempo de lectura\" \/>\n\t<meta name=\"twitter:data2\" content=\"2 minutos\" \/>\n<script type=\"application\/ld+json\" class=\"yoast-schema-graph\">{\"@context\":\"https:\\\/\\\/schema.org\",\"@graph\":[{\"@type\":\"Article\",\"@id\":\"https:\\\/\\\/www.copealcoy.es\\\/es\\\/muro-y-la-academia-valenciana-de-la-llengua-firman-un-convenio-de-colaboracion\\\/#article\",\"isPartOf\":{\"@id\":\"https:\\\/\\\/www.copealcoy.es\\\/es\\\/muro-y-la-academia-valenciana-de-la-llengua-firman-un-convenio-de-colaboracion\\\/\"},\"author\":{\"name\":\"Cope Alcoy\",\"@id\":\"https:\\\/\\\/www.copealcoy.es\\\/es\\\/#\\\/schema\\\/person\\\/e777c87fa024e57d40170af9df39882c\"},\"headline\":\"Muro y la Acad\u00e8mia Valenciana de la Llengua firman un convenio de colaboraci\u00f3n\",\"datePublished\":\"2025-11-05T08:15:06+00:00\",\"dateModified\":\"2025-11-05T10:21:54+00:00\",\"mainEntityOfPage\":{\"@id\":\"https:\\\/\\\/www.copealcoy.es\\\/es\\\/muro-y-la-academia-valenciana-de-la-llengua-firman-un-convenio-de-colaboracion\\\/\"},\"wordCount\":376,\"image\":{\"@id\":\"https:\\\/\\\/www.copealcoy.es\\\/es\\\/muro-y-la-academia-valenciana-de-la-llengua-firman-un-convenio-de-colaboracion\\\/#primaryimage\"},\"thumbnailUrl\":\"https:\\\/\\\/www.copealcoy.es\\\/wp-content\\\/uploads\\\/2025\\\/11\\\/AVL-Muro2-scaled.jpg\",\"keywords\":[\"AVL\",\"Convenio\",\"firma\",\"Muro\",\"Ver\u00f2nica Cant\u00f3\",\"Vicent Molina\"],\"articleSection\":[\"Actualidad\",\"Comarcas\",\"Noticias\"],\"inLanguage\":\"es\"},{\"@type\":\"WebPage\",\"@id\":\"https:\\\/\\\/www.copealcoy.es\\\/es\\\/muro-y-la-academia-valenciana-de-la-llengua-firman-un-convenio-de-colaboracion\\\/\",\"url\":\"https:\\\/\\\/www.copealcoy.es\\\/es\\\/muro-y-la-academia-valenciana-de-la-llengua-firman-un-convenio-de-colaboracion\\\/\",\"name\":\"Muro y la Acad\u00e8mia Valenciana de la Llengua firman un convenio de colaboraci\u00f3n - COPE Alcoy\",\"isPartOf\":{\"@id\":\"https:\\\/\\\/www.copealcoy.es\\\/es\\\/#website\"},\"primaryImageOfPage\":{\"@id\":\"https:\\\/\\\/www.copealcoy.es\\\/es\\\/muro-y-la-academia-valenciana-de-la-llengua-firman-un-convenio-de-colaboracion\\\/#primaryimage\"},\"image\":{\"@id\":\"https:\\\/\\\/www.copealcoy.es\\\/es\\\/muro-y-la-academia-valenciana-de-la-llengua-firman-un-convenio-de-colaboracion\\\/#primaryimage\"},\"thumbnailUrl\":\"https:\\\/\\\/www.copealcoy.es\\\/wp-content\\\/uploads\\\/2025\\\/11\\\/AVL-Muro2-scaled.jpg\",\"datePublished\":\"2025-11-05T08:15:06+00:00\",\"dateModified\":\"2025-11-05T10:21:54+00:00\",\"author\":{\"@id\":\"https:\\\/\\\/www.copealcoy.es\\\/es\\\/#\\\/schema\\\/person\\\/e777c87fa024e57d40170af9df39882c\"},\"description\":\"Muro y la Acad\u00e8mia Valenciana de la Llengua firman un convenio de colaboraci\u00f3n\",\"breadcrumb\":{\"@id\":\"https:\\\/\\\/www.copealcoy.es\\\/es\\\/muro-y-la-academia-valenciana-de-la-llengua-firman-un-convenio-de-colaboracion\\\/#breadcrumb\"},\"inLanguage\":\"es\",\"potentialAction\":[{\"@type\":\"ReadAction\",\"target\":[\"https:\\\/\\\/www.copealcoy.es\\\/es\\\/muro-y-la-academia-valenciana-de-la-llengua-firman-un-convenio-de-colaboracion\\\/\"]}]},{\"@type\":\"ImageObject\",\"inLanguage\":\"es\",\"@id\":\"https:\\\/\\\/www.copealcoy.es\\\/es\\\/muro-y-la-academia-valenciana-de-la-llengua-firman-un-convenio-de-colaboracion\\\/#primaryimage\",\"url\":\"https:\\\/\\\/www.copealcoy.es\\\/wp-content\\\/uploads\\\/2025\\\/11\\\/AVL-Muro2-scaled.jpg\",\"contentUrl\":\"https:\\\/\\\/www.copealcoy.es\\\/wp-content\\\/uploads\\\/2025\\\/11\\\/AVL-Muro2-scaled.jpg\",\"width\":2560,\"height\":1920},{\"@type\":\"BreadcrumbList\",\"@id\":\"https:\\\/\\\/www.copealcoy.es\\\/es\\\/muro-y-la-academia-valenciana-de-la-llengua-firman-un-convenio-de-colaboracion\\\/#breadcrumb\",\"itemListElement\":[{\"@type\":\"ListItem\",\"position\":1,\"name\":\"Portada\",\"item\":\"https:\\\/\\\/www.copealcoy.es\\\/es\\\/\"},{\"@type\":\"ListItem\",\"position\":2,\"name\":\"Muro y la Acad\u00e8mia Valenciana de la Llengua firman un convenio de colaboraci\u00f3n\"}]},{\"@type\":\"WebSite\",\"@id\":\"https:\\\/\\\/www.copealcoy.es\\\/es\\\/#website\",\"url\":\"https:\\\/\\\/www.copealcoy.es\\\/es\\\/\",\"name\":\"COPE Alcoy\",\"description\":\"Emisora COPE de radio local con emisi\u00f3n online. Pont de Sant Jordi 8-10 03803 Alcoy\",\"potentialAction\":[{\"@type\":\"SearchAction\",\"target\":{\"@type\":\"EntryPoint\",\"urlTemplate\":\"https:\\\/\\\/www.copealcoy.es\\\/es\\\/?s={search_term_string}\"},\"query-input\":{\"@type\":\"PropertyValueSpecification\",\"valueRequired\":true,\"valueName\":\"search_term_string\"}}],\"inLanguage\":\"es\"},{\"@type\":\"Person\",\"@id\":\"https:\\\/\\\/www.copealcoy.es\\\/es\\\/#\\\/schema\\\/person\\\/e777c87fa024e57d40170af9df39882c\",\"name\":\"Cope Alcoy\",\"image\":{\"@type\":\"ImageObject\",\"inLanguage\":\"es\",\"@id\":\"https:\\\/\\\/secure.gravatar.com\\\/avatar\\\/bb65d0283347e303893ba14f0692005417c1e0e690a325a4c5d8bb2b3943ee14?s=96&d=mm&r=g\",\"url\":\"https:\\\/\\\/secure.gravatar.com\\\/avatar\\\/bb65d0283347e303893ba14f0692005417c1e0e690a325a4c5d8bb2b3943ee14?s=96&d=mm&r=g\",\"contentUrl\":\"https:\\\/\\\/secure.gravatar.com\\\/avatar\\\/bb65d0283347e303893ba14f0692005417c1e0e690a325a4c5d8bb2b3943ee14?s=96&d=mm&r=g\",\"caption\":\"Cope Alcoy\"}}]}<\/script>\n<!-- \/ Yoast SEO plugin. -->","yoast_head_json":{"title":"Muro y la Acad\u00e8mia Valenciana de la Llengua firman un convenio de colaboraci\u00f3n - COPE Alcoy","description":"Muro y la Acad\u00e8mia Valenciana de la Llengua firman un convenio de colaboraci\u00f3n","robots":{"index":"index","follow":"follow","max-snippet":"max-snippet:-1","max-image-preview":"max-image-preview:large","max-video-preview":"max-video-preview:-1"},"canonical":"https:\/\/www.copealcoy.es\/es\/muro-y-la-academia-valenciana-de-la-llengua-firman-un-convenio-de-colaboracion\/","og_locale":"es_ES","og_type":"article","og_title":"Muro y la Acad\u00e8mia Valenciana de la Llengua firman un convenio de colaboraci\u00f3n - COPE Alcoy","og_description":"Muro y la Acad\u00e8mia Valenciana de la Llengua firman un convenio de colaboraci\u00f3n","og_url":"https:\/\/www.copealcoy.es\/es\/muro-y-la-academia-valenciana-de-la-llengua-firman-un-convenio-de-colaboracion\/","og_site_name":"COPE Alcoy","article_published_time":"2025-11-05T08:15:06+00:00","article_modified_time":"2025-11-05T10:21:54+00:00","og_image":[{"width":2560,"height":1920,"url":"https:\/\/www.copealcoy.es\/wp-content\/uploads\/2025\/11\/AVL-Muro2-scaled.jpg","type":"image\/jpeg"}],"author":"Cope Alcoy","twitter_misc":{"Escrito por":"Cope Alcoy","Tiempo de lectura":"2 minutos"},"schema":{"@context":"https:\/\/schema.org","@graph":[{"@type":"Article","@id":"https:\/\/www.copealcoy.es\/es\/muro-y-la-academia-valenciana-de-la-llengua-firman-un-convenio-de-colaboracion\/#article","isPartOf":{"@id":"https:\/\/www.copealcoy.es\/es\/muro-y-la-academia-valenciana-de-la-llengua-firman-un-convenio-de-colaboracion\/"},"author":{"name":"Cope Alcoy","@id":"https:\/\/www.copealcoy.es\/es\/#\/schema\/person\/e777c87fa024e57d40170af9df39882c"},"headline":"Muro y la Acad\u00e8mia Valenciana de la Llengua firman un convenio de colaboraci\u00f3n","datePublished":"2025-11-05T08:15:06+00:00","dateModified":"2025-11-05T10:21:54+00:00","mainEntityOfPage":{"@id":"https:\/\/www.copealcoy.es\/es\/muro-y-la-academia-valenciana-de-la-llengua-firman-un-convenio-de-colaboracion\/"},"wordCount":376,"image":{"@id":"https:\/\/www.copealcoy.es\/es\/muro-y-la-academia-valenciana-de-la-llengua-firman-un-convenio-de-colaboracion\/#primaryimage"},"thumbnailUrl":"https:\/\/www.copealcoy.es\/wp-content\/uploads\/2025\/11\/AVL-Muro2-scaled.jpg","keywords":["AVL","Convenio","firma","Muro","Ver\u00f2nica Cant\u00f3","Vicent Molina"],"articleSection":["Actualidad","Comarcas","Noticias"],"inLanguage":"es"},{"@type":"WebPage","@id":"https:\/\/www.copealcoy.es\/es\/muro-y-la-academia-valenciana-de-la-llengua-firman-un-convenio-de-colaboracion\/","url":"https:\/\/www.copealcoy.es\/es\/muro-y-la-academia-valenciana-de-la-llengua-firman-un-convenio-de-colaboracion\/","name":"Muro y la Acad\u00e8mia Valenciana de la Llengua firman un convenio de colaboraci\u00f3n - COPE Alcoy","isPartOf":{"@id":"https:\/\/www.copealcoy.es\/es\/#website"},"primaryImageOfPage":{"@id":"https:\/\/www.copealcoy.es\/es\/muro-y-la-academia-valenciana-de-la-llengua-firman-un-convenio-de-colaboracion\/#primaryimage"},"image":{"@id":"https:\/\/www.copealcoy.es\/es\/muro-y-la-academia-valenciana-de-la-llengua-firman-un-convenio-de-colaboracion\/#primaryimage"},"thumbnailUrl":"https:\/\/www.copealcoy.es\/wp-content\/uploads\/2025\/11\/AVL-Muro2-scaled.jpg","datePublished":"2025-11-05T08:15:06+00:00","dateModified":"2025-11-05T10:21:54+00:00","author":{"@id":"https:\/\/www.copealcoy.es\/es\/#\/schema\/person\/e777c87fa024e57d40170af9df39882c"},"description":"Muro y la Acad\u00e8mia Valenciana de la Llengua firman un convenio de colaboraci\u00f3n","breadcrumb":{"@id":"https:\/\/www.copealcoy.es\/es\/muro-y-la-academia-valenciana-de-la-llengua-firman-un-convenio-de-colaboracion\/#breadcrumb"},"inLanguage":"es","potentialAction":[{"@type":"ReadAction","target":["https:\/\/www.copealcoy.es\/es\/muro-y-la-academia-valenciana-de-la-llengua-firman-un-convenio-de-colaboracion\/"]}]},{"@type":"ImageObject","inLanguage":"es","@id":"https:\/\/www.copealcoy.es\/es\/muro-y-la-academia-valenciana-de-la-llengua-firman-un-convenio-de-colaboracion\/#primaryimage","url":"https:\/\/www.copealcoy.es\/wp-content\/uploads\/2025\/11\/AVL-Muro2-scaled.jpg","contentUrl":"https:\/\/www.copealcoy.es\/wp-content\/uploads\/2025\/11\/AVL-Muro2-scaled.jpg","width":2560,"height":1920},{"@type":"BreadcrumbList","@id":"https:\/\/www.copealcoy.es\/es\/muro-y-la-academia-valenciana-de-la-llengua-firman-un-convenio-de-colaboracion\/#breadcrumb","itemListElement":[{"@type":"ListItem","position":1,"name":"Portada","item":"https:\/\/www.copealcoy.es\/es\/"},{"@type":"ListItem","position":2,"name":"Muro y la Acad\u00e8mia Valenciana de la Llengua firman un convenio de colaboraci\u00f3n"}]},{"@type":"WebSite","@id":"https:\/\/www.copealcoy.es\/es\/#website","url":"https:\/\/www.copealcoy.es\/es\/","name":"COPE Alcoy","description":"Emisora COPE de radio local con emisi\u00f3n online. Pont de Sant Jordi 8-10 03803 Alcoy","potentialAction":[{"@type":"SearchAction","target":{"@type":"EntryPoint","urlTemplate":"https:\/\/www.copealcoy.es\/es\/?s={search_term_string}"},"query-input":{"@type":"PropertyValueSpecification","valueRequired":true,"valueName":"search_term_string"}}],"inLanguage":"es"},{"@type":"Person","@id":"https:\/\/www.copealcoy.es\/es\/#\/schema\/person\/e777c87fa024e57d40170af9df39882c","name":"Cope Alcoy","image":{"@type":"ImageObject","inLanguage":"es","@id":"https:\/\/secure.gravatar.com\/avatar\/bb65d0283347e303893ba14f0692005417c1e0e690a325a4c5d8bb2b3943ee14?s=96&d=mm&r=g","url":"https:\/\/secure.gravatar.com\/avatar\/bb65d0283347e303893ba14f0692005417c1e0e690a325a4c5d8bb2b3943ee14?s=96&d=mm&r=g","contentUrl":"https:\/\/secure.gravatar.com\/avatar\/bb65d0283347e303893ba14f0692005417c1e0e690a325a4c5d8bb2b3943ee14?s=96&d=mm&r=g","caption":"Cope Alcoy"}}]}},"_links":{"self":[{"href":"https:\/\/www.copealcoy.es\/es\/wp-json\/wp\/v2\/posts\/159310","targetHints":{"allow":["GET"]}}],"collection":[{"href":"https:\/\/www.copealcoy.es\/es\/wp-json\/wp\/v2\/posts"}],"about":[{"href":"https:\/\/www.copealcoy.es\/es\/wp-json\/wp\/v2\/types\/post"}],"author":[{"embeddable":true,"href":"https:\/\/www.copealcoy.es\/es\/wp-json\/wp\/v2\/users\/1"}],"replies":[{"embeddable":true,"href":"https:\/\/www.copealcoy.es\/es\/wp-json\/wp\/v2\/comments?post=159310"}],"version-history":[{"count":1,"href":"https:\/\/www.copealcoy.es\/es\/wp-json\/wp\/v2\/posts\/159310\/revisions"}],"predecessor-version":[{"id":159313,"href":"https:\/\/www.copealcoy.es\/es\/wp-json\/wp\/v2\/posts\/159310\/revisions\/159313"}],"wp:featuredmedia":[{"embeddable":true,"href":"https:\/\/www.copealcoy.es\/es\/wp-json\/wp\/v2\/media\/159311"}],"wp:attachment":[{"href":"https:\/\/www.copealcoy.es\/es\/wp-json\/wp\/v2\/media?parent=159310"}],"wp:term":[{"taxonomy":"category","embeddable":true,"href":"https:\/\/www.copealcoy.es\/es\/wp-json\/wp\/v2\/categories?post=159310"},{"taxonomy":"post_tag","embeddable":true,"href":"https:\/\/www.copealcoy.es\/es\/wp-json\/wp\/v2\/tags?post=159310"}],"curies":[{"name":"wp","href":"https:\/\/api.w.org\/{rel}","templated":true}]}}