{"id":159277,"date":"2025-11-03T16:49:05","date_gmt":"2025-11-03T15:49:05","guid":{"rendered":"https:\/\/www.copealcoy.es\/?p=159277"},"modified":"2025-11-03T17:06:01","modified_gmt":"2025-11-03T16:06:01","slug":"la-fira-de-cocentaina-llega-a-su-fin-tras-recibir-a-medio-millon-de-visitantes","status":"publish","type":"post","link":"https:\/\/www.copealcoy.es\/es\/la-fira-de-cocentaina-llega-a-su-fin-tras-recibir-a-medio-millon-de-visitantes\/","title":{"rendered":"La Fira de Cocentaina llega a su fin tras recibir a medio mill\u00f3n de visitantes"},"content":{"rendered":"<p style=\"text-align: justify;\">Cocentaina <strong>despidi\u00f3 anoche la 679 edici\u00f3n de la <a href=\"https:\/\/www.firadecocentaina.org\/es\/\" target=\"_blank\" rel=\"noopener\"><span style=\"color: #0000ff;\">Fira de Tots Sants<\/span><\/a><\/strong> y lo hizo con <strong>un gran espect\u00e1culo en El Pla<\/strong>, ante el Palau Comtal, preparado por LA FAM Cia de Teatre que combin\u00f3 efectos de luces, bailes tradicionales del Grup Les Folies de Carcaixent y la actuaci\u00f3n de Pep Gimeno &#8216;Botifarra&#8217;. El punto y final a la puesta en escena, <strong>titulada &#8216;Un batec, mil emocions&#8217;<\/strong>, culmin\u00f3 con el lanzamiento de centenares de serpentinas junto a confeti de colores, para poner as\u00ed el broche de oro a la Fira de Fires.<\/p>\n<p style=\"text-align: justify;\">Terminaba as\u00ed un certamen que <strong>ha sido multitudinario<\/strong> y que, a falta de la valoraci\u00f3n final, ha reunido a medio mill\u00f3n de visitantes seg\u00fan las primeras estimaciones de la organizaci\u00f3n. As\u00ed lo explic\u00f3 en declaraciones a COPE ALCOY el alcalde de la capital del Comtat a la hora de hacer balance de la convocatoria del 2025 &#8220;<em>ha sido la Fira del resurgir y la gente ten\u00eda muchas ganas de disfrutar de todo lo que hab\u00eda preparado. Ven\u00edamos de dos a\u00f1os dif\u00edciles en los que tuvimos que cerrar la Feria durante 24 horas a causa del fuerte viento, en 2023, o una edici\u00f3n desangelada por la gran tragedia de la DANA que golpe\u00f3 a parte de la provincia de Valencia el pasado 2024. Todo ha salido muy bien y no se han producido incidencias rese\u00f1ables m\u00e1s all\u00e1 de complicaciones de tr\u00e1fico en los accesos al pueblo en jornadas como la del s\u00e1bado o el domingo que resultaron ser masivas<\/em>&#8220;, signific\u00f3 <strong>Rub\u00e9n Mu\u00f1oz<\/strong>. Tambi\u00e9n la concejala de Fira remarc\u00f3 en esta casa que hab\u00eda sido una edici\u00f3n de &#8220;<em>plena normalidad<\/em>&#8221; y hac\u00eda referencia a la buena acogida que hab\u00edan tenido las novedades puestas en marcha <em>&#8220;tendremos tiempo de evaluarlo todo, en los pr\u00f3ximos meses, para seguir mejorando la Fira. Por el momento si que hemos visto que ha funcionado mucho el cambio del escenario de actuaciones del Pla, desde el centro de la plaza hasta la parte delantera del Palau, y tambi\u00e9n han gustado\u00a0 iniciativas como las demostraciones culinarias del chef Rub\u00e9n Fenollar. Estamos muy contentos porque ha sido una gran Fira&#8221;, <\/em>concluy\u00f3 <strong>Marcela Richart<\/strong>.<\/p>\n<p style=\"text-align: justify;\">En general ha sido una Fira tranquila y la Polic\u00eda Local contestana <strong>solo realiz\u00f3 230 intervenciones de diversa \u00edndole<\/strong>. A partir de hoy comienza el desmontaje y se pondr\u00e1 en marcha un plan especial de limpieza para que las calles de la Villa Condal recuperen la normalidad lo m\u00e1s pronto posible.<\/p>\n<p style=\"text-align: justify;\">Aqu\u00ed <strong>puedes escuchar la entrevista<\/strong> que mantuvimos en la recta final de la Feria de Todos Sants con la regidora de Feria del Ayuntamiento de Cocentaina (Marcela Richart) y el alcalde del municipio (Rub\u00e9n Mu\u00f1oz):<\/p>\n<audio class=\"wp-audio-shortcode\" id=\"audio-159277-1\" preload=\"none\" style=\"width: 100%;\" controls=\"controls\"><source type=\"audio\/mpeg\" src=\"https:\/\/www.copealcoy.es\/wp-content\/uploads\/2025\/11\/Entrevista-balance-Fira-.mp3?_=1\" \/><a href=\"https:\/\/www.copealcoy.es\/wp-content\/uploads\/2025\/11\/Entrevista-balance-Fira-.mp3\">https:\/\/www.copealcoy.es\/wp-content\/uploads\/2025\/11\/Entrevista-balance-Fira-.mp3<\/a><\/audio>\n<p>&nbsp;<\/p>\n","protected":false},"excerpt":{"rendered":"<p>Cocentaina despidi\u00f3 anoche la 679 edici\u00f3n de la Fira de Tots Sants y lo hizo con un gran espect\u00e1culo en&#8230;<\/p>\n","protected":false},"author":1,"featured_media":159278,"comment_status":"closed","ping_status":"closed","sticky":false,"template":"","format":"standard","meta":{"footnotes":""},"categories":[6909,98,75,125],"tags":[5243,132,19060,635,20229],"class_list":["post-159277","post","type-post","status-publish","format-standard","has-post-thumbnail","hentry","category-actualidad","category-comarcas","category-noticias","category-portada","tag-clausura","tag-cocentaina","tag-edicion-2025","tag-fira-de-tots-sants","tag-medio-millon-de-visitantes"],"yoast_head":"<!-- This site is optimized with the Yoast SEO plugin v27.3 - https:\/\/yoast.com\/product\/yoast-seo-wordpress\/ -->\n<title>La Fira de Cocentaina llega a su fin tras recibir a medio mill\u00f3n de visitantes - COPE Alcoy<\/title>\n<meta name=\"description\" content=\"La Fira de Cocentaina llega a su fin tras recibir a medio mill\u00f3n de visitantes\" \/>\n<meta name=\"robots\" content=\"index, follow, max-snippet:-1, max-image-preview:large, max-video-preview:-1\" \/>\n<link rel=\"canonical\" href=\"https:\/\/www.copealcoy.es\/es\/la-fira-de-cocentaina-llega-a-su-fin-tras-recibir-a-medio-millon-de-visitantes\/\" \/>\n<meta property=\"og:locale\" content=\"es_ES\" \/>\n<meta property=\"og:type\" content=\"article\" \/>\n<meta property=\"og:title\" content=\"La Fira de Cocentaina llega a su fin tras recibir a medio mill\u00f3n de visitantes - COPE Alcoy\" \/>\n<meta property=\"og:description\" content=\"La Fira de Cocentaina llega a su fin tras recibir a medio mill\u00f3n de visitantes\" \/>\n<meta property=\"og:url\" content=\"https:\/\/www.copealcoy.es\/es\/la-fira-de-cocentaina-llega-a-su-fin-tras-recibir-a-medio-millon-de-visitantes\/\" \/>\n<meta property=\"og:site_name\" content=\"COPE Alcoy\" \/>\n<meta property=\"article:published_time\" content=\"2025-11-03T15:49:05+00:00\" \/>\n<meta property=\"article:modified_time\" content=\"2025-11-03T16:06:01+00:00\" \/>\n<meta property=\"og:image\" content=\"https:\/\/www.copealcoy.es\/wp-content\/uploads\/2025\/11\/unnamed-1-1-scaled.jpg\" \/>\n\t<meta property=\"og:image:width\" content=\"2560\" \/>\n\t<meta property=\"og:image:height\" content=\"1604\" \/>\n\t<meta property=\"og:image:type\" content=\"image\/jpeg\" \/>\n<meta name=\"author\" content=\"Cope Alcoy\" \/>\n<meta name=\"twitter:label1\" content=\"Escrito por\" \/>\n\t<meta name=\"twitter:data1\" content=\"Cope Alcoy\" \/>\n\t<meta name=\"twitter:label2\" content=\"Tiempo de lectura\" \/>\n\t<meta name=\"twitter:data2\" content=\"3 minutos\" \/>\n<script type=\"application\/ld+json\" class=\"yoast-schema-graph\">{\"@context\":\"https:\\\/\\\/schema.org\",\"@graph\":[{\"@type\":\"Article\",\"@id\":\"https:\\\/\\\/www.copealcoy.es\\\/es\\\/la-fira-de-cocentaina-llega-a-su-fin-tras-recibir-a-medio-millon-de-visitantes\\\/#article\",\"isPartOf\":{\"@id\":\"https:\\\/\\\/www.copealcoy.es\\\/es\\\/la-fira-de-cocentaina-llega-a-su-fin-tras-recibir-a-medio-millon-de-visitantes\\\/\"},\"author\":{\"name\":\"Cope Alcoy\",\"@id\":\"https:\\\/\\\/www.copealcoy.es\\\/es\\\/#\\\/schema\\\/person\\\/e777c87fa024e57d40170af9df39882c\"},\"headline\":\"La Fira de Cocentaina llega a su fin tras recibir a medio mill\u00f3n de visitantes\",\"datePublished\":\"2025-11-03T15:49:05+00:00\",\"dateModified\":\"2025-11-03T16:06:01+00:00\",\"mainEntityOfPage\":{\"@id\":\"https:\\\/\\\/www.copealcoy.es\\\/es\\\/la-fira-de-cocentaina-llega-a-su-fin-tras-recibir-a-medio-millon-de-visitantes\\\/\"},\"wordCount\":494,\"image\":{\"@id\":\"https:\\\/\\\/www.copealcoy.es\\\/es\\\/la-fira-de-cocentaina-llega-a-su-fin-tras-recibir-a-medio-millon-de-visitantes\\\/#primaryimage\"},\"thumbnailUrl\":\"https:\\\/\\\/www.copealcoy.es\\\/wp-content\\\/uploads\\\/2025\\\/11\\\/unnamed-1-1-scaled.jpg\",\"keywords\":[\"clausura\",\"Cocentaina\",\"edici\u00f3n 2025\",\"Fira de Tots Sants\",\"medio mill\u00f3n de visitantes\"],\"articleSection\":[\"Actualidad\",\"Comarcas\",\"Noticias\",\"Portada\"],\"inLanguage\":\"es\"},{\"@type\":\"WebPage\",\"@id\":\"https:\\\/\\\/www.copealcoy.es\\\/es\\\/la-fira-de-cocentaina-llega-a-su-fin-tras-recibir-a-medio-millon-de-visitantes\\\/\",\"url\":\"https:\\\/\\\/www.copealcoy.es\\\/es\\\/la-fira-de-cocentaina-llega-a-su-fin-tras-recibir-a-medio-millon-de-visitantes\\\/\",\"name\":\"La Fira de Cocentaina llega a su fin tras recibir a medio mill\u00f3n de visitantes - COPE Alcoy\",\"isPartOf\":{\"@id\":\"https:\\\/\\\/www.copealcoy.es\\\/es\\\/#website\"},\"primaryImageOfPage\":{\"@id\":\"https:\\\/\\\/www.copealcoy.es\\\/es\\\/la-fira-de-cocentaina-llega-a-su-fin-tras-recibir-a-medio-millon-de-visitantes\\\/#primaryimage\"},\"image\":{\"@id\":\"https:\\\/\\\/www.copealcoy.es\\\/es\\\/la-fira-de-cocentaina-llega-a-su-fin-tras-recibir-a-medio-millon-de-visitantes\\\/#primaryimage\"},\"thumbnailUrl\":\"https:\\\/\\\/www.copealcoy.es\\\/wp-content\\\/uploads\\\/2025\\\/11\\\/unnamed-1-1-scaled.jpg\",\"datePublished\":\"2025-11-03T15:49:05+00:00\",\"dateModified\":\"2025-11-03T16:06:01+00:00\",\"author\":{\"@id\":\"https:\\\/\\\/www.copealcoy.es\\\/es\\\/#\\\/schema\\\/person\\\/e777c87fa024e57d40170af9df39882c\"},\"description\":\"La Fira de Cocentaina llega a su fin tras recibir a medio mill\u00f3n de visitantes\",\"breadcrumb\":{\"@id\":\"https:\\\/\\\/www.copealcoy.es\\\/es\\\/la-fira-de-cocentaina-llega-a-su-fin-tras-recibir-a-medio-millon-de-visitantes\\\/#breadcrumb\"},\"inLanguage\":\"es\",\"potentialAction\":[{\"@type\":\"ReadAction\",\"target\":[\"https:\\\/\\\/www.copealcoy.es\\\/es\\\/la-fira-de-cocentaina-llega-a-su-fin-tras-recibir-a-medio-millon-de-visitantes\\\/\"]}]},{\"@type\":\"ImageObject\",\"inLanguage\":\"es\",\"@id\":\"https:\\\/\\\/www.copealcoy.es\\\/es\\\/la-fira-de-cocentaina-llega-a-su-fin-tras-recibir-a-medio-millon-de-visitantes\\\/#primaryimage\",\"url\":\"https:\\\/\\\/www.copealcoy.es\\\/wp-content\\\/uploads\\\/2025\\\/11\\\/unnamed-1-1-scaled.jpg\",\"contentUrl\":\"https:\\\/\\\/www.copealcoy.es\\\/wp-content\\\/uploads\\\/2025\\\/11\\\/unnamed-1-1-scaled.jpg\",\"width\":2560,\"height\":1604},{\"@type\":\"BreadcrumbList\",\"@id\":\"https:\\\/\\\/www.copealcoy.es\\\/es\\\/la-fira-de-cocentaina-llega-a-su-fin-tras-recibir-a-medio-millon-de-visitantes\\\/#breadcrumb\",\"itemListElement\":[{\"@type\":\"ListItem\",\"position\":1,\"name\":\"Portada\",\"item\":\"https:\\\/\\\/www.copealcoy.es\\\/es\\\/\"},{\"@type\":\"ListItem\",\"position\":2,\"name\":\"La Fira de Cocentaina llega a su fin tras recibir a medio mill\u00f3n de visitantes\"}]},{\"@type\":\"WebSite\",\"@id\":\"https:\\\/\\\/www.copealcoy.es\\\/es\\\/#website\",\"url\":\"https:\\\/\\\/www.copealcoy.es\\\/es\\\/\",\"name\":\"COPE Alcoy\",\"description\":\"Emisora COPE de radio local con emisi\u00f3n online. Pont de Sant Jordi 8-10 03803 Alcoy\",\"potentialAction\":[{\"@type\":\"SearchAction\",\"target\":{\"@type\":\"EntryPoint\",\"urlTemplate\":\"https:\\\/\\\/www.copealcoy.es\\\/es\\\/?s={search_term_string}\"},\"query-input\":{\"@type\":\"PropertyValueSpecification\",\"valueRequired\":true,\"valueName\":\"search_term_string\"}}],\"inLanguage\":\"es\"},{\"@type\":\"Person\",\"@id\":\"https:\\\/\\\/www.copealcoy.es\\\/es\\\/#\\\/schema\\\/person\\\/e777c87fa024e57d40170af9df39882c\",\"name\":\"Cope Alcoy\",\"image\":{\"@type\":\"ImageObject\",\"inLanguage\":\"es\",\"@id\":\"https:\\\/\\\/secure.gravatar.com\\\/avatar\\\/bb65d0283347e303893ba14f0692005417c1e0e690a325a4c5d8bb2b3943ee14?s=96&d=mm&r=g\",\"url\":\"https:\\\/\\\/secure.gravatar.com\\\/avatar\\\/bb65d0283347e303893ba14f0692005417c1e0e690a325a4c5d8bb2b3943ee14?s=96&d=mm&r=g\",\"contentUrl\":\"https:\\\/\\\/secure.gravatar.com\\\/avatar\\\/bb65d0283347e303893ba14f0692005417c1e0e690a325a4c5d8bb2b3943ee14?s=96&d=mm&r=g\",\"caption\":\"Cope Alcoy\"}}]}<\/script>\n<!-- \/ Yoast SEO plugin. -->","yoast_head_json":{"title":"La Fira de Cocentaina llega a su fin tras recibir a medio mill\u00f3n de visitantes - COPE Alcoy","description":"La Fira de Cocentaina llega a su fin tras recibir a medio mill\u00f3n de visitantes","robots":{"index":"index","follow":"follow","max-snippet":"max-snippet:-1","max-image-preview":"max-image-preview:large","max-video-preview":"max-video-preview:-1"},"canonical":"https:\/\/www.copealcoy.es\/es\/la-fira-de-cocentaina-llega-a-su-fin-tras-recibir-a-medio-millon-de-visitantes\/","og_locale":"es_ES","og_type":"article","og_title":"La Fira de Cocentaina llega a su fin tras recibir a medio mill\u00f3n de visitantes - COPE Alcoy","og_description":"La Fira de Cocentaina llega a su fin tras recibir a medio mill\u00f3n de visitantes","og_url":"https:\/\/www.copealcoy.es\/es\/la-fira-de-cocentaina-llega-a-su-fin-tras-recibir-a-medio-millon-de-visitantes\/","og_site_name":"COPE Alcoy","article_published_time":"2025-11-03T15:49:05+00:00","article_modified_time":"2025-11-03T16:06:01+00:00","og_image":[{"width":2560,"height":1604,"url":"https:\/\/www.copealcoy.es\/wp-content\/uploads\/2025\/11\/unnamed-1-1-scaled.jpg","type":"image\/jpeg"}],"author":"Cope Alcoy","twitter_misc":{"Escrito por":"Cope Alcoy","Tiempo de lectura":"3 minutos"},"schema":{"@context":"https:\/\/schema.org","@graph":[{"@type":"Article","@id":"https:\/\/www.copealcoy.es\/es\/la-fira-de-cocentaina-llega-a-su-fin-tras-recibir-a-medio-millon-de-visitantes\/#article","isPartOf":{"@id":"https:\/\/www.copealcoy.es\/es\/la-fira-de-cocentaina-llega-a-su-fin-tras-recibir-a-medio-millon-de-visitantes\/"},"author":{"name":"Cope Alcoy","@id":"https:\/\/www.copealcoy.es\/es\/#\/schema\/person\/e777c87fa024e57d40170af9df39882c"},"headline":"La Fira de Cocentaina llega a su fin tras recibir a medio mill\u00f3n de visitantes","datePublished":"2025-11-03T15:49:05+00:00","dateModified":"2025-11-03T16:06:01+00:00","mainEntityOfPage":{"@id":"https:\/\/www.copealcoy.es\/es\/la-fira-de-cocentaina-llega-a-su-fin-tras-recibir-a-medio-millon-de-visitantes\/"},"wordCount":494,"image":{"@id":"https:\/\/www.copealcoy.es\/es\/la-fira-de-cocentaina-llega-a-su-fin-tras-recibir-a-medio-millon-de-visitantes\/#primaryimage"},"thumbnailUrl":"https:\/\/www.copealcoy.es\/wp-content\/uploads\/2025\/11\/unnamed-1-1-scaled.jpg","keywords":["clausura","Cocentaina","edici\u00f3n 2025","Fira de Tots Sants","medio mill\u00f3n de visitantes"],"articleSection":["Actualidad","Comarcas","Noticias","Portada"],"inLanguage":"es"},{"@type":"WebPage","@id":"https:\/\/www.copealcoy.es\/es\/la-fira-de-cocentaina-llega-a-su-fin-tras-recibir-a-medio-millon-de-visitantes\/","url":"https:\/\/www.copealcoy.es\/es\/la-fira-de-cocentaina-llega-a-su-fin-tras-recibir-a-medio-millon-de-visitantes\/","name":"La Fira de Cocentaina llega a su fin tras recibir a medio mill\u00f3n de visitantes - COPE Alcoy","isPartOf":{"@id":"https:\/\/www.copealcoy.es\/es\/#website"},"primaryImageOfPage":{"@id":"https:\/\/www.copealcoy.es\/es\/la-fira-de-cocentaina-llega-a-su-fin-tras-recibir-a-medio-millon-de-visitantes\/#primaryimage"},"image":{"@id":"https:\/\/www.copealcoy.es\/es\/la-fira-de-cocentaina-llega-a-su-fin-tras-recibir-a-medio-millon-de-visitantes\/#primaryimage"},"thumbnailUrl":"https:\/\/www.copealcoy.es\/wp-content\/uploads\/2025\/11\/unnamed-1-1-scaled.jpg","datePublished":"2025-11-03T15:49:05+00:00","dateModified":"2025-11-03T16:06:01+00:00","author":{"@id":"https:\/\/www.copealcoy.es\/es\/#\/schema\/person\/e777c87fa024e57d40170af9df39882c"},"description":"La Fira de Cocentaina llega a su fin tras recibir a medio mill\u00f3n de visitantes","breadcrumb":{"@id":"https:\/\/www.copealcoy.es\/es\/la-fira-de-cocentaina-llega-a-su-fin-tras-recibir-a-medio-millon-de-visitantes\/#breadcrumb"},"inLanguage":"es","potentialAction":[{"@type":"ReadAction","target":["https:\/\/www.copealcoy.es\/es\/la-fira-de-cocentaina-llega-a-su-fin-tras-recibir-a-medio-millon-de-visitantes\/"]}]},{"@type":"ImageObject","inLanguage":"es","@id":"https:\/\/www.copealcoy.es\/es\/la-fira-de-cocentaina-llega-a-su-fin-tras-recibir-a-medio-millon-de-visitantes\/#primaryimage","url":"https:\/\/www.copealcoy.es\/wp-content\/uploads\/2025\/11\/unnamed-1-1-scaled.jpg","contentUrl":"https:\/\/www.copealcoy.es\/wp-content\/uploads\/2025\/11\/unnamed-1-1-scaled.jpg","width":2560,"height":1604},{"@type":"BreadcrumbList","@id":"https:\/\/www.copealcoy.es\/es\/la-fira-de-cocentaina-llega-a-su-fin-tras-recibir-a-medio-millon-de-visitantes\/#breadcrumb","itemListElement":[{"@type":"ListItem","position":1,"name":"Portada","item":"https:\/\/www.copealcoy.es\/es\/"},{"@type":"ListItem","position":2,"name":"La Fira de Cocentaina llega a su fin tras recibir a medio mill\u00f3n de visitantes"}]},{"@type":"WebSite","@id":"https:\/\/www.copealcoy.es\/es\/#website","url":"https:\/\/www.copealcoy.es\/es\/","name":"COPE Alcoy","description":"Emisora COPE de radio local con emisi\u00f3n online. Pont de Sant Jordi 8-10 03803 Alcoy","potentialAction":[{"@type":"SearchAction","target":{"@type":"EntryPoint","urlTemplate":"https:\/\/www.copealcoy.es\/es\/?s={search_term_string}"},"query-input":{"@type":"PropertyValueSpecification","valueRequired":true,"valueName":"search_term_string"}}],"inLanguage":"es"},{"@type":"Person","@id":"https:\/\/www.copealcoy.es\/es\/#\/schema\/person\/e777c87fa024e57d40170af9df39882c","name":"Cope Alcoy","image":{"@type":"ImageObject","inLanguage":"es","@id":"https:\/\/secure.gravatar.com\/avatar\/bb65d0283347e303893ba14f0692005417c1e0e690a325a4c5d8bb2b3943ee14?s=96&d=mm&r=g","url":"https:\/\/secure.gravatar.com\/avatar\/bb65d0283347e303893ba14f0692005417c1e0e690a325a4c5d8bb2b3943ee14?s=96&d=mm&r=g","contentUrl":"https:\/\/secure.gravatar.com\/avatar\/bb65d0283347e303893ba14f0692005417c1e0e690a325a4c5d8bb2b3943ee14?s=96&d=mm&r=g","caption":"Cope Alcoy"}}]}},"_links":{"self":[{"href":"https:\/\/www.copealcoy.es\/es\/wp-json\/wp\/v2\/posts\/159277","targetHints":{"allow":["GET"]}}],"collection":[{"href":"https:\/\/www.copealcoy.es\/es\/wp-json\/wp\/v2\/posts"}],"about":[{"href":"https:\/\/www.copealcoy.es\/es\/wp-json\/wp\/v2\/types\/post"}],"author":[{"embeddable":true,"href":"https:\/\/www.copealcoy.es\/es\/wp-json\/wp\/v2\/users\/1"}],"replies":[{"embeddable":true,"href":"https:\/\/www.copealcoy.es\/es\/wp-json\/wp\/v2\/comments?post=159277"}],"version-history":[{"count":4,"href":"https:\/\/www.copealcoy.es\/es\/wp-json\/wp\/v2\/posts\/159277\/revisions"}],"predecessor-version":[{"id":159300,"href":"https:\/\/www.copealcoy.es\/es\/wp-json\/wp\/v2\/posts\/159277\/revisions\/159300"}],"wp:featuredmedia":[{"embeddable":true,"href":"https:\/\/www.copealcoy.es\/es\/wp-json\/wp\/v2\/media\/159278"}],"wp:attachment":[{"href":"https:\/\/www.copealcoy.es\/es\/wp-json\/wp\/v2\/media?parent=159277"}],"wp:term":[{"taxonomy":"category","embeddable":true,"href":"https:\/\/www.copealcoy.es\/es\/wp-json\/wp\/v2\/categories?post=159277"},{"taxonomy":"post_tag","embeddable":true,"href":"https:\/\/www.copealcoy.es\/es\/wp-json\/wp\/v2\/tags?post=159277"}],"curies":[{"name":"wp","href":"https:\/\/api.w.org\/{rel}","templated":true}]}}