{"id":159269,"date":"2025-11-03T13:42:18","date_gmt":"2025-11-03T12:42:18","guid":{"rendered":"https:\/\/www.copealcoy.es\/?p=159269"},"modified":"2025-11-03T13:46:18","modified_gmt":"2025-11-03T12:46:18","slug":"carlos-mazon-dimite-como-presidente-de-la-generalitat-valenciana","status":"publish","type":"post","link":"https:\/\/www.copealcoy.es\/es\/carlos-mazon-dimite-como-presidente-de-la-generalitat-valenciana\/","title":{"rendered":"Carlos Maz\u00f3n dimite como presidente de la Generalitat Valenciana"},"content":{"rendered":"<p style=\"text-align: justify;\" data-start=\"294\" data-end=\"688\">En torno a las <strong data-start=\"309\" data-end=\"338\">09:08 horas de este lunes<\/strong>, <strong data-start=\"340\" data-end=\"356\">Carlos Maz\u00f3n<\/strong> ha anunciado oficialmente su <strong data-start=\"386\" data-end=\"443\">dimisi\u00f3n como presidente de la <a href=\"https:\/\/www.gva.es\/es\/inicio\/presentacion\" target=\"_blank\" rel=\"noopener\"><span style=\"color: #0000ff;\">Generalitat Valenciana<\/span><\/a><\/strong> a trav\u00e9s de una declaraci\u00f3n institucional. El dirigente popular ha comunicado su decisi\u00f3n asegurando que la Generalitat <em>\u201cnecesita un nuevo tiempo\u201d <\/em>y ha hecho un llamamiento a que <em>\u201cno haya campa\u00f1a de odio ni se\u00f1alamiento contra nadie\u201d<\/em>.<\/p>\n<p style=\"text-align: justify;\" data-start=\"690\" data-end=\"1177\">Maz\u00f3n, visiblemente emocionado, ha reconocido que <em>\u201cno puedo m\u00e1s\u201d <\/em>y que su salida responde a una reflexi\u00f3n personal tras los \u00faltimos acontecimientos pol\u00edticos y sociales en la Comunitat Valenciana. Aun as\u00ed, <strong data-start=\"900\" data-end=\"945\">se mantendr\u00e1 como presidente en funciones<\/strong> hasta que se elija a su sucesor, una decisi\u00f3n que deber\u00e1 ser <strong data-start=\"1007\" data-end=\"1027\">acordada con VOX<\/strong>, su socio en el actual gobierno auton\u00f3mico. Seg\u00fan ha podido saber <strong data-start=\"1094\" data-end=\"1102\">COPE<\/strong>, <strong data-start=\"1104\" data-end=\"1146\">este martes Maz\u00f3n presidir\u00e1 el Consell<\/strong>, tal y como estaba previsto.<\/p>\n<p style=\"text-align: justify;\" data-start=\"1179\" data-end=\"1702\">Durante su intervenci\u00f3n, Maz\u00f3n ha revelado que <strong data-start=\"1226\" data-end=\"1261\">ha hablado con el Rey Felipe VI<\/strong> para expresarle su gratitud <em>\u201cpor su apoyo y fuerza\u201d<\/em>, as\u00ed como a <strong data-start=\"1330\" data-end=\"1350\">la Reina Letizia<\/strong>, especialmente <em>\u201cdurante este a\u00f1o tras la DANA\u201d<\/em>. El expresidente valenciano ha querido adem\u00e1s hacer autocr\u00edtica y reconocer sus errores: <em>\u201cS\u00e9 que comet\u00ed errores, voy a vivir con ellos toda mi vida. He pedido perd\u00f3n y hoy lo vuelvo a repetir, pero ninguno fue por c\u00e1lculo pol\u00edtico o mala fe. No sab\u00edamos que el barranco del Poyo se desbordaba\u201d<\/em>.<\/p>\n<p style=\"text-align: justify;\" data-start=\"1704\" data-end=\"2048\">Con este anuncio, Maz\u00f3n pone fin a una etapa de gobierno marcada por los retos de la reconstrucci\u00f3n tras las cat\u00e1strofes naturales, la gesti\u00f3n econ\u00f3mica y las tensiones dentro del propio ejecutivo de coalici\u00f3n. La sucesi\u00f3n en la presidencia queda ahora abierta y depender\u00e1 del acuerdo que logren alcanzar <strong data-start=\"2009\" data-end=\"2021\">PP y Vox<\/strong> en las pr\u00f3ximas semanas.<\/p>\n","protected":false},"excerpt":{"rendered":"<p>En torno a las 09:08 horas de este lunes, Carlos Maz\u00f3n ha anunciado oficialmente su dimisi\u00f3n como presidente de la&#8230;<\/p>\n","protected":false},"author":1,"featured_media":159270,"comment_status":"closed","ping_status":"closed","sticky":false,"template":"","format":"standard","meta":{"footnotes":""},"categories":[6909,75,79],"tags":[6922,11689,4377,994,1089],"class_list":["post-159269","post","type-post","status-publish","format-standard","has-post-thumbnail","hentry","category-actualidad","category-noticias","category-politicayeconomia","tag-carlos-mazon","tag-dana","tag-dimision","tag-generalitat-valenciana","tag-presidencia"],"yoast_head":"<!-- This site is optimized with the Yoast SEO plugin v27.3 - https:\/\/yoast.com\/product\/yoast-seo-wordpress\/ -->\n<title>Carlos Maz\u00f3n dimite como presidente de la Generalitat Valenciana - COPE Alcoy<\/title>\n<meta name=\"description\" content=\"Carlos Maz\u00f3n dimite como presidente de la Generalitat Valenciana\" \/>\n<meta name=\"robots\" content=\"index, follow, max-snippet:-1, max-image-preview:large, max-video-preview:-1\" \/>\n<link rel=\"canonical\" href=\"https:\/\/www.copealcoy.es\/es\/carlos-mazon-dimite-como-presidente-de-la-generalitat-valenciana\/\" \/>\n<meta property=\"og:locale\" content=\"es_ES\" \/>\n<meta property=\"og:type\" content=\"article\" \/>\n<meta property=\"og:title\" content=\"Carlos Maz\u00f3n dimite como presidente de la Generalitat Valenciana - COPE Alcoy\" \/>\n<meta property=\"og:description\" content=\"Carlos Maz\u00f3n dimite como presidente de la Generalitat Valenciana\" \/>\n<meta property=\"og:url\" content=\"https:\/\/www.copealcoy.es\/es\/carlos-mazon-dimite-como-presidente-de-la-generalitat-valenciana\/\" \/>\n<meta property=\"og:site_name\" content=\"COPE Alcoy\" \/>\n<meta property=\"article:published_time\" content=\"2025-11-03T12:42:18+00:00\" \/>\n<meta property=\"article:modified_time\" content=\"2025-11-03T12:46:18+00:00\" \/>\n<meta property=\"og:image\" content=\"https:\/\/www.copealcoy.es\/wp-content\/uploads\/2025\/11\/6908695996685.webp\" \/>\n\t<meta property=\"og:image:width\" content=\"768\" \/>\n\t<meta property=\"og:image:height\" content=\"432\" \/>\n\t<meta property=\"og:image:type\" content=\"image\/webp\" \/>\n<meta name=\"author\" content=\"Cope Alcoy\" \/>\n<meta name=\"twitter:label1\" content=\"Escrito por\" \/>\n\t<meta name=\"twitter:data1\" content=\"Cope Alcoy\" \/>\n\t<meta name=\"twitter:label2\" content=\"Tiempo de lectura\" \/>\n\t<meta name=\"twitter:data2\" content=\"2 minutos\" \/>\n<script type=\"application\/ld+json\" class=\"yoast-schema-graph\">{\"@context\":\"https:\\\/\\\/schema.org\",\"@graph\":[{\"@type\":\"Article\",\"@id\":\"https:\\\/\\\/www.copealcoy.es\\\/es\\\/carlos-mazon-dimite-como-presidente-de-la-generalitat-valenciana\\\/#article\",\"isPartOf\":{\"@id\":\"https:\\\/\\\/www.copealcoy.es\\\/es\\\/carlos-mazon-dimite-como-presidente-de-la-generalitat-valenciana\\\/\"},\"author\":{\"name\":\"Cope Alcoy\",\"@id\":\"https:\\\/\\\/www.copealcoy.es\\\/es\\\/#\\\/schema\\\/person\\\/e777c87fa024e57d40170af9df39882c\"},\"headline\":\"Carlos Maz\u00f3n dimite como presidente de la Generalitat Valenciana\",\"datePublished\":\"2025-11-03T12:42:18+00:00\",\"dateModified\":\"2025-11-03T12:46:18+00:00\",\"mainEntityOfPage\":{\"@id\":\"https:\\\/\\\/www.copealcoy.es\\\/es\\\/carlos-mazon-dimite-como-presidente-de-la-generalitat-valenciana\\\/\"},\"wordCount\":318,\"image\":{\"@id\":\"https:\\\/\\\/www.copealcoy.es\\\/es\\\/carlos-mazon-dimite-como-presidente-de-la-generalitat-valenciana\\\/#primaryimage\"},\"thumbnailUrl\":\"https:\\\/\\\/www.copealcoy.es\\\/wp-content\\\/uploads\\\/2025\\\/11\\\/6908695996685.webp\",\"keywords\":[\"Carlos Maz\u00f3n\",\"DANA\",\"dimisi\u00f3n\",\"Generalitat Valenciana\",\"presidencia\"],\"articleSection\":[\"Actualidad\",\"Noticias\",\"Pol\u00edtica y Econom\u00eda\"],\"inLanguage\":\"es\"},{\"@type\":\"WebPage\",\"@id\":\"https:\\\/\\\/www.copealcoy.es\\\/es\\\/carlos-mazon-dimite-como-presidente-de-la-generalitat-valenciana\\\/\",\"url\":\"https:\\\/\\\/www.copealcoy.es\\\/es\\\/carlos-mazon-dimite-como-presidente-de-la-generalitat-valenciana\\\/\",\"name\":\"Carlos Maz\u00f3n dimite como presidente de la Generalitat Valenciana - COPE Alcoy\",\"isPartOf\":{\"@id\":\"https:\\\/\\\/www.copealcoy.es\\\/es\\\/#website\"},\"primaryImageOfPage\":{\"@id\":\"https:\\\/\\\/www.copealcoy.es\\\/es\\\/carlos-mazon-dimite-como-presidente-de-la-generalitat-valenciana\\\/#primaryimage\"},\"image\":{\"@id\":\"https:\\\/\\\/www.copealcoy.es\\\/es\\\/carlos-mazon-dimite-como-presidente-de-la-generalitat-valenciana\\\/#primaryimage\"},\"thumbnailUrl\":\"https:\\\/\\\/www.copealcoy.es\\\/wp-content\\\/uploads\\\/2025\\\/11\\\/6908695996685.webp\",\"datePublished\":\"2025-11-03T12:42:18+00:00\",\"dateModified\":\"2025-11-03T12:46:18+00:00\",\"author\":{\"@id\":\"https:\\\/\\\/www.copealcoy.es\\\/es\\\/#\\\/schema\\\/person\\\/e777c87fa024e57d40170af9df39882c\"},\"description\":\"Carlos Maz\u00f3n dimite como presidente de la Generalitat Valenciana\",\"breadcrumb\":{\"@id\":\"https:\\\/\\\/www.copealcoy.es\\\/es\\\/carlos-mazon-dimite-como-presidente-de-la-generalitat-valenciana\\\/#breadcrumb\"},\"inLanguage\":\"es\",\"potentialAction\":[{\"@type\":\"ReadAction\",\"target\":[\"https:\\\/\\\/www.copealcoy.es\\\/es\\\/carlos-mazon-dimite-como-presidente-de-la-generalitat-valenciana\\\/\"]}]},{\"@type\":\"ImageObject\",\"inLanguage\":\"es\",\"@id\":\"https:\\\/\\\/www.copealcoy.es\\\/es\\\/carlos-mazon-dimite-como-presidente-de-la-generalitat-valenciana\\\/#primaryimage\",\"url\":\"https:\\\/\\\/www.copealcoy.es\\\/wp-content\\\/uploads\\\/2025\\\/11\\\/6908695996685.webp\",\"contentUrl\":\"https:\\\/\\\/www.copealcoy.es\\\/wp-content\\\/uploads\\\/2025\\\/11\\\/6908695996685.webp\",\"width\":768,\"height\":432},{\"@type\":\"BreadcrumbList\",\"@id\":\"https:\\\/\\\/www.copealcoy.es\\\/es\\\/carlos-mazon-dimite-como-presidente-de-la-generalitat-valenciana\\\/#breadcrumb\",\"itemListElement\":[{\"@type\":\"ListItem\",\"position\":1,\"name\":\"Portada\",\"item\":\"https:\\\/\\\/www.copealcoy.es\\\/es\\\/\"},{\"@type\":\"ListItem\",\"position\":2,\"name\":\"Carlos Maz\u00f3n dimite como presidente de la Generalitat Valenciana\"}]},{\"@type\":\"WebSite\",\"@id\":\"https:\\\/\\\/www.copealcoy.es\\\/es\\\/#website\",\"url\":\"https:\\\/\\\/www.copealcoy.es\\\/es\\\/\",\"name\":\"COPE Alcoy\",\"description\":\"Emisora COPE de radio local con emisi\u00f3n online. Pont de Sant Jordi 8-10 03803 Alcoy\",\"potentialAction\":[{\"@type\":\"SearchAction\",\"target\":{\"@type\":\"EntryPoint\",\"urlTemplate\":\"https:\\\/\\\/www.copealcoy.es\\\/es\\\/?s={search_term_string}\"},\"query-input\":{\"@type\":\"PropertyValueSpecification\",\"valueRequired\":true,\"valueName\":\"search_term_string\"}}],\"inLanguage\":\"es\"},{\"@type\":\"Person\",\"@id\":\"https:\\\/\\\/www.copealcoy.es\\\/es\\\/#\\\/schema\\\/person\\\/e777c87fa024e57d40170af9df39882c\",\"name\":\"Cope Alcoy\",\"image\":{\"@type\":\"ImageObject\",\"inLanguage\":\"es\",\"@id\":\"https:\\\/\\\/secure.gravatar.com\\\/avatar\\\/bb65d0283347e303893ba14f0692005417c1e0e690a325a4c5d8bb2b3943ee14?s=96&d=mm&r=g\",\"url\":\"https:\\\/\\\/secure.gravatar.com\\\/avatar\\\/bb65d0283347e303893ba14f0692005417c1e0e690a325a4c5d8bb2b3943ee14?s=96&d=mm&r=g\",\"contentUrl\":\"https:\\\/\\\/secure.gravatar.com\\\/avatar\\\/bb65d0283347e303893ba14f0692005417c1e0e690a325a4c5d8bb2b3943ee14?s=96&d=mm&r=g\",\"caption\":\"Cope Alcoy\"}}]}<\/script>\n<!-- \/ Yoast SEO plugin. -->","yoast_head_json":{"title":"Carlos Maz\u00f3n dimite como presidente de la Generalitat Valenciana - COPE Alcoy","description":"Carlos Maz\u00f3n dimite como presidente de la Generalitat Valenciana","robots":{"index":"index","follow":"follow","max-snippet":"max-snippet:-1","max-image-preview":"max-image-preview:large","max-video-preview":"max-video-preview:-1"},"canonical":"https:\/\/www.copealcoy.es\/es\/carlos-mazon-dimite-como-presidente-de-la-generalitat-valenciana\/","og_locale":"es_ES","og_type":"article","og_title":"Carlos Maz\u00f3n dimite como presidente de la Generalitat Valenciana - COPE Alcoy","og_description":"Carlos Maz\u00f3n dimite como presidente de la Generalitat Valenciana","og_url":"https:\/\/www.copealcoy.es\/es\/carlos-mazon-dimite-como-presidente-de-la-generalitat-valenciana\/","og_site_name":"COPE Alcoy","article_published_time":"2025-11-03T12:42:18+00:00","article_modified_time":"2025-11-03T12:46:18+00:00","og_image":[{"width":768,"height":432,"url":"https:\/\/www.copealcoy.es\/wp-content\/uploads\/2025\/11\/6908695996685.webp","type":"image\/webp"}],"author":"Cope Alcoy","twitter_misc":{"Escrito por":"Cope Alcoy","Tiempo de lectura":"2 minutos"},"schema":{"@context":"https:\/\/schema.org","@graph":[{"@type":"Article","@id":"https:\/\/www.copealcoy.es\/es\/carlos-mazon-dimite-como-presidente-de-la-generalitat-valenciana\/#article","isPartOf":{"@id":"https:\/\/www.copealcoy.es\/es\/carlos-mazon-dimite-como-presidente-de-la-generalitat-valenciana\/"},"author":{"name":"Cope Alcoy","@id":"https:\/\/www.copealcoy.es\/es\/#\/schema\/person\/e777c87fa024e57d40170af9df39882c"},"headline":"Carlos Maz\u00f3n dimite como presidente de la Generalitat Valenciana","datePublished":"2025-11-03T12:42:18+00:00","dateModified":"2025-11-03T12:46:18+00:00","mainEntityOfPage":{"@id":"https:\/\/www.copealcoy.es\/es\/carlos-mazon-dimite-como-presidente-de-la-generalitat-valenciana\/"},"wordCount":318,"image":{"@id":"https:\/\/www.copealcoy.es\/es\/carlos-mazon-dimite-como-presidente-de-la-generalitat-valenciana\/#primaryimage"},"thumbnailUrl":"https:\/\/www.copealcoy.es\/wp-content\/uploads\/2025\/11\/6908695996685.webp","keywords":["Carlos Maz\u00f3n","DANA","dimisi\u00f3n","Generalitat Valenciana","presidencia"],"articleSection":["Actualidad","Noticias","Pol\u00edtica y Econom\u00eda"],"inLanguage":"es"},{"@type":"WebPage","@id":"https:\/\/www.copealcoy.es\/es\/carlos-mazon-dimite-como-presidente-de-la-generalitat-valenciana\/","url":"https:\/\/www.copealcoy.es\/es\/carlos-mazon-dimite-como-presidente-de-la-generalitat-valenciana\/","name":"Carlos Maz\u00f3n dimite como presidente de la Generalitat Valenciana - COPE Alcoy","isPartOf":{"@id":"https:\/\/www.copealcoy.es\/es\/#website"},"primaryImageOfPage":{"@id":"https:\/\/www.copealcoy.es\/es\/carlos-mazon-dimite-como-presidente-de-la-generalitat-valenciana\/#primaryimage"},"image":{"@id":"https:\/\/www.copealcoy.es\/es\/carlos-mazon-dimite-como-presidente-de-la-generalitat-valenciana\/#primaryimage"},"thumbnailUrl":"https:\/\/www.copealcoy.es\/wp-content\/uploads\/2025\/11\/6908695996685.webp","datePublished":"2025-11-03T12:42:18+00:00","dateModified":"2025-11-03T12:46:18+00:00","author":{"@id":"https:\/\/www.copealcoy.es\/es\/#\/schema\/person\/e777c87fa024e57d40170af9df39882c"},"description":"Carlos Maz\u00f3n dimite como presidente de la Generalitat Valenciana","breadcrumb":{"@id":"https:\/\/www.copealcoy.es\/es\/carlos-mazon-dimite-como-presidente-de-la-generalitat-valenciana\/#breadcrumb"},"inLanguage":"es","potentialAction":[{"@type":"ReadAction","target":["https:\/\/www.copealcoy.es\/es\/carlos-mazon-dimite-como-presidente-de-la-generalitat-valenciana\/"]}]},{"@type":"ImageObject","inLanguage":"es","@id":"https:\/\/www.copealcoy.es\/es\/carlos-mazon-dimite-como-presidente-de-la-generalitat-valenciana\/#primaryimage","url":"https:\/\/www.copealcoy.es\/wp-content\/uploads\/2025\/11\/6908695996685.webp","contentUrl":"https:\/\/www.copealcoy.es\/wp-content\/uploads\/2025\/11\/6908695996685.webp","width":768,"height":432},{"@type":"BreadcrumbList","@id":"https:\/\/www.copealcoy.es\/es\/carlos-mazon-dimite-como-presidente-de-la-generalitat-valenciana\/#breadcrumb","itemListElement":[{"@type":"ListItem","position":1,"name":"Portada","item":"https:\/\/www.copealcoy.es\/es\/"},{"@type":"ListItem","position":2,"name":"Carlos Maz\u00f3n dimite como presidente de la Generalitat Valenciana"}]},{"@type":"WebSite","@id":"https:\/\/www.copealcoy.es\/es\/#website","url":"https:\/\/www.copealcoy.es\/es\/","name":"COPE Alcoy","description":"Emisora COPE de radio local con emisi\u00f3n online. Pont de Sant Jordi 8-10 03803 Alcoy","potentialAction":[{"@type":"SearchAction","target":{"@type":"EntryPoint","urlTemplate":"https:\/\/www.copealcoy.es\/es\/?s={search_term_string}"},"query-input":{"@type":"PropertyValueSpecification","valueRequired":true,"valueName":"search_term_string"}}],"inLanguage":"es"},{"@type":"Person","@id":"https:\/\/www.copealcoy.es\/es\/#\/schema\/person\/e777c87fa024e57d40170af9df39882c","name":"Cope Alcoy","image":{"@type":"ImageObject","inLanguage":"es","@id":"https:\/\/secure.gravatar.com\/avatar\/bb65d0283347e303893ba14f0692005417c1e0e690a325a4c5d8bb2b3943ee14?s=96&d=mm&r=g","url":"https:\/\/secure.gravatar.com\/avatar\/bb65d0283347e303893ba14f0692005417c1e0e690a325a4c5d8bb2b3943ee14?s=96&d=mm&r=g","contentUrl":"https:\/\/secure.gravatar.com\/avatar\/bb65d0283347e303893ba14f0692005417c1e0e690a325a4c5d8bb2b3943ee14?s=96&d=mm&r=g","caption":"Cope Alcoy"}}]}},"_links":{"self":[{"href":"https:\/\/www.copealcoy.es\/es\/wp-json\/wp\/v2\/posts\/159269","targetHints":{"allow":["GET"]}}],"collection":[{"href":"https:\/\/www.copealcoy.es\/es\/wp-json\/wp\/v2\/posts"}],"about":[{"href":"https:\/\/www.copealcoy.es\/es\/wp-json\/wp\/v2\/types\/post"}],"author":[{"embeddable":true,"href":"https:\/\/www.copealcoy.es\/es\/wp-json\/wp\/v2\/users\/1"}],"replies":[{"embeddable":true,"href":"https:\/\/www.copealcoy.es\/es\/wp-json\/wp\/v2\/comments?post=159269"}],"version-history":[{"count":3,"href":"https:\/\/www.copealcoy.es\/es\/wp-json\/wp\/v2\/posts\/159269\/revisions"}],"predecessor-version":[{"id":159274,"href":"https:\/\/www.copealcoy.es\/es\/wp-json\/wp\/v2\/posts\/159269\/revisions\/159274"}],"wp:featuredmedia":[{"embeddable":true,"href":"https:\/\/www.copealcoy.es\/es\/wp-json\/wp\/v2\/media\/159270"}],"wp:attachment":[{"href":"https:\/\/www.copealcoy.es\/es\/wp-json\/wp\/v2\/media?parent=159269"}],"wp:term":[{"taxonomy":"category","embeddable":true,"href":"https:\/\/www.copealcoy.es\/es\/wp-json\/wp\/v2\/categories?post=159269"},{"taxonomy":"post_tag","embeddable":true,"href":"https:\/\/www.copealcoy.es\/es\/wp-json\/wp\/v2\/tags?post=159269"}],"curies":[{"name":"wp","href":"https:\/\/api.w.org\/{rel}","templated":true}]}}