{"id":159209,"date":"2025-11-01T14:17:12","date_gmt":"2025-11-01T13:17:12","guid":{"rendered":"https:\/\/www.copealcoy.es\/?p=159209"},"modified":"2025-11-05T09:53:33","modified_gmt":"2025-11-05T08:53:33","slug":"el-tradicional-esmorzar-de-fira-abrio-el-dia-grande-de-tots-sants-en-cocentaina","status":"publish","type":"post","link":"https:\/\/www.copealcoy.es\/es\/el-tradicional-esmorzar-de-fira-abrio-el-dia-grande-de-tots-sants-en-cocentaina\/","title":{"rendered":"El tradicional \u2018Esmorzar de Fira\u2019 abri\u00f3 el d\u00eda grande de Tots Sants en Cocentaina"},"content":{"rendered":"<p style=\"text-align: justify;\" data-start=\"298\" data-end=\"675\">El <strong data-start=\"298\" data-end=\"319\">Pla de la Font<\/strong> ha vuelto a ser esta ma\u00f1ana el escenario del popular <strong data-start=\"373\" data-end=\"395\">\u2018Esmorzar de Fira\u2019<\/strong>, una cita que cada <strong data-start=\"415\" data-end=\"433\">1 de noviembre<\/strong> marca el inicio del <strong data-start=\"454\" data-end=\"493\">d\u00eda grande de la Fira de Tots Sants<\/strong>. Cientos de personas se han dado cita desde primera hora para disfrutar de un almuerzo de car\u00e1cter popular que <strong data-start=\"605\" data-end=\"643\">recuerda los or\u00edgenes del certamen<\/strong>, fechados en el a\u00f1o <strong data-start=\"664\" data-end=\"672\">1346<\/strong>.<\/p>\n<p style=\"text-align: justify;\" data-start=\"677\" data-end=\"940\">La jornada comenz\u00f3 con la <strong data-start=\"703\" data-end=\"740\">venta de tickets a las 8:00 horas<\/strong> y, poco despu\u00e9s, a las <strong data-start=\"764\" data-end=\"778\">9:00 horas<\/strong>, arranc\u00f3 la degustaci\u00f3n de un men\u00fa tan sencillo como tradicional: <strong data-start=\"845\" data-end=\"915\">bocadillo de blanco y negro, aceitunas partidas y vino con gaseosa<\/strong>, todo por <strong data-start=\"926\" data-end=\"937\">5 euros<\/strong>. El ambiente festivo se ha completado con los <strong data-start=\"987\" data-end=\"1037\">bailes populares del Grup de Danses Cocentaina<\/strong>, que animaron la plaza mientras se repart\u00edan los m\u00e1s de <strong data-start=\"1094\" data-end=\"1116\">dos mil bocadillos<\/strong> preparados por la <strong data-start=\"1135\" data-end=\"1179\">Asociaci\u00f3n de Amas de Casa de Cocentaina<\/strong>, entidad encargada de la organizaci\u00f3n con la colaboraci\u00f3n del <strong data-start=\"1242\" data-end=\"1258\">Ayuntamiento<\/strong>. La presidenta del colectivo, <strong data-start=\"1292\" data-end=\"1308\">Pili Lorente<\/strong>, se\u00f1alaba en COPE ALCOY nada m\u00e1s despuntar el d\u00eda que <em data-start=\"1334\" data-end=\"1644\">\u00abal Esmorzar de Fira vienen familias enteras, no solo de Cocentaina sino tambi\u00e9n visitantes que llegan a primera hora para comenzar a disfrutar de la Feria. Es un momento siempre muy esperado, se genera un ambiente muy agradable y todos asisten con ilusi\u00f3n. Quien quiera venir, que no se lo piense dos veces\u00bb<\/em>, afirmaba con contundencia, antes de agradecer <em data-start=\"1692\" data-end=\"1762\">\u00abla implicaci\u00f3n del consistorio a la hora de hacer realidad el acto\u00bb<\/em>.<\/p>\n<audio class=\"wp-audio-shortcode\" id=\"audio-159209-1\" preload=\"none\" style=\"width: 100%;\" controls=\"controls\"><source type=\"audio\/mpeg\" src=\"https:\/\/www.copealcoy.es\/wp-content\/uploads\/2025\/11\/Entrevista-Esmorzar-de-Fira.mp3?_=1\" \/><a href=\"https:\/\/www.copealcoy.es\/wp-content\/uploads\/2025\/11\/Entrevista-Esmorzar-de-Fira.mp3\">https:\/\/www.copealcoy.es\/wp-content\/uploads\/2025\/11\/Entrevista-Esmorzar-de-Fira.mp3<\/a><\/audio>\n<p style=\"text-align: justify;\" data-start=\"1767\" data-end=\"2035\">El <strong data-start=\"1770\" data-end=\"1792\">\u2018Esmorzar de Fira\u2019<\/strong> ha vuelto a demostrar por qu\u00e9 es <strong data-start=\"1826\" data-end=\"1867\">una de las tradiciones m\u00e1s arraigadas<\/strong> de la Villa Condal y <strong data-start=\"1889\" data-end=\"1925\">la mejor manera de coger fuerzas<\/strong> antes de iniciar el recorrido por los <strong data-start=\"1964\" data-end=\"1992\">142.000 metros cuadrados<\/strong> que ocupa este a\u00f1o la <strong data-start=\"2015\" data-end=\"2032\">Fira de Fires<\/strong>.<\/p>\n<div id='gallery-1' class='gallery galleryid-159209 gallery-columns-2 gallery-size-large'><figure class='gallery-item'>\n\t\t\t<div class='gallery-icon landscape'>\n\t\t\t\t<a href='https:\/\/www.copealcoy.es\/es\/el-tradicional-esmorzar-de-fira-abrio-el-dia-grande-de-tots-sants-en-cocentaina\/1-3-3-2\/'><img loading=\"lazy\" decoding=\"async\" width=\"933\" height=\"588\" src=\"https:\/\/www.copealcoy.es\/wp-content\/uploads\/2025\/11\/1-3-933x588.jpg\" class=\"attachment-large size-large\" alt=\"\" \/><\/a>\n\t\t\t<\/div><\/figure><figure class='gallery-item'>\n\t\t\t<div class='gallery-icon landscape'>\n\t\t\t\t<a href='https:\/\/www.copealcoy.es\/es\/el-tradicional-esmorzar-de-fira-abrio-el-dia-grande-de-tots-sants-en-cocentaina\/1-1-2-2\/'><img loading=\"lazy\" decoding=\"async\" width=\"933\" height=\"588\" src=\"https:\/\/www.copealcoy.es\/wp-content\/uploads\/2025\/11\/1-1-933x588.jpg\" class=\"attachment-large size-large\" alt=\"\" \/><\/a>\n\t\t\t<\/div><\/figure><figure class='gallery-item'>\n\t\t\t<div class='gallery-icon landscape'>\n\t\t\t\t<a href='https:\/\/www.copealcoy.es\/es\/el-tradicional-esmorzar-de-fira-abrio-el-dia-grande-de-tots-sants-en-cocentaina\/1-7-2\/'><img loading=\"lazy\" decoding=\"async\" width=\"933\" height=\"588\" src=\"https:\/\/www.copealcoy.es\/wp-content\/uploads\/2025\/11\/1-933x588.jpg\" class=\"attachment-large size-large\" alt=\"\" \/><\/a>\n\t\t\t<\/div><\/figure><figure class='gallery-item'>\n\t\t\t<div class='gallery-icon landscape'>\n\t\t\t\t<a href='https:\/\/www.copealcoy.es\/es\/el-tradicional-esmorzar-de-fira-abrio-el-dia-grande-de-tots-sants-en-cocentaina\/1-2-4-2\/'><img loading=\"lazy\" decoding=\"async\" width=\"933\" height=\"588\" src=\"https:\/\/www.copealcoy.es\/wp-content\/uploads\/2025\/11\/1-2-933x588.jpg\" class=\"attachment-large size-large\" alt=\"\" \/><\/a>\n\t\t\t<\/div><\/figure>\n\t\t<\/div>\n\n","protected":false},"excerpt":{"rendered":"<p>El Pla de la Font ha vuelto a ser esta ma\u00f1ana el escenario del popular \u2018Esmorzar de Fira\u2019, una cita&#8230;<\/p>\n","protected":false},"author":1,"featured_media":159216,"comment_status":"closed","ping_status":"closed","sticky":false,"template":"","format":"standard","meta":{"footnotes":""},"categories":[6909,98,75,125],"tags":[6748,132,14557,635],"class_list":["post-159209","post","type-post","status-publish","format-standard","has-post-thumbnail","hentry","category-actualidad","category-comarcas","category-noticias","category-portada","tag-1-de-noviembre","tag-cocentaina","tag-dia-grande","tag-fira-de-tots-sants"],"yoast_head":"<!-- This site is optimized with the Yoast SEO plugin v27.3 - https:\/\/yoast.com\/product\/yoast-seo-wordpress\/ -->\n<title>El tradicional \u2018Esmorzar de Fira\u2019 abri\u00f3 el d\u00eda grande de Tots Sants en Cocentaina - COPE Alcoy<\/title>\n<meta name=\"description\" content=\"El tradicional \u2018Esmorzar de Fira\u2019 abri\u00f3 el d\u00eda grande de Tots Sants en Cocentaina\" \/>\n<meta name=\"robots\" content=\"index, follow, max-snippet:-1, max-image-preview:large, max-video-preview:-1\" \/>\n<link rel=\"canonical\" href=\"https:\/\/www.copealcoy.es\/es\/el-tradicional-esmorzar-de-fira-abrio-el-dia-grande-de-tots-sants-en-cocentaina\/\" \/>\n<meta property=\"og:locale\" content=\"es_ES\" \/>\n<meta property=\"og:type\" content=\"article\" \/>\n<meta property=\"og:title\" content=\"El tradicional \u2018Esmorzar de Fira\u2019 abri\u00f3 el d\u00eda grande de Tots Sants en Cocentaina - COPE Alcoy\" \/>\n<meta property=\"og:description\" content=\"El tradicional \u2018Esmorzar de Fira\u2019 abri\u00f3 el d\u00eda grande de Tots Sants en Cocentaina\" \/>\n<meta property=\"og:url\" content=\"https:\/\/www.copealcoy.es\/es\/el-tradicional-esmorzar-de-fira-abrio-el-dia-grande-de-tots-sants-en-cocentaina\/\" \/>\n<meta property=\"og:site_name\" content=\"COPE Alcoy\" \/>\n<meta property=\"article:published_time\" content=\"2025-11-01T13:17:12+00:00\" \/>\n<meta property=\"article:modified_time\" content=\"2025-11-05T08:53:33+00:00\" \/>\n<meta property=\"og:image\" content=\"https:\/\/www.copealcoy.es\/wp-content\/uploads\/2025\/11\/IMG_3054-e1762332803494.jpeg\" \/>\n\t<meta property=\"og:image:width\" content=\"800\" \/>\n\t<meta property=\"og:image:height\" content=\"449\" \/>\n\t<meta property=\"og:image:type\" content=\"image\/jpeg\" \/>\n<meta name=\"author\" content=\"Cope Alcoy\" \/>\n<meta name=\"twitter:label1\" content=\"Escrito por\" \/>\n\t<meta name=\"twitter:data1\" content=\"Cope Alcoy\" \/>\n\t<meta name=\"twitter:label2\" content=\"Tiempo de lectura\" \/>\n\t<meta name=\"twitter:data2\" content=\"2 minutos\" \/>\n<script type=\"application\/ld+json\" class=\"yoast-schema-graph\">{\"@context\":\"https:\\\/\\\/schema.org\",\"@graph\":[{\"@type\":\"Article\",\"@id\":\"https:\\\/\\\/www.copealcoy.es\\\/es\\\/el-tradicional-esmorzar-de-fira-abrio-el-dia-grande-de-tots-sants-en-cocentaina\\\/#article\",\"isPartOf\":{\"@id\":\"https:\\\/\\\/www.copealcoy.es\\\/es\\\/el-tradicional-esmorzar-de-fira-abrio-el-dia-grande-de-tots-sants-en-cocentaina\\\/\"},\"author\":{\"name\":\"Cope Alcoy\",\"@id\":\"https:\\\/\\\/www.copealcoy.es\\\/es\\\/#\\\/schema\\\/person\\\/e777c87fa024e57d40170af9df39882c\"},\"headline\":\"El tradicional \u2018Esmorzar de Fira\u2019 abri\u00f3 el d\u00eda grande de Tots Sants en Cocentaina\",\"datePublished\":\"2025-11-01T13:17:12+00:00\",\"dateModified\":\"2025-11-05T08:53:33+00:00\",\"mainEntityOfPage\":{\"@id\":\"https:\\\/\\\/www.copealcoy.es\\\/es\\\/el-tradicional-esmorzar-de-fira-abrio-el-dia-grande-de-tots-sants-en-cocentaina\\\/\"},\"wordCount\":336,\"image\":{\"@id\":\"https:\\\/\\\/www.copealcoy.es\\\/es\\\/el-tradicional-esmorzar-de-fira-abrio-el-dia-grande-de-tots-sants-en-cocentaina\\\/#primaryimage\"},\"thumbnailUrl\":\"https:\\\/\\\/www.copealcoy.es\\\/wp-content\\\/uploads\\\/2025\\\/11\\\/IMG_3054-e1762332803494.jpeg\",\"keywords\":[\"1 de noviembre\",\"Cocentaina\",\"d\u00eda grande\",\"Fira de Tots Sants\"],\"articleSection\":[\"Actualidad\",\"Comarcas\",\"Noticias\",\"Portada\"],\"inLanguage\":\"es\"},{\"@type\":\"WebPage\",\"@id\":\"https:\\\/\\\/www.copealcoy.es\\\/es\\\/el-tradicional-esmorzar-de-fira-abrio-el-dia-grande-de-tots-sants-en-cocentaina\\\/\",\"url\":\"https:\\\/\\\/www.copealcoy.es\\\/es\\\/el-tradicional-esmorzar-de-fira-abrio-el-dia-grande-de-tots-sants-en-cocentaina\\\/\",\"name\":\"El tradicional \u2018Esmorzar de Fira\u2019 abri\u00f3 el d\u00eda grande de Tots Sants en Cocentaina - COPE Alcoy\",\"isPartOf\":{\"@id\":\"https:\\\/\\\/www.copealcoy.es\\\/es\\\/#website\"},\"primaryImageOfPage\":{\"@id\":\"https:\\\/\\\/www.copealcoy.es\\\/es\\\/el-tradicional-esmorzar-de-fira-abrio-el-dia-grande-de-tots-sants-en-cocentaina\\\/#primaryimage\"},\"image\":{\"@id\":\"https:\\\/\\\/www.copealcoy.es\\\/es\\\/el-tradicional-esmorzar-de-fira-abrio-el-dia-grande-de-tots-sants-en-cocentaina\\\/#primaryimage\"},\"thumbnailUrl\":\"https:\\\/\\\/www.copealcoy.es\\\/wp-content\\\/uploads\\\/2025\\\/11\\\/IMG_3054-e1762332803494.jpeg\",\"datePublished\":\"2025-11-01T13:17:12+00:00\",\"dateModified\":\"2025-11-05T08:53:33+00:00\",\"author\":{\"@id\":\"https:\\\/\\\/www.copealcoy.es\\\/es\\\/#\\\/schema\\\/person\\\/e777c87fa024e57d40170af9df39882c\"},\"description\":\"El tradicional \u2018Esmorzar de Fira\u2019 abri\u00f3 el d\u00eda grande de Tots Sants en Cocentaina\",\"breadcrumb\":{\"@id\":\"https:\\\/\\\/www.copealcoy.es\\\/es\\\/el-tradicional-esmorzar-de-fira-abrio-el-dia-grande-de-tots-sants-en-cocentaina\\\/#breadcrumb\"},\"inLanguage\":\"es\",\"potentialAction\":[{\"@type\":\"ReadAction\",\"target\":[\"https:\\\/\\\/www.copealcoy.es\\\/es\\\/el-tradicional-esmorzar-de-fira-abrio-el-dia-grande-de-tots-sants-en-cocentaina\\\/\"]}]},{\"@type\":\"ImageObject\",\"inLanguage\":\"es\",\"@id\":\"https:\\\/\\\/www.copealcoy.es\\\/es\\\/el-tradicional-esmorzar-de-fira-abrio-el-dia-grande-de-tots-sants-en-cocentaina\\\/#primaryimage\",\"url\":\"https:\\\/\\\/www.copealcoy.es\\\/wp-content\\\/uploads\\\/2025\\\/11\\\/IMG_3054-e1762332803494.jpeg\",\"contentUrl\":\"https:\\\/\\\/www.copealcoy.es\\\/wp-content\\\/uploads\\\/2025\\\/11\\\/IMG_3054-e1762332803494.jpeg\",\"width\":800,\"height\":449},{\"@type\":\"BreadcrumbList\",\"@id\":\"https:\\\/\\\/www.copealcoy.es\\\/es\\\/el-tradicional-esmorzar-de-fira-abrio-el-dia-grande-de-tots-sants-en-cocentaina\\\/#breadcrumb\",\"itemListElement\":[{\"@type\":\"ListItem\",\"position\":1,\"name\":\"Portada\",\"item\":\"https:\\\/\\\/www.copealcoy.es\\\/es\\\/\"},{\"@type\":\"ListItem\",\"position\":2,\"name\":\"El tradicional \u2018Esmorzar de Fira\u2019 abri\u00f3 el d\u00eda grande de Tots Sants en Cocentaina\"}]},{\"@type\":\"WebSite\",\"@id\":\"https:\\\/\\\/www.copealcoy.es\\\/es\\\/#website\",\"url\":\"https:\\\/\\\/www.copealcoy.es\\\/es\\\/\",\"name\":\"COPE Alcoy\",\"description\":\"Emisora COPE de radio local con emisi\u00f3n online. Pont de Sant Jordi 8-10 03803 Alcoy\",\"potentialAction\":[{\"@type\":\"SearchAction\",\"target\":{\"@type\":\"EntryPoint\",\"urlTemplate\":\"https:\\\/\\\/www.copealcoy.es\\\/es\\\/?s={search_term_string}\"},\"query-input\":{\"@type\":\"PropertyValueSpecification\",\"valueRequired\":true,\"valueName\":\"search_term_string\"}}],\"inLanguage\":\"es\"},{\"@type\":\"Person\",\"@id\":\"https:\\\/\\\/www.copealcoy.es\\\/es\\\/#\\\/schema\\\/person\\\/e777c87fa024e57d40170af9df39882c\",\"name\":\"Cope Alcoy\",\"image\":{\"@type\":\"ImageObject\",\"inLanguage\":\"es\",\"@id\":\"https:\\\/\\\/secure.gravatar.com\\\/avatar\\\/bb65d0283347e303893ba14f0692005417c1e0e690a325a4c5d8bb2b3943ee14?s=96&d=mm&r=g\",\"url\":\"https:\\\/\\\/secure.gravatar.com\\\/avatar\\\/bb65d0283347e303893ba14f0692005417c1e0e690a325a4c5d8bb2b3943ee14?s=96&d=mm&r=g\",\"contentUrl\":\"https:\\\/\\\/secure.gravatar.com\\\/avatar\\\/bb65d0283347e303893ba14f0692005417c1e0e690a325a4c5d8bb2b3943ee14?s=96&d=mm&r=g\",\"caption\":\"Cope Alcoy\"}}]}<\/script>\n<!-- \/ Yoast SEO plugin. -->","yoast_head_json":{"title":"El tradicional \u2018Esmorzar de Fira\u2019 abri\u00f3 el d\u00eda grande de Tots Sants en Cocentaina - COPE Alcoy","description":"El tradicional \u2018Esmorzar de Fira\u2019 abri\u00f3 el d\u00eda grande de Tots Sants en Cocentaina","robots":{"index":"index","follow":"follow","max-snippet":"max-snippet:-1","max-image-preview":"max-image-preview:large","max-video-preview":"max-video-preview:-1"},"canonical":"https:\/\/www.copealcoy.es\/es\/el-tradicional-esmorzar-de-fira-abrio-el-dia-grande-de-tots-sants-en-cocentaina\/","og_locale":"es_ES","og_type":"article","og_title":"El tradicional \u2018Esmorzar de Fira\u2019 abri\u00f3 el d\u00eda grande de Tots Sants en Cocentaina - COPE Alcoy","og_description":"El tradicional \u2018Esmorzar de Fira\u2019 abri\u00f3 el d\u00eda grande de Tots Sants en Cocentaina","og_url":"https:\/\/www.copealcoy.es\/es\/el-tradicional-esmorzar-de-fira-abrio-el-dia-grande-de-tots-sants-en-cocentaina\/","og_site_name":"COPE Alcoy","article_published_time":"2025-11-01T13:17:12+00:00","article_modified_time":"2025-11-05T08:53:33+00:00","og_image":[{"width":800,"height":449,"url":"https:\/\/www.copealcoy.es\/wp-content\/uploads\/2025\/11\/IMG_3054-e1762332803494.jpeg","type":"image\/jpeg"}],"author":"Cope Alcoy","twitter_misc":{"Escrito por":"Cope Alcoy","Tiempo de lectura":"2 minutos"},"schema":{"@context":"https:\/\/schema.org","@graph":[{"@type":"Article","@id":"https:\/\/www.copealcoy.es\/es\/el-tradicional-esmorzar-de-fira-abrio-el-dia-grande-de-tots-sants-en-cocentaina\/#article","isPartOf":{"@id":"https:\/\/www.copealcoy.es\/es\/el-tradicional-esmorzar-de-fira-abrio-el-dia-grande-de-tots-sants-en-cocentaina\/"},"author":{"name":"Cope Alcoy","@id":"https:\/\/www.copealcoy.es\/es\/#\/schema\/person\/e777c87fa024e57d40170af9df39882c"},"headline":"El tradicional \u2018Esmorzar de Fira\u2019 abri\u00f3 el d\u00eda grande de Tots Sants en Cocentaina","datePublished":"2025-11-01T13:17:12+00:00","dateModified":"2025-11-05T08:53:33+00:00","mainEntityOfPage":{"@id":"https:\/\/www.copealcoy.es\/es\/el-tradicional-esmorzar-de-fira-abrio-el-dia-grande-de-tots-sants-en-cocentaina\/"},"wordCount":336,"image":{"@id":"https:\/\/www.copealcoy.es\/es\/el-tradicional-esmorzar-de-fira-abrio-el-dia-grande-de-tots-sants-en-cocentaina\/#primaryimage"},"thumbnailUrl":"https:\/\/www.copealcoy.es\/wp-content\/uploads\/2025\/11\/IMG_3054-e1762332803494.jpeg","keywords":["1 de noviembre","Cocentaina","d\u00eda grande","Fira de Tots Sants"],"articleSection":["Actualidad","Comarcas","Noticias","Portada"],"inLanguage":"es"},{"@type":"WebPage","@id":"https:\/\/www.copealcoy.es\/es\/el-tradicional-esmorzar-de-fira-abrio-el-dia-grande-de-tots-sants-en-cocentaina\/","url":"https:\/\/www.copealcoy.es\/es\/el-tradicional-esmorzar-de-fira-abrio-el-dia-grande-de-tots-sants-en-cocentaina\/","name":"El tradicional \u2018Esmorzar de Fira\u2019 abri\u00f3 el d\u00eda grande de Tots Sants en Cocentaina - COPE Alcoy","isPartOf":{"@id":"https:\/\/www.copealcoy.es\/es\/#website"},"primaryImageOfPage":{"@id":"https:\/\/www.copealcoy.es\/es\/el-tradicional-esmorzar-de-fira-abrio-el-dia-grande-de-tots-sants-en-cocentaina\/#primaryimage"},"image":{"@id":"https:\/\/www.copealcoy.es\/es\/el-tradicional-esmorzar-de-fira-abrio-el-dia-grande-de-tots-sants-en-cocentaina\/#primaryimage"},"thumbnailUrl":"https:\/\/www.copealcoy.es\/wp-content\/uploads\/2025\/11\/IMG_3054-e1762332803494.jpeg","datePublished":"2025-11-01T13:17:12+00:00","dateModified":"2025-11-05T08:53:33+00:00","author":{"@id":"https:\/\/www.copealcoy.es\/es\/#\/schema\/person\/e777c87fa024e57d40170af9df39882c"},"description":"El tradicional \u2018Esmorzar de Fira\u2019 abri\u00f3 el d\u00eda grande de Tots Sants en Cocentaina","breadcrumb":{"@id":"https:\/\/www.copealcoy.es\/es\/el-tradicional-esmorzar-de-fira-abrio-el-dia-grande-de-tots-sants-en-cocentaina\/#breadcrumb"},"inLanguage":"es","potentialAction":[{"@type":"ReadAction","target":["https:\/\/www.copealcoy.es\/es\/el-tradicional-esmorzar-de-fira-abrio-el-dia-grande-de-tots-sants-en-cocentaina\/"]}]},{"@type":"ImageObject","inLanguage":"es","@id":"https:\/\/www.copealcoy.es\/es\/el-tradicional-esmorzar-de-fira-abrio-el-dia-grande-de-tots-sants-en-cocentaina\/#primaryimage","url":"https:\/\/www.copealcoy.es\/wp-content\/uploads\/2025\/11\/IMG_3054-e1762332803494.jpeg","contentUrl":"https:\/\/www.copealcoy.es\/wp-content\/uploads\/2025\/11\/IMG_3054-e1762332803494.jpeg","width":800,"height":449},{"@type":"BreadcrumbList","@id":"https:\/\/www.copealcoy.es\/es\/el-tradicional-esmorzar-de-fira-abrio-el-dia-grande-de-tots-sants-en-cocentaina\/#breadcrumb","itemListElement":[{"@type":"ListItem","position":1,"name":"Portada","item":"https:\/\/www.copealcoy.es\/es\/"},{"@type":"ListItem","position":2,"name":"El tradicional \u2018Esmorzar de Fira\u2019 abri\u00f3 el d\u00eda grande de Tots Sants en Cocentaina"}]},{"@type":"WebSite","@id":"https:\/\/www.copealcoy.es\/es\/#website","url":"https:\/\/www.copealcoy.es\/es\/","name":"COPE Alcoy","description":"Emisora COPE de radio local con emisi\u00f3n online. Pont de Sant Jordi 8-10 03803 Alcoy","potentialAction":[{"@type":"SearchAction","target":{"@type":"EntryPoint","urlTemplate":"https:\/\/www.copealcoy.es\/es\/?s={search_term_string}"},"query-input":{"@type":"PropertyValueSpecification","valueRequired":true,"valueName":"search_term_string"}}],"inLanguage":"es"},{"@type":"Person","@id":"https:\/\/www.copealcoy.es\/es\/#\/schema\/person\/e777c87fa024e57d40170af9df39882c","name":"Cope Alcoy","image":{"@type":"ImageObject","inLanguage":"es","@id":"https:\/\/secure.gravatar.com\/avatar\/bb65d0283347e303893ba14f0692005417c1e0e690a325a4c5d8bb2b3943ee14?s=96&d=mm&r=g","url":"https:\/\/secure.gravatar.com\/avatar\/bb65d0283347e303893ba14f0692005417c1e0e690a325a4c5d8bb2b3943ee14?s=96&d=mm&r=g","contentUrl":"https:\/\/secure.gravatar.com\/avatar\/bb65d0283347e303893ba14f0692005417c1e0e690a325a4c5d8bb2b3943ee14?s=96&d=mm&r=g","caption":"Cope Alcoy"}}]}},"_links":{"self":[{"href":"https:\/\/www.copealcoy.es\/es\/wp-json\/wp\/v2\/posts\/159209","targetHints":{"allow":["GET"]}}],"collection":[{"href":"https:\/\/www.copealcoy.es\/es\/wp-json\/wp\/v2\/posts"}],"about":[{"href":"https:\/\/www.copealcoy.es\/es\/wp-json\/wp\/v2\/types\/post"}],"author":[{"embeddable":true,"href":"https:\/\/www.copealcoy.es\/es\/wp-json\/wp\/v2\/users\/1"}],"replies":[{"embeddable":true,"href":"https:\/\/www.copealcoy.es\/es\/wp-json\/wp\/v2\/comments?post=159209"}],"version-history":[{"count":3,"href":"https:\/\/www.copealcoy.es\/es\/wp-json\/wp\/v2\/posts\/159209\/revisions"}],"predecessor-version":[{"id":159372,"href":"https:\/\/www.copealcoy.es\/es\/wp-json\/wp\/v2\/posts\/159209\/revisions\/159372"}],"wp:featuredmedia":[{"embeddable":true,"href":"https:\/\/www.copealcoy.es\/es\/wp-json\/wp\/v2\/media\/159216"}],"wp:attachment":[{"href":"https:\/\/www.copealcoy.es\/es\/wp-json\/wp\/v2\/media?parent=159209"}],"wp:term":[{"taxonomy":"category","embeddable":true,"href":"https:\/\/www.copealcoy.es\/es\/wp-json\/wp\/v2\/categories?post=159209"},{"taxonomy":"post_tag","embeddable":true,"href":"https:\/\/www.copealcoy.es\/es\/wp-json\/wp\/v2\/tags?post=159209"}],"curies":[{"name":"wp","href":"https:\/\/api.w.org\/{rel}","templated":true}]}}