{"id":159181,"date":"2025-10-31T14:56:06","date_gmt":"2025-10-31T13:56:06","guid":{"rendered":"https:\/\/www.copealcoy.es\/?p=159181"},"modified":"2025-10-31T15:04:34","modified_gmt":"2025-10-31T14:04:34","slug":"visitar-el-cementerio-por-todos-los-santos-una-tradicion-que-sigue-viva","status":"publish","type":"post","link":"https:\/\/www.copealcoy.es\/es\/visitar-el-cementerio-por-todos-los-santos-una-tradicion-que-sigue-viva\/","title":{"rendered":"Visitar el Cementerio por Todos los Santos, una tradici\u00f3n que sigue viva"},"content":{"rendered":"<p style=\"text-align: justify;\">La Iglesia cat\u00f3lica celebra el\u00a0<strong>1 de noviembre<\/strong>\u00a0el\u00a0<strong>D\u00eda de\u00a0Todos los Santos<\/strong>, jornada de gran arraigo que nos recuerda que todos estamos llamados a ser santos. Al d\u00eda siguiente,\u00a0<strong>2 de noviembre, se<\/strong>\u00a0<strong>conmemora a los Fieles Difuntos,\u00a0<\/strong>y rezamos especialmente por aquellos que nos precedieron visitando sus sepulturas e incluso adornando las mismas con flores.<\/p>\n<p style=\"text-align: justify;\">El\u00a0<strong>1 de noviembre<\/strong>\u00a0miramos hacia el cielo.\u00a0<strong>Es el d\u00eda en el que se homenajea a todos los santos<\/strong>,\u00a0<strong>conocidos y desconocidos<\/strong>. A los que est\u00e1n en los altares y a tantos y tantos cristianos que despu\u00e9s de una vida seg\u00fan el evangelio participan de la felicidad eterna del cielo. Son nuestros intercesores y nuestros modelos de vida cristiana.<\/p>\n<p style=\"text-align: justify;\">El d\u00eda\u00a0<strong>2 de noviembre la Iglesia reza<\/strong>, de manera especial,\u00a0<strong>por todos los fieles difuntos.<\/strong> Fue en el siglo X cuando un monje benedictino, San Odil\u00f3n, en Francia, comenz\u00f3 a celebrar la misa en un d\u00eda concreto, el dos de noviembre\u00ad, pidiendo por todos los difuntos. Aunque rezar por los difuntos es tan antiguo como la misma Iglesia. <strong>Una oraci\u00f3n que se anima en la esperanza cristiana<\/strong>.<\/p>\n<p style=\"text-align: justify;\">En Alcoy se ha previsto\u00a0<strong>la misa solemne de Todos los Santos este s\u00e1bado\u00a0 1 de noviembre<\/strong>, a partir de las 12:30h, en\u00a0<strong>el Cementerio Municipal<\/strong>\u00a0seg\u00fan han informado desde las Parroquias del Centro.\u00a0 Durante la eucarist\u00eda\u00a0<strong>se rendir\u00e1 un emotivo homenaje a los alcoyanos y alcoyanas que nos han dejado\u00a0<\/strong>\u00ab<em>invitamos a todos a asistir a esta celebraci\u00f3n en el camposanto pero quienes no puedan acudir podr\u00e1n pasar tambi\u00e9n por las iglesias del Centro en los horarios habituales de festivo. Ya el domingo, en las diferentes eucarist\u00edas, recordaremos a los difuntos como es habitual cada 2 de noviembre <\/em>\u00ab, contaba en COPE ALCOY\u00a0<strong>Don Jes\u00fas Fuentes<\/strong>;\u00a0 titular de las mismas parroquias del Centro de Alcoy.<\/p>\n<p style=\"text-align: justify;\">En estos d\u00edas tambi\u00e9n se mantiene viva la costumbre de adornar con flores las sepulturas de nuestros seres queridos, tradici\u00f3n que se renueva a\u00f1o a a\u00f1o. Las florister\u00edas de Alcoy han tenido un ritmo fren\u00e9tico durante la semana previa a Todos los Santos siendo muchos los que continuan apostando por la flor natural; especialmente estos d\u00edas &#8220;<em>la artificial es m\u00e1s para el resto del a\u00f1o pero en estos d\u00edas se hacen muchos encargos teniendo en cuenta las preferencias, y los gustos que ten\u00eda, la persona a quien le vamos a arreglar la tumba<\/em>&#8220;, concluy\u00f3 tambi\u00e9n en declaraciones a esta emisora <strong>Celia Priego<\/strong>; al frente de una conocida florister\u00eda alcoyana.<\/p>\n","protected":false},"excerpt":{"rendered":"<p>La Iglesia cat\u00f3lica celebra el\u00a01 de noviembre\u00a0el\u00a0D\u00eda de\u00a0Todos los Santos, jornada de gran arraigo que nos recuerda que todos estamos&#8230;<\/p>\n","protected":false},"author":1,"featured_media":142407,"comment_status":"closed","ping_status":"closed","sticky":false,"template":"","format":"standard","meta":{"footnotes":""},"categories":[6909,97,78,75],"tags":[1494,3998,9526,902,9381],"class_list":["post-159181","post","type-post","status-publish","format-standard","has-post-thumbnail","hentry","category-actualidad","category-alcoy","category-fiestaycultura","category-noticias","tag-alcoy","tag-cementerio-municipal","tag-difuntos","tag-recuerdo","tag-todos-los-santos"],"yoast_head":"<!-- This site is optimized with the Yoast SEO plugin v27.3 - https:\/\/yoast.com\/product\/yoast-seo-wordpress\/ -->\n<title>Visitar el Cementerio por Todos los Santos, una tradici\u00f3n que sigue viva - COPE Alcoy<\/title>\n<meta name=\"description\" content=\"Visitar el Cementerio por Todos los Santos, una tradici\u00f3n que sigue viva\" \/>\n<meta name=\"robots\" content=\"index, follow, max-snippet:-1, max-image-preview:large, max-video-preview:-1\" \/>\n<link rel=\"canonical\" href=\"https:\/\/www.copealcoy.es\/es\/visitar-el-cementerio-por-todos-los-santos-una-tradicion-que-sigue-viva\/\" \/>\n<meta property=\"og:locale\" content=\"es_ES\" \/>\n<meta property=\"og:type\" content=\"article\" \/>\n<meta property=\"og:title\" content=\"Visitar el Cementerio por Todos los Santos, una tradici\u00f3n que sigue viva - COPE Alcoy\" \/>\n<meta property=\"og:description\" content=\"Visitar el Cementerio por Todos los Santos, una tradici\u00f3n que sigue viva\" \/>\n<meta property=\"og:url\" content=\"https:\/\/www.copealcoy.es\/es\/visitar-el-cementerio-por-todos-los-santos-una-tradicion-que-sigue-viva\/\" \/>\n<meta property=\"og:site_name\" content=\"COPE Alcoy\" \/>\n<meta property=\"article:published_time\" content=\"2025-10-31T13:56:06+00:00\" \/>\n<meta property=\"article:modified_time\" content=\"2025-10-31T14:04:34+00:00\" \/>\n<meta property=\"og:image\" content=\"https:\/\/www.copealcoy.es\/wp-content\/uploads\/2024\/10\/Escalo.jpg\" \/>\n\t<meta property=\"og:image:width\" content=\"1000\" \/>\n\t<meta property=\"og:image:height\" content=\"563\" \/>\n\t<meta property=\"og:image:type\" content=\"image\/jpeg\" \/>\n<meta name=\"author\" content=\"Cope Alcoy\" \/>\n<meta name=\"twitter:label1\" content=\"Escrito por\" \/>\n\t<meta name=\"twitter:data1\" content=\"Cope Alcoy\" \/>\n\t<meta name=\"twitter:label2\" content=\"Tiempo de lectura\" \/>\n\t<meta name=\"twitter:data2\" content=\"3 minutos\" \/>\n<script type=\"application\/ld+json\" class=\"yoast-schema-graph\">{\"@context\":\"https:\\\/\\\/schema.org\",\"@graph\":[{\"@type\":\"Article\",\"@id\":\"https:\\\/\\\/www.copealcoy.es\\\/es\\\/visitar-el-cementerio-por-todos-los-santos-una-tradicion-que-sigue-viva\\\/#article\",\"isPartOf\":{\"@id\":\"https:\\\/\\\/www.copealcoy.es\\\/es\\\/visitar-el-cementerio-por-todos-los-santos-una-tradicion-que-sigue-viva\\\/\"},\"author\":{\"name\":\"Cope Alcoy\",\"@id\":\"https:\\\/\\\/www.copealcoy.es\\\/es\\\/#\\\/schema\\\/person\\\/e777c87fa024e57d40170af9df39882c\"},\"headline\":\"Visitar el Cementerio por Todos los Santos, una tradici\u00f3n que sigue viva\",\"datePublished\":\"2025-10-31T13:56:06+00:00\",\"dateModified\":\"2025-10-31T14:04:34+00:00\",\"mainEntityOfPage\":{\"@id\":\"https:\\\/\\\/www.copealcoy.es\\\/es\\\/visitar-el-cementerio-por-todos-los-santos-una-tradicion-que-sigue-viva\\\/\"},\"wordCount\":450,\"image\":{\"@id\":\"https:\\\/\\\/www.copealcoy.es\\\/es\\\/visitar-el-cementerio-por-todos-los-santos-una-tradicion-que-sigue-viva\\\/#primaryimage\"},\"thumbnailUrl\":\"https:\\\/\\\/www.copealcoy.es\\\/wp-content\\\/uploads\\\/2024\\\/10\\\/Escalo.jpg\",\"keywords\":[\"Alcoy\",\"Cementerio Municipal\",\"difuntos\",\"Recuerdo\",\"Todos los Santos\"],\"articleSection\":[\"Actualidad\",\"Alcoy\",\"Fiesta y Cultura\",\"Noticias\"],\"inLanguage\":\"es\"},{\"@type\":\"WebPage\",\"@id\":\"https:\\\/\\\/www.copealcoy.es\\\/es\\\/visitar-el-cementerio-por-todos-los-santos-una-tradicion-que-sigue-viva\\\/\",\"url\":\"https:\\\/\\\/www.copealcoy.es\\\/es\\\/visitar-el-cementerio-por-todos-los-santos-una-tradicion-que-sigue-viva\\\/\",\"name\":\"Visitar el Cementerio por Todos los Santos, una tradici\u00f3n que sigue viva - COPE Alcoy\",\"isPartOf\":{\"@id\":\"https:\\\/\\\/www.copealcoy.es\\\/es\\\/#website\"},\"primaryImageOfPage\":{\"@id\":\"https:\\\/\\\/www.copealcoy.es\\\/es\\\/visitar-el-cementerio-por-todos-los-santos-una-tradicion-que-sigue-viva\\\/#primaryimage\"},\"image\":{\"@id\":\"https:\\\/\\\/www.copealcoy.es\\\/es\\\/visitar-el-cementerio-por-todos-los-santos-una-tradicion-que-sigue-viva\\\/#primaryimage\"},\"thumbnailUrl\":\"https:\\\/\\\/www.copealcoy.es\\\/wp-content\\\/uploads\\\/2024\\\/10\\\/Escalo.jpg\",\"datePublished\":\"2025-10-31T13:56:06+00:00\",\"dateModified\":\"2025-10-31T14:04:34+00:00\",\"author\":{\"@id\":\"https:\\\/\\\/www.copealcoy.es\\\/es\\\/#\\\/schema\\\/person\\\/e777c87fa024e57d40170af9df39882c\"},\"description\":\"Visitar el Cementerio por Todos los Santos, una tradici\u00f3n que sigue viva\",\"breadcrumb\":{\"@id\":\"https:\\\/\\\/www.copealcoy.es\\\/es\\\/visitar-el-cementerio-por-todos-los-santos-una-tradicion-que-sigue-viva\\\/#breadcrumb\"},\"inLanguage\":\"es\",\"potentialAction\":[{\"@type\":\"ReadAction\",\"target\":[\"https:\\\/\\\/www.copealcoy.es\\\/es\\\/visitar-el-cementerio-por-todos-los-santos-una-tradicion-que-sigue-viva\\\/\"]}]},{\"@type\":\"ImageObject\",\"inLanguage\":\"es\",\"@id\":\"https:\\\/\\\/www.copealcoy.es\\\/es\\\/visitar-el-cementerio-por-todos-los-santos-una-tradicion-que-sigue-viva\\\/#primaryimage\",\"url\":\"https:\\\/\\\/www.copealcoy.es\\\/wp-content\\\/uploads\\\/2024\\\/10\\\/Escalo.jpg\",\"contentUrl\":\"https:\\\/\\\/www.copealcoy.es\\\/wp-content\\\/uploads\\\/2024\\\/10\\\/Escalo.jpg\",\"width\":1000,\"height\":563},{\"@type\":\"BreadcrumbList\",\"@id\":\"https:\\\/\\\/www.copealcoy.es\\\/es\\\/visitar-el-cementerio-por-todos-los-santos-una-tradicion-que-sigue-viva\\\/#breadcrumb\",\"itemListElement\":[{\"@type\":\"ListItem\",\"position\":1,\"name\":\"Portada\",\"item\":\"https:\\\/\\\/www.copealcoy.es\\\/es\\\/\"},{\"@type\":\"ListItem\",\"position\":2,\"name\":\"Visitar el Cementerio por Todos los Santos, una tradici\u00f3n que sigue viva\"}]},{\"@type\":\"WebSite\",\"@id\":\"https:\\\/\\\/www.copealcoy.es\\\/es\\\/#website\",\"url\":\"https:\\\/\\\/www.copealcoy.es\\\/es\\\/\",\"name\":\"COPE Alcoy\",\"description\":\"Emisora COPE de radio local con emisi\u00f3n online. Pont de Sant Jordi 8-10 03803 Alcoy\",\"potentialAction\":[{\"@type\":\"SearchAction\",\"target\":{\"@type\":\"EntryPoint\",\"urlTemplate\":\"https:\\\/\\\/www.copealcoy.es\\\/es\\\/?s={search_term_string}\"},\"query-input\":{\"@type\":\"PropertyValueSpecification\",\"valueRequired\":true,\"valueName\":\"search_term_string\"}}],\"inLanguage\":\"es\"},{\"@type\":\"Person\",\"@id\":\"https:\\\/\\\/www.copealcoy.es\\\/es\\\/#\\\/schema\\\/person\\\/e777c87fa024e57d40170af9df39882c\",\"name\":\"Cope Alcoy\",\"image\":{\"@type\":\"ImageObject\",\"inLanguage\":\"es\",\"@id\":\"https:\\\/\\\/secure.gravatar.com\\\/avatar\\\/bb65d0283347e303893ba14f0692005417c1e0e690a325a4c5d8bb2b3943ee14?s=96&d=mm&r=g\",\"url\":\"https:\\\/\\\/secure.gravatar.com\\\/avatar\\\/bb65d0283347e303893ba14f0692005417c1e0e690a325a4c5d8bb2b3943ee14?s=96&d=mm&r=g\",\"contentUrl\":\"https:\\\/\\\/secure.gravatar.com\\\/avatar\\\/bb65d0283347e303893ba14f0692005417c1e0e690a325a4c5d8bb2b3943ee14?s=96&d=mm&r=g\",\"caption\":\"Cope Alcoy\"}}]}<\/script>\n<!-- \/ Yoast SEO plugin. -->","yoast_head_json":{"title":"Visitar el Cementerio por Todos los Santos, una tradici\u00f3n que sigue viva - COPE Alcoy","description":"Visitar el Cementerio por Todos los Santos, una tradici\u00f3n que sigue viva","robots":{"index":"index","follow":"follow","max-snippet":"max-snippet:-1","max-image-preview":"max-image-preview:large","max-video-preview":"max-video-preview:-1"},"canonical":"https:\/\/www.copealcoy.es\/es\/visitar-el-cementerio-por-todos-los-santos-una-tradicion-que-sigue-viva\/","og_locale":"es_ES","og_type":"article","og_title":"Visitar el Cementerio por Todos los Santos, una tradici\u00f3n que sigue viva - COPE Alcoy","og_description":"Visitar el Cementerio por Todos los Santos, una tradici\u00f3n que sigue viva","og_url":"https:\/\/www.copealcoy.es\/es\/visitar-el-cementerio-por-todos-los-santos-una-tradicion-que-sigue-viva\/","og_site_name":"COPE Alcoy","article_published_time":"2025-10-31T13:56:06+00:00","article_modified_time":"2025-10-31T14:04:34+00:00","og_image":[{"width":1000,"height":563,"url":"https:\/\/www.copealcoy.es\/wp-content\/uploads\/2024\/10\/Escalo.jpg","type":"image\/jpeg"}],"author":"Cope Alcoy","twitter_misc":{"Escrito por":"Cope Alcoy","Tiempo de lectura":"3 minutos"},"schema":{"@context":"https:\/\/schema.org","@graph":[{"@type":"Article","@id":"https:\/\/www.copealcoy.es\/es\/visitar-el-cementerio-por-todos-los-santos-una-tradicion-que-sigue-viva\/#article","isPartOf":{"@id":"https:\/\/www.copealcoy.es\/es\/visitar-el-cementerio-por-todos-los-santos-una-tradicion-que-sigue-viva\/"},"author":{"name":"Cope Alcoy","@id":"https:\/\/www.copealcoy.es\/es\/#\/schema\/person\/e777c87fa024e57d40170af9df39882c"},"headline":"Visitar el Cementerio por Todos los Santos, una tradici\u00f3n que sigue viva","datePublished":"2025-10-31T13:56:06+00:00","dateModified":"2025-10-31T14:04:34+00:00","mainEntityOfPage":{"@id":"https:\/\/www.copealcoy.es\/es\/visitar-el-cementerio-por-todos-los-santos-una-tradicion-que-sigue-viva\/"},"wordCount":450,"image":{"@id":"https:\/\/www.copealcoy.es\/es\/visitar-el-cementerio-por-todos-los-santos-una-tradicion-que-sigue-viva\/#primaryimage"},"thumbnailUrl":"https:\/\/www.copealcoy.es\/wp-content\/uploads\/2024\/10\/Escalo.jpg","keywords":["Alcoy","Cementerio Municipal","difuntos","Recuerdo","Todos los Santos"],"articleSection":["Actualidad","Alcoy","Fiesta y Cultura","Noticias"],"inLanguage":"es"},{"@type":"WebPage","@id":"https:\/\/www.copealcoy.es\/es\/visitar-el-cementerio-por-todos-los-santos-una-tradicion-que-sigue-viva\/","url":"https:\/\/www.copealcoy.es\/es\/visitar-el-cementerio-por-todos-los-santos-una-tradicion-que-sigue-viva\/","name":"Visitar el Cementerio por Todos los Santos, una tradici\u00f3n que sigue viva - COPE Alcoy","isPartOf":{"@id":"https:\/\/www.copealcoy.es\/es\/#website"},"primaryImageOfPage":{"@id":"https:\/\/www.copealcoy.es\/es\/visitar-el-cementerio-por-todos-los-santos-una-tradicion-que-sigue-viva\/#primaryimage"},"image":{"@id":"https:\/\/www.copealcoy.es\/es\/visitar-el-cementerio-por-todos-los-santos-una-tradicion-que-sigue-viva\/#primaryimage"},"thumbnailUrl":"https:\/\/www.copealcoy.es\/wp-content\/uploads\/2024\/10\/Escalo.jpg","datePublished":"2025-10-31T13:56:06+00:00","dateModified":"2025-10-31T14:04:34+00:00","author":{"@id":"https:\/\/www.copealcoy.es\/es\/#\/schema\/person\/e777c87fa024e57d40170af9df39882c"},"description":"Visitar el Cementerio por Todos los Santos, una tradici\u00f3n que sigue viva","breadcrumb":{"@id":"https:\/\/www.copealcoy.es\/es\/visitar-el-cementerio-por-todos-los-santos-una-tradicion-que-sigue-viva\/#breadcrumb"},"inLanguage":"es","potentialAction":[{"@type":"ReadAction","target":["https:\/\/www.copealcoy.es\/es\/visitar-el-cementerio-por-todos-los-santos-una-tradicion-que-sigue-viva\/"]}]},{"@type":"ImageObject","inLanguage":"es","@id":"https:\/\/www.copealcoy.es\/es\/visitar-el-cementerio-por-todos-los-santos-una-tradicion-que-sigue-viva\/#primaryimage","url":"https:\/\/www.copealcoy.es\/wp-content\/uploads\/2024\/10\/Escalo.jpg","contentUrl":"https:\/\/www.copealcoy.es\/wp-content\/uploads\/2024\/10\/Escalo.jpg","width":1000,"height":563},{"@type":"BreadcrumbList","@id":"https:\/\/www.copealcoy.es\/es\/visitar-el-cementerio-por-todos-los-santos-una-tradicion-que-sigue-viva\/#breadcrumb","itemListElement":[{"@type":"ListItem","position":1,"name":"Portada","item":"https:\/\/www.copealcoy.es\/es\/"},{"@type":"ListItem","position":2,"name":"Visitar el Cementerio por Todos los Santos, una tradici\u00f3n que sigue viva"}]},{"@type":"WebSite","@id":"https:\/\/www.copealcoy.es\/es\/#website","url":"https:\/\/www.copealcoy.es\/es\/","name":"COPE Alcoy","description":"Emisora COPE de radio local con emisi\u00f3n online. Pont de Sant Jordi 8-10 03803 Alcoy","potentialAction":[{"@type":"SearchAction","target":{"@type":"EntryPoint","urlTemplate":"https:\/\/www.copealcoy.es\/es\/?s={search_term_string}"},"query-input":{"@type":"PropertyValueSpecification","valueRequired":true,"valueName":"search_term_string"}}],"inLanguage":"es"},{"@type":"Person","@id":"https:\/\/www.copealcoy.es\/es\/#\/schema\/person\/e777c87fa024e57d40170af9df39882c","name":"Cope Alcoy","image":{"@type":"ImageObject","inLanguage":"es","@id":"https:\/\/secure.gravatar.com\/avatar\/bb65d0283347e303893ba14f0692005417c1e0e690a325a4c5d8bb2b3943ee14?s=96&d=mm&r=g","url":"https:\/\/secure.gravatar.com\/avatar\/bb65d0283347e303893ba14f0692005417c1e0e690a325a4c5d8bb2b3943ee14?s=96&d=mm&r=g","contentUrl":"https:\/\/secure.gravatar.com\/avatar\/bb65d0283347e303893ba14f0692005417c1e0e690a325a4c5d8bb2b3943ee14?s=96&d=mm&r=g","caption":"Cope Alcoy"}}]}},"_links":{"self":[{"href":"https:\/\/www.copealcoy.es\/es\/wp-json\/wp\/v2\/posts\/159181","targetHints":{"allow":["GET"]}}],"collection":[{"href":"https:\/\/www.copealcoy.es\/es\/wp-json\/wp\/v2\/posts"}],"about":[{"href":"https:\/\/www.copealcoy.es\/es\/wp-json\/wp\/v2\/types\/post"}],"author":[{"embeddable":true,"href":"https:\/\/www.copealcoy.es\/es\/wp-json\/wp\/v2\/users\/1"}],"replies":[{"embeddable":true,"href":"https:\/\/www.copealcoy.es\/es\/wp-json\/wp\/v2\/comments?post=159181"}],"version-history":[{"count":3,"href":"https:\/\/www.copealcoy.es\/es\/wp-json\/wp\/v2\/posts\/159181\/revisions"}],"predecessor-version":[{"id":159187,"href":"https:\/\/www.copealcoy.es\/es\/wp-json\/wp\/v2\/posts\/159181\/revisions\/159187"}],"wp:featuredmedia":[{"embeddable":true,"href":"https:\/\/www.copealcoy.es\/es\/wp-json\/wp\/v2\/media\/142407"}],"wp:attachment":[{"href":"https:\/\/www.copealcoy.es\/es\/wp-json\/wp\/v2\/media?parent=159181"}],"wp:term":[{"taxonomy":"category","embeddable":true,"href":"https:\/\/www.copealcoy.es\/es\/wp-json\/wp\/v2\/categories?post=159181"},{"taxonomy":"post_tag","embeddable":true,"href":"https:\/\/www.copealcoy.es\/es\/wp-json\/wp\/v2\/tags?post=159181"}],"curies":[{"name":"wp","href":"https:\/\/api.w.org\/{rel}","templated":true}]}}