{"id":159161,"date":"2025-10-30T07:35:07","date_gmt":"2025-10-30T06:35:07","guid":{"rendered":"https:\/\/www.copealcoy.es\/?p=159161"},"modified":"2025-10-30T23:39:54","modified_gmt":"2025-10-30T22:39:54","slug":"mediodia-cope-alcoy-jueves-30-de-octubre-2025-1420h","status":"publish","type":"post","link":"https:\/\/www.copealcoy.es\/es\/mediodia-cope-alcoy-jueves-30-de-octubre-2025-1420h\/","title":{"rendered":"&#8216;Mediod\u00eda Cope&#8217; Alcoy jueves 30 de octubre 2025 (14:20h)"},"content":{"rendered":"<p><iframe loading=\"lazy\" title=\"&#039;Mediod\u00eda Cope&#039; Alcoy Jueves 30 De Octubre 2025 (14:20h)\" width=\"100%\" height=\"120\" src=\"https:\/\/www.mixcloud.com\/widget\/iframe\/?feed=https%3A%2F%2Fwww.mixcloud.com%2FCOPEAlcoy%2Fmediod%25C3%25ADa-cope-alcoy-jueves-30-de-octubre-2025-1420h%2F&amp;hide_cover=1\" frameborder=\"0\" allow=\"encrypted-media; fullscreen; autoplay; idle-detection; speaker-selection; web-share;\"><\/iframe><\/p>\n<p style=\"text-align: justify;\">Hoy jueves <strong>hemos recordado que se ha presentado en Alcoy la imagen que promocionar\u00e1 el #NadalAlcoi\u00e0<\/strong>. Tambi\u00e9n hemos destacado que esta tarde, a partir de las 18:00h, <strong>abre la 679 edici\u00f3n de la Fira de Tots Sants de Cocentaina.\u00a0<\/strong><\/p>\n<p style=\"text-align: justify;\" data-start=\"276\" data-end=\"775\"><strong data-start=\"276\" data-end=\"290\">Cocentaina<\/strong> se prepara para vivir una nueva edici\u00f3n de la <a href=\"https:\/\/www.firadecocentaina.org\/es\/\" target=\"_blank\" rel=\"noopener\"><span style=\"color: #0000ff;\"><strong data-start=\"337\" data-end=\"359\">Fira de Tots Sants<\/strong>,<\/span><\/a> que alcanza este a\u00f1o su <strong data-start=\"385\" data-end=\"406\">679 convocatoria<\/strong> con un programa repleto de <strong data-start=\"434\" data-end=\"447\">novedades<\/strong> y una previsi\u00f3n de asistencia <strong data-start=\"478\" data-end=\"496\">multitudinaria<\/strong>. El <strong data-start=\"501\" data-end=\"519\">recinto ferial<\/strong> abrir\u00e1 sus puertas este <strong data-start=\"544\" data-end=\"581\">jueves 30 de octubre por la tarde<\/strong>, con los primeros visitantes recorriendo los espacios expositivos, mientras que la <strong data-start=\"665\" data-end=\"689\">inauguraci\u00f3n oficial<\/strong> tendr\u00e1 lugar el <strong data-start=\"706\" data-end=\"749\">viernes 31 de octubre a las 11:00 horas<\/strong> en el <strong data-start=\"756\" data-end=\"772\">Palau Comtal<\/strong>.<\/p>\n<p style=\"text-align: justify;\" data-start=\"777\" data-end=\"1238\">El <strong data-start=\"780\" data-end=\"802\">acto institucional<\/strong> estar\u00e1 presidido por la <strong data-start=\"827\" data-end=\"892\">ministra de Ciencia, Innovaci\u00f3n y Universidades, Diana Morant<\/strong>, y contar\u00e1 con la participaci\u00f3n de la <strong data-start=\"931\" data-end=\"1003\">consellera de Innovaci\u00f3n, Industria, Comercio y Turismo, Marian Cano<\/strong>, adem\u00e1s de representantes de la <strong data-start=\"1036\" data-end=\"1066\">Subdelegaci\u00f3n del Gobierno<\/strong>, la <strong data-start=\"1071\" data-end=\"1097\">Diputaci\u00f3n de Alicante<\/strong>, diputados auton\u00f3micos, alcaldes y alcaldesas de la comarca, as\u00ed como entidades sociales y econ\u00f3micas de toda la <strong data-start=\"1211\" data-end=\"1235\">Comunitat Valenciana<\/strong>.<\/p>\n<p style=\"text-align: justify;\" data-start=\"1240\" data-end=\"1734\">El momento central ser\u00e1 la <strong data-start=\"1267\" data-end=\"1301\">lectura del Privilegi de Fira<\/strong>, otorgado por el <strong data-start=\"1319\" data-end=\"1350\">rey Pere IV el Cerimoni\u00f3s<\/strong>\u00a0en el a\u00f1o <strong data-start=\"1361\" data-end=\"1369\">1346<\/strong>, que este a\u00f1o correr\u00e1 a cargo de <strong data-start=\"1403\" data-end=\"1425\">Jos\u00e9 Antonio Terol<\/strong>, presidente de la <strong data-start=\"1444\" data-end=\"1514\">Asociaci\u00f3n de Familiares y Amigos de Enfermos de Alzheimer (AFAMA)<\/strong>. Tras la lectura, la ministra, el <strong data-start=\"1549\" data-end=\"1572\">alcalde Rub\u00e9n Mu\u00f1oz<\/strong> y la <strong data-start=\"1578\" data-end=\"1615\">concejala de Fira Marcela Richart<\/strong> protagonizar\u00e1n el tradicional <strong data-start=\"1646\" data-end=\"1664\">corte de cinta<\/strong>, que marcar\u00e1 la apertura oficial de la <strong data-start=\"1704\" data-end=\"1731\">Fira de Tots Sants 2025<\/strong>.<\/p>\n<p style=\"text-align: justify;\" data-start=\"1736\" data-end=\"2245\">Con <strong data-start=\"1740\" data-end=\"1778\">m\u00e1s de 800 expositores confirmados<\/strong> y una superficie de <strong data-start=\"1799\" data-end=\"1827\">142.000 metros cuadrados<\/strong>, la Fira reafirma su posici\u00f3n como <strong data-start=\"1863\" data-end=\"1908\">referente econ\u00f3mico, comercial y cultural<\/strong> en la Comunitat Valenciana. Entre las principales novedades destacan la <strong data-start=\"1981\" data-end=\"2022\">presencia de nuevas marcas como Tesla<\/strong>, la <strong data-start=\"2027\" data-end=\"2068\">incorporaci\u00f3n de tractores el\u00e9ctricos<\/strong> y la participaci\u00f3n de <strong data-start=\"2091\" data-end=\"2140\">firmas de innovaci\u00f3n y gesti\u00f3n medioambiental<\/strong> que centrar\u00e1n parte de su actividad en la divulgaci\u00f3n sobre la <strong data-start=\"2204\" data-end=\"2242\">gesti\u00f3n sostenible de los recursos<\/strong>.<\/p>\n<p style=\"text-align: justify;\" data-start=\"2247\" data-end=\"2553\">El <strong data-start=\"2250\" data-end=\"2272\">\u00e1rea de automoci\u00f3n<\/strong> gana protagonismo con el <strong data-start=\"2298\" data-end=\"2349\">nivel de ocupaci\u00f3n m\u00e1s alto de la \u00faltima d\u00e9cada<\/strong>, ampliando su espacio expositivo, mientras que el <strong data-start=\"2400\" data-end=\"2447\">sector agroalimentario y artesanal comarcal<\/strong> refuerza su presencia con productos de proximidad procedentes de <strong data-start=\"2513\" data-end=\"2550\">Agres, Banyeres, Bocairent y Muro<\/strong>.<\/p>\n<p style=\"text-align: justify;\" data-start=\"2555\" data-end=\"2896\">Durante cuatro jornadas, del <strong data-start=\"2584\" data-end=\"2619\">30 de octubre al 2 de noviembre<\/strong>, <strong data-start=\"2621\" data-end=\"2635\">Cocentaina<\/strong> se convertir\u00e1 en un gran <strong data-start=\"2661\" data-end=\"2765\">escaparate de maquinaria agr\u00edcola, automoci\u00f3n, innovaci\u00f3n, artesan\u00eda, gastronom\u00eda, energ\u00eda y turismo<\/strong>, acompa\u00f1ado por una <strong data-start=\"2786\" data-end=\"2818\">amplia programaci\u00f3n cultural<\/strong> con <strong data-start=\"2823\" data-end=\"2893\">exposiciones, conciertos, magia, danza y actividades gastron\u00f3micas<\/strong>.<\/p>\n<p style=\"text-align: justify;\" data-start=\"2898\" data-end=\"3176\">Seg\u00fan destac\u00f3 la concejala de Fira, <strong data-start=\"2934\" data-end=\"2953\">Marcela Richart<\/strong>, <em data-start=\"2955\" data-end=\"3173\">\u201ceste a\u00f1o adelantamos la apertura al jueves por la tarde para facilitar la llegada de visitantes y mejorar la fluidez de los accesos, y lo hacemos con una Fira que sigue creciendo en calidad, innovaci\u00f3n y proyecci\u00f3n\u201d<\/em>. Por su parte, el alcalde <strong data-start=\"3203\" data-end=\"3218\">Rub\u00e9n Mu\u00f1oz<\/strong> subray\u00f3 que <em data-start=\"3231\" data-end=\"3430\">\u201cla Fira de Tots Sants es una cita \u00fanica que combina tradici\u00f3n y modernidad. Es un evento que genera econom\u00eda, cohesiona el territorio y proyecta al mundo lo mejor de nuestra identidad como pueblo\u201d<\/em>.<\/p>\n<p style=\"text-align: justify;\" data-start=\"3435\" data-end=\"3709\">Con esta nueva edici\u00f3n, <strong data-start=\"3459\" data-end=\"3473\">Cocentaina<\/strong> da inicio a <strong data-start=\"3486\" data-end=\"3522\">cuatro d\u00edas de intensa actividad<\/strong>, consolidando una Fira que contin\u00faa siendo <strong data-start=\"3566\" data-end=\"3633\">motor econ\u00f3mico, cultural y tur\u00edstico del territorio valenciano<\/strong> y uno de los <strong data-start=\"3647\" data-end=\"3706\">cert\u00e1menes m\u00e1s emblem\u00e1ticos del calendario mediterr\u00e1neo<\/strong>.<\/p>\n","protected":false},"excerpt":{"rendered":"<p>Hoy jueves hemos recordado que se ha presentado en Alcoy la imagen que promocionar\u00e1 el #NadalAlcoi\u00e0. Tambi\u00e9n hemos destacado que&#8230;<\/p>\n","protected":false},"author":1,"featured_media":147663,"comment_status":"closed","ping_status":"closed","sticky":false,"template":"","format":"standard","meta":{"footnotes":""},"categories":[6909,89,91,75],"tags":[],"class_list":["post-159161","post","type-post","status-publish","format-standard","has-post-thumbnail","hentry","category-actualidad","category-audiosdelosprogramas","category-informativos","category-noticias"],"yoast_head":"<!-- This site is optimized with the Yoast SEO plugin v27.3 - https:\/\/yoast.com\/product\/yoast-seo-wordpress\/ -->\n<title>&#039;Mediod\u00eda Cope&#039; Alcoy jueves 30 de octubre 2025 (14:20h) - COPE Alcoy<\/title>\n<meta name=\"robots\" content=\"index, follow, max-snippet:-1, max-image-preview:large, max-video-preview:-1\" \/>\n<link rel=\"canonical\" href=\"https:\/\/www.copealcoy.es\/es\/mediodia-cope-alcoy-jueves-30-de-octubre-2025-1420h\/\" \/>\n<meta property=\"og:locale\" content=\"es_ES\" \/>\n<meta property=\"og:type\" content=\"article\" \/>\n<meta property=\"og:title\" content=\"&#039;Mediod\u00eda Cope&#039; Alcoy jueves 30 de octubre 2025 (14:20h) - COPE Alcoy\" \/>\n<meta property=\"og:description\" content=\"Hoy jueves hemos recordado que se ha presentado en Alcoy la imagen que promocionar\u00e1 el #NadalAlcoi\u00e0. Tambi\u00e9n hemos destacado que...\" \/>\n<meta property=\"og:url\" content=\"https:\/\/www.copealcoy.es\/es\/mediodia-cope-alcoy-jueves-30-de-octubre-2025-1420h\/\" \/>\n<meta property=\"og:site_name\" content=\"COPE Alcoy\" \/>\n<meta property=\"article:published_time\" content=\"2025-10-30T06:35:07+00:00\" \/>\n<meta property=\"article:modified_time\" content=\"2025-10-30T22:39:54+00:00\" \/>\n<meta property=\"og:image\" content=\"https:\/\/www.copealcoy.es\/wp-content\/uploads\/2025\/02\/Mediodia-Cope-Castellano.png\" \/>\n\t<meta property=\"og:image:width\" content=\"357\" \/>\n\t<meta property=\"og:image:height\" content=\"290\" \/>\n\t<meta property=\"og:image:type\" content=\"image\/png\" \/>\n<meta name=\"author\" content=\"Cope Alcoy\" \/>\n<meta name=\"twitter:label1\" content=\"Escrito por\" \/>\n\t<meta name=\"twitter:data1\" content=\"Cope Alcoy\" \/>\n\t<meta name=\"twitter:label2\" content=\"Tiempo de lectura\" \/>\n\t<meta name=\"twitter:data2\" content=\"4 minutos\" \/>\n<script type=\"application\/ld+json\" class=\"yoast-schema-graph\">{\"@context\":\"https:\\\/\\\/schema.org\",\"@graph\":[{\"@type\":\"Article\",\"@id\":\"https:\\\/\\\/www.copealcoy.es\\\/es\\\/mediodia-cope-alcoy-jueves-30-de-octubre-2025-1420h\\\/#article\",\"isPartOf\":{\"@id\":\"https:\\\/\\\/www.copealcoy.es\\\/es\\\/mediodia-cope-alcoy-jueves-30-de-octubre-2025-1420h\\\/\"},\"author\":{\"name\":\"Cope Alcoy\",\"@id\":\"https:\\\/\\\/www.copealcoy.es\\\/es\\\/#\\\/schema\\\/person\\\/e777c87fa024e57d40170af9df39882c\"},\"headline\":\"&#8216;Mediod\u00eda Cope&#8217; Alcoy jueves 30 de octubre 2025 (14:20h)\",\"datePublished\":\"2025-10-30T06:35:07+00:00\",\"dateModified\":\"2025-10-30T22:39:54+00:00\",\"mainEntityOfPage\":{\"@id\":\"https:\\\/\\\/www.copealcoy.es\\\/es\\\/mediodia-cope-alcoy-jueves-30-de-octubre-2025-1420h\\\/\"},\"wordCount\":606,\"image\":{\"@id\":\"https:\\\/\\\/www.copealcoy.es\\\/es\\\/mediodia-cope-alcoy-jueves-30-de-octubre-2025-1420h\\\/#primaryimage\"},\"thumbnailUrl\":\"https:\\\/\\\/www.copealcoy.es\\\/wp-content\\\/uploads\\\/2025\\\/02\\\/Mediodia-Cope-Castellano.png\",\"articleSection\":[\"Actualidad\",\"Audios de los programas\",\"Informativos\",\"Noticias\"],\"inLanguage\":\"es\"},{\"@type\":\"WebPage\",\"@id\":\"https:\\\/\\\/www.copealcoy.es\\\/es\\\/mediodia-cope-alcoy-jueves-30-de-octubre-2025-1420h\\\/\",\"url\":\"https:\\\/\\\/www.copealcoy.es\\\/es\\\/mediodia-cope-alcoy-jueves-30-de-octubre-2025-1420h\\\/\",\"name\":\"'Mediod\u00eda Cope' Alcoy jueves 30 de octubre 2025 (14:20h) - COPE Alcoy\",\"isPartOf\":{\"@id\":\"https:\\\/\\\/www.copealcoy.es\\\/es\\\/#website\"},\"primaryImageOfPage\":{\"@id\":\"https:\\\/\\\/www.copealcoy.es\\\/es\\\/mediodia-cope-alcoy-jueves-30-de-octubre-2025-1420h\\\/#primaryimage\"},\"image\":{\"@id\":\"https:\\\/\\\/www.copealcoy.es\\\/es\\\/mediodia-cope-alcoy-jueves-30-de-octubre-2025-1420h\\\/#primaryimage\"},\"thumbnailUrl\":\"https:\\\/\\\/www.copealcoy.es\\\/wp-content\\\/uploads\\\/2025\\\/02\\\/Mediodia-Cope-Castellano.png\",\"datePublished\":\"2025-10-30T06:35:07+00:00\",\"dateModified\":\"2025-10-30T22:39:54+00:00\",\"author\":{\"@id\":\"https:\\\/\\\/www.copealcoy.es\\\/es\\\/#\\\/schema\\\/person\\\/e777c87fa024e57d40170af9df39882c\"},\"breadcrumb\":{\"@id\":\"https:\\\/\\\/www.copealcoy.es\\\/es\\\/mediodia-cope-alcoy-jueves-30-de-octubre-2025-1420h\\\/#breadcrumb\"},\"inLanguage\":\"es\",\"potentialAction\":[{\"@type\":\"ReadAction\",\"target\":[\"https:\\\/\\\/www.copealcoy.es\\\/es\\\/mediodia-cope-alcoy-jueves-30-de-octubre-2025-1420h\\\/\"]}]},{\"@type\":\"ImageObject\",\"inLanguage\":\"es\",\"@id\":\"https:\\\/\\\/www.copealcoy.es\\\/es\\\/mediodia-cope-alcoy-jueves-30-de-octubre-2025-1420h\\\/#primaryimage\",\"url\":\"https:\\\/\\\/www.copealcoy.es\\\/wp-content\\\/uploads\\\/2025\\\/02\\\/Mediodia-Cope-Castellano.png\",\"contentUrl\":\"https:\\\/\\\/www.copealcoy.es\\\/wp-content\\\/uploads\\\/2025\\\/02\\\/Mediodia-Cope-Castellano.png\",\"width\":357,\"height\":290},{\"@type\":\"BreadcrumbList\",\"@id\":\"https:\\\/\\\/www.copealcoy.es\\\/es\\\/mediodia-cope-alcoy-jueves-30-de-octubre-2025-1420h\\\/#breadcrumb\",\"itemListElement\":[{\"@type\":\"ListItem\",\"position\":1,\"name\":\"Portada\",\"item\":\"https:\\\/\\\/www.copealcoy.es\\\/es\\\/\"},{\"@type\":\"ListItem\",\"position\":2,\"name\":\"&#8216;Mediod\u00eda Cope&#8217; Alcoy jueves 30 de octubre 2025 (14:20h)\"}]},{\"@type\":\"WebSite\",\"@id\":\"https:\\\/\\\/www.copealcoy.es\\\/es\\\/#website\",\"url\":\"https:\\\/\\\/www.copealcoy.es\\\/es\\\/\",\"name\":\"COPE Alcoy\",\"description\":\"Emisora COPE de radio local con emisi\u00f3n online. Pont de Sant Jordi 8-10 03803 Alcoy\",\"potentialAction\":[{\"@type\":\"SearchAction\",\"target\":{\"@type\":\"EntryPoint\",\"urlTemplate\":\"https:\\\/\\\/www.copealcoy.es\\\/es\\\/?s={search_term_string}\"},\"query-input\":{\"@type\":\"PropertyValueSpecification\",\"valueRequired\":true,\"valueName\":\"search_term_string\"}}],\"inLanguage\":\"es\"},{\"@type\":\"Person\",\"@id\":\"https:\\\/\\\/www.copealcoy.es\\\/es\\\/#\\\/schema\\\/person\\\/e777c87fa024e57d40170af9df39882c\",\"name\":\"Cope Alcoy\",\"image\":{\"@type\":\"ImageObject\",\"inLanguage\":\"es\",\"@id\":\"https:\\\/\\\/secure.gravatar.com\\\/avatar\\\/bb65d0283347e303893ba14f0692005417c1e0e690a325a4c5d8bb2b3943ee14?s=96&d=mm&r=g\",\"url\":\"https:\\\/\\\/secure.gravatar.com\\\/avatar\\\/bb65d0283347e303893ba14f0692005417c1e0e690a325a4c5d8bb2b3943ee14?s=96&d=mm&r=g\",\"contentUrl\":\"https:\\\/\\\/secure.gravatar.com\\\/avatar\\\/bb65d0283347e303893ba14f0692005417c1e0e690a325a4c5d8bb2b3943ee14?s=96&d=mm&r=g\",\"caption\":\"Cope Alcoy\"}}]}<\/script>\n<!-- \/ Yoast SEO plugin. -->","yoast_head_json":{"title":"'Mediod\u00eda Cope' Alcoy jueves 30 de octubre 2025 (14:20h) - COPE Alcoy","robots":{"index":"index","follow":"follow","max-snippet":"max-snippet:-1","max-image-preview":"max-image-preview:large","max-video-preview":"max-video-preview:-1"},"canonical":"https:\/\/www.copealcoy.es\/es\/mediodia-cope-alcoy-jueves-30-de-octubre-2025-1420h\/","og_locale":"es_ES","og_type":"article","og_title":"'Mediod\u00eda Cope' Alcoy jueves 30 de octubre 2025 (14:20h) - COPE Alcoy","og_description":"Hoy jueves hemos recordado que se ha presentado en Alcoy la imagen que promocionar\u00e1 el #NadalAlcoi\u00e0. Tambi\u00e9n hemos destacado que...","og_url":"https:\/\/www.copealcoy.es\/es\/mediodia-cope-alcoy-jueves-30-de-octubre-2025-1420h\/","og_site_name":"COPE Alcoy","article_published_time":"2025-10-30T06:35:07+00:00","article_modified_time":"2025-10-30T22:39:54+00:00","og_image":[{"width":357,"height":290,"url":"https:\/\/www.copealcoy.es\/wp-content\/uploads\/2025\/02\/Mediodia-Cope-Castellano.png","type":"image\/png"}],"author":"Cope Alcoy","twitter_misc":{"Escrito por":"Cope Alcoy","Tiempo de lectura":"4 minutos"},"schema":{"@context":"https:\/\/schema.org","@graph":[{"@type":"Article","@id":"https:\/\/www.copealcoy.es\/es\/mediodia-cope-alcoy-jueves-30-de-octubre-2025-1420h\/#article","isPartOf":{"@id":"https:\/\/www.copealcoy.es\/es\/mediodia-cope-alcoy-jueves-30-de-octubre-2025-1420h\/"},"author":{"name":"Cope Alcoy","@id":"https:\/\/www.copealcoy.es\/es\/#\/schema\/person\/e777c87fa024e57d40170af9df39882c"},"headline":"&#8216;Mediod\u00eda Cope&#8217; Alcoy jueves 30 de octubre 2025 (14:20h)","datePublished":"2025-10-30T06:35:07+00:00","dateModified":"2025-10-30T22:39:54+00:00","mainEntityOfPage":{"@id":"https:\/\/www.copealcoy.es\/es\/mediodia-cope-alcoy-jueves-30-de-octubre-2025-1420h\/"},"wordCount":606,"image":{"@id":"https:\/\/www.copealcoy.es\/es\/mediodia-cope-alcoy-jueves-30-de-octubre-2025-1420h\/#primaryimage"},"thumbnailUrl":"https:\/\/www.copealcoy.es\/wp-content\/uploads\/2025\/02\/Mediodia-Cope-Castellano.png","articleSection":["Actualidad","Audios de los programas","Informativos","Noticias"],"inLanguage":"es"},{"@type":"WebPage","@id":"https:\/\/www.copealcoy.es\/es\/mediodia-cope-alcoy-jueves-30-de-octubre-2025-1420h\/","url":"https:\/\/www.copealcoy.es\/es\/mediodia-cope-alcoy-jueves-30-de-octubre-2025-1420h\/","name":"'Mediod\u00eda Cope' Alcoy jueves 30 de octubre 2025 (14:20h) - COPE Alcoy","isPartOf":{"@id":"https:\/\/www.copealcoy.es\/es\/#website"},"primaryImageOfPage":{"@id":"https:\/\/www.copealcoy.es\/es\/mediodia-cope-alcoy-jueves-30-de-octubre-2025-1420h\/#primaryimage"},"image":{"@id":"https:\/\/www.copealcoy.es\/es\/mediodia-cope-alcoy-jueves-30-de-octubre-2025-1420h\/#primaryimage"},"thumbnailUrl":"https:\/\/www.copealcoy.es\/wp-content\/uploads\/2025\/02\/Mediodia-Cope-Castellano.png","datePublished":"2025-10-30T06:35:07+00:00","dateModified":"2025-10-30T22:39:54+00:00","author":{"@id":"https:\/\/www.copealcoy.es\/es\/#\/schema\/person\/e777c87fa024e57d40170af9df39882c"},"breadcrumb":{"@id":"https:\/\/www.copealcoy.es\/es\/mediodia-cope-alcoy-jueves-30-de-octubre-2025-1420h\/#breadcrumb"},"inLanguage":"es","potentialAction":[{"@type":"ReadAction","target":["https:\/\/www.copealcoy.es\/es\/mediodia-cope-alcoy-jueves-30-de-octubre-2025-1420h\/"]}]},{"@type":"ImageObject","inLanguage":"es","@id":"https:\/\/www.copealcoy.es\/es\/mediodia-cope-alcoy-jueves-30-de-octubre-2025-1420h\/#primaryimage","url":"https:\/\/www.copealcoy.es\/wp-content\/uploads\/2025\/02\/Mediodia-Cope-Castellano.png","contentUrl":"https:\/\/www.copealcoy.es\/wp-content\/uploads\/2025\/02\/Mediodia-Cope-Castellano.png","width":357,"height":290},{"@type":"BreadcrumbList","@id":"https:\/\/www.copealcoy.es\/es\/mediodia-cope-alcoy-jueves-30-de-octubre-2025-1420h\/#breadcrumb","itemListElement":[{"@type":"ListItem","position":1,"name":"Portada","item":"https:\/\/www.copealcoy.es\/es\/"},{"@type":"ListItem","position":2,"name":"&#8216;Mediod\u00eda Cope&#8217; Alcoy jueves 30 de octubre 2025 (14:20h)"}]},{"@type":"WebSite","@id":"https:\/\/www.copealcoy.es\/es\/#website","url":"https:\/\/www.copealcoy.es\/es\/","name":"COPE Alcoy","description":"Emisora COPE de radio local con emisi\u00f3n online. Pont de Sant Jordi 8-10 03803 Alcoy","potentialAction":[{"@type":"SearchAction","target":{"@type":"EntryPoint","urlTemplate":"https:\/\/www.copealcoy.es\/es\/?s={search_term_string}"},"query-input":{"@type":"PropertyValueSpecification","valueRequired":true,"valueName":"search_term_string"}}],"inLanguage":"es"},{"@type":"Person","@id":"https:\/\/www.copealcoy.es\/es\/#\/schema\/person\/e777c87fa024e57d40170af9df39882c","name":"Cope Alcoy","image":{"@type":"ImageObject","inLanguage":"es","@id":"https:\/\/secure.gravatar.com\/avatar\/bb65d0283347e303893ba14f0692005417c1e0e690a325a4c5d8bb2b3943ee14?s=96&d=mm&r=g","url":"https:\/\/secure.gravatar.com\/avatar\/bb65d0283347e303893ba14f0692005417c1e0e690a325a4c5d8bb2b3943ee14?s=96&d=mm&r=g","contentUrl":"https:\/\/secure.gravatar.com\/avatar\/bb65d0283347e303893ba14f0692005417c1e0e690a325a4c5d8bb2b3943ee14?s=96&d=mm&r=g","caption":"Cope Alcoy"}}]}},"_links":{"self":[{"href":"https:\/\/www.copealcoy.es\/es\/wp-json\/wp\/v2\/posts\/159161","targetHints":{"allow":["GET"]}}],"collection":[{"href":"https:\/\/www.copealcoy.es\/es\/wp-json\/wp\/v2\/posts"}],"about":[{"href":"https:\/\/www.copealcoy.es\/es\/wp-json\/wp\/v2\/types\/post"}],"author":[{"embeddable":true,"href":"https:\/\/www.copealcoy.es\/es\/wp-json\/wp\/v2\/users\/1"}],"replies":[{"embeddable":true,"href":"https:\/\/www.copealcoy.es\/es\/wp-json\/wp\/v2\/comments?post=159161"}],"version-history":[{"count":1,"href":"https:\/\/www.copealcoy.es\/es\/wp-json\/wp\/v2\/posts\/159161\/revisions"}],"predecessor-version":[{"id":159163,"href":"https:\/\/www.copealcoy.es\/es\/wp-json\/wp\/v2\/posts\/159161\/revisions\/159163"}],"wp:featuredmedia":[{"embeddable":true,"href":"https:\/\/www.copealcoy.es\/es\/wp-json\/wp\/v2\/media\/147663"}],"wp:attachment":[{"href":"https:\/\/www.copealcoy.es\/es\/wp-json\/wp\/v2\/media?parent=159161"}],"wp:term":[{"taxonomy":"category","embeddable":true,"href":"https:\/\/www.copealcoy.es\/es\/wp-json\/wp\/v2\/categories?post=159161"},{"taxonomy":"post_tag","embeddable":true,"href":"https:\/\/www.copealcoy.es\/es\/wp-json\/wp\/v2\/tags?post=159161"}],"curies":[{"name":"wp","href":"https:\/\/api.w.org\/{rel}","templated":true}]}}