{"id":159149,"date":"2025-10-30T22:47:58","date_gmt":"2025-10-30T21:47:58","guid":{"rendered":"https:\/\/www.copealcoy.es\/?p=159149"},"modified":"2025-10-30T22:52:00","modified_gmt":"2025-10-30T21:52:00","slug":"alcoy-lanza-una-nueva-campana-de-navidad-con-interesantes-novedades","status":"publish","type":"post","link":"https:\/\/www.copealcoy.es\/es\/alcoy-lanza-una-nueva-campana-de-navidad-con-interesantes-novedades\/","title":{"rendered":"Alcoy lanza una nueva campa\u00f1a de Navidad con interesantes novedades"},"content":{"rendered":"<p style=\"text-align: justify;\" data-start=\"202\" data-end=\"487\">El <a href=\"https:\/\/www.alcoi.org\/ca\/portal\/index.html\" target=\"_blank\" rel=\"noopener\"><span style=\"color: #0000ff;\"><strong>Ayuntamiento de Alcoy<\/strong><\/span><\/a>, a trav\u00e9s de la Concejal\u00eda de Turismo, ha presentado la campa\u00f1a <strong data-start=\"322\" data-end=\"355\">\u201cAlcoi Ciutat del Nadal 2025\u201d<\/strong>, que comenzar\u00e1 coincidiendo con la Fira de Tots Sants de Cocentaina, y que est\u00e1 especialmente dirigida al p\u00fablico de la Comunidad Valenciana. La imagen promocional es obra en este caso del fot\u00f3grafo <strong>Lu\u00eds Carbonell Rodes<\/strong> y destaca por recoger la esencia de uno de los momentos m\u00e1s m\u00e1gicos de nuestra Navidad &#8220;<em>recoge mucha iconograf\u00eda de la Navidad alcoyana y una figura muy nuestra, los pajes, con el campanario de la iglesia de Santa Mar\u00eda de fondo en el momento de la Adoraci\u00f3n<\/em>\u201d, ha explicado al respecto la edil de Turismo; <strong>Lorena Zamorano<\/strong>.<\/p>\n<p style=\"text-align: justify;\" data-start=\"711\" data-end=\"991\">Entre las novedades de este a\u00f1o, destaca <strong data-start=\"752\" data-end=\"779\">\u201cUna Navidad Inmersiva\u201d<\/strong>, una actividad de realidad virtual que se celebrar\u00e1 en la capilla del antiguo Asilo (calle El Cam\u00ed, 42) del 24 de noviembre al 19 de diciembre, ofreciendo una experiencia sensorial e interactiva de la Navidad. El tradicional <strong data-start=\"1008\" data-end=\"1028\">tren de Tirisiti<\/strong> se consolidar\u00e1 como un atractivo central, activo del 22 de diciembre al 6 de enero, con recorridos por la ciudad, actividades complementarias y recogida de cartas para los Reyes Magos. Adem\u00e1s, la programaci\u00f3n incluye gymkanas navide\u00f1as, exposiciones, visitas guiadas, conciertos, espect\u00e1culos familiares y actividades culturales en distintos puntos de Alcoy.<\/p>\n<p style=\"text-align: justify;\" data-start=\"1391\" data-end=\"1597\">La inauguraci\u00f3n oficial se realizar\u00e1 el <strong data-start=\"1431\" data-end=\"1476\">viernes 28 de noviembre a las 19:30 horas<\/strong>, con la presentaci\u00f3n del cartel y el encendido de la iluminaci\u00f3n navide\u00f1a, que marcar\u00e1 el inicio de las celebraciones. El <strong data-start=\"1602\" data-end=\"1622\">Mercat del Nadal<\/strong> regresar\u00e1 al Parque de La Glorieta durante dos fines de semana consecutivos, del 5 al 8 de diciembre y del 12 al 14 de diciembre, ofreciendo artesan\u00eda, gastronom\u00eda y productos t\u00edpicos de la regi\u00f3n.<\/p>\n<p style=\"text-align: justify;\" data-start=\"2119\" data-end=\"2470\">El programa tambi\u00e9n contempla las funciones del <strong data-start=\"2167\" data-end=\"2189\">Betlem de Tirisiti<\/strong> en el Teatre Principal, del 20 de diciembre al 5 de enero, con sesiones extraordinarias los s\u00e1bados 29 de noviembre, 6, 13 y 20 de diciembre, as\u00ed como visitas guiadas y actividades como la Gymkana de Navidad y la visita <strong data-start=\"2410\" data-end=\"2467\">\u201cDescubre la Navidad alcoiana de la mano de Tirisiti\u201d<\/strong>.<\/p>\n<p style=\"text-align: justify;\" data-start=\"2472\" data-end=\"2672\">Otra novedad es la <strong data-start=\"2491\" data-end=\"2521\">Campana de los Reyes Magos<\/strong>, elaborada por los <strong data-start=\"2541\" data-end=\"2562\">Campaners d\u2019Alcoi<\/strong>, que se podr\u00e1 visitar antes de su instalaci\u00f3n definitiva e incorpora iconograf\u00eda inspirada en la Cabalgata. Con este completo calendario, Alcoy refuerza su posici\u00f3n como <strong data-start=\"2736\" data-end=\"2760\">Ciudad de la Navidad<\/strong>, ofreciendo una programaci\u00f3n que combina tradici\u00f3n, creatividad y esp\u00edritu festivo para vecinos y visitantes. Todos los detalles de la mencionada programaci\u00f3n se pueden consultar <a href=\"https:\/\/alcoyturismo.com\/alcoy\/uploaded\/Acontecimientos\/2025\/Alcoi_Ciutat_del_nadal_merged_val.pdf\" target=\"_blank\" rel=\"noopener\"><span style=\"color: #0000ff;\"><strong>aqu\u00ed<\/strong><\/span><\/a>.<\/p>\n","protected":false},"excerpt":{"rendered":"<p>El Ayuntamiento de Alcoy, a trav\u00e9s de la Concejal\u00eda de Turismo, ha presentado la campa\u00f1a \u201cAlcoi Ciutat del Nadal 2025\u201d,&#8230;<\/p>\n","protected":false},"author":1,"featured_media":159150,"comment_status":"closed","ping_status":"closed","sticky":false,"template":"","format":"standard","meta":{"footnotes":""},"categories":[6909,97,78,75],"tags":[20221,1494,199,1796,174],"class_list":["post-159149","post","type-post","status-publish","format-standard","has-post-thumbnail","hentry","category-actualidad","category-alcoy","category-fiestaycultura","category-noticias","tag-alcoiciutatdelnadal2025","tag-alcoy","tag-campana","tag-lorena-zamorano","tag-navidad"],"yoast_head":"<!-- This site is optimized with the Yoast SEO plugin v27.3 - https:\/\/yoast.com\/product\/yoast-seo-wordpress\/ -->\n<title>Alcoy lanza una nueva campa\u00f1a de Navidad con interesantes novedades - COPE Alcoy<\/title>\n<meta name=\"description\" content=\"Alcoy lanza una nueva campa\u00f1a de Navidad con interesantes novedades\" \/>\n<meta name=\"robots\" content=\"index, follow, max-snippet:-1, max-image-preview:large, max-video-preview:-1\" \/>\n<link rel=\"canonical\" href=\"https:\/\/www.copealcoy.es\/es\/alcoy-lanza-una-nueva-campana-de-navidad-con-interesantes-novedades\/\" \/>\n<meta property=\"og:locale\" content=\"es_ES\" \/>\n<meta property=\"og:type\" content=\"article\" \/>\n<meta property=\"og:title\" content=\"Alcoy lanza una nueva campa\u00f1a de Navidad con interesantes novedades - COPE Alcoy\" \/>\n<meta property=\"og:description\" content=\"Alcoy lanza una nueva campa\u00f1a de Navidad con interesantes novedades\" \/>\n<meta property=\"og:url\" content=\"https:\/\/www.copealcoy.es\/es\/alcoy-lanza-una-nueva-campana-de-navidad-con-interesantes-novedades\/\" \/>\n<meta property=\"og:site_name\" content=\"COPE Alcoy\" \/>\n<meta property=\"article:published_time\" content=\"2025-10-30T21:47:58+00:00\" \/>\n<meta property=\"article:modified_time\" content=\"2025-10-30T21:52:00+00:00\" \/>\n<meta property=\"og:image\" content=\"https:\/\/www.copealcoy.es\/wp-content\/uploads\/2025\/10\/La-concejal-Lorena-Zamorano-presentacion-programacion-de-navidad.jpg_1612302774-1.jpg\" \/>\n\t<meta property=\"og:image:width\" content=\"625\" \/>\n\t<meta property=\"og:image:height\" content=\"352\" \/>\n\t<meta property=\"og:image:type\" content=\"image\/jpeg\" \/>\n<meta name=\"author\" content=\"Cope Alcoy\" \/>\n<meta name=\"twitter:label1\" content=\"Escrito por\" \/>\n\t<meta name=\"twitter:data1\" content=\"Cope Alcoy\" \/>\n\t<meta name=\"twitter:label2\" content=\"Tiempo de lectura\" \/>\n\t<meta name=\"twitter:data2\" content=\"3 minutos\" \/>\n<script type=\"application\/ld+json\" class=\"yoast-schema-graph\">{\"@context\":\"https:\\\/\\\/schema.org\",\"@graph\":[{\"@type\":\"Article\",\"@id\":\"https:\\\/\\\/www.copealcoy.es\\\/es\\\/alcoy-lanza-una-nueva-campana-de-navidad-con-interesantes-novedades\\\/#article\",\"isPartOf\":{\"@id\":\"https:\\\/\\\/www.copealcoy.es\\\/es\\\/alcoy-lanza-una-nueva-campana-de-navidad-con-interesantes-novedades\\\/\"},\"author\":{\"name\":\"Cope Alcoy\",\"@id\":\"https:\\\/\\\/www.copealcoy.es\\\/es\\\/#\\\/schema\\\/person\\\/e777c87fa024e57d40170af9df39882c\"},\"headline\":\"Alcoy lanza una nueva campa\u00f1a de Navidad con interesantes novedades\",\"datePublished\":\"2025-10-30T21:47:58+00:00\",\"dateModified\":\"2025-10-30T21:52:00+00:00\",\"mainEntityOfPage\":{\"@id\":\"https:\\\/\\\/www.copealcoy.es\\\/es\\\/alcoy-lanza-una-nueva-campana-de-navidad-con-interesantes-novedades\\\/\"},\"wordCount\":437,\"image\":{\"@id\":\"https:\\\/\\\/www.copealcoy.es\\\/es\\\/alcoy-lanza-una-nueva-campana-de-navidad-con-interesantes-novedades\\\/#primaryimage\"},\"thumbnailUrl\":\"https:\\\/\\\/www.copealcoy.es\\\/wp-content\\\/uploads\\\/2025\\\/10\\\/La-concejal-Lorena-Zamorano-presentacion-programacion-de-navidad.jpg_1612302774-1.jpg\",\"keywords\":[\"#AlcoiCiutatDelNadal2025\",\"Alcoy\",\"Campa\u00f1a\",\"Lorena Zamorano\",\"Navidad\"],\"articleSection\":[\"Actualidad\",\"Alcoy\",\"Fiesta y Cultura\",\"Noticias\"],\"inLanguage\":\"es\"},{\"@type\":\"WebPage\",\"@id\":\"https:\\\/\\\/www.copealcoy.es\\\/es\\\/alcoy-lanza-una-nueva-campana-de-navidad-con-interesantes-novedades\\\/\",\"url\":\"https:\\\/\\\/www.copealcoy.es\\\/es\\\/alcoy-lanza-una-nueva-campana-de-navidad-con-interesantes-novedades\\\/\",\"name\":\"Alcoy lanza una nueva campa\u00f1a de Navidad con interesantes novedades - COPE Alcoy\",\"isPartOf\":{\"@id\":\"https:\\\/\\\/www.copealcoy.es\\\/es\\\/#website\"},\"primaryImageOfPage\":{\"@id\":\"https:\\\/\\\/www.copealcoy.es\\\/es\\\/alcoy-lanza-una-nueva-campana-de-navidad-con-interesantes-novedades\\\/#primaryimage\"},\"image\":{\"@id\":\"https:\\\/\\\/www.copealcoy.es\\\/es\\\/alcoy-lanza-una-nueva-campana-de-navidad-con-interesantes-novedades\\\/#primaryimage\"},\"thumbnailUrl\":\"https:\\\/\\\/www.copealcoy.es\\\/wp-content\\\/uploads\\\/2025\\\/10\\\/La-concejal-Lorena-Zamorano-presentacion-programacion-de-navidad.jpg_1612302774-1.jpg\",\"datePublished\":\"2025-10-30T21:47:58+00:00\",\"dateModified\":\"2025-10-30T21:52:00+00:00\",\"author\":{\"@id\":\"https:\\\/\\\/www.copealcoy.es\\\/es\\\/#\\\/schema\\\/person\\\/e777c87fa024e57d40170af9df39882c\"},\"description\":\"Alcoy lanza una nueva campa\u00f1a de Navidad con interesantes novedades\",\"breadcrumb\":{\"@id\":\"https:\\\/\\\/www.copealcoy.es\\\/es\\\/alcoy-lanza-una-nueva-campana-de-navidad-con-interesantes-novedades\\\/#breadcrumb\"},\"inLanguage\":\"es\",\"potentialAction\":[{\"@type\":\"ReadAction\",\"target\":[\"https:\\\/\\\/www.copealcoy.es\\\/es\\\/alcoy-lanza-una-nueva-campana-de-navidad-con-interesantes-novedades\\\/\"]}]},{\"@type\":\"ImageObject\",\"inLanguage\":\"es\",\"@id\":\"https:\\\/\\\/www.copealcoy.es\\\/es\\\/alcoy-lanza-una-nueva-campana-de-navidad-con-interesantes-novedades\\\/#primaryimage\",\"url\":\"https:\\\/\\\/www.copealcoy.es\\\/wp-content\\\/uploads\\\/2025\\\/10\\\/La-concejal-Lorena-Zamorano-presentacion-programacion-de-navidad.jpg_1612302774-1.jpg\",\"contentUrl\":\"https:\\\/\\\/www.copealcoy.es\\\/wp-content\\\/uploads\\\/2025\\\/10\\\/La-concejal-Lorena-Zamorano-presentacion-programacion-de-navidad.jpg_1612302774-1.jpg\",\"width\":625,\"height\":352},{\"@type\":\"BreadcrumbList\",\"@id\":\"https:\\\/\\\/www.copealcoy.es\\\/es\\\/alcoy-lanza-una-nueva-campana-de-navidad-con-interesantes-novedades\\\/#breadcrumb\",\"itemListElement\":[{\"@type\":\"ListItem\",\"position\":1,\"name\":\"Portada\",\"item\":\"https:\\\/\\\/www.copealcoy.es\\\/es\\\/\"},{\"@type\":\"ListItem\",\"position\":2,\"name\":\"Alcoy lanza una nueva campa\u00f1a de Navidad con interesantes novedades\"}]},{\"@type\":\"WebSite\",\"@id\":\"https:\\\/\\\/www.copealcoy.es\\\/es\\\/#website\",\"url\":\"https:\\\/\\\/www.copealcoy.es\\\/es\\\/\",\"name\":\"COPE Alcoy\",\"description\":\"Emisora COPE de radio local con emisi\u00f3n online. Pont de Sant Jordi 8-10 03803 Alcoy\",\"potentialAction\":[{\"@type\":\"SearchAction\",\"target\":{\"@type\":\"EntryPoint\",\"urlTemplate\":\"https:\\\/\\\/www.copealcoy.es\\\/es\\\/?s={search_term_string}\"},\"query-input\":{\"@type\":\"PropertyValueSpecification\",\"valueRequired\":true,\"valueName\":\"search_term_string\"}}],\"inLanguage\":\"es\"},{\"@type\":\"Person\",\"@id\":\"https:\\\/\\\/www.copealcoy.es\\\/es\\\/#\\\/schema\\\/person\\\/e777c87fa024e57d40170af9df39882c\",\"name\":\"Cope Alcoy\",\"image\":{\"@type\":\"ImageObject\",\"inLanguage\":\"es\",\"@id\":\"https:\\\/\\\/secure.gravatar.com\\\/avatar\\\/bb65d0283347e303893ba14f0692005417c1e0e690a325a4c5d8bb2b3943ee14?s=96&d=mm&r=g\",\"url\":\"https:\\\/\\\/secure.gravatar.com\\\/avatar\\\/bb65d0283347e303893ba14f0692005417c1e0e690a325a4c5d8bb2b3943ee14?s=96&d=mm&r=g\",\"contentUrl\":\"https:\\\/\\\/secure.gravatar.com\\\/avatar\\\/bb65d0283347e303893ba14f0692005417c1e0e690a325a4c5d8bb2b3943ee14?s=96&d=mm&r=g\",\"caption\":\"Cope Alcoy\"}}]}<\/script>\n<!-- \/ Yoast SEO plugin. -->","yoast_head_json":{"title":"Alcoy lanza una nueva campa\u00f1a de Navidad con interesantes novedades - COPE Alcoy","description":"Alcoy lanza una nueva campa\u00f1a de Navidad con interesantes novedades","robots":{"index":"index","follow":"follow","max-snippet":"max-snippet:-1","max-image-preview":"max-image-preview:large","max-video-preview":"max-video-preview:-1"},"canonical":"https:\/\/www.copealcoy.es\/es\/alcoy-lanza-una-nueva-campana-de-navidad-con-interesantes-novedades\/","og_locale":"es_ES","og_type":"article","og_title":"Alcoy lanza una nueva campa\u00f1a de Navidad con interesantes novedades - COPE Alcoy","og_description":"Alcoy lanza una nueva campa\u00f1a de Navidad con interesantes novedades","og_url":"https:\/\/www.copealcoy.es\/es\/alcoy-lanza-una-nueva-campana-de-navidad-con-interesantes-novedades\/","og_site_name":"COPE Alcoy","article_published_time":"2025-10-30T21:47:58+00:00","article_modified_time":"2025-10-30T21:52:00+00:00","og_image":[{"width":625,"height":352,"url":"https:\/\/www.copealcoy.es\/wp-content\/uploads\/2025\/10\/La-concejal-Lorena-Zamorano-presentacion-programacion-de-navidad.jpg_1612302774-1.jpg","type":"image\/jpeg"}],"author":"Cope Alcoy","twitter_misc":{"Escrito por":"Cope Alcoy","Tiempo de lectura":"3 minutos"},"schema":{"@context":"https:\/\/schema.org","@graph":[{"@type":"Article","@id":"https:\/\/www.copealcoy.es\/es\/alcoy-lanza-una-nueva-campana-de-navidad-con-interesantes-novedades\/#article","isPartOf":{"@id":"https:\/\/www.copealcoy.es\/es\/alcoy-lanza-una-nueva-campana-de-navidad-con-interesantes-novedades\/"},"author":{"name":"Cope Alcoy","@id":"https:\/\/www.copealcoy.es\/es\/#\/schema\/person\/e777c87fa024e57d40170af9df39882c"},"headline":"Alcoy lanza una nueva campa\u00f1a de Navidad con interesantes novedades","datePublished":"2025-10-30T21:47:58+00:00","dateModified":"2025-10-30T21:52:00+00:00","mainEntityOfPage":{"@id":"https:\/\/www.copealcoy.es\/es\/alcoy-lanza-una-nueva-campana-de-navidad-con-interesantes-novedades\/"},"wordCount":437,"image":{"@id":"https:\/\/www.copealcoy.es\/es\/alcoy-lanza-una-nueva-campana-de-navidad-con-interesantes-novedades\/#primaryimage"},"thumbnailUrl":"https:\/\/www.copealcoy.es\/wp-content\/uploads\/2025\/10\/La-concejal-Lorena-Zamorano-presentacion-programacion-de-navidad.jpg_1612302774-1.jpg","keywords":["#AlcoiCiutatDelNadal2025","Alcoy","Campa\u00f1a","Lorena Zamorano","Navidad"],"articleSection":["Actualidad","Alcoy","Fiesta y Cultura","Noticias"],"inLanguage":"es"},{"@type":"WebPage","@id":"https:\/\/www.copealcoy.es\/es\/alcoy-lanza-una-nueva-campana-de-navidad-con-interesantes-novedades\/","url":"https:\/\/www.copealcoy.es\/es\/alcoy-lanza-una-nueva-campana-de-navidad-con-interesantes-novedades\/","name":"Alcoy lanza una nueva campa\u00f1a de Navidad con interesantes novedades - COPE Alcoy","isPartOf":{"@id":"https:\/\/www.copealcoy.es\/es\/#website"},"primaryImageOfPage":{"@id":"https:\/\/www.copealcoy.es\/es\/alcoy-lanza-una-nueva-campana-de-navidad-con-interesantes-novedades\/#primaryimage"},"image":{"@id":"https:\/\/www.copealcoy.es\/es\/alcoy-lanza-una-nueva-campana-de-navidad-con-interesantes-novedades\/#primaryimage"},"thumbnailUrl":"https:\/\/www.copealcoy.es\/wp-content\/uploads\/2025\/10\/La-concejal-Lorena-Zamorano-presentacion-programacion-de-navidad.jpg_1612302774-1.jpg","datePublished":"2025-10-30T21:47:58+00:00","dateModified":"2025-10-30T21:52:00+00:00","author":{"@id":"https:\/\/www.copealcoy.es\/es\/#\/schema\/person\/e777c87fa024e57d40170af9df39882c"},"description":"Alcoy lanza una nueva campa\u00f1a de Navidad con interesantes novedades","breadcrumb":{"@id":"https:\/\/www.copealcoy.es\/es\/alcoy-lanza-una-nueva-campana-de-navidad-con-interesantes-novedades\/#breadcrumb"},"inLanguage":"es","potentialAction":[{"@type":"ReadAction","target":["https:\/\/www.copealcoy.es\/es\/alcoy-lanza-una-nueva-campana-de-navidad-con-interesantes-novedades\/"]}]},{"@type":"ImageObject","inLanguage":"es","@id":"https:\/\/www.copealcoy.es\/es\/alcoy-lanza-una-nueva-campana-de-navidad-con-interesantes-novedades\/#primaryimage","url":"https:\/\/www.copealcoy.es\/wp-content\/uploads\/2025\/10\/La-concejal-Lorena-Zamorano-presentacion-programacion-de-navidad.jpg_1612302774-1.jpg","contentUrl":"https:\/\/www.copealcoy.es\/wp-content\/uploads\/2025\/10\/La-concejal-Lorena-Zamorano-presentacion-programacion-de-navidad.jpg_1612302774-1.jpg","width":625,"height":352},{"@type":"BreadcrumbList","@id":"https:\/\/www.copealcoy.es\/es\/alcoy-lanza-una-nueva-campana-de-navidad-con-interesantes-novedades\/#breadcrumb","itemListElement":[{"@type":"ListItem","position":1,"name":"Portada","item":"https:\/\/www.copealcoy.es\/es\/"},{"@type":"ListItem","position":2,"name":"Alcoy lanza una nueva campa\u00f1a de Navidad con interesantes novedades"}]},{"@type":"WebSite","@id":"https:\/\/www.copealcoy.es\/es\/#website","url":"https:\/\/www.copealcoy.es\/es\/","name":"COPE Alcoy","description":"Emisora COPE de radio local con emisi\u00f3n online. Pont de Sant Jordi 8-10 03803 Alcoy","potentialAction":[{"@type":"SearchAction","target":{"@type":"EntryPoint","urlTemplate":"https:\/\/www.copealcoy.es\/es\/?s={search_term_string}"},"query-input":{"@type":"PropertyValueSpecification","valueRequired":true,"valueName":"search_term_string"}}],"inLanguage":"es"},{"@type":"Person","@id":"https:\/\/www.copealcoy.es\/es\/#\/schema\/person\/e777c87fa024e57d40170af9df39882c","name":"Cope Alcoy","image":{"@type":"ImageObject","inLanguage":"es","@id":"https:\/\/secure.gravatar.com\/avatar\/bb65d0283347e303893ba14f0692005417c1e0e690a325a4c5d8bb2b3943ee14?s=96&d=mm&r=g","url":"https:\/\/secure.gravatar.com\/avatar\/bb65d0283347e303893ba14f0692005417c1e0e690a325a4c5d8bb2b3943ee14?s=96&d=mm&r=g","contentUrl":"https:\/\/secure.gravatar.com\/avatar\/bb65d0283347e303893ba14f0692005417c1e0e690a325a4c5d8bb2b3943ee14?s=96&d=mm&r=g","caption":"Cope Alcoy"}}]}},"_links":{"self":[{"href":"https:\/\/www.copealcoy.es\/es\/wp-json\/wp\/v2\/posts\/159149","targetHints":{"allow":["GET"]}}],"collection":[{"href":"https:\/\/www.copealcoy.es\/es\/wp-json\/wp\/v2\/posts"}],"about":[{"href":"https:\/\/www.copealcoy.es\/es\/wp-json\/wp\/v2\/types\/post"}],"author":[{"embeddable":true,"href":"https:\/\/www.copealcoy.es\/es\/wp-json\/wp\/v2\/users\/1"}],"replies":[{"embeddable":true,"href":"https:\/\/www.copealcoy.es\/es\/wp-json\/wp\/v2\/comments?post=159149"}],"version-history":[{"count":3,"href":"https:\/\/www.copealcoy.es\/es\/wp-json\/wp\/v2\/posts\/159149\/revisions"}],"predecessor-version":[{"id":159155,"href":"https:\/\/www.copealcoy.es\/es\/wp-json\/wp\/v2\/posts\/159149\/revisions\/159155"}],"wp:featuredmedia":[{"embeddable":true,"href":"https:\/\/www.copealcoy.es\/es\/wp-json\/wp\/v2\/media\/159150"}],"wp:attachment":[{"href":"https:\/\/www.copealcoy.es\/es\/wp-json\/wp\/v2\/media?parent=159149"}],"wp:term":[{"taxonomy":"category","embeddable":true,"href":"https:\/\/www.copealcoy.es\/es\/wp-json\/wp\/v2\/categories?post=159149"},{"taxonomy":"post_tag","embeddable":true,"href":"https:\/\/www.copealcoy.es\/es\/wp-json\/wp\/v2\/tags?post=159149"}],"curies":[{"name":"wp","href":"https:\/\/api.w.org\/{rel}","templated":true}]}}