{"id":159103,"date":"2025-10-29T16:39:11","date_gmt":"2025-10-29T15:39:11","guid":{"rendered":"https:\/\/www.copealcoy.es\/?p=159103"},"modified":"2025-10-29T16:40:48","modified_gmt":"2025-10-29T15:40:48","slug":"alcoy-y-las-poblaciones-de-nuestras-comarcas-no-olvidan-a-las-victimas-de-la-dana","status":"publish","type":"post","link":"https:\/\/www.copealcoy.es\/es\/alcoy-y-las-poblaciones-de-nuestras-comarcas-no-olvidan-a-las-victimas-de-la-dana\/","title":{"rendered":"Alcoy y las poblaciones de nuestras comarcas no olvidan a las v\u00edctimas de la DANA"},"content":{"rendered":"<p style=\"text-align: justify;\" data-start=\"220\" data-end=\"809\"><strong data-start=\"255\" data-end=\"270\">Esta ma\u00f1ana<\/strong> se han sucedido en el conjunto de nuestras <strong data-start=\"298\" data-end=\"309\">comarcas<\/strong> los <strong data-start=\"314\" data-end=\"335\">actos de recuerdo<\/strong> a las <strong data-start=\"342\" data-end=\"363\">v\u00edctimas mortales<\/strong> de la <strong data-start=\"370\" data-end=\"384\">gran riada,<\/strong>\u00a0provocada por la intensa <strong data-start=\"410\" data-end=\"420\">lluvia<\/strong> ca\u00edda hace justo un a\u00f1o en el interior de la <strong data-start=\"458\" data-end=\"471\">provincia,<\/strong> a causa de la <a href=\"https:\/\/www.cope.es\/tag\/dana\" target=\"_blank\" rel=\"noopener\"><span style=\"color: #0000ff;\"><strong data-start=\"486\" data-end=\"494\">DANA<\/strong><\/span><\/a> que afect\u00f3 a la <strong data-start=\"511\" data-end=\"535\" data-is-only-node=\"\">Comunitat Valenciana <\/strong>el 29 de octubre del pasado a\u00f1o. La <strong data-start=\"540\" data-end=\"554\">cat\u00e1strofe<\/strong>, una de las de mayor magnitud de las \u00faltimas d\u00e9cadas, acab\u00f3 con la vida de <strong data-start=\"630\" data-end=\"646\">229 personas<\/strong>, caus\u00f3 graves <strong data-start=\"661\" data-end=\"681\">da\u00f1os materiales<\/strong> en <strong data-start=\"685\" data-end=\"698\">viviendas<\/strong>, <strong data-start=\"700\" data-end=\"721\">espacios p\u00fablicos<\/strong> e <strong data-start=\"724\" data-end=\"744\">infraestructuras<\/strong>, y supuso tambi\u00e9n importantes <strong data-start=\"767\" data-end=\"781\">perjuicios<\/strong> para muchas <strong data-start=\"794\" data-end=\"806\">empresas<\/strong>.<\/p>\n<p style=\"text-align: justify;\" data-start=\"811\" data-end=\"1220\">En <strong data-start=\"814\" data-end=\"823\">Alcoy<\/strong>, cerca de un <strong data-start=\"837\" data-end=\"861\">centenar de personas<\/strong> se han concentrado a las <strong data-start=\"887\" data-end=\"909\">12:00 del mediod\u00eda<\/strong> en la <strong data-start=\"916\" data-end=\"935\">Plaza de Espa\u00f1a<\/strong> para guardar <strong data-start=\"949\" data-end=\"978\">cinco minutos de silencio<\/strong>. Entre los asistentes ha estado presente parte de la <strong data-start=\"1032\" data-end=\"1057\">Corporaci\u00f3n Municipal<\/strong>, encabezada por el <strong data-start=\"1077\" data-end=\"1102\">alcalde, Toni Franc\u00e9s<\/strong>, y el acto simb\u00f3lico ha finalizado con un sonoro aplauso mientras ondeaban a media asta las banderas en la fachada del Ayuntamiento.\u00a0 Los <strong data-start=\"1226\" data-end=\"1235\">actos<\/strong> se han repetido, con id\u00e9nticas caracter\u00edsticas, en distintas <strong data-start=\"1265\" data-end=\"1280\">localidades<\/strong> de la <strong data-start=\"1287\" data-end=\"1298\">comarca<\/strong>, como <strong data-start=\"1305\" data-end=\"1341\">Cocentaina, Muro, Ibi, Beniarr\u00e9s<\/strong> o <strong data-start=\"1344\" data-end=\"1367\">Banyeres de Mariola<\/strong>, entre muchas otras.<\/p>\n<p style=\"text-align: justify;\" data-start=\"2066\" data-end=\"2370\">La <strong data-start=\"2069\" data-end=\"2101\">conmemoraci\u00f3n de esta ma\u00f1ana<\/strong> ha servido tambi\u00e9n para recordar la implicaci\u00f3n de <strong data-start=\"2153\" data-end=\"2179\">cientos de valencianos<\/strong> que, <strong data-start=\"2185\" data-end=\"2202\">palas en mano<\/strong>, acudieron a <strong data-start=\"2216\" data-end=\"2233\">retirar barro<\/strong> y a asistir a quienes lo hab\u00edan perdido todo. Una gran muestra de <strong data-start=\"2294\" data-end=\"2309\">solidaridad<\/strong> que perdura todav\u00eda en la <strong data-start=\"2328\" data-end=\"2349\">memoria colectiva\u00a0<\/strong>y que tambi\u00e9n lleg\u00f3 a los damnificados desde las localidades de estas comarcas. Todo ello tras un negro 29 de octubre que quedar\u00e1 para siempre en la memoria colectiva de los valencianos y de las valencianas.<\/p>\n","protected":false},"excerpt":{"rendered":"<p>Esta ma\u00f1ana se han sucedido en el conjunto de nuestras comarcas los actos de recuerdo a las v\u00edctimas mortales de&#8230;<\/p>\n","protected":false},"author":1,"featured_media":159104,"comment_status":"closed","ping_status":"closed","sticky":false,"template":"","format":"standard","meta":{"footnotes":""},"categories":[6909,97,75,125],"tags":[20217,482,1494,237,172,20216,7725],"class_list":["post-159103","post","type-post","status-publish","format-standard","has-post-thumbnail","hentry","category-actualidad","category-alcoy","category-noticias","category-portada","tag-29-de-octubre","tag-alcoia","tag-alcoy","tag-comtat","tag-concentracion","tag-dana-valencia","tag-primer-aniversario"],"yoast_head":"<!-- This site is optimized with the Yoast SEO plugin v27.3 - https:\/\/yoast.com\/product\/yoast-seo-wordpress\/ -->\n<title>Alcoy y las poblaciones de nuestras comarcas no olvidan a las v\u00edctimas de la DANA - COPE Alcoy<\/title>\n<meta name=\"description\" content=\"Alcoy y las poblaciones de nuestras comarcas no olvidan a las v\u00edctimas de la DANA\" \/>\n<meta name=\"robots\" content=\"index, follow, max-snippet:-1, max-image-preview:large, max-video-preview:-1\" \/>\n<link rel=\"canonical\" href=\"https:\/\/www.copealcoy.es\/es\/alcoy-y-las-poblaciones-de-nuestras-comarcas-no-olvidan-a-las-victimas-de-la-dana\/\" \/>\n<meta property=\"og:locale\" content=\"es_ES\" \/>\n<meta property=\"og:type\" content=\"article\" \/>\n<meta property=\"og:title\" content=\"Alcoy y las poblaciones de nuestras comarcas no olvidan a las v\u00edctimas de la DANA - COPE Alcoy\" \/>\n<meta property=\"og:description\" content=\"Alcoy y las poblaciones de nuestras comarcas no olvidan a las v\u00edctimas de la DANA\" \/>\n<meta property=\"og:url\" content=\"https:\/\/www.copealcoy.es\/es\/alcoy-y-las-poblaciones-de-nuestras-comarcas-no-olvidan-a-las-victimas-de-la-dana\/\" \/>\n<meta property=\"og:site_name\" content=\"COPE Alcoy\" \/>\n<meta property=\"article:published_time\" content=\"2025-10-29T15:39:11+00:00\" \/>\n<meta property=\"article:modified_time\" content=\"2025-10-29T15:40:48+00:00\" \/>\n<meta property=\"og:image\" content=\"https:\/\/www.copealcoy.es\/wp-content\/uploads\/2025\/10\/unnamed-1-27-scaled.jpg\" \/>\n\t<meta property=\"og:image:width\" content=\"2560\" \/>\n\t<meta property=\"og:image:height\" content=\"1597\" \/>\n\t<meta property=\"og:image:type\" content=\"image\/jpeg\" \/>\n<meta name=\"author\" content=\"Cope Alcoy\" \/>\n<meta name=\"twitter:label1\" content=\"Escrito por\" \/>\n\t<meta name=\"twitter:data1\" content=\"Cope Alcoy\" \/>\n\t<meta name=\"twitter:label2\" content=\"Tiempo de lectura\" \/>\n\t<meta name=\"twitter:data2\" content=\"2 minutos\" \/>\n<script type=\"application\/ld+json\" class=\"yoast-schema-graph\">{\"@context\":\"https:\\\/\\\/schema.org\",\"@graph\":[{\"@type\":\"Article\",\"@id\":\"https:\\\/\\\/www.copealcoy.es\\\/es\\\/alcoy-y-las-poblaciones-de-nuestras-comarcas-no-olvidan-a-las-victimas-de-la-dana\\\/#article\",\"isPartOf\":{\"@id\":\"https:\\\/\\\/www.copealcoy.es\\\/es\\\/alcoy-y-las-poblaciones-de-nuestras-comarcas-no-olvidan-a-las-victimas-de-la-dana\\\/\"},\"author\":{\"name\":\"Cope Alcoy\",\"@id\":\"https:\\\/\\\/www.copealcoy.es\\\/es\\\/#\\\/schema\\\/person\\\/e777c87fa024e57d40170af9df39882c\"},\"headline\":\"Alcoy y las poblaciones de nuestras comarcas no olvidan a las v\u00edctimas de la DANA\",\"datePublished\":\"2025-10-29T15:39:11+00:00\",\"dateModified\":\"2025-10-29T15:40:48+00:00\",\"mainEntityOfPage\":{\"@id\":\"https:\\\/\\\/www.copealcoy.es\\\/es\\\/alcoy-y-las-poblaciones-de-nuestras-comarcas-no-olvidan-a-las-victimas-de-la-dana\\\/\"},\"wordCount\":304,\"image\":{\"@id\":\"https:\\\/\\\/www.copealcoy.es\\\/es\\\/alcoy-y-las-poblaciones-de-nuestras-comarcas-no-olvidan-a-las-victimas-de-la-dana\\\/#primaryimage\"},\"thumbnailUrl\":\"https:\\\/\\\/www.copealcoy.es\\\/wp-content\\\/uploads\\\/2025\\\/10\\\/unnamed-1-27-scaled.jpg\",\"keywords\":[\"29 de octubre\",\"Alcoi\u00e0\",\"Alcoy\",\"Comtat\",\"Concentraci\u00f3n\",\"DANA Valencia\",\"Primer aniversario\"],\"articleSection\":[\"Actualidad\",\"Alcoy\",\"Noticias\",\"Portada\"],\"inLanguage\":\"es\"},{\"@type\":\"WebPage\",\"@id\":\"https:\\\/\\\/www.copealcoy.es\\\/es\\\/alcoy-y-las-poblaciones-de-nuestras-comarcas-no-olvidan-a-las-victimas-de-la-dana\\\/\",\"url\":\"https:\\\/\\\/www.copealcoy.es\\\/es\\\/alcoy-y-las-poblaciones-de-nuestras-comarcas-no-olvidan-a-las-victimas-de-la-dana\\\/\",\"name\":\"Alcoy y las poblaciones de nuestras comarcas no olvidan a las v\u00edctimas de la DANA - COPE Alcoy\",\"isPartOf\":{\"@id\":\"https:\\\/\\\/www.copealcoy.es\\\/es\\\/#website\"},\"primaryImageOfPage\":{\"@id\":\"https:\\\/\\\/www.copealcoy.es\\\/es\\\/alcoy-y-las-poblaciones-de-nuestras-comarcas-no-olvidan-a-las-victimas-de-la-dana\\\/#primaryimage\"},\"image\":{\"@id\":\"https:\\\/\\\/www.copealcoy.es\\\/es\\\/alcoy-y-las-poblaciones-de-nuestras-comarcas-no-olvidan-a-las-victimas-de-la-dana\\\/#primaryimage\"},\"thumbnailUrl\":\"https:\\\/\\\/www.copealcoy.es\\\/wp-content\\\/uploads\\\/2025\\\/10\\\/unnamed-1-27-scaled.jpg\",\"datePublished\":\"2025-10-29T15:39:11+00:00\",\"dateModified\":\"2025-10-29T15:40:48+00:00\",\"author\":{\"@id\":\"https:\\\/\\\/www.copealcoy.es\\\/es\\\/#\\\/schema\\\/person\\\/e777c87fa024e57d40170af9df39882c\"},\"description\":\"Alcoy y las poblaciones de nuestras comarcas no olvidan a las v\u00edctimas de la DANA\",\"breadcrumb\":{\"@id\":\"https:\\\/\\\/www.copealcoy.es\\\/es\\\/alcoy-y-las-poblaciones-de-nuestras-comarcas-no-olvidan-a-las-victimas-de-la-dana\\\/#breadcrumb\"},\"inLanguage\":\"es\",\"potentialAction\":[{\"@type\":\"ReadAction\",\"target\":[\"https:\\\/\\\/www.copealcoy.es\\\/es\\\/alcoy-y-las-poblaciones-de-nuestras-comarcas-no-olvidan-a-las-victimas-de-la-dana\\\/\"]}]},{\"@type\":\"ImageObject\",\"inLanguage\":\"es\",\"@id\":\"https:\\\/\\\/www.copealcoy.es\\\/es\\\/alcoy-y-las-poblaciones-de-nuestras-comarcas-no-olvidan-a-las-victimas-de-la-dana\\\/#primaryimage\",\"url\":\"https:\\\/\\\/www.copealcoy.es\\\/wp-content\\\/uploads\\\/2025\\\/10\\\/unnamed-1-27-scaled.jpg\",\"contentUrl\":\"https:\\\/\\\/www.copealcoy.es\\\/wp-content\\\/uploads\\\/2025\\\/10\\\/unnamed-1-27-scaled.jpg\",\"width\":2560,\"height\":1597},{\"@type\":\"BreadcrumbList\",\"@id\":\"https:\\\/\\\/www.copealcoy.es\\\/es\\\/alcoy-y-las-poblaciones-de-nuestras-comarcas-no-olvidan-a-las-victimas-de-la-dana\\\/#breadcrumb\",\"itemListElement\":[{\"@type\":\"ListItem\",\"position\":1,\"name\":\"Portada\",\"item\":\"https:\\\/\\\/www.copealcoy.es\\\/es\\\/\"},{\"@type\":\"ListItem\",\"position\":2,\"name\":\"Alcoy y las poblaciones de nuestras comarcas no olvidan a las v\u00edctimas de la DANA\"}]},{\"@type\":\"WebSite\",\"@id\":\"https:\\\/\\\/www.copealcoy.es\\\/es\\\/#website\",\"url\":\"https:\\\/\\\/www.copealcoy.es\\\/es\\\/\",\"name\":\"COPE Alcoy\",\"description\":\"Emisora COPE de radio local con emisi\u00f3n online. Pont de Sant Jordi 8-10 03803 Alcoy\",\"potentialAction\":[{\"@type\":\"SearchAction\",\"target\":{\"@type\":\"EntryPoint\",\"urlTemplate\":\"https:\\\/\\\/www.copealcoy.es\\\/es\\\/?s={search_term_string}\"},\"query-input\":{\"@type\":\"PropertyValueSpecification\",\"valueRequired\":true,\"valueName\":\"search_term_string\"}}],\"inLanguage\":\"es\"},{\"@type\":\"Person\",\"@id\":\"https:\\\/\\\/www.copealcoy.es\\\/es\\\/#\\\/schema\\\/person\\\/e777c87fa024e57d40170af9df39882c\",\"name\":\"Cope Alcoy\",\"image\":{\"@type\":\"ImageObject\",\"inLanguage\":\"es\",\"@id\":\"https:\\\/\\\/secure.gravatar.com\\\/avatar\\\/bb65d0283347e303893ba14f0692005417c1e0e690a325a4c5d8bb2b3943ee14?s=96&d=mm&r=g\",\"url\":\"https:\\\/\\\/secure.gravatar.com\\\/avatar\\\/bb65d0283347e303893ba14f0692005417c1e0e690a325a4c5d8bb2b3943ee14?s=96&d=mm&r=g\",\"contentUrl\":\"https:\\\/\\\/secure.gravatar.com\\\/avatar\\\/bb65d0283347e303893ba14f0692005417c1e0e690a325a4c5d8bb2b3943ee14?s=96&d=mm&r=g\",\"caption\":\"Cope Alcoy\"}}]}<\/script>\n<!-- \/ Yoast SEO plugin. -->","yoast_head_json":{"title":"Alcoy y las poblaciones de nuestras comarcas no olvidan a las v\u00edctimas de la DANA - COPE Alcoy","description":"Alcoy y las poblaciones de nuestras comarcas no olvidan a las v\u00edctimas de la DANA","robots":{"index":"index","follow":"follow","max-snippet":"max-snippet:-1","max-image-preview":"max-image-preview:large","max-video-preview":"max-video-preview:-1"},"canonical":"https:\/\/www.copealcoy.es\/es\/alcoy-y-las-poblaciones-de-nuestras-comarcas-no-olvidan-a-las-victimas-de-la-dana\/","og_locale":"es_ES","og_type":"article","og_title":"Alcoy y las poblaciones de nuestras comarcas no olvidan a las v\u00edctimas de la DANA - COPE Alcoy","og_description":"Alcoy y las poblaciones de nuestras comarcas no olvidan a las v\u00edctimas de la DANA","og_url":"https:\/\/www.copealcoy.es\/es\/alcoy-y-las-poblaciones-de-nuestras-comarcas-no-olvidan-a-las-victimas-de-la-dana\/","og_site_name":"COPE Alcoy","article_published_time":"2025-10-29T15:39:11+00:00","article_modified_time":"2025-10-29T15:40:48+00:00","og_image":[{"width":2560,"height":1597,"url":"https:\/\/www.copealcoy.es\/wp-content\/uploads\/2025\/10\/unnamed-1-27-scaled.jpg","type":"image\/jpeg"}],"author":"Cope Alcoy","twitter_misc":{"Escrito por":"Cope Alcoy","Tiempo de lectura":"2 minutos"},"schema":{"@context":"https:\/\/schema.org","@graph":[{"@type":"Article","@id":"https:\/\/www.copealcoy.es\/es\/alcoy-y-las-poblaciones-de-nuestras-comarcas-no-olvidan-a-las-victimas-de-la-dana\/#article","isPartOf":{"@id":"https:\/\/www.copealcoy.es\/es\/alcoy-y-las-poblaciones-de-nuestras-comarcas-no-olvidan-a-las-victimas-de-la-dana\/"},"author":{"name":"Cope Alcoy","@id":"https:\/\/www.copealcoy.es\/es\/#\/schema\/person\/e777c87fa024e57d40170af9df39882c"},"headline":"Alcoy y las poblaciones de nuestras comarcas no olvidan a las v\u00edctimas de la DANA","datePublished":"2025-10-29T15:39:11+00:00","dateModified":"2025-10-29T15:40:48+00:00","mainEntityOfPage":{"@id":"https:\/\/www.copealcoy.es\/es\/alcoy-y-las-poblaciones-de-nuestras-comarcas-no-olvidan-a-las-victimas-de-la-dana\/"},"wordCount":304,"image":{"@id":"https:\/\/www.copealcoy.es\/es\/alcoy-y-las-poblaciones-de-nuestras-comarcas-no-olvidan-a-las-victimas-de-la-dana\/#primaryimage"},"thumbnailUrl":"https:\/\/www.copealcoy.es\/wp-content\/uploads\/2025\/10\/unnamed-1-27-scaled.jpg","keywords":["29 de octubre","Alcoi\u00e0","Alcoy","Comtat","Concentraci\u00f3n","DANA Valencia","Primer aniversario"],"articleSection":["Actualidad","Alcoy","Noticias","Portada"],"inLanguage":"es"},{"@type":"WebPage","@id":"https:\/\/www.copealcoy.es\/es\/alcoy-y-las-poblaciones-de-nuestras-comarcas-no-olvidan-a-las-victimas-de-la-dana\/","url":"https:\/\/www.copealcoy.es\/es\/alcoy-y-las-poblaciones-de-nuestras-comarcas-no-olvidan-a-las-victimas-de-la-dana\/","name":"Alcoy y las poblaciones de nuestras comarcas no olvidan a las v\u00edctimas de la DANA - COPE Alcoy","isPartOf":{"@id":"https:\/\/www.copealcoy.es\/es\/#website"},"primaryImageOfPage":{"@id":"https:\/\/www.copealcoy.es\/es\/alcoy-y-las-poblaciones-de-nuestras-comarcas-no-olvidan-a-las-victimas-de-la-dana\/#primaryimage"},"image":{"@id":"https:\/\/www.copealcoy.es\/es\/alcoy-y-las-poblaciones-de-nuestras-comarcas-no-olvidan-a-las-victimas-de-la-dana\/#primaryimage"},"thumbnailUrl":"https:\/\/www.copealcoy.es\/wp-content\/uploads\/2025\/10\/unnamed-1-27-scaled.jpg","datePublished":"2025-10-29T15:39:11+00:00","dateModified":"2025-10-29T15:40:48+00:00","author":{"@id":"https:\/\/www.copealcoy.es\/es\/#\/schema\/person\/e777c87fa024e57d40170af9df39882c"},"description":"Alcoy y las poblaciones de nuestras comarcas no olvidan a las v\u00edctimas de la DANA","breadcrumb":{"@id":"https:\/\/www.copealcoy.es\/es\/alcoy-y-las-poblaciones-de-nuestras-comarcas-no-olvidan-a-las-victimas-de-la-dana\/#breadcrumb"},"inLanguage":"es","potentialAction":[{"@type":"ReadAction","target":["https:\/\/www.copealcoy.es\/es\/alcoy-y-las-poblaciones-de-nuestras-comarcas-no-olvidan-a-las-victimas-de-la-dana\/"]}]},{"@type":"ImageObject","inLanguage":"es","@id":"https:\/\/www.copealcoy.es\/es\/alcoy-y-las-poblaciones-de-nuestras-comarcas-no-olvidan-a-las-victimas-de-la-dana\/#primaryimage","url":"https:\/\/www.copealcoy.es\/wp-content\/uploads\/2025\/10\/unnamed-1-27-scaled.jpg","contentUrl":"https:\/\/www.copealcoy.es\/wp-content\/uploads\/2025\/10\/unnamed-1-27-scaled.jpg","width":2560,"height":1597},{"@type":"BreadcrumbList","@id":"https:\/\/www.copealcoy.es\/es\/alcoy-y-las-poblaciones-de-nuestras-comarcas-no-olvidan-a-las-victimas-de-la-dana\/#breadcrumb","itemListElement":[{"@type":"ListItem","position":1,"name":"Portada","item":"https:\/\/www.copealcoy.es\/es\/"},{"@type":"ListItem","position":2,"name":"Alcoy y las poblaciones de nuestras comarcas no olvidan a las v\u00edctimas de la DANA"}]},{"@type":"WebSite","@id":"https:\/\/www.copealcoy.es\/es\/#website","url":"https:\/\/www.copealcoy.es\/es\/","name":"COPE Alcoy","description":"Emisora COPE de radio local con emisi\u00f3n online. Pont de Sant Jordi 8-10 03803 Alcoy","potentialAction":[{"@type":"SearchAction","target":{"@type":"EntryPoint","urlTemplate":"https:\/\/www.copealcoy.es\/es\/?s={search_term_string}"},"query-input":{"@type":"PropertyValueSpecification","valueRequired":true,"valueName":"search_term_string"}}],"inLanguage":"es"},{"@type":"Person","@id":"https:\/\/www.copealcoy.es\/es\/#\/schema\/person\/e777c87fa024e57d40170af9df39882c","name":"Cope Alcoy","image":{"@type":"ImageObject","inLanguage":"es","@id":"https:\/\/secure.gravatar.com\/avatar\/bb65d0283347e303893ba14f0692005417c1e0e690a325a4c5d8bb2b3943ee14?s=96&d=mm&r=g","url":"https:\/\/secure.gravatar.com\/avatar\/bb65d0283347e303893ba14f0692005417c1e0e690a325a4c5d8bb2b3943ee14?s=96&d=mm&r=g","contentUrl":"https:\/\/secure.gravatar.com\/avatar\/bb65d0283347e303893ba14f0692005417c1e0e690a325a4c5d8bb2b3943ee14?s=96&d=mm&r=g","caption":"Cope Alcoy"}}]}},"_links":{"self":[{"href":"https:\/\/www.copealcoy.es\/es\/wp-json\/wp\/v2\/posts\/159103","targetHints":{"allow":["GET"]}}],"collection":[{"href":"https:\/\/www.copealcoy.es\/es\/wp-json\/wp\/v2\/posts"}],"about":[{"href":"https:\/\/www.copealcoy.es\/es\/wp-json\/wp\/v2\/types\/post"}],"author":[{"embeddable":true,"href":"https:\/\/www.copealcoy.es\/es\/wp-json\/wp\/v2\/users\/1"}],"replies":[{"embeddable":true,"href":"https:\/\/www.copealcoy.es\/es\/wp-json\/wp\/v2\/comments?post=159103"}],"version-history":[{"count":3,"href":"https:\/\/www.copealcoy.es\/es\/wp-json\/wp\/v2\/posts\/159103\/revisions"}],"predecessor-version":[{"id":159110,"href":"https:\/\/www.copealcoy.es\/es\/wp-json\/wp\/v2\/posts\/159103\/revisions\/159110"}],"wp:featuredmedia":[{"embeddable":true,"href":"https:\/\/www.copealcoy.es\/es\/wp-json\/wp\/v2\/media\/159104"}],"wp:attachment":[{"href":"https:\/\/www.copealcoy.es\/es\/wp-json\/wp\/v2\/media?parent=159103"}],"wp:term":[{"taxonomy":"category","embeddable":true,"href":"https:\/\/www.copealcoy.es\/es\/wp-json\/wp\/v2\/categories?post=159103"},{"taxonomy":"post_tag","embeddable":true,"href":"https:\/\/www.copealcoy.es\/es\/wp-json\/wp\/v2\/tags?post=159103"}],"curies":[{"name":"wp","href":"https:\/\/api.w.org\/{rel}","templated":true}]}}