{"id":159089,"date":"2025-10-30T13:40:25","date_gmt":"2025-10-30T12:40:25","guid":{"rendered":"https:\/\/www.copealcoy.es\/?p=159089"},"modified":"2025-10-30T22:35:30","modified_gmt":"2025-10-30T21:35:30","slug":"la-fira-de-cocentaina-cuenta-de-nuevo-con-una-variada-oferta-de-exposiciones-culturales","status":"publish","type":"post","link":"https:\/\/www.copealcoy.es\/es\/la-fira-de-cocentaina-cuenta-de-nuevo-con-una-variada-oferta-de-exposiciones-culturales\/","title":{"rendered":"La Fira de Cocentaina cuenta de nuevo con una variada oferta de exposiciones culturales"},"content":{"rendered":"<p style=\"text-align: justify;\" data-start=\"601\" data-end=\"961\">La <a href=\"https:\/\/www.firadecocentaina.org\/es\/\" target=\"_blank\" rel=\"noopener\"><strong><span style=\"color: #0000ff;\">Fira de Tots Sants de Cocentaina<\/span> <\/strong><\/a>vuelve a incorporar <strong>una completa oferta cultural y los visitantes<\/strong> que pasen por la capital del Comtat este pr\u00f3ximo fin de semana podr\u00e1n disfrutar de nuevo de interesantes exposiciones. La mayor\u00eda de ellas se ubican en el Palau Comtal, aunque tambi\u00e9n se reparten por otros puntos del municipio, y a la variedad de muestras se une la posibilidad contemplar otros puntos del patrimonio local como las parroquias locales la Casa del Fester; entre otros.<\/p>\n<p style=\"text-align: justify;\" data-start=\"601\" data-end=\"961\">Por un lado, destaca la exposici\u00f3n <strong data-start=\"671\" data-end=\"715\">\u2018Ll\u00faria, Se\u00f1ores y Se\u00f1oras de la Tierra\u2019<\/strong>, una propuesta organizada por el <strong data-start=\"749\" data-end=\"790\">Museo Arqueol\u00f3gico de Alicante (MARQ)<\/strong> que pone en valor la figura hist\u00f3rica de <strong data-start=\"832\" data-end=\"851\">Roger de Ll\u00faria<\/strong> y de su segunda esposa, <strong data-start=\"876\" data-end=\"900\">Na Saurina d\u2019Enten\u00e7a<\/strong>, coincidiendo con los <strong data-start=\"923\" data-end=\"958\">720 a\u00f1os de la muerte del noble<\/strong>. La muestra, que se puede visitar en la <strong data-start=\"1002\" data-end=\"1043\">Sala de Exposiciones del Palau Comtal<\/strong> y permanecer\u00e1 abierta durante un a\u00f1o, permite contemplar por primera vez <strong data-start=\"1117\" data-end=\"1174\">piezas clave de las excavaciones en la Pobla de Ifach<\/strong>, entre ellas parte de la b\u00f3veda de la iglesia de Santa Mar\u00eda o una ventana de la residencia se\u00f1orial con un destacado capitel. Adem\u00e1s, incluye un <strong data-start=\"1321\" data-end=\"1350\">relato gr\u00e1fico tipo c\u00f3mic<\/strong> inspirado en ilustraciones medievales de la Biblia Morgan que repasa la vida de Roger de Ll\u00faria y Na Saurina d\u2019Enten\u00e7a. Durante la inauguraci\u00f3n, el <strong data-start=\"1502\" data-end=\"1547\">diputado de Cultura, Juan de Dios Navarro<\/strong>, destac\u00f3 que \u201c<em>es muy satisfactorio ver materializadas en esta exposici\u00f3n m\u00e1s de dos d\u00e9cadas de trabajo e investigaci\u00f3n en el yacimiento medieval de la Pobla de Ifach, impulsadas desde la Diputaci\u00f3n de Alicante a trav\u00e9s del MARQ<\/em>\u201d. Finalmente el <strong data-start=\"1795\" data-end=\"1833\">alcalde de Cocentaina, Rub\u00e9n Mu\u00f1oz<\/strong>, subray\u00f3 que la exposici\u00f3n \u201c<em>refuerza la importancia cultural de nuestro municipio, acerca a vecinos y visitantes a figuras clave de nuestra historia y constituye un atractivo singular dentro de la Fira de Tots Sants<\/em>\u201d, dijo.\u00a0 Cabe recordar que <strong data-start=\"2073\" data-end=\"2133\">Roger de Ll\u00faria fue el primer se\u00f1or feudal de Cocentaina<\/strong>, con residencia en el alc\u00e1zar que hoy es el Palau Comtal. Su esposa, <strong data-start=\"2203\" data-end=\"2227\">Na Saurina d\u2019Enten\u00e7a<\/strong>, tambi\u00e9n tuvo un papel destacado en la configuraci\u00f3n del municipio y en la construcci\u00f3n de espacios hist\u00f3ricos como <strong data-start=\"2344\" data-end=\"2387\">El Castell o la Ermita de Santa B\u00e1rbara<\/strong>.<\/p>\n<p style=\"text-align: justify;\" data-start=\"2392\" data-end=\"3114\">Adem\u00e1s de esta muestra, la <strong data-start=\"2419\" data-end=\"2474\">programaci\u00f3n cultural de la Fira de Tots Sants 2025<\/strong> incluye otras propuestas destacadas como <em data-start=\"2516\" data-end=\"2534\">Faros de Croacia<\/em>, instalada en la Sala de Armas del Palau Comtal; <em data-start=\"2584\" data-end=\"2615\">Mauthausen. Muerte Silenciosa<\/em>, una exposici\u00f3n fotogr\u00e1fica sobre los republicanos espa\u00f1oles deportados a los campos nazis; y <em data-start=\"2710\" data-end=\"2730\">C\u00e1liz de Esperanza<\/em>, una muestra que celebra el A\u00f1o Santo del Santo C\u00e1liz en la di\u00f3cesis de Valencia. La oferta se completa con la <strong data-start=\"2842\" data-end=\"2898\">XXXIX Exposici\u00f3n de Bons\u00e1i del Patronat Cor de Jes\u00fas<\/strong>, muestras en el <strong data-start=\"2915\" data-end=\"2961\">Museo Arqueol\u00f3gico y Etnol\u00f3gico del Comtat<\/strong>, la <strong data-start=\"2966\" data-end=\"2983\">Casa del Arte<\/strong>, y la apertura de las <strong data-start=\"3006\" data-end=\"3047\">iglesias de Santa Mar\u00eda y El Salvador<\/strong>, que conservan un valioso patrimonio hist\u00f3rico y arquitect\u00f3nico.<\/p>\n","protected":false},"excerpt":{"rendered":"<p>La Fira de Tots Sants de Cocentaina vuelve a incorporar una completa oferta cultural y los visitantes que pasen por&#8230;<\/p>\n","protected":false},"author":1,"featured_media":158374,"comment_status":"closed","ping_status":"closed","sticky":false,"template":"","format":"standard","meta":{"footnotes":""},"categories":[6909,98,75],"tags":[132,4817,635,747],"class_list":["post-159089","post","type-post","status-publish","format-standard","has-post-thumbnail","hentry","category-actualidad","category-comarcas","category-noticias","tag-cocentaina","tag-exposiciones-culturales","tag-fira-de-tots-sants","tag-programacion"],"yoast_head":"<!-- This site is optimized with the Yoast SEO plugin v27.3 - https:\/\/yoast.com\/product\/yoast-seo-wordpress\/ -->\n<title>La Fira de Cocentaina cuenta de nuevo con una variada oferta de exposiciones culturales - COPE Alcoy<\/title>\n<meta name=\"description\" content=\"La Fira de Cocentaina cuenta de nuevo con una variada oferta de exposiciones culturales\" \/>\n<meta name=\"robots\" content=\"index, follow, max-snippet:-1, max-image-preview:large, max-video-preview:-1\" \/>\n<link rel=\"canonical\" href=\"https:\/\/www.copealcoy.es\/es\/la-fira-de-cocentaina-cuenta-de-nuevo-con-una-variada-oferta-de-exposiciones-culturales\/\" \/>\n<meta property=\"og:locale\" content=\"es_ES\" \/>\n<meta property=\"og:type\" content=\"article\" \/>\n<meta property=\"og:title\" content=\"La Fira de Cocentaina cuenta de nuevo con una variada oferta de exposiciones culturales - COPE Alcoy\" \/>\n<meta property=\"og:description\" content=\"La Fira de Cocentaina cuenta de nuevo con una variada oferta de exposiciones culturales\" \/>\n<meta property=\"og:url\" content=\"https:\/\/www.copealcoy.es\/es\/la-fira-de-cocentaina-cuenta-de-nuevo-con-una-variada-oferta-de-exposiciones-culturales\/\" \/>\n<meta property=\"og:site_name\" content=\"COPE Alcoy\" \/>\n<meta property=\"article:published_time\" content=\"2025-10-30T12:40:25+00:00\" \/>\n<meta property=\"article:modified_time\" content=\"2025-10-30T21:35:30+00:00\" \/>\n<meta property=\"og:image\" content=\"https:\/\/www.copealcoy.es\/wp-content\/uploads\/2025\/10\/101325-Expo-Roger-Lluria-Cocentaina4-scaled.jpeg\" \/>\n\t<meta property=\"og:image:width\" content=\"2560\" \/>\n\t<meta property=\"og:image:height\" content=\"1786\" \/>\n\t<meta property=\"og:image:type\" content=\"image\/jpeg\" \/>\n<meta name=\"author\" content=\"Cope Alcoy\" \/>\n<meta name=\"twitter:label1\" content=\"Escrito por\" \/>\n\t<meta name=\"twitter:data1\" content=\"Cope Alcoy\" \/>\n\t<meta name=\"twitter:label2\" content=\"Tiempo de lectura\" \/>\n\t<meta name=\"twitter:data2\" content=\"3 minutos\" \/>\n<script type=\"application\/ld+json\" class=\"yoast-schema-graph\">{\"@context\":\"https:\\\/\\\/schema.org\",\"@graph\":[{\"@type\":\"Article\",\"@id\":\"https:\\\/\\\/www.copealcoy.es\\\/es\\\/la-fira-de-cocentaina-cuenta-de-nuevo-con-una-variada-oferta-de-exposiciones-culturales\\\/#article\",\"isPartOf\":{\"@id\":\"https:\\\/\\\/www.copealcoy.es\\\/es\\\/la-fira-de-cocentaina-cuenta-de-nuevo-con-una-variada-oferta-de-exposiciones-culturales\\\/\"},\"author\":{\"name\":\"Cope Alcoy\",\"@id\":\"https:\\\/\\\/www.copealcoy.es\\\/es\\\/#\\\/schema\\\/person\\\/e777c87fa024e57d40170af9df39882c\"},\"headline\":\"La Fira de Cocentaina cuenta de nuevo con una variada oferta de exposiciones culturales\",\"datePublished\":\"2025-10-30T12:40:25+00:00\",\"dateModified\":\"2025-10-30T21:35:30+00:00\",\"mainEntityOfPage\":{\"@id\":\"https:\\\/\\\/www.copealcoy.es\\\/es\\\/la-fira-de-cocentaina-cuenta-de-nuevo-con-una-variada-oferta-de-exposiciones-culturales\\\/\"},\"wordCount\":549,\"image\":{\"@id\":\"https:\\\/\\\/www.copealcoy.es\\\/es\\\/la-fira-de-cocentaina-cuenta-de-nuevo-con-una-variada-oferta-de-exposiciones-culturales\\\/#primaryimage\"},\"thumbnailUrl\":\"https:\\\/\\\/www.copealcoy.es\\\/wp-content\\\/uploads\\\/2025\\\/10\\\/101325-Expo-Roger-Lluria-Cocentaina4-scaled.jpeg\",\"keywords\":[\"Cocentaina\",\"Exposiciones Culturales\",\"Fira de Tots Sants\",\"Programaci\u00f3n\"],\"articleSection\":[\"Actualidad\",\"Comarcas\",\"Noticias\"],\"inLanguage\":\"es\"},{\"@type\":\"WebPage\",\"@id\":\"https:\\\/\\\/www.copealcoy.es\\\/es\\\/la-fira-de-cocentaina-cuenta-de-nuevo-con-una-variada-oferta-de-exposiciones-culturales\\\/\",\"url\":\"https:\\\/\\\/www.copealcoy.es\\\/es\\\/la-fira-de-cocentaina-cuenta-de-nuevo-con-una-variada-oferta-de-exposiciones-culturales\\\/\",\"name\":\"La Fira de Cocentaina cuenta de nuevo con una variada oferta de exposiciones culturales - COPE Alcoy\",\"isPartOf\":{\"@id\":\"https:\\\/\\\/www.copealcoy.es\\\/es\\\/#website\"},\"primaryImageOfPage\":{\"@id\":\"https:\\\/\\\/www.copealcoy.es\\\/es\\\/la-fira-de-cocentaina-cuenta-de-nuevo-con-una-variada-oferta-de-exposiciones-culturales\\\/#primaryimage\"},\"image\":{\"@id\":\"https:\\\/\\\/www.copealcoy.es\\\/es\\\/la-fira-de-cocentaina-cuenta-de-nuevo-con-una-variada-oferta-de-exposiciones-culturales\\\/#primaryimage\"},\"thumbnailUrl\":\"https:\\\/\\\/www.copealcoy.es\\\/wp-content\\\/uploads\\\/2025\\\/10\\\/101325-Expo-Roger-Lluria-Cocentaina4-scaled.jpeg\",\"datePublished\":\"2025-10-30T12:40:25+00:00\",\"dateModified\":\"2025-10-30T21:35:30+00:00\",\"author\":{\"@id\":\"https:\\\/\\\/www.copealcoy.es\\\/es\\\/#\\\/schema\\\/person\\\/e777c87fa024e57d40170af9df39882c\"},\"description\":\"La Fira de Cocentaina cuenta de nuevo con una variada oferta de exposiciones culturales\",\"breadcrumb\":{\"@id\":\"https:\\\/\\\/www.copealcoy.es\\\/es\\\/la-fira-de-cocentaina-cuenta-de-nuevo-con-una-variada-oferta-de-exposiciones-culturales\\\/#breadcrumb\"},\"inLanguage\":\"es\",\"potentialAction\":[{\"@type\":\"ReadAction\",\"target\":[\"https:\\\/\\\/www.copealcoy.es\\\/es\\\/la-fira-de-cocentaina-cuenta-de-nuevo-con-una-variada-oferta-de-exposiciones-culturales\\\/\"]}]},{\"@type\":\"ImageObject\",\"inLanguage\":\"es\",\"@id\":\"https:\\\/\\\/www.copealcoy.es\\\/es\\\/la-fira-de-cocentaina-cuenta-de-nuevo-con-una-variada-oferta-de-exposiciones-culturales\\\/#primaryimage\",\"url\":\"https:\\\/\\\/www.copealcoy.es\\\/wp-content\\\/uploads\\\/2025\\\/10\\\/101325-Expo-Roger-Lluria-Cocentaina4-scaled.jpeg\",\"contentUrl\":\"https:\\\/\\\/www.copealcoy.es\\\/wp-content\\\/uploads\\\/2025\\\/10\\\/101325-Expo-Roger-Lluria-Cocentaina4-scaled.jpeg\",\"width\":2560,\"height\":1786},{\"@type\":\"BreadcrumbList\",\"@id\":\"https:\\\/\\\/www.copealcoy.es\\\/es\\\/la-fira-de-cocentaina-cuenta-de-nuevo-con-una-variada-oferta-de-exposiciones-culturales\\\/#breadcrumb\",\"itemListElement\":[{\"@type\":\"ListItem\",\"position\":1,\"name\":\"Portada\",\"item\":\"https:\\\/\\\/www.copealcoy.es\\\/es\\\/\"},{\"@type\":\"ListItem\",\"position\":2,\"name\":\"La Fira de Cocentaina cuenta de nuevo con una variada oferta de exposiciones culturales\"}]},{\"@type\":\"WebSite\",\"@id\":\"https:\\\/\\\/www.copealcoy.es\\\/es\\\/#website\",\"url\":\"https:\\\/\\\/www.copealcoy.es\\\/es\\\/\",\"name\":\"COPE Alcoy\",\"description\":\"Emisora COPE de radio local con emisi\u00f3n online. Pont de Sant Jordi 8-10 03803 Alcoy\",\"potentialAction\":[{\"@type\":\"SearchAction\",\"target\":{\"@type\":\"EntryPoint\",\"urlTemplate\":\"https:\\\/\\\/www.copealcoy.es\\\/es\\\/?s={search_term_string}\"},\"query-input\":{\"@type\":\"PropertyValueSpecification\",\"valueRequired\":true,\"valueName\":\"search_term_string\"}}],\"inLanguage\":\"es\"},{\"@type\":\"Person\",\"@id\":\"https:\\\/\\\/www.copealcoy.es\\\/es\\\/#\\\/schema\\\/person\\\/e777c87fa024e57d40170af9df39882c\",\"name\":\"Cope Alcoy\",\"image\":{\"@type\":\"ImageObject\",\"inLanguage\":\"es\",\"@id\":\"https:\\\/\\\/secure.gravatar.com\\\/avatar\\\/bb65d0283347e303893ba14f0692005417c1e0e690a325a4c5d8bb2b3943ee14?s=96&d=mm&r=g\",\"url\":\"https:\\\/\\\/secure.gravatar.com\\\/avatar\\\/bb65d0283347e303893ba14f0692005417c1e0e690a325a4c5d8bb2b3943ee14?s=96&d=mm&r=g\",\"contentUrl\":\"https:\\\/\\\/secure.gravatar.com\\\/avatar\\\/bb65d0283347e303893ba14f0692005417c1e0e690a325a4c5d8bb2b3943ee14?s=96&d=mm&r=g\",\"caption\":\"Cope Alcoy\"}}]}<\/script>\n<!-- \/ Yoast SEO plugin. -->","yoast_head_json":{"title":"La Fira de Cocentaina cuenta de nuevo con una variada oferta de exposiciones culturales - COPE Alcoy","description":"La Fira de Cocentaina cuenta de nuevo con una variada oferta de exposiciones culturales","robots":{"index":"index","follow":"follow","max-snippet":"max-snippet:-1","max-image-preview":"max-image-preview:large","max-video-preview":"max-video-preview:-1"},"canonical":"https:\/\/www.copealcoy.es\/es\/la-fira-de-cocentaina-cuenta-de-nuevo-con-una-variada-oferta-de-exposiciones-culturales\/","og_locale":"es_ES","og_type":"article","og_title":"La Fira de Cocentaina cuenta de nuevo con una variada oferta de exposiciones culturales - COPE Alcoy","og_description":"La Fira de Cocentaina cuenta de nuevo con una variada oferta de exposiciones culturales","og_url":"https:\/\/www.copealcoy.es\/es\/la-fira-de-cocentaina-cuenta-de-nuevo-con-una-variada-oferta-de-exposiciones-culturales\/","og_site_name":"COPE Alcoy","article_published_time":"2025-10-30T12:40:25+00:00","article_modified_time":"2025-10-30T21:35:30+00:00","og_image":[{"width":2560,"height":1786,"url":"https:\/\/www.copealcoy.es\/wp-content\/uploads\/2025\/10\/101325-Expo-Roger-Lluria-Cocentaina4-scaled.jpeg","type":"image\/jpeg"}],"author":"Cope Alcoy","twitter_misc":{"Escrito por":"Cope Alcoy","Tiempo de lectura":"3 minutos"},"schema":{"@context":"https:\/\/schema.org","@graph":[{"@type":"Article","@id":"https:\/\/www.copealcoy.es\/es\/la-fira-de-cocentaina-cuenta-de-nuevo-con-una-variada-oferta-de-exposiciones-culturales\/#article","isPartOf":{"@id":"https:\/\/www.copealcoy.es\/es\/la-fira-de-cocentaina-cuenta-de-nuevo-con-una-variada-oferta-de-exposiciones-culturales\/"},"author":{"name":"Cope Alcoy","@id":"https:\/\/www.copealcoy.es\/es\/#\/schema\/person\/e777c87fa024e57d40170af9df39882c"},"headline":"La Fira de Cocentaina cuenta de nuevo con una variada oferta de exposiciones culturales","datePublished":"2025-10-30T12:40:25+00:00","dateModified":"2025-10-30T21:35:30+00:00","mainEntityOfPage":{"@id":"https:\/\/www.copealcoy.es\/es\/la-fira-de-cocentaina-cuenta-de-nuevo-con-una-variada-oferta-de-exposiciones-culturales\/"},"wordCount":549,"image":{"@id":"https:\/\/www.copealcoy.es\/es\/la-fira-de-cocentaina-cuenta-de-nuevo-con-una-variada-oferta-de-exposiciones-culturales\/#primaryimage"},"thumbnailUrl":"https:\/\/www.copealcoy.es\/wp-content\/uploads\/2025\/10\/101325-Expo-Roger-Lluria-Cocentaina4-scaled.jpeg","keywords":["Cocentaina","Exposiciones Culturales","Fira de Tots Sants","Programaci\u00f3n"],"articleSection":["Actualidad","Comarcas","Noticias"],"inLanguage":"es"},{"@type":"WebPage","@id":"https:\/\/www.copealcoy.es\/es\/la-fira-de-cocentaina-cuenta-de-nuevo-con-una-variada-oferta-de-exposiciones-culturales\/","url":"https:\/\/www.copealcoy.es\/es\/la-fira-de-cocentaina-cuenta-de-nuevo-con-una-variada-oferta-de-exposiciones-culturales\/","name":"La Fira de Cocentaina cuenta de nuevo con una variada oferta de exposiciones culturales - COPE Alcoy","isPartOf":{"@id":"https:\/\/www.copealcoy.es\/es\/#website"},"primaryImageOfPage":{"@id":"https:\/\/www.copealcoy.es\/es\/la-fira-de-cocentaina-cuenta-de-nuevo-con-una-variada-oferta-de-exposiciones-culturales\/#primaryimage"},"image":{"@id":"https:\/\/www.copealcoy.es\/es\/la-fira-de-cocentaina-cuenta-de-nuevo-con-una-variada-oferta-de-exposiciones-culturales\/#primaryimage"},"thumbnailUrl":"https:\/\/www.copealcoy.es\/wp-content\/uploads\/2025\/10\/101325-Expo-Roger-Lluria-Cocentaina4-scaled.jpeg","datePublished":"2025-10-30T12:40:25+00:00","dateModified":"2025-10-30T21:35:30+00:00","author":{"@id":"https:\/\/www.copealcoy.es\/es\/#\/schema\/person\/e777c87fa024e57d40170af9df39882c"},"description":"La Fira de Cocentaina cuenta de nuevo con una variada oferta de exposiciones culturales","breadcrumb":{"@id":"https:\/\/www.copealcoy.es\/es\/la-fira-de-cocentaina-cuenta-de-nuevo-con-una-variada-oferta-de-exposiciones-culturales\/#breadcrumb"},"inLanguage":"es","potentialAction":[{"@type":"ReadAction","target":["https:\/\/www.copealcoy.es\/es\/la-fira-de-cocentaina-cuenta-de-nuevo-con-una-variada-oferta-de-exposiciones-culturales\/"]}]},{"@type":"ImageObject","inLanguage":"es","@id":"https:\/\/www.copealcoy.es\/es\/la-fira-de-cocentaina-cuenta-de-nuevo-con-una-variada-oferta-de-exposiciones-culturales\/#primaryimage","url":"https:\/\/www.copealcoy.es\/wp-content\/uploads\/2025\/10\/101325-Expo-Roger-Lluria-Cocentaina4-scaled.jpeg","contentUrl":"https:\/\/www.copealcoy.es\/wp-content\/uploads\/2025\/10\/101325-Expo-Roger-Lluria-Cocentaina4-scaled.jpeg","width":2560,"height":1786},{"@type":"BreadcrumbList","@id":"https:\/\/www.copealcoy.es\/es\/la-fira-de-cocentaina-cuenta-de-nuevo-con-una-variada-oferta-de-exposiciones-culturales\/#breadcrumb","itemListElement":[{"@type":"ListItem","position":1,"name":"Portada","item":"https:\/\/www.copealcoy.es\/es\/"},{"@type":"ListItem","position":2,"name":"La Fira de Cocentaina cuenta de nuevo con una variada oferta de exposiciones culturales"}]},{"@type":"WebSite","@id":"https:\/\/www.copealcoy.es\/es\/#website","url":"https:\/\/www.copealcoy.es\/es\/","name":"COPE Alcoy","description":"Emisora COPE de radio local con emisi\u00f3n online. Pont de Sant Jordi 8-10 03803 Alcoy","potentialAction":[{"@type":"SearchAction","target":{"@type":"EntryPoint","urlTemplate":"https:\/\/www.copealcoy.es\/es\/?s={search_term_string}"},"query-input":{"@type":"PropertyValueSpecification","valueRequired":true,"valueName":"search_term_string"}}],"inLanguage":"es"},{"@type":"Person","@id":"https:\/\/www.copealcoy.es\/es\/#\/schema\/person\/e777c87fa024e57d40170af9df39882c","name":"Cope Alcoy","image":{"@type":"ImageObject","inLanguage":"es","@id":"https:\/\/secure.gravatar.com\/avatar\/bb65d0283347e303893ba14f0692005417c1e0e690a325a4c5d8bb2b3943ee14?s=96&d=mm&r=g","url":"https:\/\/secure.gravatar.com\/avatar\/bb65d0283347e303893ba14f0692005417c1e0e690a325a4c5d8bb2b3943ee14?s=96&d=mm&r=g","contentUrl":"https:\/\/secure.gravatar.com\/avatar\/bb65d0283347e303893ba14f0692005417c1e0e690a325a4c5d8bb2b3943ee14?s=96&d=mm&r=g","caption":"Cope Alcoy"}}]}},"_links":{"self":[{"href":"https:\/\/www.copealcoy.es\/es\/wp-json\/wp\/v2\/posts\/159089","targetHints":{"allow":["GET"]}}],"collection":[{"href":"https:\/\/www.copealcoy.es\/es\/wp-json\/wp\/v2\/posts"}],"about":[{"href":"https:\/\/www.copealcoy.es\/es\/wp-json\/wp\/v2\/types\/post"}],"author":[{"embeddable":true,"href":"https:\/\/www.copealcoy.es\/es\/wp-json\/wp\/v2\/users\/1"}],"replies":[{"embeddable":true,"href":"https:\/\/www.copealcoy.es\/es\/wp-json\/wp\/v2\/comments?post=159089"}],"version-history":[{"count":1,"href":"https:\/\/www.copealcoy.es\/es\/wp-json\/wp\/v2\/posts\/159089\/revisions"}],"predecessor-version":[{"id":159090,"href":"https:\/\/www.copealcoy.es\/es\/wp-json\/wp\/v2\/posts\/159089\/revisions\/159090"}],"wp:featuredmedia":[{"embeddable":true,"href":"https:\/\/www.copealcoy.es\/es\/wp-json\/wp\/v2\/media\/158374"}],"wp:attachment":[{"href":"https:\/\/www.copealcoy.es\/es\/wp-json\/wp\/v2\/media?parent=159089"}],"wp:term":[{"taxonomy":"category","embeddable":true,"href":"https:\/\/www.copealcoy.es\/es\/wp-json\/wp\/v2\/categories?post=159089"},{"taxonomy":"post_tag","embeddable":true,"href":"https:\/\/www.copealcoy.es\/es\/wp-json\/wp\/v2\/tags?post=159089"}],"curies":[{"name":"wp","href":"https:\/\/api.w.org\/{rel}","templated":true}]}}