{"id":159072,"date":"2025-10-31T09:15:30","date_gmt":"2025-10-31T08:15:30","guid":{"rendered":"https:\/\/www.copealcoy.es\/?p=159072"},"modified":"2025-10-31T14:39:45","modified_gmt":"2025-10-31T13:39:45","slug":"alcoy-activa-un-servicio-extraordinario-de-autobus-al-cementerio-por-todos-los-santos","status":"publish","type":"post","link":"https:\/\/www.copealcoy.es\/es\/alcoy-activa-un-servicio-extraordinario-de-autobus-al-cementerio-por-todos-los-santos\/","title":{"rendered":"Alcoy activa un servicio extraordinario de autob\u00fas al cementerio por Todos los Santos"},"content":{"rendered":"<p style=\"text-align: justify;\" data-start=\"161\" data-end=\"351\">El <a href=\"https:\/\/www.alcoi.org\/ca\/portal\/index.html\" target=\"_blank\" rel=\"noopener\"><strong><span style=\"color: #0000ff;\">Ayuntamiento de Alcoy<\/span><\/strong><\/a> ha puesto en marcha, como cada a\u00f1o, <strong>un servicio especial de autob\u00fas urbano<\/strong> <strong>al Cementerio Municipal<\/strong> San Antonio Abad con motivo de la festividad de Todos los Santos. Todo ello para facilitar los accesos al recinto en <strong>unos d\u00edas de especial afluencia<\/strong> puesto que son muchos los que acuden a visitar a sus seres queridos y a arreglar las sepulturas con los habituales adornos florales.<\/p>\n<p style=\"text-align: justify;\" data-start=\"161\" data-end=\"351\">El servicio funcionar\u00e1 los d\u00edas <strong data-start=\"385\" data-end=\"422\">jueves 30 y viernes 31 de octubre<\/strong>, de <strong data-start=\"427\" data-end=\"449\">9:00 a 19:00 horas<\/strong>, con salida desde la pla\u00e7a d\u2019Espanya y una <strong data-start=\"493\" data-end=\"531\">frecuencia de paso cada 30 minutos<\/strong>. Por su parte, el <strong data-start=\"539\" data-end=\"564\">s\u00e1bado 1 de noviembre<\/strong>, coincidiendo con la festividad, el servicio se ampliar\u00e1 y contar\u00e1 con <strong data-start=\"636\" data-end=\"653\">dos veh\u00edculos<\/strong>. Durante la ma\u00f1ana, de <strong data-start=\"677\" data-end=\"699\">9:00 a 15:00 horas<\/strong>, la frecuencia ser\u00e1 de <strong data-start=\"723\" data-end=\"737\">15 minutos<\/strong>, excepto en las cuatro subidas a la Font Roja. A partir de las <strong data-start=\"801\" data-end=\"816\">15:00 horas<\/strong>, hasta las <strong data-start=\"828\" data-end=\"843\">19:05 horas<\/strong>, que se efectuar\u00e1 la \u00faltima salida desde el cementerio, la frecuencia volver\u00e1 a ser cada <strong data-start=\"933\" data-end=\"947\">30 minutos <\/strong><em>&#8220;este servicio facilita los desplazamientos de la ciudadan\u00eda durante unos d\u00edas en los que muchas personas visitan el cementerio, evitando problemas de aparcamiento y contribuyendo a una movilidad m\u00e1s sostenible\u201d. Mart\u00ednez a\u00f1adi\u00f3 que \u201cel objetivo es ofrecer una alternativa c\u00f3moda, accesible y respetuosa con el medio ambiente, con una planificaci\u00f3n horaria adaptada a las necesidades de la poblaci\u00f3n&#8221;, <\/em>afirma el edil de Movilidad; Ra\u00fcl Llopis.<\/p>\n<p style=\"text-align: justify;\" data-start=\"161\" data-end=\"351\">Durante este a\u00f1o, el Ayuntamiento de Alcoy ha habilitado <strong>168 nichos nuevos y 210 espacios<\/strong> para depositar urnas cinerarias al Cementerio Municipal San Antonio Abad. \u00a0Con los nuevos espacios, el conjunto de sepulturas creadas o recuperadas en los \u00faltimos a\u00f1os superar\u00e1 <strong>los 1.300 elementos<\/strong> entre nichos, columbarios y sepulturas restauradas.<\/p>\n","protected":false},"excerpt":{"rendered":"<p>El Ayuntamiento de Alcoy ha puesto en marcha, como cada a\u00f1o, un servicio especial de autob\u00fas urbano al Cementerio Municipal&#8230;<\/p>\n","protected":false},"author":1,"featured_media":159073,"comment_status":"closed","ping_status":"closed","sticky":false,"template":"","format":"standard","meta":{"footnotes":""},"categories":[6909,97,75],"tags":[1494,203,3998,4833],"class_list":["post-159072","post","type-post","status-publish","format-standard","has-post-thumbnail","hentry","category-actualidad","category-alcoy","category-noticias","tag-alcoy","tag-autobus","tag-cementerio-municipal","tag-servicio-especial"],"yoast_head":"<!-- This site is optimized with the Yoast SEO plugin v27.3 - https:\/\/yoast.com\/product\/yoast-seo-wordpress\/ -->\n<title>Alcoy activa un servicio extraordinario de autob\u00fas al cementerio por Todos los Santos - COPE Alcoy<\/title>\n<meta name=\"description\" content=\"Alcoy activa un servicio extraordinario de autob\u00fas al cementerio por Todos los Santos\" \/>\n<meta name=\"robots\" content=\"index, follow, max-snippet:-1, max-image-preview:large, max-video-preview:-1\" \/>\n<link rel=\"canonical\" href=\"https:\/\/www.copealcoy.es\/es\/alcoy-activa-un-servicio-extraordinario-de-autobus-al-cementerio-por-todos-los-santos\/\" \/>\n<meta property=\"og:locale\" content=\"es_ES\" \/>\n<meta property=\"og:type\" content=\"article\" \/>\n<meta property=\"og:title\" content=\"Alcoy activa un servicio extraordinario de autob\u00fas al cementerio por Todos los Santos - COPE Alcoy\" \/>\n<meta property=\"og:description\" content=\"Alcoy activa un servicio extraordinario de autob\u00fas al cementerio por Todos los Santos\" \/>\n<meta property=\"og:url\" content=\"https:\/\/www.copealcoy.es\/es\/alcoy-activa-un-servicio-extraordinario-de-autobus-al-cementerio-por-todos-los-santos\/\" \/>\n<meta property=\"og:site_name\" content=\"COPE Alcoy\" \/>\n<meta property=\"article:published_time\" content=\"2025-10-31T08:15:30+00:00\" \/>\n<meta property=\"article:modified_time\" content=\"2025-10-31T13:39:45+00:00\" \/>\n<meta property=\"og:image\" content=\"https:\/\/www.copealcoy.es\/wp-content\/uploads\/2025\/10\/Imagen-autobus-cementerio-Imatge-Autobus-cementeri.jpg_1908753924.jpg\" \/>\n\t<meta property=\"og:image:width\" content=\"625\" \/>\n\t<meta property=\"og:image:height\" content=\"413\" \/>\n\t<meta property=\"og:image:type\" content=\"image\/jpeg\" \/>\n<meta name=\"author\" content=\"Cope Alcoy\" \/>\n<meta name=\"twitter:label1\" content=\"Escrito por\" \/>\n\t<meta name=\"twitter:data1\" content=\"Cope Alcoy\" \/>\n\t<meta name=\"twitter:label2\" content=\"Tiempo de lectura\" \/>\n\t<meta name=\"twitter:data2\" content=\"2 minutos\" \/>\n<script type=\"application\/ld+json\" class=\"yoast-schema-graph\">{\"@context\":\"https:\\\/\\\/schema.org\",\"@graph\":[{\"@type\":\"Article\",\"@id\":\"https:\\\/\\\/www.copealcoy.es\\\/es\\\/alcoy-activa-un-servicio-extraordinario-de-autobus-al-cementerio-por-todos-los-santos\\\/#article\",\"isPartOf\":{\"@id\":\"https:\\\/\\\/www.copealcoy.es\\\/es\\\/alcoy-activa-un-servicio-extraordinario-de-autobus-al-cementerio-por-todos-los-santos\\\/\"},\"author\":{\"name\":\"Cope Alcoy\",\"@id\":\"https:\\\/\\\/www.copealcoy.es\\\/es\\\/#\\\/schema\\\/person\\\/e777c87fa024e57d40170af9df39882c\"},\"headline\":\"Alcoy activa un servicio extraordinario de autob\u00fas al cementerio por Todos los Santos\",\"datePublished\":\"2025-10-31T08:15:30+00:00\",\"dateModified\":\"2025-10-31T13:39:45+00:00\",\"mainEntityOfPage\":{\"@id\":\"https:\\\/\\\/www.copealcoy.es\\\/es\\\/alcoy-activa-un-servicio-extraordinario-de-autobus-al-cementerio-por-todos-los-santos\\\/\"},\"wordCount\":305,\"image\":{\"@id\":\"https:\\\/\\\/www.copealcoy.es\\\/es\\\/alcoy-activa-un-servicio-extraordinario-de-autobus-al-cementerio-por-todos-los-santos\\\/#primaryimage\"},\"thumbnailUrl\":\"https:\\\/\\\/www.copealcoy.es\\\/wp-content\\\/uploads\\\/2025\\\/10\\\/Imagen-autobus-cementerio-Imatge-Autobus-cementeri.jpg_1908753924.jpg\",\"keywords\":[\"Alcoy\",\"Autob\u00fas\",\"Cementerio Municipal\",\"Servicio Especial\"],\"articleSection\":[\"Actualidad\",\"Alcoy\",\"Noticias\"],\"inLanguage\":\"es\"},{\"@type\":\"WebPage\",\"@id\":\"https:\\\/\\\/www.copealcoy.es\\\/es\\\/alcoy-activa-un-servicio-extraordinario-de-autobus-al-cementerio-por-todos-los-santos\\\/\",\"url\":\"https:\\\/\\\/www.copealcoy.es\\\/es\\\/alcoy-activa-un-servicio-extraordinario-de-autobus-al-cementerio-por-todos-los-santos\\\/\",\"name\":\"Alcoy activa un servicio extraordinario de autob\u00fas al cementerio por Todos los Santos - COPE Alcoy\",\"isPartOf\":{\"@id\":\"https:\\\/\\\/www.copealcoy.es\\\/es\\\/#website\"},\"primaryImageOfPage\":{\"@id\":\"https:\\\/\\\/www.copealcoy.es\\\/es\\\/alcoy-activa-un-servicio-extraordinario-de-autobus-al-cementerio-por-todos-los-santos\\\/#primaryimage\"},\"image\":{\"@id\":\"https:\\\/\\\/www.copealcoy.es\\\/es\\\/alcoy-activa-un-servicio-extraordinario-de-autobus-al-cementerio-por-todos-los-santos\\\/#primaryimage\"},\"thumbnailUrl\":\"https:\\\/\\\/www.copealcoy.es\\\/wp-content\\\/uploads\\\/2025\\\/10\\\/Imagen-autobus-cementerio-Imatge-Autobus-cementeri.jpg_1908753924.jpg\",\"datePublished\":\"2025-10-31T08:15:30+00:00\",\"dateModified\":\"2025-10-31T13:39:45+00:00\",\"author\":{\"@id\":\"https:\\\/\\\/www.copealcoy.es\\\/es\\\/#\\\/schema\\\/person\\\/e777c87fa024e57d40170af9df39882c\"},\"description\":\"Alcoy activa un servicio extraordinario de autob\u00fas al cementerio por Todos los Santos\",\"breadcrumb\":{\"@id\":\"https:\\\/\\\/www.copealcoy.es\\\/es\\\/alcoy-activa-un-servicio-extraordinario-de-autobus-al-cementerio-por-todos-los-santos\\\/#breadcrumb\"},\"inLanguage\":\"es\",\"potentialAction\":[{\"@type\":\"ReadAction\",\"target\":[\"https:\\\/\\\/www.copealcoy.es\\\/es\\\/alcoy-activa-un-servicio-extraordinario-de-autobus-al-cementerio-por-todos-los-santos\\\/\"]}]},{\"@type\":\"ImageObject\",\"inLanguage\":\"es\",\"@id\":\"https:\\\/\\\/www.copealcoy.es\\\/es\\\/alcoy-activa-un-servicio-extraordinario-de-autobus-al-cementerio-por-todos-los-santos\\\/#primaryimage\",\"url\":\"https:\\\/\\\/www.copealcoy.es\\\/wp-content\\\/uploads\\\/2025\\\/10\\\/Imagen-autobus-cementerio-Imatge-Autobus-cementeri.jpg_1908753924.jpg\",\"contentUrl\":\"https:\\\/\\\/www.copealcoy.es\\\/wp-content\\\/uploads\\\/2025\\\/10\\\/Imagen-autobus-cementerio-Imatge-Autobus-cementeri.jpg_1908753924.jpg\",\"width\":625,\"height\":413},{\"@type\":\"BreadcrumbList\",\"@id\":\"https:\\\/\\\/www.copealcoy.es\\\/es\\\/alcoy-activa-un-servicio-extraordinario-de-autobus-al-cementerio-por-todos-los-santos\\\/#breadcrumb\",\"itemListElement\":[{\"@type\":\"ListItem\",\"position\":1,\"name\":\"Portada\",\"item\":\"https:\\\/\\\/www.copealcoy.es\\\/es\\\/\"},{\"@type\":\"ListItem\",\"position\":2,\"name\":\"Alcoy activa un servicio extraordinario de autob\u00fas al cementerio por Todos los Santos\"}]},{\"@type\":\"WebSite\",\"@id\":\"https:\\\/\\\/www.copealcoy.es\\\/es\\\/#website\",\"url\":\"https:\\\/\\\/www.copealcoy.es\\\/es\\\/\",\"name\":\"COPE Alcoy\",\"description\":\"Emisora COPE de radio local con emisi\u00f3n online. Pont de Sant Jordi 8-10 03803 Alcoy\",\"potentialAction\":[{\"@type\":\"SearchAction\",\"target\":{\"@type\":\"EntryPoint\",\"urlTemplate\":\"https:\\\/\\\/www.copealcoy.es\\\/es\\\/?s={search_term_string}\"},\"query-input\":{\"@type\":\"PropertyValueSpecification\",\"valueRequired\":true,\"valueName\":\"search_term_string\"}}],\"inLanguage\":\"es\"},{\"@type\":\"Person\",\"@id\":\"https:\\\/\\\/www.copealcoy.es\\\/es\\\/#\\\/schema\\\/person\\\/e777c87fa024e57d40170af9df39882c\",\"name\":\"Cope Alcoy\",\"image\":{\"@type\":\"ImageObject\",\"inLanguage\":\"es\",\"@id\":\"https:\\\/\\\/secure.gravatar.com\\\/avatar\\\/bb65d0283347e303893ba14f0692005417c1e0e690a325a4c5d8bb2b3943ee14?s=96&d=mm&r=g\",\"url\":\"https:\\\/\\\/secure.gravatar.com\\\/avatar\\\/bb65d0283347e303893ba14f0692005417c1e0e690a325a4c5d8bb2b3943ee14?s=96&d=mm&r=g\",\"contentUrl\":\"https:\\\/\\\/secure.gravatar.com\\\/avatar\\\/bb65d0283347e303893ba14f0692005417c1e0e690a325a4c5d8bb2b3943ee14?s=96&d=mm&r=g\",\"caption\":\"Cope Alcoy\"}}]}<\/script>\n<!-- \/ Yoast SEO plugin. -->","yoast_head_json":{"title":"Alcoy activa un servicio extraordinario de autob\u00fas al cementerio por Todos los Santos - COPE Alcoy","description":"Alcoy activa un servicio extraordinario de autob\u00fas al cementerio por Todos los Santos","robots":{"index":"index","follow":"follow","max-snippet":"max-snippet:-1","max-image-preview":"max-image-preview:large","max-video-preview":"max-video-preview:-1"},"canonical":"https:\/\/www.copealcoy.es\/es\/alcoy-activa-un-servicio-extraordinario-de-autobus-al-cementerio-por-todos-los-santos\/","og_locale":"es_ES","og_type":"article","og_title":"Alcoy activa un servicio extraordinario de autob\u00fas al cementerio por Todos los Santos - COPE Alcoy","og_description":"Alcoy activa un servicio extraordinario de autob\u00fas al cementerio por Todos los Santos","og_url":"https:\/\/www.copealcoy.es\/es\/alcoy-activa-un-servicio-extraordinario-de-autobus-al-cementerio-por-todos-los-santos\/","og_site_name":"COPE Alcoy","article_published_time":"2025-10-31T08:15:30+00:00","article_modified_time":"2025-10-31T13:39:45+00:00","og_image":[{"width":625,"height":413,"url":"https:\/\/www.copealcoy.es\/wp-content\/uploads\/2025\/10\/Imagen-autobus-cementerio-Imatge-Autobus-cementeri.jpg_1908753924.jpg","type":"image\/jpeg"}],"author":"Cope Alcoy","twitter_misc":{"Escrito por":"Cope Alcoy","Tiempo de lectura":"2 minutos"},"schema":{"@context":"https:\/\/schema.org","@graph":[{"@type":"Article","@id":"https:\/\/www.copealcoy.es\/es\/alcoy-activa-un-servicio-extraordinario-de-autobus-al-cementerio-por-todos-los-santos\/#article","isPartOf":{"@id":"https:\/\/www.copealcoy.es\/es\/alcoy-activa-un-servicio-extraordinario-de-autobus-al-cementerio-por-todos-los-santos\/"},"author":{"name":"Cope Alcoy","@id":"https:\/\/www.copealcoy.es\/es\/#\/schema\/person\/e777c87fa024e57d40170af9df39882c"},"headline":"Alcoy activa un servicio extraordinario de autob\u00fas al cementerio por Todos los Santos","datePublished":"2025-10-31T08:15:30+00:00","dateModified":"2025-10-31T13:39:45+00:00","mainEntityOfPage":{"@id":"https:\/\/www.copealcoy.es\/es\/alcoy-activa-un-servicio-extraordinario-de-autobus-al-cementerio-por-todos-los-santos\/"},"wordCount":305,"image":{"@id":"https:\/\/www.copealcoy.es\/es\/alcoy-activa-un-servicio-extraordinario-de-autobus-al-cementerio-por-todos-los-santos\/#primaryimage"},"thumbnailUrl":"https:\/\/www.copealcoy.es\/wp-content\/uploads\/2025\/10\/Imagen-autobus-cementerio-Imatge-Autobus-cementeri.jpg_1908753924.jpg","keywords":["Alcoy","Autob\u00fas","Cementerio Municipal","Servicio Especial"],"articleSection":["Actualidad","Alcoy","Noticias"],"inLanguage":"es"},{"@type":"WebPage","@id":"https:\/\/www.copealcoy.es\/es\/alcoy-activa-un-servicio-extraordinario-de-autobus-al-cementerio-por-todos-los-santos\/","url":"https:\/\/www.copealcoy.es\/es\/alcoy-activa-un-servicio-extraordinario-de-autobus-al-cementerio-por-todos-los-santos\/","name":"Alcoy activa un servicio extraordinario de autob\u00fas al cementerio por Todos los Santos - COPE Alcoy","isPartOf":{"@id":"https:\/\/www.copealcoy.es\/es\/#website"},"primaryImageOfPage":{"@id":"https:\/\/www.copealcoy.es\/es\/alcoy-activa-un-servicio-extraordinario-de-autobus-al-cementerio-por-todos-los-santos\/#primaryimage"},"image":{"@id":"https:\/\/www.copealcoy.es\/es\/alcoy-activa-un-servicio-extraordinario-de-autobus-al-cementerio-por-todos-los-santos\/#primaryimage"},"thumbnailUrl":"https:\/\/www.copealcoy.es\/wp-content\/uploads\/2025\/10\/Imagen-autobus-cementerio-Imatge-Autobus-cementeri.jpg_1908753924.jpg","datePublished":"2025-10-31T08:15:30+00:00","dateModified":"2025-10-31T13:39:45+00:00","author":{"@id":"https:\/\/www.copealcoy.es\/es\/#\/schema\/person\/e777c87fa024e57d40170af9df39882c"},"description":"Alcoy activa un servicio extraordinario de autob\u00fas al cementerio por Todos los Santos","breadcrumb":{"@id":"https:\/\/www.copealcoy.es\/es\/alcoy-activa-un-servicio-extraordinario-de-autobus-al-cementerio-por-todos-los-santos\/#breadcrumb"},"inLanguage":"es","potentialAction":[{"@type":"ReadAction","target":["https:\/\/www.copealcoy.es\/es\/alcoy-activa-un-servicio-extraordinario-de-autobus-al-cementerio-por-todos-los-santos\/"]}]},{"@type":"ImageObject","inLanguage":"es","@id":"https:\/\/www.copealcoy.es\/es\/alcoy-activa-un-servicio-extraordinario-de-autobus-al-cementerio-por-todos-los-santos\/#primaryimage","url":"https:\/\/www.copealcoy.es\/wp-content\/uploads\/2025\/10\/Imagen-autobus-cementerio-Imatge-Autobus-cementeri.jpg_1908753924.jpg","contentUrl":"https:\/\/www.copealcoy.es\/wp-content\/uploads\/2025\/10\/Imagen-autobus-cementerio-Imatge-Autobus-cementeri.jpg_1908753924.jpg","width":625,"height":413},{"@type":"BreadcrumbList","@id":"https:\/\/www.copealcoy.es\/es\/alcoy-activa-un-servicio-extraordinario-de-autobus-al-cementerio-por-todos-los-santos\/#breadcrumb","itemListElement":[{"@type":"ListItem","position":1,"name":"Portada","item":"https:\/\/www.copealcoy.es\/es\/"},{"@type":"ListItem","position":2,"name":"Alcoy activa un servicio extraordinario de autob\u00fas al cementerio por Todos los Santos"}]},{"@type":"WebSite","@id":"https:\/\/www.copealcoy.es\/es\/#website","url":"https:\/\/www.copealcoy.es\/es\/","name":"COPE Alcoy","description":"Emisora COPE de radio local con emisi\u00f3n online. Pont de Sant Jordi 8-10 03803 Alcoy","potentialAction":[{"@type":"SearchAction","target":{"@type":"EntryPoint","urlTemplate":"https:\/\/www.copealcoy.es\/es\/?s={search_term_string}"},"query-input":{"@type":"PropertyValueSpecification","valueRequired":true,"valueName":"search_term_string"}}],"inLanguage":"es"},{"@type":"Person","@id":"https:\/\/www.copealcoy.es\/es\/#\/schema\/person\/e777c87fa024e57d40170af9df39882c","name":"Cope Alcoy","image":{"@type":"ImageObject","inLanguage":"es","@id":"https:\/\/secure.gravatar.com\/avatar\/bb65d0283347e303893ba14f0692005417c1e0e690a325a4c5d8bb2b3943ee14?s=96&d=mm&r=g","url":"https:\/\/secure.gravatar.com\/avatar\/bb65d0283347e303893ba14f0692005417c1e0e690a325a4c5d8bb2b3943ee14?s=96&d=mm&r=g","contentUrl":"https:\/\/secure.gravatar.com\/avatar\/bb65d0283347e303893ba14f0692005417c1e0e690a325a4c5d8bb2b3943ee14?s=96&d=mm&r=g","caption":"Cope Alcoy"}}]}},"_links":{"self":[{"href":"https:\/\/www.copealcoy.es\/es\/wp-json\/wp\/v2\/posts\/159072","targetHints":{"allow":["GET"]}}],"collection":[{"href":"https:\/\/www.copealcoy.es\/es\/wp-json\/wp\/v2\/posts"}],"about":[{"href":"https:\/\/www.copealcoy.es\/es\/wp-json\/wp\/v2\/types\/post"}],"author":[{"embeddable":true,"href":"https:\/\/www.copealcoy.es\/es\/wp-json\/wp\/v2\/users\/1"}],"replies":[{"embeddable":true,"href":"https:\/\/www.copealcoy.es\/es\/wp-json\/wp\/v2\/comments?post=159072"}],"version-history":[{"count":2,"href":"https:\/\/www.copealcoy.es\/es\/wp-json\/wp\/v2\/posts\/159072\/revisions"}],"predecessor-version":[{"id":159086,"href":"https:\/\/www.copealcoy.es\/es\/wp-json\/wp\/v2\/posts\/159072\/revisions\/159086"}],"wp:featuredmedia":[{"embeddable":true,"href":"https:\/\/www.copealcoy.es\/es\/wp-json\/wp\/v2\/media\/159073"}],"wp:attachment":[{"href":"https:\/\/www.copealcoy.es\/es\/wp-json\/wp\/v2\/media?parent=159072"}],"wp:term":[{"taxonomy":"category","embeddable":true,"href":"https:\/\/www.copealcoy.es\/es\/wp-json\/wp\/v2\/categories?post=159072"},{"taxonomy":"post_tag","embeddable":true,"href":"https:\/\/www.copealcoy.es\/es\/wp-json\/wp\/v2\/tags?post=159072"}],"curies":[{"name":"wp","href":"https:\/\/api.w.org\/{rel}","templated":true}]}}