{"id":159008,"date":"2025-10-27T07:30:58","date_gmt":"2025-10-27T06:30:58","guid":{"rendered":"https:\/\/www.copealcoy.es\/?p=159008"},"modified":"2025-10-27T16:15:51","modified_gmt":"2025-10-27T15:15:51","slug":"informativo-matinal-lunes-27-de-octubre-2025-0750h","status":"publish","type":"post","link":"https:\/\/www.copealcoy.es\/es\/informativo-matinal-lunes-27-de-octubre-2025-0750h\/","title":{"rendered":"Informativo matinal lunes 27 de octubre 2025 (07:50h)"},"content":{"rendered":"<p><iframe loading=\"lazy\" title=\"Informativo Matinal Lunes 27 De Octubre 2025 (07:50h)\" width=\"100%\" height=\"120\" src=\"https:\/\/www.mixcloud.com\/widget\/iframe\/?feed=https%3A%2F%2Fwww.mixcloud.com%2FCOPEAlcoy%2Finformativo-matinal-lunes-27-de-octubre-2025-0750h%2F&amp;hide_cover=1\" frameborder=\"0\" allow=\"encrypted-media; fullscreen; autoplay; idle-detection; speaker-selection; web-share;\"><\/iframe><\/p>\n<p style=\"text-align: justify;\">Hoy lunes <strong>hemos comenzado la semana recordando la celebraci\u00f3n del Mig Any de las Fiestas de Moros y Cristianos de Alcoy<\/strong>, cita que tuvo lugar el pasado s\u00e1bado. Tambi\u00e9n <strong>hemos hablado del galard\u00f3n que ha obtenido la Biblioteca Municipal de Muro <\/strong>recientemente.<\/p>\n<p style=\"text-align: justify;\" data-start=\"368\" data-end=\"778\">La<a href=\"https:\/\/www.vilademuro.net\/\" target=\"_blank\" rel=\"noopener\"><strong>\u00a0<span style=\"color: #0000ff;\">Biblioteca Municipal de Muro<\/span><\/strong><\/a><span style=\"color: #0000ff;\">\u00a0<\/span>ha sido galardonada con el\u00a0<strong data-start=\"427\" data-end=\"456\">Premio Mar\u00eda Moliner 2025<\/strong>, el reconocimiento m\u00e1s importante a nivel nacional en fomento de la lectura para municipios de menos de 50.000 habitantes. El proyecto presentado bajo el t\u00edtulo\u00a0<em data-start=\"618\" data-end=\"644\">\u201cEstima\u2019m entre Lletres\u201d<\/em>\u00a0ha obtenido la\u00a0<strong data-start=\"660\" data-end=\"692\">puntuaci\u00f3n m\u00e1s alta del pa\u00eds<\/strong>, con\u00a0<strong data-start=\"698\" data-end=\"714\">78,33 puntos<\/strong>, situando a Muro como referente estatal en animaci\u00f3n lectora.<\/p>\n<p style=\"text-align: justify;\" data-start=\"780\" data-end=\"1353\">El premio, convocado por la\u00a0<strong data-start=\"808\" data-end=\"866\">Direcci\u00f3n General del Libro, del C\u00f3mic y de la Lectura<\/strong>\u00a0del\u00a0<strong data-start=\"871\" data-end=\"896\">Ministerio de Cultura<\/strong>, distingue cada a\u00f1o los diez mejores proyectos de entre m\u00e1s de\u00a0<strong data-start=\"960\" data-end=\"979\">500 iniciativas<\/strong>\u00a0presentadas en toda Espa\u00f1a. En esta edici\u00f3n, Muro comparte reconocimiento con municipios como Villafranca de los Caballeros (Toledo), Ugena (Toledo), Gata de Gorgos (Alicante) o Suances (Cantabria), pero ha sido la que ha logrado\u00a0<strong data-start=\"1210\" data-end=\"1241\">la m\u00e1xima puntuaci\u00f3n global<\/strong>, consolidando el trabajo constante de la Biblioteca en la promoci\u00f3n de la lectura y la dinamizaci\u00f3n cultural \u201c<em>este premio es como el premio Cervantes para un escritor; es el sue\u00f1o m\u00e1s grande para quien trabaja entre libros. Es el reconocimiento a tantas horas invisibles, de trabajo hecho con pasi\u00f3n y con aprecio por el pueblo\u201d,\u00a0<\/em>se\u00f1ala la bibliotecaria\u00a0<strong data-start=\"1372\" data-end=\"1389\">Carmina Prats<\/strong>.\u00a0 Por su parte, el\u00a0<strong data-start=\"1689\" data-end=\"1723\">alcalde de Muro, Vicent Molina<\/strong>, junto al edil de\u00a0<strong>Cultura Fernando Pic\u00f3<\/strong>, han subrayado el valor simb\u00f3lico del galard\u00f3n \u201c<em>este premio cierra el primer cap\u00edtulo de un libro que empezamos hace casi cuarenta a\u00f1os y abre uno nuevo para seguir escribiendo colectivamente desde la lectura, la cultura y la comunidad. Carmina ha dejado en Muro una marca imborrable y una semilla que ya da frutos. Su esfuerzo, dedicaci\u00f3n e ilusi\u00f3n, junto aSandra Marco, que han convertido la Biblioteca en un espacio vivo, abierto y participativo. Este premio no es solo suyo, sino de todo el pueblo de Muro: de las personas que leen, participan y hacen que la cultura sea parte esencial de nuestra vida colectiva. En Muro, la lectura nos une y nos hace crecer\u201d,\u00a0<\/em>se\u00f1alan.<\/p>\n<p style=\"text-align: justify;\" data-start=\"2295\" data-end=\"2744\">El proyecto premiado,\u00a0<em data-start=\"2317\" data-end=\"2343\">\u201cEstima\u2019m entre Lletres\u201d<\/em>, es una propuesta viva, intergeneracional y participativa que convierte la lectura en una herramienta de integraci\u00f3n, aprendizaje y convivencia. A trav\u00e9s de clubes de lectura, encuentros con autores, rutas literarias, actividades art\u00edsticas y escolares, la Biblioteca ha implicado a todo el tejido social del municipio: centros educativos, familias, asociaciones, comercios y comunidades migrantes. El jurado ha destacado la\u00a0<strong data-start=\"2772\" data-end=\"2819\">originalidad, sostenibilidad e inclusividad<\/strong>\u00a0del proyecto, articulado a trav\u00e9s del\u00a0<strong data-start=\"2858\" data-end=\"2884\">Consell Lector de Muro<\/strong>, un espacio de coordinaci\u00f3n que re\u00fane a agentes educativos, culturales y sociales, y que ha permitido que la Biblioteca se consolide como una de las m\u00e1s activas del territorio valenciano. El mencionado\u00a0<strong data-start=\"2047\" data-end=\"2076\">Premio Mar\u00eda Moliner 2025<\/strong>\u00a0incluye una\u00a0<strong data-start=\"2089\" data-end=\"2127\">dotaci\u00f3n econ\u00f3mica de 10.000 euros<\/strong>, que permitir\u00e1 ampliar el programa de fomento lector.\u00a0 reforzar iniciativas consolidadas como la\u00a0<strong data-start=\"2225\" data-end=\"2245\">Festa del Llibre<\/strong>, adem\u00e1s de impulsar nuevas l\u00edneas de trabajo.<\/p>\n","protected":false},"excerpt":{"rendered":"<p>Hoy lunes hemos comenzado la semana recordando la celebraci\u00f3n del Mig Any de las Fiestas de Moros y Cristianos de&#8230;<\/p>\n","protected":false},"author":1,"featured_media":147669,"comment_status":"closed","ping_status":"closed","sticky":false,"template":"","format":"standard","meta":{"footnotes":""},"categories":[6909,89,91,75],"tags":[],"class_list":["post-159008","post","type-post","status-publish","format-standard","has-post-thumbnail","hentry","category-actualidad","category-audiosdelosprogramas","category-informativos","category-noticias"],"yoast_head":"<!-- This site is optimized with the Yoast SEO plugin v27.3 - https:\/\/yoast.com\/product\/yoast-seo-wordpress\/ -->\n<title>Informativo matinal lunes 27 de octubre 2025 (07:50h) - COPE Alcoy<\/title>\n<meta name=\"robots\" content=\"index, follow, max-snippet:-1, max-image-preview:large, max-video-preview:-1\" \/>\n<link rel=\"canonical\" href=\"https:\/\/www.copealcoy.es\/es\/informativo-matinal-lunes-27-de-octubre-2025-0750h\/\" \/>\n<meta property=\"og:locale\" content=\"es_ES\" \/>\n<meta property=\"og:type\" content=\"article\" \/>\n<meta property=\"og:title\" content=\"Informativo matinal lunes 27 de octubre 2025 (07:50h) - COPE Alcoy\" \/>\n<meta property=\"og:description\" content=\"Hoy lunes hemos comenzado la semana recordando la celebraci\u00f3n del Mig Any de las Fiestas de Moros y Cristianos de...\" \/>\n<meta property=\"og:url\" content=\"https:\/\/www.copealcoy.es\/es\/informativo-matinal-lunes-27-de-octubre-2025-0750h\/\" \/>\n<meta property=\"og:site_name\" content=\"COPE Alcoy\" \/>\n<meta property=\"article:published_time\" content=\"2025-10-27T06:30:58+00:00\" \/>\n<meta property=\"article:modified_time\" content=\"2025-10-27T15:15:51+00:00\" \/>\n<meta property=\"og:image\" content=\"https:\/\/www.copealcoy.es\/wp-content\/uploads\/2025\/02\/Informativo-Matinal-Castellano.png\" \/>\n\t<meta property=\"og:image:width\" content=\"357\" \/>\n\t<meta property=\"og:image:height\" content=\"290\" \/>\n\t<meta property=\"og:image:type\" content=\"image\/png\" \/>\n<meta name=\"author\" content=\"Cope Alcoy\" \/>\n<meta name=\"twitter:label1\" content=\"Escrito por\" \/>\n\t<meta name=\"twitter:data1\" content=\"Cope Alcoy\" \/>\n\t<meta name=\"twitter:label2\" content=\"Tiempo de lectura\" \/>\n\t<meta name=\"twitter:data2\" content=\"3 minutos\" \/>\n<script type=\"application\/ld+json\" class=\"yoast-schema-graph\">{\"@context\":\"https:\\\/\\\/schema.org\",\"@graph\":[{\"@type\":\"Article\",\"@id\":\"https:\\\/\\\/www.copealcoy.es\\\/es\\\/informativo-matinal-lunes-27-de-octubre-2025-0750h\\\/#article\",\"isPartOf\":{\"@id\":\"https:\\\/\\\/www.copealcoy.es\\\/es\\\/informativo-matinal-lunes-27-de-octubre-2025-0750h\\\/\"},\"author\":{\"name\":\"Cope Alcoy\",\"@id\":\"https:\\\/\\\/www.copealcoy.es\\\/es\\\/#\\\/schema\\\/person\\\/e777c87fa024e57d40170af9df39882c\"},\"headline\":\"Informativo matinal lunes 27 de octubre 2025 (07:50h)\",\"datePublished\":\"2025-10-27T06:30:58+00:00\",\"dateModified\":\"2025-10-27T15:15:51+00:00\",\"mainEntityOfPage\":{\"@id\":\"https:\\\/\\\/www.copealcoy.es\\\/es\\\/informativo-matinal-lunes-27-de-octubre-2025-0750h\\\/\"},\"wordCount\":564,\"image\":{\"@id\":\"https:\\\/\\\/www.copealcoy.es\\\/es\\\/informativo-matinal-lunes-27-de-octubre-2025-0750h\\\/#primaryimage\"},\"thumbnailUrl\":\"https:\\\/\\\/www.copealcoy.es\\\/wp-content\\\/uploads\\\/2025\\\/02\\\/Informativo-Matinal-Castellano.png\",\"articleSection\":[\"Actualidad\",\"Audios de los programas\",\"Informativos\",\"Noticias\"],\"inLanguage\":\"es\"},{\"@type\":\"WebPage\",\"@id\":\"https:\\\/\\\/www.copealcoy.es\\\/es\\\/informativo-matinal-lunes-27-de-octubre-2025-0750h\\\/\",\"url\":\"https:\\\/\\\/www.copealcoy.es\\\/es\\\/informativo-matinal-lunes-27-de-octubre-2025-0750h\\\/\",\"name\":\"Informativo matinal lunes 27 de octubre 2025 (07:50h) - COPE Alcoy\",\"isPartOf\":{\"@id\":\"https:\\\/\\\/www.copealcoy.es\\\/es\\\/#website\"},\"primaryImageOfPage\":{\"@id\":\"https:\\\/\\\/www.copealcoy.es\\\/es\\\/informativo-matinal-lunes-27-de-octubre-2025-0750h\\\/#primaryimage\"},\"image\":{\"@id\":\"https:\\\/\\\/www.copealcoy.es\\\/es\\\/informativo-matinal-lunes-27-de-octubre-2025-0750h\\\/#primaryimage\"},\"thumbnailUrl\":\"https:\\\/\\\/www.copealcoy.es\\\/wp-content\\\/uploads\\\/2025\\\/02\\\/Informativo-Matinal-Castellano.png\",\"datePublished\":\"2025-10-27T06:30:58+00:00\",\"dateModified\":\"2025-10-27T15:15:51+00:00\",\"author\":{\"@id\":\"https:\\\/\\\/www.copealcoy.es\\\/es\\\/#\\\/schema\\\/person\\\/e777c87fa024e57d40170af9df39882c\"},\"breadcrumb\":{\"@id\":\"https:\\\/\\\/www.copealcoy.es\\\/es\\\/informativo-matinal-lunes-27-de-octubre-2025-0750h\\\/#breadcrumb\"},\"inLanguage\":\"es\",\"potentialAction\":[{\"@type\":\"ReadAction\",\"target\":[\"https:\\\/\\\/www.copealcoy.es\\\/es\\\/informativo-matinal-lunes-27-de-octubre-2025-0750h\\\/\"]}]},{\"@type\":\"ImageObject\",\"inLanguage\":\"es\",\"@id\":\"https:\\\/\\\/www.copealcoy.es\\\/es\\\/informativo-matinal-lunes-27-de-octubre-2025-0750h\\\/#primaryimage\",\"url\":\"https:\\\/\\\/www.copealcoy.es\\\/wp-content\\\/uploads\\\/2025\\\/02\\\/Informativo-Matinal-Castellano.png\",\"contentUrl\":\"https:\\\/\\\/www.copealcoy.es\\\/wp-content\\\/uploads\\\/2025\\\/02\\\/Informativo-Matinal-Castellano.png\",\"width\":357,\"height\":290},{\"@type\":\"BreadcrumbList\",\"@id\":\"https:\\\/\\\/www.copealcoy.es\\\/es\\\/informativo-matinal-lunes-27-de-octubre-2025-0750h\\\/#breadcrumb\",\"itemListElement\":[{\"@type\":\"ListItem\",\"position\":1,\"name\":\"Portada\",\"item\":\"https:\\\/\\\/www.copealcoy.es\\\/es\\\/\"},{\"@type\":\"ListItem\",\"position\":2,\"name\":\"Informativo matinal lunes 27 de octubre 2025 (07:50h)\"}]},{\"@type\":\"WebSite\",\"@id\":\"https:\\\/\\\/www.copealcoy.es\\\/es\\\/#website\",\"url\":\"https:\\\/\\\/www.copealcoy.es\\\/es\\\/\",\"name\":\"COPE Alcoy\",\"description\":\"Emisora COPE de radio local con emisi\u00f3n online. Pont de Sant Jordi 8-10 03803 Alcoy\",\"potentialAction\":[{\"@type\":\"SearchAction\",\"target\":{\"@type\":\"EntryPoint\",\"urlTemplate\":\"https:\\\/\\\/www.copealcoy.es\\\/es\\\/?s={search_term_string}\"},\"query-input\":{\"@type\":\"PropertyValueSpecification\",\"valueRequired\":true,\"valueName\":\"search_term_string\"}}],\"inLanguage\":\"es\"},{\"@type\":\"Person\",\"@id\":\"https:\\\/\\\/www.copealcoy.es\\\/es\\\/#\\\/schema\\\/person\\\/e777c87fa024e57d40170af9df39882c\",\"name\":\"Cope Alcoy\",\"image\":{\"@type\":\"ImageObject\",\"inLanguage\":\"es\",\"@id\":\"https:\\\/\\\/secure.gravatar.com\\\/avatar\\\/bb65d0283347e303893ba14f0692005417c1e0e690a325a4c5d8bb2b3943ee14?s=96&d=mm&r=g\",\"url\":\"https:\\\/\\\/secure.gravatar.com\\\/avatar\\\/bb65d0283347e303893ba14f0692005417c1e0e690a325a4c5d8bb2b3943ee14?s=96&d=mm&r=g\",\"contentUrl\":\"https:\\\/\\\/secure.gravatar.com\\\/avatar\\\/bb65d0283347e303893ba14f0692005417c1e0e690a325a4c5d8bb2b3943ee14?s=96&d=mm&r=g\",\"caption\":\"Cope Alcoy\"}}]}<\/script>\n<!-- \/ Yoast SEO plugin. -->","yoast_head_json":{"title":"Informativo matinal lunes 27 de octubre 2025 (07:50h) - COPE Alcoy","robots":{"index":"index","follow":"follow","max-snippet":"max-snippet:-1","max-image-preview":"max-image-preview:large","max-video-preview":"max-video-preview:-1"},"canonical":"https:\/\/www.copealcoy.es\/es\/informativo-matinal-lunes-27-de-octubre-2025-0750h\/","og_locale":"es_ES","og_type":"article","og_title":"Informativo matinal lunes 27 de octubre 2025 (07:50h) - COPE Alcoy","og_description":"Hoy lunes hemos comenzado la semana recordando la celebraci\u00f3n del Mig Any de las Fiestas de Moros y Cristianos de...","og_url":"https:\/\/www.copealcoy.es\/es\/informativo-matinal-lunes-27-de-octubre-2025-0750h\/","og_site_name":"COPE Alcoy","article_published_time":"2025-10-27T06:30:58+00:00","article_modified_time":"2025-10-27T15:15:51+00:00","og_image":[{"width":357,"height":290,"url":"https:\/\/www.copealcoy.es\/wp-content\/uploads\/2025\/02\/Informativo-Matinal-Castellano.png","type":"image\/png"}],"author":"Cope Alcoy","twitter_misc":{"Escrito por":"Cope Alcoy","Tiempo de lectura":"3 minutos"},"schema":{"@context":"https:\/\/schema.org","@graph":[{"@type":"Article","@id":"https:\/\/www.copealcoy.es\/es\/informativo-matinal-lunes-27-de-octubre-2025-0750h\/#article","isPartOf":{"@id":"https:\/\/www.copealcoy.es\/es\/informativo-matinal-lunes-27-de-octubre-2025-0750h\/"},"author":{"name":"Cope Alcoy","@id":"https:\/\/www.copealcoy.es\/es\/#\/schema\/person\/e777c87fa024e57d40170af9df39882c"},"headline":"Informativo matinal lunes 27 de octubre 2025 (07:50h)","datePublished":"2025-10-27T06:30:58+00:00","dateModified":"2025-10-27T15:15:51+00:00","mainEntityOfPage":{"@id":"https:\/\/www.copealcoy.es\/es\/informativo-matinal-lunes-27-de-octubre-2025-0750h\/"},"wordCount":564,"image":{"@id":"https:\/\/www.copealcoy.es\/es\/informativo-matinal-lunes-27-de-octubre-2025-0750h\/#primaryimage"},"thumbnailUrl":"https:\/\/www.copealcoy.es\/wp-content\/uploads\/2025\/02\/Informativo-Matinal-Castellano.png","articleSection":["Actualidad","Audios de los programas","Informativos","Noticias"],"inLanguage":"es"},{"@type":"WebPage","@id":"https:\/\/www.copealcoy.es\/es\/informativo-matinal-lunes-27-de-octubre-2025-0750h\/","url":"https:\/\/www.copealcoy.es\/es\/informativo-matinal-lunes-27-de-octubre-2025-0750h\/","name":"Informativo matinal lunes 27 de octubre 2025 (07:50h) - COPE Alcoy","isPartOf":{"@id":"https:\/\/www.copealcoy.es\/es\/#website"},"primaryImageOfPage":{"@id":"https:\/\/www.copealcoy.es\/es\/informativo-matinal-lunes-27-de-octubre-2025-0750h\/#primaryimage"},"image":{"@id":"https:\/\/www.copealcoy.es\/es\/informativo-matinal-lunes-27-de-octubre-2025-0750h\/#primaryimage"},"thumbnailUrl":"https:\/\/www.copealcoy.es\/wp-content\/uploads\/2025\/02\/Informativo-Matinal-Castellano.png","datePublished":"2025-10-27T06:30:58+00:00","dateModified":"2025-10-27T15:15:51+00:00","author":{"@id":"https:\/\/www.copealcoy.es\/es\/#\/schema\/person\/e777c87fa024e57d40170af9df39882c"},"breadcrumb":{"@id":"https:\/\/www.copealcoy.es\/es\/informativo-matinal-lunes-27-de-octubre-2025-0750h\/#breadcrumb"},"inLanguage":"es","potentialAction":[{"@type":"ReadAction","target":["https:\/\/www.copealcoy.es\/es\/informativo-matinal-lunes-27-de-octubre-2025-0750h\/"]}]},{"@type":"ImageObject","inLanguage":"es","@id":"https:\/\/www.copealcoy.es\/es\/informativo-matinal-lunes-27-de-octubre-2025-0750h\/#primaryimage","url":"https:\/\/www.copealcoy.es\/wp-content\/uploads\/2025\/02\/Informativo-Matinal-Castellano.png","contentUrl":"https:\/\/www.copealcoy.es\/wp-content\/uploads\/2025\/02\/Informativo-Matinal-Castellano.png","width":357,"height":290},{"@type":"BreadcrumbList","@id":"https:\/\/www.copealcoy.es\/es\/informativo-matinal-lunes-27-de-octubre-2025-0750h\/#breadcrumb","itemListElement":[{"@type":"ListItem","position":1,"name":"Portada","item":"https:\/\/www.copealcoy.es\/es\/"},{"@type":"ListItem","position":2,"name":"Informativo matinal lunes 27 de octubre 2025 (07:50h)"}]},{"@type":"WebSite","@id":"https:\/\/www.copealcoy.es\/es\/#website","url":"https:\/\/www.copealcoy.es\/es\/","name":"COPE Alcoy","description":"Emisora COPE de radio local con emisi\u00f3n online. Pont de Sant Jordi 8-10 03803 Alcoy","potentialAction":[{"@type":"SearchAction","target":{"@type":"EntryPoint","urlTemplate":"https:\/\/www.copealcoy.es\/es\/?s={search_term_string}"},"query-input":{"@type":"PropertyValueSpecification","valueRequired":true,"valueName":"search_term_string"}}],"inLanguage":"es"},{"@type":"Person","@id":"https:\/\/www.copealcoy.es\/es\/#\/schema\/person\/e777c87fa024e57d40170af9df39882c","name":"Cope Alcoy","image":{"@type":"ImageObject","inLanguage":"es","@id":"https:\/\/secure.gravatar.com\/avatar\/bb65d0283347e303893ba14f0692005417c1e0e690a325a4c5d8bb2b3943ee14?s=96&d=mm&r=g","url":"https:\/\/secure.gravatar.com\/avatar\/bb65d0283347e303893ba14f0692005417c1e0e690a325a4c5d8bb2b3943ee14?s=96&d=mm&r=g","contentUrl":"https:\/\/secure.gravatar.com\/avatar\/bb65d0283347e303893ba14f0692005417c1e0e690a325a4c5d8bb2b3943ee14?s=96&d=mm&r=g","caption":"Cope Alcoy"}}]}},"_links":{"self":[{"href":"https:\/\/www.copealcoy.es\/es\/wp-json\/wp\/v2\/posts\/159008","targetHints":{"allow":["GET"]}}],"collection":[{"href":"https:\/\/www.copealcoy.es\/es\/wp-json\/wp\/v2\/posts"}],"about":[{"href":"https:\/\/www.copealcoy.es\/es\/wp-json\/wp\/v2\/types\/post"}],"author":[{"embeddable":true,"href":"https:\/\/www.copealcoy.es\/es\/wp-json\/wp\/v2\/users\/1"}],"replies":[{"embeddable":true,"href":"https:\/\/www.copealcoy.es\/es\/wp-json\/wp\/v2\/comments?post=159008"}],"version-history":[{"count":1,"href":"https:\/\/www.copealcoy.es\/es\/wp-json\/wp\/v2\/posts\/159008\/revisions"}],"predecessor-version":[{"id":159009,"href":"https:\/\/www.copealcoy.es\/es\/wp-json\/wp\/v2\/posts\/159008\/revisions\/159009"}],"wp:featuredmedia":[{"embeddable":true,"href":"https:\/\/www.copealcoy.es\/es\/wp-json\/wp\/v2\/media\/147669"}],"wp:attachment":[{"href":"https:\/\/www.copealcoy.es\/es\/wp-json\/wp\/v2\/media?parent=159008"}],"wp:term":[{"taxonomy":"category","embeddable":true,"href":"https:\/\/www.copealcoy.es\/es\/wp-json\/wp\/v2\/categories?post=159008"},{"taxonomy":"post_tag","embeddable":true,"href":"https:\/\/www.copealcoy.es\/es\/wp-json\/wp\/v2\/tags?post=159008"}],"curies":[{"name":"wp","href":"https:\/\/api.w.org\/{rel}","templated":true}]}}