{"id":158929,"date":"2025-10-25T08:19:05","date_gmt":"2025-10-25T07:19:05","guid":{"rendered":"https:\/\/www.copealcoy.es\/?p=158929"},"modified":"2025-10-25T08:37:26","modified_gmt":"2025-10-25T07:37:26","slug":"alcoy-inicia-una-intensa-jornada-festiva-con-motivo-del-mig-any","status":"publish","type":"post","link":"https:\/\/www.copealcoy.es\/es\/alcoy-inicia-una-intensa-jornada-festiva-con-motivo-del-mig-any\/","title":{"rendered":"Alcoy inicia una intensa jornada festiva con motivo del Mig Any"},"content":{"rendered":"<p style=\"text-align: justify;\">Este s\u00e1bado,\u00a0<strong>Alcoy vive una nueva edici\u00f3n del Mig Any Fester<\/strong>, cita que marca el ecuador hacia las pr\u00f3ximas Fiestas de Moros y Cristianos, y que jornada central del intenso mes de actividades\u00a0organizadas por\u00a0<a href=\"https:\/\/www.asjordi.org\/\" target=\"_blank\" rel=\"noopener\"><strong><span style=\"color: #0000ff;\">la Asociaci\u00f3n de San Jorge<\/span>\u00a0<\/strong><\/a>que han tenido lugar durante este mes de octubre.\u00a0 Uno de los momentos m\u00e1s esperados ser\u00e1 <strong>el concurso de Olleta Alcoyana<\/strong>, que se lleva a cabo en La Glorieta durante esta ma\u00f1ana, y que volver\u00e1 a tener ganadores conoci\u00e9ndose el fallo del jurado en torno a las 14:00h del mediod\u00eda.<\/p>\n<p style=\"text-align: justify;\">Desde el <span style=\"color: #000000;\"><strong>Ayuntamiento de Alcoy<\/strong><\/span> ha puesto en marcha un <strong data-start=\"1437\" data-end=\"1473\">dispositivo especial de limpieza<\/strong>, que incluye la instalaci\u00f3n de m\u00e1s contenedores \u2014especialmente de vidrio\u2014 y el refuerzo de los servicios de recogida. Las\u00a0<strong data-start=\"1596\" data-end=\"1609\">28 filaes<\/strong>\u00a0dispondr\u00e1n de contenedores para separar residuos, y se anima tanto a festeros como al p\u00fablico a\u00a0<strong data-start=\"1706\" data-end=\"1759\">usar vasos reutilizables y reciclar correctamente<\/strong>. Por otro lado, se activar\u00e1\u00a0un dispositivo especial de\u00a0<strong data-start=\"73\" data-end=\"91\">Puntos Violeta<\/strong>\u00a0con motivo del\u00a0<strong data-start=\"107\" data-end=\"125\">Mig Any Fester<\/strong>, destinados a prevenir y actuar ante cualquier agresi\u00f3n sexista. La iniciativa, impulsada por la Concejal\u00eda de Igualdad y Pol\u00edticas LGTBI y cofinanciada por el\u00a0<strong data-start=\"286\" data-end=\"335\">Pacto de Estado contra la Violencia de G\u00e9nero<\/strong>, contar\u00e1 con\u00a0<strong data-start=\"349\" data-end=\"378\">cuatro puntos de atenci\u00f3n<\/strong>, tres de ellos itinerantes, que funcionar\u00e1n de\u00a0<strong data-start=\"426\" data-end=\"448\">18:00 a 4:00 horas<\/strong>. El\u00a0<strong data-start=\"453\" data-end=\"467\">punto fijo<\/strong>\u00a0estar\u00e1 situado en la\u00a0<strong data-start=\"489\" data-end=\"539\">Avinguda Pa\u00eds Valenci\u00e0, 38<\/strong>, mientras que los\u00a0<strong data-start=\"558\" data-end=\"573\">itinerantes<\/strong>\u00a0recorrer\u00e1n zonas de gran afluencia como\u00a0<strong data-start=\"614\" data-end=\"764\">la calle Sant Lloren\u00e7, la pla\u00e7a de Dins, la pla\u00e7a d\u2019Espanya, Sant Nicolau, Sant Francesc, La Glorieta, la pla\u00e7a Emili Sala y la pla\u00e7a Gon\u00e7al Cant\u00f3<\/strong>. Adem\u00e1s, habr\u00e1 un\u00a0<strong data-start=\"783\" data-end=\"840\">punto policial especializado en delitos de odio LGTBI<\/strong>\u00a0en la\u00a0<strong data-start=\"847\" data-end=\"895\">Avinguda Pa\u00eds Valenci\u00e0, 40-42.\u00a0<\/strong>\u00a0Estos espacios ofrecer\u00e1n\u00a0<strong data-start=\"922\" data-end=\"962\">orientaci\u00f3n, apoyo y sensibilizaci\u00f3n<\/strong>\u00a0para garantizar unas fiestas seguras y libres de machismo.<\/p>\n<p style=\"text-align: justify;\">Tras la comida, a partir de las 18:00h, dar\u00e1n inicio las<strong> &#8216;Entradetes&#8217;<\/strong> que discurrir\u00e1n hasta entrada la madrugada por los itinerarios habituales. Los desfiles tendr\u00e1n el siguiente horario por <strong>la calle Sant Nicolau<\/strong>: Ligeros (18:00h), Llana (18:25h), Realistes (18:50h), Asturianos (19:15h), Andaluces (19:40h), Marrakesch (20:05h), Guzmanes (20:30h), Cord\u00f3n (20:55h), Aragonesos (21:20h), Muntanyesos (21:45h), Mud\u00e9jares (22:10h), Chano (22:35h), Cides (23:00h), Abencerrajes (23:25h), Vascos (23:50h) y Labradores (00:15h). Por <strong>Pa\u00eds Valenci\u00e0<\/strong> desfilar\u00e1n: Navarros (18:00h), Magenta (18:25h), Almog\u00e1vares (18:50h), Berberiscos (19:15h), Cruzados (19:40h), Moz\u00e1rabes (20:05h), Verdes (20:30h), Domingo Miques (20:55h), Jud\u00edos (21:20h), Benimerines (23:00h) y Alcodianos (23:25h).<\/p>\n<p style=\"text-align: justify;\"><strong data-start=\"1962\" data-end=\"1976\">COPE ALCOY\u00a0<\/strong>se unir\u00e1 de nuevo a la conmemoraci\u00f3n del Mig Any y\u00a0ofrecer\u00e1 un\u00a0<strong data-start=\"1989\" data-end=\"2039\">programa especial en directo desde La Glorieta<\/strong>\u00a0para acercar a los oyentes el ambiente y las voces protagonistas de esta jornada festera. El espacio estar\u00e1 disponible tambi\u00e9n en nuestra web,\u00a0\u00a0<strong>www.copealcoy.es.\u00a0<\/strong><\/p>\n","protected":false},"excerpt":{"rendered":"<p>Este s\u00e1bado,\u00a0Alcoy vive una nueva edici\u00f3n del Mig Any Fester, cita que marca el ecuador hacia las pr\u00f3ximas Fiestas de&#8230;<\/p>\n","protected":false},"author":1,"featured_media":158930,"comment_status":"closed","ping_status":"closed","sticky":false,"template":"","format":"standard","meta":{"footnotes":""},"categories":[6909,97,78,75,125],"tags":[1494,565,8844,1455,609],"class_list":["post-158929","post","type-post","status-publish","format-standard","has-post-thumbnail","hentry","category-actualidad","category-alcoy","category-fiestaycultura","category-noticias","category-portada","tag-alcoy","tag-fiestas","tag-jornada-central","tag-mig-any","tag-moros-y-cristianos"],"yoast_head":"<!-- This site is optimized with the Yoast SEO plugin v27.3 - https:\/\/yoast.com\/product\/yoast-seo-wordpress\/ -->\n<title>Alcoy inicia una intensa jornada festiva con motivo del Mig Any - COPE Alcoy<\/title>\n<meta name=\"description\" content=\"Alcoy inicia una intensa jornada festiva con motivo del Mig Any\" \/>\n<meta name=\"robots\" content=\"index, follow, max-snippet:-1, max-image-preview:large, max-video-preview:-1\" \/>\n<link rel=\"canonical\" href=\"https:\/\/www.copealcoy.es\/es\/alcoy-inicia-una-intensa-jornada-festiva-con-motivo-del-mig-any\/\" \/>\n<meta property=\"og:locale\" content=\"es_ES\" \/>\n<meta property=\"og:type\" content=\"article\" \/>\n<meta property=\"og:title\" content=\"Alcoy inicia una intensa jornada festiva con motivo del Mig Any - COPE Alcoy\" \/>\n<meta property=\"og:description\" content=\"Alcoy inicia una intensa jornada festiva con motivo del Mig Any\" \/>\n<meta property=\"og:url\" content=\"https:\/\/www.copealcoy.es\/es\/alcoy-inicia-una-intensa-jornada-festiva-con-motivo-del-mig-any\/\" \/>\n<meta property=\"og:site_name\" content=\"COPE Alcoy\" \/>\n<meta property=\"article:published_time\" content=\"2025-10-25T07:19:05+00:00\" \/>\n<meta property=\"article:modified_time\" content=\"2025-10-25T07:37:26+00:00\" \/>\n<meta property=\"og:image\" content=\"https:\/\/www.copealcoy.es\/wp-content\/uploads\/2025\/10\/unnamed-1-22.jpg\" \/>\n\t<meta property=\"og:image:width\" content=\"1179\" \/>\n\t<meta property=\"og:image:height\" content=\"732\" \/>\n\t<meta property=\"og:image:type\" content=\"image\/jpeg\" \/>\n<meta name=\"author\" content=\"Cope Alcoy\" \/>\n<meta name=\"twitter:label1\" content=\"Escrito por\" \/>\n\t<meta name=\"twitter:data1\" content=\"Cope Alcoy\" \/>\n\t<meta name=\"twitter:label2\" content=\"Tiempo de lectura\" \/>\n\t<meta name=\"twitter:data2\" content=\"3 minutos\" \/>\n<script type=\"application\/ld+json\" class=\"yoast-schema-graph\">{\"@context\":\"https:\\\/\\\/schema.org\",\"@graph\":[{\"@type\":\"Article\",\"@id\":\"https:\\\/\\\/www.copealcoy.es\\\/es\\\/alcoy-inicia-una-intensa-jornada-festiva-con-motivo-del-mig-any\\\/#article\",\"isPartOf\":{\"@id\":\"https:\\\/\\\/www.copealcoy.es\\\/es\\\/alcoy-inicia-una-intensa-jornada-festiva-con-motivo-del-mig-any\\\/\"},\"author\":{\"name\":\"Cope Alcoy\",\"@id\":\"https:\\\/\\\/www.copealcoy.es\\\/es\\\/#\\\/schema\\\/person\\\/e777c87fa024e57d40170af9df39882c\"},\"headline\":\"Alcoy inicia una intensa jornada festiva con motivo del Mig Any\",\"datePublished\":\"2025-10-25T07:19:05+00:00\",\"dateModified\":\"2025-10-25T07:37:26+00:00\",\"mainEntityOfPage\":{\"@id\":\"https:\\\/\\\/www.copealcoy.es\\\/es\\\/alcoy-inicia-una-intensa-jornada-festiva-con-motivo-del-mig-any\\\/\"},\"wordCount\":485,\"image\":{\"@id\":\"https:\\\/\\\/www.copealcoy.es\\\/es\\\/alcoy-inicia-una-intensa-jornada-festiva-con-motivo-del-mig-any\\\/#primaryimage\"},\"thumbnailUrl\":\"https:\\\/\\\/www.copealcoy.es\\\/wp-content\\\/uploads\\\/2025\\\/10\\\/unnamed-1-22.jpg\",\"keywords\":[\"Alcoy\",\"Fiestas\",\"jornada central\",\"Mig Any\",\"Moros Y Cristianos\"],\"articleSection\":[\"Actualidad\",\"Alcoy\",\"Fiesta y Cultura\",\"Noticias\",\"Portada\"],\"inLanguage\":\"es\"},{\"@type\":\"WebPage\",\"@id\":\"https:\\\/\\\/www.copealcoy.es\\\/es\\\/alcoy-inicia-una-intensa-jornada-festiva-con-motivo-del-mig-any\\\/\",\"url\":\"https:\\\/\\\/www.copealcoy.es\\\/es\\\/alcoy-inicia-una-intensa-jornada-festiva-con-motivo-del-mig-any\\\/\",\"name\":\"Alcoy inicia una intensa jornada festiva con motivo del Mig Any - COPE Alcoy\",\"isPartOf\":{\"@id\":\"https:\\\/\\\/www.copealcoy.es\\\/es\\\/#website\"},\"primaryImageOfPage\":{\"@id\":\"https:\\\/\\\/www.copealcoy.es\\\/es\\\/alcoy-inicia-una-intensa-jornada-festiva-con-motivo-del-mig-any\\\/#primaryimage\"},\"image\":{\"@id\":\"https:\\\/\\\/www.copealcoy.es\\\/es\\\/alcoy-inicia-una-intensa-jornada-festiva-con-motivo-del-mig-any\\\/#primaryimage\"},\"thumbnailUrl\":\"https:\\\/\\\/www.copealcoy.es\\\/wp-content\\\/uploads\\\/2025\\\/10\\\/unnamed-1-22.jpg\",\"datePublished\":\"2025-10-25T07:19:05+00:00\",\"dateModified\":\"2025-10-25T07:37:26+00:00\",\"author\":{\"@id\":\"https:\\\/\\\/www.copealcoy.es\\\/es\\\/#\\\/schema\\\/person\\\/e777c87fa024e57d40170af9df39882c\"},\"description\":\"Alcoy inicia una intensa jornada festiva con motivo del Mig Any\",\"breadcrumb\":{\"@id\":\"https:\\\/\\\/www.copealcoy.es\\\/es\\\/alcoy-inicia-una-intensa-jornada-festiva-con-motivo-del-mig-any\\\/#breadcrumb\"},\"inLanguage\":\"es\",\"potentialAction\":[{\"@type\":\"ReadAction\",\"target\":[\"https:\\\/\\\/www.copealcoy.es\\\/es\\\/alcoy-inicia-una-intensa-jornada-festiva-con-motivo-del-mig-any\\\/\"]}]},{\"@type\":\"ImageObject\",\"inLanguage\":\"es\",\"@id\":\"https:\\\/\\\/www.copealcoy.es\\\/es\\\/alcoy-inicia-una-intensa-jornada-festiva-con-motivo-del-mig-any\\\/#primaryimage\",\"url\":\"https:\\\/\\\/www.copealcoy.es\\\/wp-content\\\/uploads\\\/2025\\\/10\\\/unnamed-1-22.jpg\",\"contentUrl\":\"https:\\\/\\\/www.copealcoy.es\\\/wp-content\\\/uploads\\\/2025\\\/10\\\/unnamed-1-22.jpg\",\"width\":1179,\"height\":732},{\"@type\":\"BreadcrumbList\",\"@id\":\"https:\\\/\\\/www.copealcoy.es\\\/es\\\/alcoy-inicia-una-intensa-jornada-festiva-con-motivo-del-mig-any\\\/#breadcrumb\",\"itemListElement\":[{\"@type\":\"ListItem\",\"position\":1,\"name\":\"Portada\",\"item\":\"https:\\\/\\\/www.copealcoy.es\\\/es\\\/\"},{\"@type\":\"ListItem\",\"position\":2,\"name\":\"Alcoy inicia una intensa jornada festiva con motivo del Mig Any\"}]},{\"@type\":\"WebSite\",\"@id\":\"https:\\\/\\\/www.copealcoy.es\\\/es\\\/#website\",\"url\":\"https:\\\/\\\/www.copealcoy.es\\\/es\\\/\",\"name\":\"COPE Alcoy\",\"description\":\"Emisora COPE de radio local con emisi\u00f3n online. Pont de Sant Jordi 8-10 03803 Alcoy\",\"potentialAction\":[{\"@type\":\"SearchAction\",\"target\":{\"@type\":\"EntryPoint\",\"urlTemplate\":\"https:\\\/\\\/www.copealcoy.es\\\/es\\\/?s={search_term_string}\"},\"query-input\":{\"@type\":\"PropertyValueSpecification\",\"valueRequired\":true,\"valueName\":\"search_term_string\"}}],\"inLanguage\":\"es\"},{\"@type\":\"Person\",\"@id\":\"https:\\\/\\\/www.copealcoy.es\\\/es\\\/#\\\/schema\\\/person\\\/e777c87fa024e57d40170af9df39882c\",\"name\":\"Cope Alcoy\",\"image\":{\"@type\":\"ImageObject\",\"inLanguage\":\"es\",\"@id\":\"https:\\\/\\\/secure.gravatar.com\\\/avatar\\\/bb65d0283347e303893ba14f0692005417c1e0e690a325a4c5d8bb2b3943ee14?s=96&d=mm&r=g\",\"url\":\"https:\\\/\\\/secure.gravatar.com\\\/avatar\\\/bb65d0283347e303893ba14f0692005417c1e0e690a325a4c5d8bb2b3943ee14?s=96&d=mm&r=g\",\"contentUrl\":\"https:\\\/\\\/secure.gravatar.com\\\/avatar\\\/bb65d0283347e303893ba14f0692005417c1e0e690a325a4c5d8bb2b3943ee14?s=96&d=mm&r=g\",\"caption\":\"Cope Alcoy\"}}]}<\/script>\n<!-- \/ Yoast SEO plugin. -->","yoast_head_json":{"title":"Alcoy inicia una intensa jornada festiva con motivo del Mig Any - COPE Alcoy","description":"Alcoy inicia una intensa jornada festiva con motivo del Mig Any","robots":{"index":"index","follow":"follow","max-snippet":"max-snippet:-1","max-image-preview":"max-image-preview:large","max-video-preview":"max-video-preview:-1"},"canonical":"https:\/\/www.copealcoy.es\/es\/alcoy-inicia-una-intensa-jornada-festiva-con-motivo-del-mig-any\/","og_locale":"es_ES","og_type":"article","og_title":"Alcoy inicia una intensa jornada festiva con motivo del Mig Any - COPE Alcoy","og_description":"Alcoy inicia una intensa jornada festiva con motivo del Mig Any","og_url":"https:\/\/www.copealcoy.es\/es\/alcoy-inicia-una-intensa-jornada-festiva-con-motivo-del-mig-any\/","og_site_name":"COPE Alcoy","article_published_time":"2025-10-25T07:19:05+00:00","article_modified_time":"2025-10-25T07:37:26+00:00","og_image":[{"width":1179,"height":732,"url":"https:\/\/www.copealcoy.es\/wp-content\/uploads\/2025\/10\/unnamed-1-22.jpg","type":"image\/jpeg"}],"author":"Cope Alcoy","twitter_misc":{"Escrito por":"Cope Alcoy","Tiempo de lectura":"3 minutos"},"schema":{"@context":"https:\/\/schema.org","@graph":[{"@type":"Article","@id":"https:\/\/www.copealcoy.es\/es\/alcoy-inicia-una-intensa-jornada-festiva-con-motivo-del-mig-any\/#article","isPartOf":{"@id":"https:\/\/www.copealcoy.es\/es\/alcoy-inicia-una-intensa-jornada-festiva-con-motivo-del-mig-any\/"},"author":{"name":"Cope Alcoy","@id":"https:\/\/www.copealcoy.es\/es\/#\/schema\/person\/e777c87fa024e57d40170af9df39882c"},"headline":"Alcoy inicia una intensa jornada festiva con motivo del Mig Any","datePublished":"2025-10-25T07:19:05+00:00","dateModified":"2025-10-25T07:37:26+00:00","mainEntityOfPage":{"@id":"https:\/\/www.copealcoy.es\/es\/alcoy-inicia-una-intensa-jornada-festiva-con-motivo-del-mig-any\/"},"wordCount":485,"image":{"@id":"https:\/\/www.copealcoy.es\/es\/alcoy-inicia-una-intensa-jornada-festiva-con-motivo-del-mig-any\/#primaryimage"},"thumbnailUrl":"https:\/\/www.copealcoy.es\/wp-content\/uploads\/2025\/10\/unnamed-1-22.jpg","keywords":["Alcoy","Fiestas","jornada central","Mig Any","Moros Y Cristianos"],"articleSection":["Actualidad","Alcoy","Fiesta y Cultura","Noticias","Portada"],"inLanguage":"es"},{"@type":"WebPage","@id":"https:\/\/www.copealcoy.es\/es\/alcoy-inicia-una-intensa-jornada-festiva-con-motivo-del-mig-any\/","url":"https:\/\/www.copealcoy.es\/es\/alcoy-inicia-una-intensa-jornada-festiva-con-motivo-del-mig-any\/","name":"Alcoy inicia una intensa jornada festiva con motivo del Mig Any - COPE Alcoy","isPartOf":{"@id":"https:\/\/www.copealcoy.es\/es\/#website"},"primaryImageOfPage":{"@id":"https:\/\/www.copealcoy.es\/es\/alcoy-inicia-una-intensa-jornada-festiva-con-motivo-del-mig-any\/#primaryimage"},"image":{"@id":"https:\/\/www.copealcoy.es\/es\/alcoy-inicia-una-intensa-jornada-festiva-con-motivo-del-mig-any\/#primaryimage"},"thumbnailUrl":"https:\/\/www.copealcoy.es\/wp-content\/uploads\/2025\/10\/unnamed-1-22.jpg","datePublished":"2025-10-25T07:19:05+00:00","dateModified":"2025-10-25T07:37:26+00:00","author":{"@id":"https:\/\/www.copealcoy.es\/es\/#\/schema\/person\/e777c87fa024e57d40170af9df39882c"},"description":"Alcoy inicia una intensa jornada festiva con motivo del Mig Any","breadcrumb":{"@id":"https:\/\/www.copealcoy.es\/es\/alcoy-inicia-una-intensa-jornada-festiva-con-motivo-del-mig-any\/#breadcrumb"},"inLanguage":"es","potentialAction":[{"@type":"ReadAction","target":["https:\/\/www.copealcoy.es\/es\/alcoy-inicia-una-intensa-jornada-festiva-con-motivo-del-mig-any\/"]}]},{"@type":"ImageObject","inLanguage":"es","@id":"https:\/\/www.copealcoy.es\/es\/alcoy-inicia-una-intensa-jornada-festiva-con-motivo-del-mig-any\/#primaryimage","url":"https:\/\/www.copealcoy.es\/wp-content\/uploads\/2025\/10\/unnamed-1-22.jpg","contentUrl":"https:\/\/www.copealcoy.es\/wp-content\/uploads\/2025\/10\/unnamed-1-22.jpg","width":1179,"height":732},{"@type":"BreadcrumbList","@id":"https:\/\/www.copealcoy.es\/es\/alcoy-inicia-una-intensa-jornada-festiva-con-motivo-del-mig-any\/#breadcrumb","itemListElement":[{"@type":"ListItem","position":1,"name":"Portada","item":"https:\/\/www.copealcoy.es\/es\/"},{"@type":"ListItem","position":2,"name":"Alcoy inicia una intensa jornada festiva con motivo del Mig Any"}]},{"@type":"WebSite","@id":"https:\/\/www.copealcoy.es\/es\/#website","url":"https:\/\/www.copealcoy.es\/es\/","name":"COPE Alcoy","description":"Emisora COPE de radio local con emisi\u00f3n online. Pont de Sant Jordi 8-10 03803 Alcoy","potentialAction":[{"@type":"SearchAction","target":{"@type":"EntryPoint","urlTemplate":"https:\/\/www.copealcoy.es\/es\/?s={search_term_string}"},"query-input":{"@type":"PropertyValueSpecification","valueRequired":true,"valueName":"search_term_string"}}],"inLanguage":"es"},{"@type":"Person","@id":"https:\/\/www.copealcoy.es\/es\/#\/schema\/person\/e777c87fa024e57d40170af9df39882c","name":"Cope Alcoy","image":{"@type":"ImageObject","inLanguage":"es","@id":"https:\/\/secure.gravatar.com\/avatar\/bb65d0283347e303893ba14f0692005417c1e0e690a325a4c5d8bb2b3943ee14?s=96&d=mm&r=g","url":"https:\/\/secure.gravatar.com\/avatar\/bb65d0283347e303893ba14f0692005417c1e0e690a325a4c5d8bb2b3943ee14?s=96&d=mm&r=g","contentUrl":"https:\/\/secure.gravatar.com\/avatar\/bb65d0283347e303893ba14f0692005417c1e0e690a325a4c5d8bb2b3943ee14?s=96&d=mm&r=g","caption":"Cope Alcoy"}}]}},"_links":{"self":[{"href":"https:\/\/www.copealcoy.es\/es\/wp-json\/wp\/v2\/posts\/158929","targetHints":{"allow":["GET"]}}],"collection":[{"href":"https:\/\/www.copealcoy.es\/es\/wp-json\/wp\/v2\/posts"}],"about":[{"href":"https:\/\/www.copealcoy.es\/es\/wp-json\/wp\/v2\/types\/post"}],"author":[{"embeddable":true,"href":"https:\/\/www.copealcoy.es\/es\/wp-json\/wp\/v2\/users\/1"}],"replies":[{"embeddable":true,"href":"https:\/\/www.copealcoy.es\/es\/wp-json\/wp\/v2\/comments?post=158929"}],"version-history":[{"count":3,"href":"https:\/\/www.copealcoy.es\/es\/wp-json\/wp\/v2\/posts\/158929\/revisions"}],"predecessor-version":[{"id":158936,"href":"https:\/\/www.copealcoy.es\/es\/wp-json\/wp\/v2\/posts\/158929\/revisions\/158936"}],"wp:featuredmedia":[{"embeddable":true,"href":"https:\/\/www.copealcoy.es\/es\/wp-json\/wp\/v2\/media\/158930"}],"wp:attachment":[{"href":"https:\/\/www.copealcoy.es\/es\/wp-json\/wp\/v2\/media?parent=158929"}],"wp:term":[{"taxonomy":"category","embeddable":true,"href":"https:\/\/www.copealcoy.es\/es\/wp-json\/wp\/v2\/categories?post=158929"},{"taxonomy":"post_tag","embeddable":true,"href":"https:\/\/www.copealcoy.es\/es\/wp-json\/wp\/v2\/tags?post=158929"}],"curies":[{"name":"wp","href":"https:\/\/api.w.org\/{rel}","templated":true}]}}