{"id":158888,"date":"2025-10-24T12:49:53","date_gmt":"2025-10-24T11:49:53","guid":{"rendered":"https:\/\/www.copealcoy.es\/?p=158888"},"modified":"2025-10-24T12:59:30","modified_gmt":"2025-10-24T11:59:30","slug":"la-fila-verds-de-alcoy-se-proclama-campeona-del-campeonato-de-cotos-del-mig-any-2025","status":"publish","type":"post","link":"https:\/\/www.copealcoy.es\/es\/la-fila-verds-de-alcoy-se-proclama-campeona-del-campeonato-de-cotos-del-mig-any-2025\/","title":{"rendered":"La Fil\u00e0 Verds de Alcoy se proclama campeona del Campeonato de Cotos del Mig Any 2025"},"content":{"rendered":"<p style=\"text-align: justify;\" data-start=\"246\" data-end=\"674\">La <a href=\"https:\/\/www.facebook.com\/filaverdsalcoi\/?locale=es_ES\" target=\"_blank\" rel=\"noopener\"><span style=\"color: #0000ff;\"><strong>Fil\u00e0 Verds<\/strong><\/span><\/a> de Alcoy se ha proclamado vencedora del <strong data-start=\"291\" data-end=\"331\">Campeonato de Cotos del Mig Any en este 2025<\/strong> y tras imponerse con claridad a la Fil\u00e0 Abencerrajes en la final celebrada en la noche del jueves 23 de octubre, cita que tuvo lugar en la sede de la Fil\u00e0 Marrakesch. El marcador final, <strong data-start=\"482\" data-end=\"491\">4 a 1<\/strong>, reflej\u00f3 que el equipo formado por <strong data-start=\"540\" data-end=\"574\">Ra\u00fal Santacreu y Vicente P\u00e9rez <\/strong>iba a alzarse con el t\u00edtulo de ganador despu\u00e9s de vencer en las partidas\u00a0a la pareja de los Abencerrajes compuesta por <strong data-start=\"636\" data-end=\"671\">Nicol\u00e1s Ll\u00e1cer y Carlos Company<\/strong>. Como suele ser habitual, la gran final de este singular torneo reuni\u00f3 numerosas personas repiti\u00e9ndose el ambiente festivo que se ha ido dando a lo largo del mes de octubre en todas las fases llevadas a cabo en las \u00faltimas semanas.<\/p>\n<p data-start=\"246\" data-end=\"674\"><strong><span style=\"color: #0000ff;\">Concurso de Olleta y &#8216;Entradetes&#8217;, protagonistas del s\u00e1bado<\/span><\/strong><\/p>\n<p style=\"text-align: justify;\" data-start=\"676\" data-end=\"1188\">Todo est\u00e1 ya listo para que <strong data-start=\"704\" data-end=\"759\">Alcoy celebre ma\u00f1ana la jornada central del Mig Any<\/strong> de nuestras Fiestas de Moros y Cristianos en honor a San Jorge. El parque de <strong data-start=\"798\" data-end=\"813\">La Glorieta<\/strong> ser\u00e1 el punto neur\u00e1lgico de la actividad festera, con el tradicional <strong>Concurso de Olleta<\/strong>, cuyo fallo se conocer\u00e1 a partir de las 14:00 horas. Por la tarde, dede las <strong data-start=\"989\" data-end=\"1004\">18:00 horas<\/strong>, las populares <strong data-start=\"1020\" data-end=\"1035\">\u2018Entraetes\u2019<\/strong> recorrer\u00e1n las calles del Centro siguiendo los itinerarios habituales, como antesala del ambiente festivo que se vivir\u00e1 durante todo el fin de semana. Los horarios los puedes consultar <a href=\"https:\/\/www.alcoyturismo.com\/esdev\/867\/entradetes-mig-any-2025.html?lang=1\" target=\"_blank\" rel=\"noopener\"><strong><span style=\"color: #0000ff;\">aqu\u00ed<\/span><\/strong><\/a>.<\/p>\n<p style=\"text-align: justify;\" data-start=\"676\" data-end=\"1188\">Adem\u00e1s, el Ayuntamiento ha puesto en marcha un <strong data-start=\"1437\" data-end=\"1473\">dispositivo especial de limpieza<\/strong>, que incluye la instalaci\u00f3n de m\u00e1s contenedores \u2014especialmente de vidrio\u2014 y el refuerzo de los servicios de recogida. Las <strong data-start=\"1596\" data-end=\"1609\">28 filaes<\/strong> dispondr\u00e1n de contenedores para separar residuos, y se anima tanto a festeros como al p\u00fablico a <strong data-start=\"1706\" data-end=\"1759\">usar vasos reutilizables y reciclar correctamente<\/strong>. Por otro lado, se activar\u00e1\u00a0un dispositivo especial de <strong data-start=\"73\" data-end=\"91\">Puntos Violeta<\/strong> con motivo del <strong data-start=\"107\" data-end=\"125\">Mig Any Fester<\/strong>, destinados a prevenir y actuar ante cualquier agresi\u00f3n sexista. La iniciativa, impulsada por la Concejal\u00eda de Igualdad y Pol\u00edticas LGTBI y cofinanciada por el <strong data-start=\"286\" data-end=\"335\">Pacto de Estado contra la Violencia de G\u00e9nero<\/strong>, contar\u00e1 con <strong data-start=\"349\" data-end=\"378\">cuatro puntos de atenci\u00f3n<\/strong>, tres de ellos itinerantes, que funcionar\u00e1n de <strong data-start=\"426\" data-end=\"448\">18:00 a 4:00 horas<\/strong>. El <strong data-start=\"453\" data-end=\"467\">punto fijo<\/strong> estar\u00e1 situado en la <strong data-start=\"489\" data-end=\"539\">Avinguda Pa\u00eds Valenci\u00e0, 38<\/strong>, mientras que los <strong data-start=\"558\" data-end=\"573\">itinerantes<\/strong> recorrer\u00e1n zonas de gran afluencia como <strong data-start=\"614\" data-end=\"764\">la calle Sant Lloren\u00e7, la pla\u00e7a de Dins, la pla\u00e7a d&#8217;Espanya, Sant Nicolau, Sant Francesc, La Glorieta, la pla\u00e7a Emili Sala y la pla\u00e7a Gon\u00e7al Cant\u00f3<\/strong>. Adem\u00e1s, habr\u00e1 un <strong data-start=\"783\" data-end=\"840\">punto policial especializado en delitos de odio LGTBI<\/strong> en la <strong data-start=\"847\" data-end=\"895\">Avinguda Pa\u00eds Valenci\u00e0, 40-42. <\/strong>\u00a0Estos espacios ofrecer\u00e1n <strong data-start=\"922\" data-end=\"962\">orientaci\u00f3n, apoyo y sensibilizaci\u00f3n<\/strong> para garantizar unas fiestas seguras y libres de machismo.<\/p>\n<p style=\"text-align: justify;\" data-start=\"676\" data-end=\"1188\"><strong data-start=\"1962\" data-end=\"1976\">COPE ALCOY <\/strong>se unir\u00e1 de nuevo a la conmemoraci\u00f3n del Mig Any y\u00a0ofrecer\u00e1 un <strong data-start=\"1989\" data-end=\"2039\">programa especial en directo desde La Glorieta<\/strong> para acercar a los oyentes el ambiente y las voces protagonistas de esta jornada festera. El espacio estar\u00e1 disponible tambi\u00e9n en nuestra web,\u00a0 <strong>www.copealcoy.es.\u00a0<\/strong><\/p>\n","protected":false},"excerpt":{"rendered":"<p>La Fil\u00e0 Verds de Alcoy se ha proclamado vencedora del Campeonato de Cotos del Mig Any en este 2025 y&#8230;<\/p>\n","protected":false},"author":1,"featured_media":158889,"comment_status":"closed","ping_status":"closed","sticky":false,"template":"","format":"standard","meta":{"footnotes":""},"categories":[6909,97,78,75],"tags":[1494,3100,565,3346,1455,609],"class_list":["post-158888","post","type-post","status-publish","format-standard","has-post-thumbnail","hentry","category-actualidad","category-alcoy","category-fiestaycultura","category-noticias","tag-alcoy","tag-campeonato-de-cotos","tag-fiestas","tag-fila-verds","tag-mig-any","tag-moros-y-cristianos"],"yoast_head":"<!-- This site is optimized with the Yoast SEO plugin v27.3 - https:\/\/yoast.com\/product\/yoast-seo-wordpress\/ -->\n<title>La Fil\u00e0 Verds de Alcoy se proclama campeona del Campeonato de Cotos del Mig Any 2025 - COPE Alcoy<\/title>\n<meta name=\"description\" content=\"La Fil\u00e0 Verds de Alcoy se proclama campeona del Campeonato de Cotos del Mig Any 2025\" \/>\n<meta name=\"robots\" content=\"index, follow, max-snippet:-1, max-image-preview:large, max-video-preview:-1\" \/>\n<link rel=\"canonical\" href=\"https:\/\/www.copealcoy.es\/es\/la-fila-verds-de-alcoy-se-proclama-campeona-del-campeonato-de-cotos-del-mig-any-2025\/\" \/>\n<meta property=\"og:locale\" content=\"es_ES\" \/>\n<meta property=\"og:type\" content=\"article\" \/>\n<meta property=\"og:title\" content=\"La Fil\u00e0 Verds de Alcoy se proclama campeona del Campeonato de Cotos del Mig Any 2025 - COPE Alcoy\" \/>\n<meta property=\"og:description\" content=\"La Fil\u00e0 Verds de Alcoy se proclama campeona del Campeonato de Cotos del Mig Any 2025\" \/>\n<meta property=\"og:url\" content=\"https:\/\/www.copealcoy.es\/es\/la-fila-verds-de-alcoy-se-proclama-campeona-del-campeonato-de-cotos-del-mig-any-2025\/\" \/>\n<meta property=\"og:site_name\" content=\"COPE Alcoy\" \/>\n<meta property=\"article:published_time\" content=\"2025-10-24T11:49:53+00:00\" \/>\n<meta property=\"article:modified_time\" content=\"2025-10-24T11:59:30+00:00\" \/>\n<meta property=\"og:image\" content=\"https:\/\/www.copealcoy.es\/wp-content\/uploads\/2025\/10\/upload-images-noticias-Mig-Any-Mig-Any-2025-Cotos-2025-Final-Cotos-23-10-2025-IMG-20251024-WA0003-1200x0-zc0.jpg\" \/>\n\t<meta property=\"og:image:width\" content=\"1200\" \/>\n\t<meta property=\"og:image:height\" content=\"799\" \/>\n\t<meta property=\"og:image:type\" content=\"image\/jpeg\" \/>\n<meta name=\"author\" content=\"Cope Alcoy\" \/>\n<meta name=\"twitter:label1\" content=\"Escrito por\" \/>\n\t<meta name=\"twitter:data1\" content=\"Cope Alcoy\" \/>\n\t<meta name=\"twitter:label2\" content=\"Tiempo de lectura\" \/>\n\t<meta name=\"twitter:data2\" content=\"3 minutos\" \/>\n<script type=\"application\/ld+json\" class=\"yoast-schema-graph\">{\"@context\":\"https:\\\/\\\/schema.org\",\"@graph\":[{\"@type\":\"Article\",\"@id\":\"https:\\\/\\\/www.copealcoy.es\\\/es\\\/la-fila-verds-de-alcoy-se-proclama-campeona-del-campeonato-de-cotos-del-mig-any-2025\\\/#article\",\"isPartOf\":{\"@id\":\"https:\\\/\\\/www.copealcoy.es\\\/es\\\/la-fila-verds-de-alcoy-se-proclama-campeona-del-campeonato-de-cotos-del-mig-any-2025\\\/\"},\"author\":{\"name\":\"Cope Alcoy\",\"@id\":\"https:\\\/\\\/www.copealcoy.es\\\/es\\\/#\\\/schema\\\/person\\\/e777c87fa024e57d40170af9df39882c\"},\"headline\":\"La Fil\u00e0 Verds de Alcoy se proclama campeona del Campeonato de Cotos del Mig Any 2025\",\"datePublished\":\"2025-10-24T11:49:53+00:00\",\"dateModified\":\"2025-10-24T11:59:30+00:00\",\"mainEntityOfPage\":{\"@id\":\"https:\\\/\\\/www.copealcoy.es\\\/es\\\/la-fila-verds-de-alcoy-se-proclama-campeona-del-campeonato-de-cotos-del-mig-any-2025\\\/\"},\"wordCount\":530,\"image\":{\"@id\":\"https:\\\/\\\/www.copealcoy.es\\\/es\\\/la-fila-verds-de-alcoy-se-proclama-campeona-del-campeonato-de-cotos-del-mig-any-2025\\\/#primaryimage\"},\"thumbnailUrl\":\"https:\\\/\\\/www.copealcoy.es\\\/wp-content\\\/uploads\\\/2025\\\/10\\\/upload-images-noticias-Mig-Any-Mig-Any-2025-Cotos-2025-Final-Cotos-23-10-2025-IMG-20251024-WA0003-1200x0-zc0.jpg\",\"keywords\":[\"Alcoy\",\"Campeonato de Cotos\",\"Fiestas\",\"Fil\u00e0 Verds\",\"Mig Any\",\"Moros Y Cristianos\"],\"articleSection\":[\"Actualidad\",\"Alcoy\",\"Fiesta y Cultura\",\"Noticias\"],\"inLanguage\":\"es\"},{\"@type\":\"WebPage\",\"@id\":\"https:\\\/\\\/www.copealcoy.es\\\/es\\\/la-fila-verds-de-alcoy-se-proclama-campeona-del-campeonato-de-cotos-del-mig-any-2025\\\/\",\"url\":\"https:\\\/\\\/www.copealcoy.es\\\/es\\\/la-fila-verds-de-alcoy-se-proclama-campeona-del-campeonato-de-cotos-del-mig-any-2025\\\/\",\"name\":\"La Fil\u00e0 Verds de Alcoy se proclama campeona del Campeonato de Cotos del Mig Any 2025 - COPE Alcoy\",\"isPartOf\":{\"@id\":\"https:\\\/\\\/www.copealcoy.es\\\/es\\\/#website\"},\"primaryImageOfPage\":{\"@id\":\"https:\\\/\\\/www.copealcoy.es\\\/es\\\/la-fila-verds-de-alcoy-se-proclama-campeona-del-campeonato-de-cotos-del-mig-any-2025\\\/#primaryimage\"},\"image\":{\"@id\":\"https:\\\/\\\/www.copealcoy.es\\\/es\\\/la-fila-verds-de-alcoy-se-proclama-campeona-del-campeonato-de-cotos-del-mig-any-2025\\\/#primaryimage\"},\"thumbnailUrl\":\"https:\\\/\\\/www.copealcoy.es\\\/wp-content\\\/uploads\\\/2025\\\/10\\\/upload-images-noticias-Mig-Any-Mig-Any-2025-Cotos-2025-Final-Cotos-23-10-2025-IMG-20251024-WA0003-1200x0-zc0.jpg\",\"datePublished\":\"2025-10-24T11:49:53+00:00\",\"dateModified\":\"2025-10-24T11:59:30+00:00\",\"author\":{\"@id\":\"https:\\\/\\\/www.copealcoy.es\\\/es\\\/#\\\/schema\\\/person\\\/e777c87fa024e57d40170af9df39882c\"},\"description\":\"La Fil\u00e0 Verds de Alcoy se proclama campeona del Campeonato de Cotos del Mig Any 2025\",\"breadcrumb\":{\"@id\":\"https:\\\/\\\/www.copealcoy.es\\\/es\\\/la-fila-verds-de-alcoy-se-proclama-campeona-del-campeonato-de-cotos-del-mig-any-2025\\\/#breadcrumb\"},\"inLanguage\":\"es\",\"potentialAction\":[{\"@type\":\"ReadAction\",\"target\":[\"https:\\\/\\\/www.copealcoy.es\\\/es\\\/la-fila-verds-de-alcoy-se-proclama-campeona-del-campeonato-de-cotos-del-mig-any-2025\\\/\"]}]},{\"@type\":\"ImageObject\",\"inLanguage\":\"es\",\"@id\":\"https:\\\/\\\/www.copealcoy.es\\\/es\\\/la-fila-verds-de-alcoy-se-proclama-campeona-del-campeonato-de-cotos-del-mig-any-2025\\\/#primaryimage\",\"url\":\"https:\\\/\\\/www.copealcoy.es\\\/wp-content\\\/uploads\\\/2025\\\/10\\\/upload-images-noticias-Mig-Any-Mig-Any-2025-Cotos-2025-Final-Cotos-23-10-2025-IMG-20251024-WA0003-1200x0-zc0.jpg\",\"contentUrl\":\"https:\\\/\\\/www.copealcoy.es\\\/wp-content\\\/uploads\\\/2025\\\/10\\\/upload-images-noticias-Mig-Any-Mig-Any-2025-Cotos-2025-Final-Cotos-23-10-2025-IMG-20251024-WA0003-1200x0-zc0.jpg\",\"width\":1200,\"height\":799},{\"@type\":\"BreadcrumbList\",\"@id\":\"https:\\\/\\\/www.copealcoy.es\\\/es\\\/la-fila-verds-de-alcoy-se-proclama-campeona-del-campeonato-de-cotos-del-mig-any-2025\\\/#breadcrumb\",\"itemListElement\":[{\"@type\":\"ListItem\",\"position\":1,\"name\":\"Portada\",\"item\":\"https:\\\/\\\/www.copealcoy.es\\\/es\\\/\"},{\"@type\":\"ListItem\",\"position\":2,\"name\":\"La Fil\u00e0 Verds de Alcoy se proclama campeona del Campeonato de Cotos del Mig Any 2025\"}]},{\"@type\":\"WebSite\",\"@id\":\"https:\\\/\\\/www.copealcoy.es\\\/es\\\/#website\",\"url\":\"https:\\\/\\\/www.copealcoy.es\\\/es\\\/\",\"name\":\"COPE Alcoy\",\"description\":\"Emisora COPE de radio local con emisi\u00f3n online. Pont de Sant Jordi 8-10 03803 Alcoy\",\"potentialAction\":[{\"@type\":\"SearchAction\",\"target\":{\"@type\":\"EntryPoint\",\"urlTemplate\":\"https:\\\/\\\/www.copealcoy.es\\\/es\\\/?s={search_term_string}\"},\"query-input\":{\"@type\":\"PropertyValueSpecification\",\"valueRequired\":true,\"valueName\":\"search_term_string\"}}],\"inLanguage\":\"es\"},{\"@type\":\"Person\",\"@id\":\"https:\\\/\\\/www.copealcoy.es\\\/es\\\/#\\\/schema\\\/person\\\/e777c87fa024e57d40170af9df39882c\",\"name\":\"Cope Alcoy\",\"image\":{\"@type\":\"ImageObject\",\"inLanguage\":\"es\",\"@id\":\"https:\\\/\\\/secure.gravatar.com\\\/avatar\\\/bb65d0283347e303893ba14f0692005417c1e0e690a325a4c5d8bb2b3943ee14?s=96&d=mm&r=g\",\"url\":\"https:\\\/\\\/secure.gravatar.com\\\/avatar\\\/bb65d0283347e303893ba14f0692005417c1e0e690a325a4c5d8bb2b3943ee14?s=96&d=mm&r=g\",\"contentUrl\":\"https:\\\/\\\/secure.gravatar.com\\\/avatar\\\/bb65d0283347e303893ba14f0692005417c1e0e690a325a4c5d8bb2b3943ee14?s=96&d=mm&r=g\",\"caption\":\"Cope Alcoy\"}}]}<\/script>\n<!-- \/ Yoast SEO plugin. -->","yoast_head_json":{"title":"La Fil\u00e0 Verds de Alcoy se proclama campeona del Campeonato de Cotos del Mig Any 2025 - COPE Alcoy","description":"La Fil\u00e0 Verds de Alcoy se proclama campeona del Campeonato de Cotos del Mig Any 2025","robots":{"index":"index","follow":"follow","max-snippet":"max-snippet:-1","max-image-preview":"max-image-preview:large","max-video-preview":"max-video-preview:-1"},"canonical":"https:\/\/www.copealcoy.es\/es\/la-fila-verds-de-alcoy-se-proclama-campeona-del-campeonato-de-cotos-del-mig-any-2025\/","og_locale":"es_ES","og_type":"article","og_title":"La Fil\u00e0 Verds de Alcoy se proclama campeona del Campeonato de Cotos del Mig Any 2025 - COPE Alcoy","og_description":"La Fil\u00e0 Verds de Alcoy se proclama campeona del Campeonato de Cotos del Mig Any 2025","og_url":"https:\/\/www.copealcoy.es\/es\/la-fila-verds-de-alcoy-se-proclama-campeona-del-campeonato-de-cotos-del-mig-any-2025\/","og_site_name":"COPE Alcoy","article_published_time":"2025-10-24T11:49:53+00:00","article_modified_time":"2025-10-24T11:59:30+00:00","og_image":[{"width":1200,"height":799,"url":"https:\/\/www.copealcoy.es\/wp-content\/uploads\/2025\/10\/upload-images-noticias-Mig-Any-Mig-Any-2025-Cotos-2025-Final-Cotos-23-10-2025-IMG-20251024-WA0003-1200x0-zc0.jpg","type":"image\/jpeg"}],"author":"Cope Alcoy","twitter_misc":{"Escrito por":"Cope Alcoy","Tiempo de lectura":"3 minutos"},"schema":{"@context":"https:\/\/schema.org","@graph":[{"@type":"Article","@id":"https:\/\/www.copealcoy.es\/es\/la-fila-verds-de-alcoy-se-proclama-campeona-del-campeonato-de-cotos-del-mig-any-2025\/#article","isPartOf":{"@id":"https:\/\/www.copealcoy.es\/es\/la-fila-verds-de-alcoy-se-proclama-campeona-del-campeonato-de-cotos-del-mig-any-2025\/"},"author":{"name":"Cope Alcoy","@id":"https:\/\/www.copealcoy.es\/es\/#\/schema\/person\/e777c87fa024e57d40170af9df39882c"},"headline":"La Fil\u00e0 Verds de Alcoy se proclama campeona del Campeonato de Cotos del Mig Any 2025","datePublished":"2025-10-24T11:49:53+00:00","dateModified":"2025-10-24T11:59:30+00:00","mainEntityOfPage":{"@id":"https:\/\/www.copealcoy.es\/es\/la-fila-verds-de-alcoy-se-proclama-campeona-del-campeonato-de-cotos-del-mig-any-2025\/"},"wordCount":530,"image":{"@id":"https:\/\/www.copealcoy.es\/es\/la-fila-verds-de-alcoy-se-proclama-campeona-del-campeonato-de-cotos-del-mig-any-2025\/#primaryimage"},"thumbnailUrl":"https:\/\/www.copealcoy.es\/wp-content\/uploads\/2025\/10\/upload-images-noticias-Mig-Any-Mig-Any-2025-Cotos-2025-Final-Cotos-23-10-2025-IMG-20251024-WA0003-1200x0-zc0.jpg","keywords":["Alcoy","Campeonato de Cotos","Fiestas","Fil\u00e0 Verds","Mig Any","Moros Y Cristianos"],"articleSection":["Actualidad","Alcoy","Fiesta y Cultura","Noticias"],"inLanguage":"es"},{"@type":"WebPage","@id":"https:\/\/www.copealcoy.es\/es\/la-fila-verds-de-alcoy-se-proclama-campeona-del-campeonato-de-cotos-del-mig-any-2025\/","url":"https:\/\/www.copealcoy.es\/es\/la-fila-verds-de-alcoy-se-proclama-campeona-del-campeonato-de-cotos-del-mig-any-2025\/","name":"La Fil\u00e0 Verds de Alcoy se proclama campeona del Campeonato de Cotos del Mig Any 2025 - COPE Alcoy","isPartOf":{"@id":"https:\/\/www.copealcoy.es\/es\/#website"},"primaryImageOfPage":{"@id":"https:\/\/www.copealcoy.es\/es\/la-fila-verds-de-alcoy-se-proclama-campeona-del-campeonato-de-cotos-del-mig-any-2025\/#primaryimage"},"image":{"@id":"https:\/\/www.copealcoy.es\/es\/la-fila-verds-de-alcoy-se-proclama-campeona-del-campeonato-de-cotos-del-mig-any-2025\/#primaryimage"},"thumbnailUrl":"https:\/\/www.copealcoy.es\/wp-content\/uploads\/2025\/10\/upload-images-noticias-Mig-Any-Mig-Any-2025-Cotos-2025-Final-Cotos-23-10-2025-IMG-20251024-WA0003-1200x0-zc0.jpg","datePublished":"2025-10-24T11:49:53+00:00","dateModified":"2025-10-24T11:59:30+00:00","author":{"@id":"https:\/\/www.copealcoy.es\/es\/#\/schema\/person\/e777c87fa024e57d40170af9df39882c"},"description":"La Fil\u00e0 Verds de Alcoy se proclama campeona del Campeonato de Cotos del Mig Any 2025","breadcrumb":{"@id":"https:\/\/www.copealcoy.es\/es\/la-fila-verds-de-alcoy-se-proclama-campeona-del-campeonato-de-cotos-del-mig-any-2025\/#breadcrumb"},"inLanguage":"es","potentialAction":[{"@type":"ReadAction","target":["https:\/\/www.copealcoy.es\/es\/la-fila-verds-de-alcoy-se-proclama-campeona-del-campeonato-de-cotos-del-mig-any-2025\/"]}]},{"@type":"ImageObject","inLanguage":"es","@id":"https:\/\/www.copealcoy.es\/es\/la-fila-verds-de-alcoy-se-proclama-campeona-del-campeonato-de-cotos-del-mig-any-2025\/#primaryimage","url":"https:\/\/www.copealcoy.es\/wp-content\/uploads\/2025\/10\/upload-images-noticias-Mig-Any-Mig-Any-2025-Cotos-2025-Final-Cotos-23-10-2025-IMG-20251024-WA0003-1200x0-zc0.jpg","contentUrl":"https:\/\/www.copealcoy.es\/wp-content\/uploads\/2025\/10\/upload-images-noticias-Mig-Any-Mig-Any-2025-Cotos-2025-Final-Cotos-23-10-2025-IMG-20251024-WA0003-1200x0-zc0.jpg","width":1200,"height":799},{"@type":"BreadcrumbList","@id":"https:\/\/www.copealcoy.es\/es\/la-fila-verds-de-alcoy-se-proclama-campeona-del-campeonato-de-cotos-del-mig-any-2025\/#breadcrumb","itemListElement":[{"@type":"ListItem","position":1,"name":"Portada","item":"https:\/\/www.copealcoy.es\/es\/"},{"@type":"ListItem","position":2,"name":"La Fil\u00e0 Verds de Alcoy se proclama campeona del Campeonato de Cotos del Mig Any 2025"}]},{"@type":"WebSite","@id":"https:\/\/www.copealcoy.es\/es\/#website","url":"https:\/\/www.copealcoy.es\/es\/","name":"COPE Alcoy","description":"Emisora COPE de radio local con emisi\u00f3n online. Pont de Sant Jordi 8-10 03803 Alcoy","potentialAction":[{"@type":"SearchAction","target":{"@type":"EntryPoint","urlTemplate":"https:\/\/www.copealcoy.es\/es\/?s={search_term_string}"},"query-input":{"@type":"PropertyValueSpecification","valueRequired":true,"valueName":"search_term_string"}}],"inLanguage":"es"},{"@type":"Person","@id":"https:\/\/www.copealcoy.es\/es\/#\/schema\/person\/e777c87fa024e57d40170af9df39882c","name":"Cope Alcoy","image":{"@type":"ImageObject","inLanguage":"es","@id":"https:\/\/secure.gravatar.com\/avatar\/bb65d0283347e303893ba14f0692005417c1e0e690a325a4c5d8bb2b3943ee14?s=96&d=mm&r=g","url":"https:\/\/secure.gravatar.com\/avatar\/bb65d0283347e303893ba14f0692005417c1e0e690a325a4c5d8bb2b3943ee14?s=96&d=mm&r=g","contentUrl":"https:\/\/secure.gravatar.com\/avatar\/bb65d0283347e303893ba14f0692005417c1e0e690a325a4c5d8bb2b3943ee14?s=96&d=mm&r=g","caption":"Cope Alcoy"}}]}},"_links":{"self":[{"href":"https:\/\/www.copealcoy.es\/es\/wp-json\/wp\/v2\/posts\/158888","targetHints":{"allow":["GET"]}}],"collection":[{"href":"https:\/\/www.copealcoy.es\/es\/wp-json\/wp\/v2\/posts"}],"about":[{"href":"https:\/\/www.copealcoy.es\/es\/wp-json\/wp\/v2\/types\/post"}],"author":[{"embeddable":true,"href":"https:\/\/www.copealcoy.es\/es\/wp-json\/wp\/v2\/users\/1"}],"replies":[{"embeddable":true,"href":"https:\/\/www.copealcoy.es\/es\/wp-json\/wp\/v2\/comments?post=158888"}],"version-history":[{"count":2,"href":"https:\/\/www.copealcoy.es\/es\/wp-json\/wp\/v2\/posts\/158888\/revisions"}],"predecessor-version":[{"id":158895,"href":"https:\/\/www.copealcoy.es\/es\/wp-json\/wp\/v2\/posts\/158888\/revisions\/158895"}],"wp:featuredmedia":[{"embeddable":true,"href":"https:\/\/www.copealcoy.es\/es\/wp-json\/wp\/v2\/media\/158889"}],"wp:attachment":[{"href":"https:\/\/www.copealcoy.es\/es\/wp-json\/wp\/v2\/media?parent=158888"}],"wp:term":[{"taxonomy":"category","embeddable":true,"href":"https:\/\/www.copealcoy.es\/es\/wp-json\/wp\/v2\/categories?post=158888"},{"taxonomy":"post_tag","embeddable":true,"href":"https:\/\/www.copealcoy.es\/es\/wp-json\/wp\/v2\/tags?post=158888"}],"curies":[{"name":"wp","href":"https:\/\/api.w.org\/{rel}","templated":true}]}}