{"id":158847,"date":"2025-10-23T12:30:17","date_gmt":"2025-10-23T11:30:17","guid":{"rendered":"https:\/\/www.copealcoy.es\/?p=158847"},"modified":"2025-10-23T13:30:59","modified_gmt":"2025-10-23T12:30:59","slug":"puede-ser-festivo-en-alcoy-el-23-de-abril-del-proximo-ano","status":"publish","type":"post","link":"https:\/\/www.copealcoy.es\/es\/puede-ser-festivo-en-alcoy-el-23-de-abril-del-proximo-ano\/","title":{"rendered":"\u00bfPuede ser festivo en Alcoy el 23 de abril del pr\u00f3ximo a\u00f1o?"},"content":{"rendered":"<p style=\"text-align: justify;\">Es 23 de octubre y <strong>quedan justo seis meses para el pr\u00f3ximo 23 de abril<\/strong>, festividad de nuestro patr\u00f3n San Jorge. La jornada, que ya de por s\u00ed es significativa en Alcoy, <strong>tendr\u00e1 un componente m\u00e1s especial si cabe en 2026<\/strong> dado que se cumplir\u00e1n <strong>750 a\u00f1os del patronazgo del insigne m\u00e1rtir<\/strong>, una efem\u00e9ride que se va a conmemorar con numerosos actos religiosos y festivos. De hecho,<strong> la Santa Sede ha concedido un A\u00f1o Jubilar<\/strong> por este motivo, que arrancar\u00e1 precisamente dentro de medio a\u00f1o, y que se alargar\u00e1 hasta el 23 de abril de 2027.<\/p>\n<p style=\"text-align: justify;\">La <strong>apertura del jubileo<\/strong> est\u00e1 prevista para el d\u00eda de la fiesta lit\u00fargica de nuestro santo patr\u00f3n pero la fecha, por el momento, no ser\u00e1 festivo. Y es que el Ayuntamiento de Alcoy, tras proponerlo el Consejo Econ\u00f3mico y Social, aprob\u00f3 meses atr\u00e1s que <strong>los festivos locales del 2026<\/strong> sean el s\u00e1bado 25 de abril y el lunes 27 de abril. De esta forma la trilog\u00eda festera podr\u00e1 ser en fin de semana arrancando el viernes 24 con el Dia dels M\u00fasics, el s\u00e1bado 25 las Entradas, el domingo 26 la festividad de San Jorge y el lunes 27 el Alardo. Esta circunstancia deja fuera al 23 de abril ser festivo, algo que <a href=\"https:\/\/www.asjordi.org\/\" target=\"_blank\" rel=\"noopener\"><span style=\"color: #0000ff;\"><strong>la Asociaci\u00f3n de San Jorge<\/strong><\/span><\/a> ha venido pidiendo reiteradamente en los \u00faltimos meses dado el car\u00e1cter extraordinario que tendr\u00e1 el 750 aniversario. Tanto la entidad festera, como el Ayuntamiento, <strong>han trasladado la cuesti\u00f3n a diversas consellerias de la Generalitat Valenciana<\/strong>, que es la que tiene la competencia en esta cuesti\u00f3n, y el organismo a quien le corresponde dictaminar la posibilidad de que el mencionado 23 de abril sea festivo con car\u00e1cter recuperable <em>&#8220;se nos ha atendido muy bien pero es algo complicado, no nos vamos a enga\u00f1ar. Nosotros vamos a seguir insistiendo hasta el final para que pueda ser una realidad ya que de ser a no ser festivo condiciona la celebraci\u00f3n que se quiere hacer para abrir el A\u00f1o Jubilar. Quedan unos cuantos meses por delante, pero esperamos que pueda resolverse cuanto antes para concretar todo lo previsto para esa fecha<\/em>&#8220;, dec\u00eda\u00a0 esta semana en el espacio <strong>#LaNostraFesta<\/strong> de COPE ALCOY, que conduce nuestro compa\u00f1ero Carlos Tal\u00e9ns, el presidente de la m\u00e1xima instituci\u00f3n festera; <strong>Francisco Garc\u00eda<\/strong>.<\/p>\n<p style=\"text-align: justify;\">Cabe recordar que ya se han dado algunos detalles de<strong> la programaci\u00f3n del A\u00f1o Jubilar<\/strong> y en la misma figuran acciones de car\u00e1cter social, la visita de la imagen infante de San Jorge a las parroquias, iglesias o colegios de la ciudad, o las peregrinaciones al templo del patr\u00f3n para recibir la indulgencia plenaria. Tambi\u00e9n se contemplan actos extraordinarios para las Fiestas de 2026, como un disparo de arcabucer\u00eda el 18 de abril en el que participar\u00edan poblaciones que tambi\u00e9n celebran moros y cristianos, y para el Mig Any del pr\u00f3ximo o las fiestas de 2027. A ello se le unen una catequesis preparatoria, vigilias de oraci\u00f3n e incluso iniciativas culturales que iremos conociendo en los pr\u00f3ximos meses.<\/p>\n<p>La <strong>entrevista completa<\/strong> al Presidente de la Asociaci\u00f3n de San Jorge la puedes escuchar aqu\u00ed:<\/p>\n<p><iframe loading=\"lazy\" title=\"\u2018La Nostra Festa\u2019 Mi\u00e9rcoles 22 De Octubre 2025\" width=\"100%\" height=\"120\" src=\"https:\/\/www.mixcloud.com\/widget\/iframe\/?feed=https%3A%2F%2Fwww.mixcloud.com%2FCOPEAlcoy%2Fla-nostra-festa-mi%25C3%25A9rcoles-22-de-octubre-2025%2F&amp;hide_cover=1\" frameborder=\"0\" allow=\"encrypted-media; fullscreen; autoplay; idle-detection; speaker-selection; web-share;\"><\/iframe><\/p>\n","protected":false},"excerpt":{"rendered":"<p>Es 23 de octubre y quedan justo seis meses para el pr\u00f3ximo 23 de abril, festividad de nuestro patr\u00f3n San&#8230;<\/p>\n","protected":false},"author":1,"featured_media":31062,"comment_status":"closed","ping_status":"closed","sticky":false,"template":"","format":"standard","meta":{"footnotes":""},"categories":[6909,97,78,75,125],"tags":[7517,17120,1494,10746,17033,20125],"class_list":["post-158847","post","type-post","status-publish","format-standard","has-post-thumbnail","hentry","category-actualidad","category-alcoy","category-fiestaycultura","category-noticias","category-portada","tag-23-de-abril","tag-750-aniversario","tag-alcoy","tag-ano-jubilar","tag-festivo","tag-patronazgo-san-jorge"],"yoast_head":"<!-- This site is optimized with the Yoast SEO plugin v27.3 - https:\/\/yoast.com\/product\/yoast-seo-wordpress\/ -->\n<title>\u00bfPuede ser festivo en Alcoy el 23 de abril del pr\u00f3ximo a\u00f1o? - COPE Alcoy<\/title>\n<meta name=\"description\" content=\"\u00bfPuede ser festivo en Alcoy el 23 de abril del pr\u00f3ximo a\u00f1o?\" \/>\n<meta name=\"robots\" content=\"index, follow, max-snippet:-1, max-image-preview:large, max-video-preview:-1\" \/>\n<link rel=\"canonical\" href=\"https:\/\/www.copealcoy.es\/es\/puede-ser-festivo-en-alcoy-el-23-de-abril-del-proximo-ano\/\" \/>\n<meta property=\"og:locale\" content=\"es_ES\" \/>\n<meta property=\"og:type\" content=\"article\" \/>\n<meta property=\"og:title\" content=\"\u00bfPuede ser festivo en Alcoy el 23 de abril del pr\u00f3ximo a\u00f1o? - COPE Alcoy\" \/>\n<meta property=\"og:description\" content=\"\u00bfPuede ser festivo en Alcoy el 23 de abril del pr\u00f3ximo a\u00f1o?\" \/>\n<meta property=\"og:url\" content=\"https:\/\/www.copealcoy.es\/es\/puede-ser-festivo-en-alcoy-el-23-de-abril-del-proximo-ano\/\" \/>\n<meta property=\"og:site_name\" content=\"COPE Alcoy\" \/>\n<meta property=\"article:published_time\" content=\"2025-10-23T11:30:17+00:00\" \/>\n<meta property=\"article:modified_time\" content=\"2025-10-23T12:30:59+00:00\" \/>\n<meta property=\"og:image\" content=\"https:\/\/www.copealcoy.es\/wp-content\/uploads\/2017\/04\/IMG_2135-e1492986225204.jpg\" \/>\n\t<meta property=\"og:image:width\" content=\"2592\" \/>\n\t<meta property=\"og:image:height\" content=\"1296\" \/>\n\t<meta property=\"og:image:type\" content=\"image\/jpeg\" \/>\n<meta name=\"author\" content=\"Cope Alcoy\" \/>\n<meta name=\"twitter:label1\" content=\"Escrito por\" \/>\n\t<meta name=\"twitter:data1\" content=\"Cope Alcoy\" \/>\n\t<meta name=\"twitter:label2\" content=\"Tiempo de lectura\" \/>\n\t<meta name=\"twitter:data2\" content=\"3 minutos\" \/>\n<script type=\"application\/ld+json\" class=\"yoast-schema-graph\">{\"@context\":\"https:\\\/\\\/schema.org\",\"@graph\":[{\"@type\":\"Article\",\"@id\":\"https:\\\/\\\/www.copealcoy.es\\\/es\\\/puede-ser-festivo-en-alcoy-el-23-de-abril-del-proximo-ano\\\/#article\",\"isPartOf\":{\"@id\":\"https:\\\/\\\/www.copealcoy.es\\\/es\\\/puede-ser-festivo-en-alcoy-el-23-de-abril-del-proximo-ano\\\/\"},\"author\":{\"name\":\"Cope Alcoy\",\"@id\":\"https:\\\/\\\/www.copealcoy.es\\\/es\\\/#\\\/schema\\\/person\\\/e777c87fa024e57d40170af9df39882c\"},\"headline\":\"\u00bfPuede ser festivo en Alcoy el 23 de abril del pr\u00f3ximo a\u00f1o?\",\"datePublished\":\"2025-10-23T11:30:17+00:00\",\"dateModified\":\"2025-10-23T12:30:59+00:00\",\"mainEntityOfPage\":{\"@id\":\"https:\\\/\\\/www.copealcoy.es\\\/es\\\/puede-ser-festivo-en-alcoy-el-23-de-abril-del-proximo-ano\\\/\"},\"wordCount\":557,\"image\":{\"@id\":\"https:\\\/\\\/www.copealcoy.es\\\/es\\\/puede-ser-festivo-en-alcoy-el-23-de-abril-del-proximo-ano\\\/#primaryimage\"},\"thumbnailUrl\":\"https:\\\/\\\/www.copealcoy.es\\\/wp-content\\\/uploads\\\/2017\\\/04\\\/IMG_2135-e1492986225204.jpg\",\"keywords\":[\"23 de abril\",\"750 aniversario\",\"Alcoy\",\"A\u00f1o Jubilar\",\"Festivo\",\"patronazgo San Jorge\"],\"articleSection\":[\"Actualidad\",\"Alcoy\",\"Fiesta y Cultura\",\"Noticias\",\"Portada\"],\"inLanguage\":\"es\"},{\"@type\":\"WebPage\",\"@id\":\"https:\\\/\\\/www.copealcoy.es\\\/es\\\/puede-ser-festivo-en-alcoy-el-23-de-abril-del-proximo-ano\\\/\",\"url\":\"https:\\\/\\\/www.copealcoy.es\\\/es\\\/puede-ser-festivo-en-alcoy-el-23-de-abril-del-proximo-ano\\\/\",\"name\":\"\u00bfPuede ser festivo en Alcoy el 23 de abril del pr\u00f3ximo a\u00f1o? - COPE Alcoy\",\"isPartOf\":{\"@id\":\"https:\\\/\\\/www.copealcoy.es\\\/es\\\/#website\"},\"primaryImageOfPage\":{\"@id\":\"https:\\\/\\\/www.copealcoy.es\\\/es\\\/puede-ser-festivo-en-alcoy-el-23-de-abril-del-proximo-ano\\\/#primaryimage\"},\"image\":{\"@id\":\"https:\\\/\\\/www.copealcoy.es\\\/es\\\/puede-ser-festivo-en-alcoy-el-23-de-abril-del-proximo-ano\\\/#primaryimage\"},\"thumbnailUrl\":\"https:\\\/\\\/www.copealcoy.es\\\/wp-content\\\/uploads\\\/2017\\\/04\\\/IMG_2135-e1492986225204.jpg\",\"datePublished\":\"2025-10-23T11:30:17+00:00\",\"dateModified\":\"2025-10-23T12:30:59+00:00\",\"author\":{\"@id\":\"https:\\\/\\\/www.copealcoy.es\\\/es\\\/#\\\/schema\\\/person\\\/e777c87fa024e57d40170af9df39882c\"},\"description\":\"\u00bfPuede ser festivo en Alcoy el 23 de abril del pr\u00f3ximo a\u00f1o?\",\"breadcrumb\":{\"@id\":\"https:\\\/\\\/www.copealcoy.es\\\/es\\\/puede-ser-festivo-en-alcoy-el-23-de-abril-del-proximo-ano\\\/#breadcrumb\"},\"inLanguage\":\"es\",\"potentialAction\":[{\"@type\":\"ReadAction\",\"target\":[\"https:\\\/\\\/www.copealcoy.es\\\/es\\\/puede-ser-festivo-en-alcoy-el-23-de-abril-del-proximo-ano\\\/\"]}]},{\"@type\":\"ImageObject\",\"inLanguage\":\"es\",\"@id\":\"https:\\\/\\\/www.copealcoy.es\\\/es\\\/puede-ser-festivo-en-alcoy-el-23-de-abril-del-proximo-ano\\\/#primaryimage\",\"url\":\"https:\\\/\\\/www.copealcoy.es\\\/wp-content\\\/uploads\\\/2017\\\/04\\\/IMG_2135-e1492986225204.jpg\",\"contentUrl\":\"https:\\\/\\\/www.copealcoy.es\\\/wp-content\\\/uploads\\\/2017\\\/04\\\/IMG_2135-e1492986225204.jpg\",\"width\":2592,\"height\":1296,\"caption\":\"San Jorge recorri\u00f3 las calles de Alcoy en la tarde del 23 de abril\"},{\"@type\":\"BreadcrumbList\",\"@id\":\"https:\\\/\\\/www.copealcoy.es\\\/es\\\/puede-ser-festivo-en-alcoy-el-23-de-abril-del-proximo-ano\\\/#breadcrumb\",\"itemListElement\":[{\"@type\":\"ListItem\",\"position\":1,\"name\":\"Portada\",\"item\":\"https:\\\/\\\/www.copealcoy.es\\\/es\\\/\"},{\"@type\":\"ListItem\",\"position\":2,\"name\":\"\u00bfPuede ser festivo en Alcoy el 23 de abril del pr\u00f3ximo a\u00f1o?\"}]},{\"@type\":\"WebSite\",\"@id\":\"https:\\\/\\\/www.copealcoy.es\\\/es\\\/#website\",\"url\":\"https:\\\/\\\/www.copealcoy.es\\\/es\\\/\",\"name\":\"COPE Alcoy\",\"description\":\"Emisora COPE de radio local con emisi\u00f3n online. Pont de Sant Jordi 8-10 03803 Alcoy\",\"potentialAction\":[{\"@type\":\"SearchAction\",\"target\":{\"@type\":\"EntryPoint\",\"urlTemplate\":\"https:\\\/\\\/www.copealcoy.es\\\/es\\\/?s={search_term_string}\"},\"query-input\":{\"@type\":\"PropertyValueSpecification\",\"valueRequired\":true,\"valueName\":\"search_term_string\"}}],\"inLanguage\":\"es\"},{\"@type\":\"Person\",\"@id\":\"https:\\\/\\\/www.copealcoy.es\\\/es\\\/#\\\/schema\\\/person\\\/e777c87fa024e57d40170af9df39882c\",\"name\":\"Cope Alcoy\",\"image\":{\"@type\":\"ImageObject\",\"inLanguage\":\"es\",\"@id\":\"https:\\\/\\\/secure.gravatar.com\\\/avatar\\\/bb65d0283347e303893ba14f0692005417c1e0e690a325a4c5d8bb2b3943ee14?s=96&d=mm&r=g\",\"url\":\"https:\\\/\\\/secure.gravatar.com\\\/avatar\\\/bb65d0283347e303893ba14f0692005417c1e0e690a325a4c5d8bb2b3943ee14?s=96&d=mm&r=g\",\"contentUrl\":\"https:\\\/\\\/secure.gravatar.com\\\/avatar\\\/bb65d0283347e303893ba14f0692005417c1e0e690a325a4c5d8bb2b3943ee14?s=96&d=mm&r=g\",\"caption\":\"Cope Alcoy\"}}]}<\/script>\n<!-- \/ Yoast SEO plugin. -->","yoast_head_json":{"title":"\u00bfPuede ser festivo en Alcoy el 23 de abril del pr\u00f3ximo a\u00f1o? - COPE Alcoy","description":"\u00bfPuede ser festivo en Alcoy el 23 de abril del pr\u00f3ximo a\u00f1o?","robots":{"index":"index","follow":"follow","max-snippet":"max-snippet:-1","max-image-preview":"max-image-preview:large","max-video-preview":"max-video-preview:-1"},"canonical":"https:\/\/www.copealcoy.es\/es\/puede-ser-festivo-en-alcoy-el-23-de-abril-del-proximo-ano\/","og_locale":"es_ES","og_type":"article","og_title":"\u00bfPuede ser festivo en Alcoy el 23 de abril del pr\u00f3ximo a\u00f1o? - COPE Alcoy","og_description":"\u00bfPuede ser festivo en Alcoy el 23 de abril del pr\u00f3ximo a\u00f1o?","og_url":"https:\/\/www.copealcoy.es\/es\/puede-ser-festivo-en-alcoy-el-23-de-abril-del-proximo-ano\/","og_site_name":"COPE Alcoy","article_published_time":"2025-10-23T11:30:17+00:00","article_modified_time":"2025-10-23T12:30:59+00:00","og_image":[{"width":2592,"height":1296,"url":"https:\/\/www.copealcoy.es\/wp-content\/uploads\/2017\/04\/IMG_2135-e1492986225204.jpg","type":"image\/jpeg"}],"author":"Cope Alcoy","twitter_misc":{"Escrito por":"Cope Alcoy","Tiempo de lectura":"3 minutos"},"schema":{"@context":"https:\/\/schema.org","@graph":[{"@type":"Article","@id":"https:\/\/www.copealcoy.es\/es\/puede-ser-festivo-en-alcoy-el-23-de-abril-del-proximo-ano\/#article","isPartOf":{"@id":"https:\/\/www.copealcoy.es\/es\/puede-ser-festivo-en-alcoy-el-23-de-abril-del-proximo-ano\/"},"author":{"name":"Cope Alcoy","@id":"https:\/\/www.copealcoy.es\/es\/#\/schema\/person\/e777c87fa024e57d40170af9df39882c"},"headline":"\u00bfPuede ser festivo en Alcoy el 23 de abril del pr\u00f3ximo a\u00f1o?","datePublished":"2025-10-23T11:30:17+00:00","dateModified":"2025-10-23T12:30:59+00:00","mainEntityOfPage":{"@id":"https:\/\/www.copealcoy.es\/es\/puede-ser-festivo-en-alcoy-el-23-de-abril-del-proximo-ano\/"},"wordCount":557,"image":{"@id":"https:\/\/www.copealcoy.es\/es\/puede-ser-festivo-en-alcoy-el-23-de-abril-del-proximo-ano\/#primaryimage"},"thumbnailUrl":"https:\/\/www.copealcoy.es\/wp-content\/uploads\/2017\/04\/IMG_2135-e1492986225204.jpg","keywords":["23 de abril","750 aniversario","Alcoy","A\u00f1o Jubilar","Festivo","patronazgo San Jorge"],"articleSection":["Actualidad","Alcoy","Fiesta y Cultura","Noticias","Portada"],"inLanguage":"es"},{"@type":"WebPage","@id":"https:\/\/www.copealcoy.es\/es\/puede-ser-festivo-en-alcoy-el-23-de-abril-del-proximo-ano\/","url":"https:\/\/www.copealcoy.es\/es\/puede-ser-festivo-en-alcoy-el-23-de-abril-del-proximo-ano\/","name":"\u00bfPuede ser festivo en Alcoy el 23 de abril del pr\u00f3ximo a\u00f1o? - COPE Alcoy","isPartOf":{"@id":"https:\/\/www.copealcoy.es\/es\/#website"},"primaryImageOfPage":{"@id":"https:\/\/www.copealcoy.es\/es\/puede-ser-festivo-en-alcoy-el-23-de-abril-del-proximo-ano\/#primaryimage"},"image":{"@id":"https:\/\/www.copealcoy.es\/es\/puede-ser-festivo-en-alcoy-el-23-de-abril-del-proximo-ano\/#primaryimage"},"thumbnailUrl":"https:\/\/www.copealcoy.es\/wp-content\/uploads\/2017\/04\/IMG_2135-e1492986225204.jpg","datePublished":"2025-10-23T11:30:17+00:00","dateModified":"2025-10-23T12:30:59+00:00","author":{"@id":"https:\/\/www.copealcoy.es\/es\/#\/schema\/person\/e777c87fa024e57d40170af9df39882c"},"description":"\u00bfPuede ser festivo en Alcoy el 23 de abril del pr\u00f3ximo a\u00f1o?","breadcrumb":{"@id":"https:\/\/www.copealcoy.es\/es\/puede-ser-festivo-en-alcoy-el-23-de-abril-del-proximo-ano\/#breadcrumb"},"inLanguage":"es","potentialAction":[{"@type":"ReadAction","target":["https:\/\/www.copealcoy.es\/es\/puede-ser-festivo-en-alcoy-el-23-de-abril-del-proximo-ano\/"]}]},{"@type":"ImageObject","inLanguage":"es","@id":"https:\/\/www.copealcoy.es\/es\/puede-ser-festivo-en-alcoy-el-23-de-abril-del-proximo-ano\/#primaryimage","url":"https:\/\/www.copealcoy.es\/wp-content\/uploads\/2017\/04\/IMG_2135-e1492986225204.jpg","contentUrl":"https:\/\/www.copealcoy.es\/wp-content\/uploads\/2017\/04\/IMG_2135-e1492986225204.jpg","width":2592,"height":1296,"caption":"San Jorge recorri\u00f3 las calles de Alcoy en la tarde del 23 de abril"},{"@type":"BreadcrumbList","@id":"https:\/\/www.copealcoy.es\/es\/puede-ser-festivo-en-alcoy-el-23-de-abril-del-proximo-ano\/#breadcrumb","itemListElement":[{"@type":"ListItem","position":1,"name":"Portada","item":"https:\/\/www.copealcoy.es\/es\/"},{"@type":"ListItem","position":2,"name":"\u00bfPuede ser festivo en Alcoy el 23 de abril del pr\u00f3ximo a\u00f1o?"}]},{"@type":"WebSite","@id":"https:\/\/www.copealcoy.es\/es\/#website","url":"https:\/\/www.copealcoy.es\/es\/","name":"COPE Alcoy","description":"Emisora COPE de radio local con emisi\u00f3n online. Pont de Sant Jordi 8-10 03803 Alcoy","potentialAction":[{"@type":"SearchAction","target":{"@type":"EntryPoint","urlTemplate":"https:\/\/www.copealcoy.es\/es\/?s={search_term_string}"},"query-input":{"@type":"PropertyValueSpecification","valueRequired":true,"valueName":"search_term_string"}}],"inLanguage":"es"},{"@type":"Person","@id":"https:\/\/www.copealcoy.es\/es\/#\/schema\/person\/e777c87fa024e57d40170af9df39882c","name":"Cope Alcoy","image":{"@type":"ImageObject","inLanguage":"es","@id":"https:\/\/secure.gravatar.com\/avatar\/bb65d0283347e303893ba14f0692005417c1e0e690a325a4c5d8bb2b3943ee14?s=96&d=mm&r=g","url":"https:\/\/secure.gravatar.com\/avatar\/bb65d0283347e303893ba14f0692005417c1e0e690a325a4c5d8bb2b3943ee14?s=96&d=mm&r=g","contentUrl":"https:\/\/secure.gravatar.com\/avatar\/bb65d0283347e303893ba14f0692005417c1e0e690a325a4c5d8bb2b3943ee14?s=96&d=mm&r=g","caption":"Cope Alcoy"}}]}},"_links":{"self":[{"href":"https:\/\/www.copealcoy.es\/es\/wp-json\/wp\/v2\/posts\/158847","targetHints":{"allow":["GET"]}}],"collection":[{"href":"https:\/\/www.copealcoy.es\/es\/wp-json\/wp\/v2\/posts"}],"about":[{"href":"https:\/\/www.copealcoy.es\/es\/wp-json\/wp\/v2\/types\/post"}],"author":[{"embeddable":true,"href":"https:\/\/www.copealcoy.es\/es\/wp-json\/wp\/v2\/users\/1"}],"replies":[{"embeddable":true,"href":"https:\/\/www.copealcoy.es\/es\/wp-json\/wp\/v2\/comments?post=158847"}],"version-history":[{"count":3,"href":"https:\/\/www.copealcoy.es\/es\/wp-json\/wp\/v2\/posts\/158847\/revisions"}],"predecessor-version":[{"id":158854,"href":"https:\/\/www.copealcoy.es\/es\/wp-json\/wp\/v2\/posts\/158847\/revisions\/158854"}],"wp:featuredmedia":[{"embeddable":true,"href":"https:\/\/www.copealcoy.es\/es\/wp-json\/wp\/v2\/media\/31062"}],"wp:attachment":[{"href":"https:\/\/www.copealcoy.es\/es\/wp-json\/wp\/v2\/media?parent=158847"}],"wp:term":[{"taxonomy":"category","embeddable":true,"href":"https:\/\/www.copealcoy.es\/es\/wp-json\/wp\/v2\/categories?post=158847"},{"taxonomy":"post_tag","embeddable":true,"href":"https:\/\/www.copealcoy.es\/es\/wp-json\/wp\/v2\/tags?post=158847"}],"curies":[{"name":"wp","href":"https:\/\/api.w.org\/{rel}","templated":true}]}}