{"id":158833,"date":"2025-10-23T10:52:47","date_gmt":"2025-10-23T09:52:47","guid":{"rendered":"https:\/\/www.copealcoy.es\/?p=158833"},"modified":"2025-10-23T12:32:11","modified_gmt":"2025-10-23T11:32:11","slug":"reconocimiento-al-comercio-de-alcoy-en-una-nueva-nit-del-comerc","status":"publish","type":"post","link":"https:\/\/www.copealcoy.es\/es\/reconocimiento-al-comercio-de-alcoy-en-una-nueva-nit-del-comerc\/","title":{"rendered":"Reconocimiento al comercio de Alcoy en una nueva &#8216;Nit del Comer\u00e7&#8217;"},"content":{"rendered":"<p style=\"text-align: justify;\" data-start=\"375\" data-end=\"806\">El comercio de Alcoy volvi\u00f3 a ser protagonista en una nueva emotiva &#8216;<strong data-start=\"453\" data-end=\"471\">Nit del Comer\u00e7&#8217;<\/strong>, celebrada este mi\u00e9rcoles en el sal\u00f3n de actos de la <a href=\"https:\/\/www.facebook.com\/CamaraComercioAlcoy\" target=\"_blank\" rel=\"noopener\"><span style=\"color: #0000ff;\"><strong data-start=\"525\" data-end=\"547\">C\u00e1mara de Comercio<\/strong><\/span><\/a> con el patrocinio de la <strong data-start=\"572\" data-end=\"598\">Diputaci\u00f3n Provincial de Alicante<\/strong>. El acto puso en valor la trayectoria, la innovaci\u00f3n y el compromiso del tejido comercial local, reuniendo a representantes institucionales, asociaciones empresariales y numerosos profesionales del sector.<\/p>\n<p style=\"text-align: justify;\" data-start=\"808\" data-end=\"1188\">Durante la gala <strong>se entregaron los reconocimientos a diferentes establecimientos de la ciudad<\/strong> por su destacada labor en \u00e1mbitos como la trayectoria comercial, la innovaci\u00f3n, el crecimiento y el apoyo al comercio alcoyano. Estos premios reflejan el esfuerzo constante de los negocios locales por adaptarse a los nuevos tiempos sin perder su esencia y su cercan\u00eda con la clientela. La presidenta de la C\u00e1mara de Comercio de Alcoy, <strong data-start=\"1239\" data-end=\"1256\">Luc\u00eda Pascual<\/strong>, destac\u00f3 el papel del peque\u00f1o comercio como \u201c<em>pilar de ciudad y comunidad<\/em>\u201d, subrayando que \u201c<em>el comercio de Alcoy no es solo un conjunto de tiendas: es un espacio de vida, de conversaci\u00f3n y de confianza<\/em>\u201d. Tambi\u00e9n defendi\u00f3 la importancia de la transformaci\u00f3n digital, asegurando que &#8220;<em>la tecnolog\u00eda no es una amenaza, sino una oportunidad para ganar visibilidad manteniendo la proximidad, la autenticidad y el alma que nos caracterizan&#8221;, <\/em>dijo.<\/p>\n<p style=\"text-align: justify;\" data-start=\"1698\" data-end=\"1906\">El vicealcalde y concejal de Promoci\u00f3n Econ\u00f3mica, <strong data-start=\"1748\" data-end=\"1766\">\u00c0lex Cerradelo<\/strong>, reconoci\u00f3 la capacidad de adaptaci\u00f3n del comercio alcoyano, al que calific\u00f3 como &#8220;<em>un verdadero motor econ\u00f3mico, resiliente e innovador&#8221;<\/em>. Por su parte, el diputado provincial <strong data-start=\"1945\" data-end=\"1962\">Carlos Pastor<\/strong> agradeci\u00f3 a la C\u00e1mara su trabajo constante por el sector y felicit\u00f3 a los premiados, resaltando que &#8220;<em>el comercio de Alcoy se reinventa cada d\u00eda frente a la competencia y las dificultades. Para la C\u00e1mara, el Ayuntamiento y la Diputaci\u00f3n, el comercio es una prioridad, porque sois quienes hac\u00e9is ciudad y nos mejor\u00e1is la vida&#8221;, <\/em>complet\u00f3.<\/p>\n<p style=\"text-align: justify;\" data-start=\"2292\" data-end=\"2639\">La velada se complet\u00f3 con el sorteo de la campa\u00f1a <strong data-start=\"2342\" data-end=\"2383\">\u20183.000 razones para comprar en Alcoy\u2019<\/strong>, que incluy\u00f3 llamadas en directo a los tres ganadores de los cheques regalo. La iniciativa volvi\u00f3 a despertar una gran participaci\u00f3n y cerr\u00f3 una noche dedicada a celebrar el esfuerzo, la cercan\u00eda y la vitalidad del comercio alcoyano.<\/p>\n","protected":false},"excerpt":{"rendered":"<p>El comercio de Alcoy volvi\u00f3 a ser protagonista en una nueva emotiva &#8216;Nit del Comer\u00e7&#8217;, celebrada este mi\u00e9rcoles en el&#8230;<\/p>\n","protected":false},"author":1,"featured_media":158834,"comment_status":"closed","ping_status":"closed","sticky":false,"template":"","format":"standard","meta":{"footnotes":""},"categories":[6909,97,75,79],"tags":[482,1494,237,13390,451,603],"class_list":["post-158833","post","type-post","status-publish","format-standard","has-post-thumbnail","hentry","category-actualidad","category-alcoy","category-noticias","category-politicayeconomia","tag-alcoia","tag-alcoy","tag-comtat","tag-nit-del-comerc","tag-premios","tag-reconocimiento"],"yoast_head":"<!-- This site is optimized with the Yoast SEO plugin v27.3 - https:\/\/yoast.com\/product\/yoast-seo-wordpress\/ -->\n<title>Reconocimiento al comercio de Alcoy en una nueva &#039;Nit del Comer\u00e7&#039; - COPE Alcoy<\/title>\n<meta name=\"description\" content=\"Reconocimiento al comercio de Alcoy en una nueva &#039;Nit del Comer\u00e7&#039;\" \/>\n<meta name=\"robots\" content=\"index, follow, max-snippet:-1, max-image-preview:large, max-video-preview:-1\" \/>\n<link rel=\"canonical\" href=\"https:\/\/www.copealcoy.es\/es\/reconocimiento-al-comercio-de-alcoy-en-una-nueva-nit-del-comerc\/\" \/>\n<meta property=\"og:locale\" content=\"es_ES\" \/>\n<meta property=\"og:type\" content=\"article\" \/>\n<meta property=\"og:title\" content=\"Reconocimiento al comercio de Alcoy en una nueva &#039;Nit del Comer\u00e7&#039; - COPE Alcoy\" \/>\n<meta property=\"og:description\" content=\"Reconocimiento al comercio de Alcoy en una nueva &#039;Nit del Comer\u00e7&#039;\" \/>\n<meta property=\"og:url\" content=\"https:\/\/www.copealcoy.es\/es\/reconocimiento-al-comercio-de-alcoy-en-una-nueva-nit-del-comerc\/\" \/>\n<meta property=\"og:site_name\" content=\"COPE Alcoy\" \/>\n<meta property=\"article:published_time\" content=\"2025-10-23T09:52:47+00:00\" \/>\n<meta property=\"article:modified_time\" content=\"2025-10-23T11:32:11+00:00\" \/>\n<meta property=\"og:image\" content=\"https:\/\/www.copealcoy.es\/wp-content\/uploads\/2025\/10\/WhatsApp-Image-2025-10-22-at-21.54.23.jpeg\" \/>\n\t<meta property=\"og:image:width\" content=\"2048\" \/>\n\t<meta property=\"og:image:height\" content=\"1152\" \/>\n\t<meta property=\"og:image:type\" content=\"image\/jpeg\" \/>\n<meta name=\"author\" content=\"Cope Alcoy\" \/>\n<meta name=\"twitter:label1\" content=\"Escrito por\" \/>\n\t<meta name=\"twitter:data1\" content=\"Cope Alcoy\" \/>\n\t<meta name=\"twitter:label2\" content=\"Tiempo de lectura\" \/>\n\t<meta name=\"twitter:data2\" content=\"3 minutos\" \/>\n<script type=\"application\/ld+json\" class=\"yoast-schema-graph\">{\"@context\":\"https:\\\/\\\/schema.org\",\"@graph\":[{\"@type\":\"Article\",\"@id\":\"https:\\\/\\\/www.copealcoy.es\\\/es\\\/reconocimiento-al-comercio-de-alcoy-en-una-nueva-nit-del-comerc\\\/#article\",\"isPartOf\":{\"@id\":\"https:\\\/\\\/www.copealcoy.es\\\/es\\\/reconocimiento-al-comercio-de-alcoy-en-una-nueva-nit-del-comerc\\\/\"},\"author\":{\"name\":\"Cope Alcoy\",\"@id\":\"https:\\\/\\\/www.copealcoy.es\\\/es\\\/#\\\/schema\\\/person\\\/e777c87fa024e57d40170af9df39882c\"},\"headline\":\"Reconocimiento al comercio de Alcoy en una nueva &#8216;Nit del Comer\u00e7&#8217;\",\"datePublished\":\"2025-10-23T09:52:47+00:00\",\"dateModified\":\"2025-10-23T11:32:11+00:00\",\"mainEntityOfPage\":{\"@id\":\"https:\\\/\\\/www.copealcoy.es\\\/es\\\/reconocimiento-al-comercio-de-alcoy-en-una-nueva-nit-del-comerc\\\/\"},\"wordCount\":386,\"image\":{\"@id\":\"https:\\\/\\\/www.copealcoy.es\\\/es\\\/reconocimiento-al-comercio-de-alcoy-en-una-nueva-nit-del-comerc\\\/#primaryimage\"},\"thumbnailUrl\":\"https:\\\/\\\/www.copealcoy.es\\\/wp-content\\\/uploads\\\/2025\\\/10\\\/WhatsApp-Image-2025-10-22-at-21.54.23.jpeg\",\"keywords\":[\"Alcoi\u00e0\",\"Alcoy\",\"Comtat\",\"Nit del Comer\u00e7\",\"Premios\",\"Reconocimiento\"],\"articleSection\":[\"Actualidad\",\"Alcoy\",\"Noticias\",\"Pol\u00edtica y Econom\u00eda\"],\"inLanguage\":\"es\"},{\"@type\":\"WebPage\",\"@id\":\"https:\\\/\\\/www.copealcoy.es\\\/es\\\/reconocimiento-al-comercio-de-alcoy-en-una-nueva-nit-del-comerc\\\/\",\"url\":\"https:\\\/\\\/www.copealcoy.es\\\/es\\\/reconocimiento-al-comercio-de-alcoy-en-una-nueva-nit-del-comerc\\\/\",\"name\":\"Reconocimiento al comercio de Alcoy en una nueva 'Nit del Comer\u00e7' - COPE Alcoy\",\"isPartOf\":{\"@id\":\"https:\\\/\\\/www.copealcoy.es\\\/es\\\/#website\"},\"primaryImageOfPage\":{\"@id\":\"https:\\\/\\\/www.copealcoy.es\\\/es\\\/reconocimiento-al-comercio-de-alcoy-en-una-nueva-nit-del-comerc\\\/#primaryimage\"},\"image\":{\"@id\":\"https:\\\/\\\/www.copealcoy.es\\\/es\\\/reconocimiento-al-comercio-de-alcoy-en-una-nueva-nit-del-comerc\\\/#primaryimage\"},\"thumbnailUrl\":\"https:\\\/\\\/www.copealcoy.es\\\/wp-content\\\/uploads\\\/2025\\\/10\\\/WhatsApp-Image-2025-10-22-at-21.54.23.jpeg\",\"datePublished\":\"2025-10-23T09:52:47+00:00\",\"dateModified\":\"2025-10-23T11:32:11+00:00\",\"author\":{\"@id\":\"https:\\\/\\\/www.copealcoy.es\\\/es\\\/#\\\/schema\\\/person\\\/e777c87fa024e57d40170af9df39882c\"},\"description\":\"Reconocimiento al comercio de Alcoy en una nueva 'Nit del Comer\u00e7'\",\"breadcrumb\":{\"@id\":\"https:\\\/\\\/www.copealcoy.es\\\/es\\\/reconocimiento-al-comercio-de-alcoy-en-una-nueva-nit-del-comerc\\\/#breadcrumb\"},\"inLanguage\":\"es\",\"potentialAction\":[{\"@type\":\"ReadAction\",\"target\":[\"https:\\\/\\\/www.copealcoy.es\\\/es\\\/reconocimiento-al-comercio-de-alcoy-en-una-nueva-nit-del-comerc\\\/\"]}]},{\"@type\":\"ImageObject\",\"inLanguage\":\"es\",\"@id\":\"https:\\\/\\\/www.copealcoy.es\\\/es\\\/reconocimiento-al-comercio-de-alcoy-en-una-nueva-nit-del-comerc\\\/#primaryimage\",\"url\":\"https:\\\/\\\/www.copealcoy.es\\\/wp-content\\\/uploads\\\/2025\\\/10\\\/WhatsApp-Image-2025-10-22-at-21.54.23.jpeg\",\"contentUrl\":\"https:\\\/\\\/www.copealcoy.es\\\/wp-content\\\/uploads\\\/2025\\\/10\\\/WhatsApp-Image-2025-10-22-at-21.54.23.jpeg\",\"width\":2048,\"height\":1152},{\"@type\":\"BreadcrumbList\",\"@id\":\"https:\\\/\\\/www.copealcoy.es\\\/es\\\/reconocimiento-al-comercio-de-alcoy-en-una-nueva-nit-del-comerc\\\/#breadcrumb\",\"itemListElement\":[{\"@type\":\"ListItem\",\"position\":1,\"name\":\"Portada\",\"item\":\"https:\\\/\\\/www.copealcoy.es\\\/es\\\/\"},{\"@type\":\"ListItem\",\"position\":2,\"name\":\"Reconocimiento al comercio de Alcoy en una nueva &#8216;Nit del Comer\u00e7&#8217;\"}]},{\"@type\":\"WebSite\",\"@id\":\"https:\\\/\\\/www.copealcoy.es\\\/es\\\/#website\",\"url\":\"https:\\\/\\\/www.copealcoy.es\\\/es\\\/\",\"name\":\"COPE Alcoy\",\"description\":\"Emisora COPE de radio local con emisi\u00f3n online. Pont de Sant Jordi 8-10 03803 Alcoy\",\"potentialAction\":[{\"@type\":\"SearchAction\",\"target\":{\"@type\":\"EntryPoint\",\"urlTemplate\":\"https:\\\/\\\/www.copealcoy.es\\\/es\\\/?s={search_term_string}\"},\"query-input\":{\"@type\":\"PropertyValueSpecification\",\"valueRequired\":true,\"valueName\":\"search_term_string\"}}],\"inLanguage\":\"es\"},{\"@type\":\"Person\",\"@id\":\"https:\\\/\\\/www.copealcoy.es\\\/es\\\/#\\\/schema\\\/person\\\/e777c87fa024e57d40170af9df39882c\",\"name\":\"Cope Alcoy\",\"image\":{\"@type\":\"ImageObject\",\"inLanguage\":\"es\",\"@id\":\"https:\\\/\\\/secure.gravatar.com\\\/avatar\\\/bb65d0283347e303893ba14f0692005417c1e0e690a325a4c5d8bb2b3943ee14?s=96&d=mm&r=g\",\"url\":\"https:\\\/\\\/secure.gravatar.com\\\/avatar\\\/bb65d0283347e303893ba14f0692005417c1e0e690a325a4c5d8bb2b3943ee14?s=96&d=mm&r=g\",\"contentUrl\":\"https:\\\/\\\/secure.gravatar.com\\\/avatar\\\/bb65d0283347e303893ba14f0692005417c1e0e690a325a4c5d8bb2b3943ee14?s=96&d=mm&r=g\",\"caption\":\"Cope Alcoy\"}}]}<\/script>\n<!-- \/ Yoast SEO plugin. -->","yoast_head_json":{"title":"Reconocimiento al comercio de Alcoy en una nueva 'Nit del Comer\u00e7' - COPE Alcoy","description":"Reconocimiento al comercio de Alcoy en una nueva 'Nit del Comer\u00e7'","robots":{"index":"index","follow":"follow","max-snippet":"max-snippet:-1","max-image-preview":"max-image-preview:large","max-video-preview":"max-video-preview:-1"},"canonical":"https:\/\/www.copealcoy.es\/es\/reconocimiento-al-comercio-de-alcoy-en-una-nueva-nit-del-comerc\/","og_locale":"es_ES","og_type":"article","og_title":"Reconocimiento al comercio de Alcoy en una nueva 'Nit del Comer\u00e7' - COPE Alcoy","og_description":"Reconocimiento al comercio de Alcoy en una nueva 'Nit del Comer\u00e7'","og_url":"https:\/\/www.copealcoy.es\/es\/reconocimiento-al-comercio-de-alcoy-en-una-nueva-nit-del-comerc\/","og_site_name":"COPE Alcoy","article_published_time":"2025-10-23T09:52:47+00:00","article_modified_time":"2025-10-23T11:32:11+00:00","og_image":[{"width":2048,"height":1152,"url":"https:\/\/www.copealcoy.es\/wp-content\/uploads\/2025\/10\/WhatsApp-Image-2025-10-22-at-21.54.23.jpeg","type":"image\/jpeg"}],"author":"Cope Alcoy","twitter_misc":{"Escrito por":"Cope Alcoy","Tiempo de lectura":"3 minutos"},"schema":{"@context":"https:\/\/schema.org","@graph":[{"@type":"Article","@id":"https:\/\/www.copealcoy.es\/es\/reconocimiento-al-comercio-de-alcoy-en-una-nueva-nit-del-comerc\/#article","isPartOf":{"@id":"https:\/\/www.copealcoy.es\/es\/reconocimiento-al-comercio-de-alcoy-en-una-nueva-nit-del-comerc\/"},"author":{"name":"Cope Alcoy","@id":"https:\/\/www.copealcoy.es\/es\/#\/schema\/person\/e777c87fa024e57d40170af9df39882c"},"headline":"Reconocimiento al comercio de Alcoy en una nueva &#8216;Nit del Comer\u00e7&#8217;","datePublished":"2025-10-23T09:52:47+00:00","dateModified":"2025-10-23T11:32:11+00:00","mainEntityOfPage":{"@id":"https:\/\/www.copealcoy.es\/es\/reconocimiento-al-comercio-de-alcoy-en-una-nueva-nit-del-comerc\/"},"wordCount":386,"image":{"@id":"https:\/\/www.copealcoy.es\/es\/reconocimiento-al-comercio-de-alcoy-en-una-nueva-nit-del-comerc\/#primaryimage"},"thumbnailUrl":"https:\/\/www.copealcoy.es\/wp-content\/uploads\/2025\/10\/WhatsApp-Image-2025-10-22-at-21.54.23.jpeg","keywords":["Alcoi\u00e0","Alcoy","Comtat","Nit del Comer\u00e7","Premios","Reconocimiento"],"articleSection":["Actualidad","Alcoy","Noticias","Pol\u00edtica y Econom\u00eda"],"inLanguage":"es"},{"@type":"WebPage","@id":"https:\/\/www.copealcoy.es\/es\/reconocimiento-al-comercio-de-alcoy-en-una-nueva-nit-del-comerc\/","url":"https:\/\/www.copealcoy.es\/es\/reconocimiento-al-comercio-de-alcoy-en-una-nueva-nit-del-comerc\/","name":"Reconocimiento al comercio de Alcoy en una nueva 'Nit del Comer\u00e7' - COPE Alcoy","isPartOf":{"@id":"https:\/\/www.copealcoy.es\/es\/#website"},"primaryImageOfPage":{"@id":"https:\/\/www.copealcoy.es\/es\/reconocimiento-al-comercio-de-alcoy-en-una-nueva-nit-del-comerc\/#primaryimage"},"image":{"@id":"https:\/\/www.copealcoy.es\/es\/reconocimiento-al-comercio-de-alcoy-en-una-nueva-nit-del-comerc\/#primaryimage"},"thumbnailUrl":"https:\/\/www.copealcoy.es\/wp-content\/uploads\/2025\/10\/WhatsApp-Image-2025-10-22-at-21.54.23.jpeg","datePublished":"2025-10-23T09:52:47+00:00","dateModified":"2025-10-23T11:32:11+00:00","author":{"@id":"https:\/\/www.copealcoy.es\/es\/#\/schema\/person\/e777c87fa024e57d40170af9df39882c"},"description":"Reconocimiento al comercio de Alcoy en una nueva 'Nit del Comer\u00e7'","breadcrumb":{"@id":"https:\/\/www.copealcoy.es\/es\/reconocimiento-al-comercio-de-alcoy-en-una-nueva-nit-del-comerc\/#breadcrumb"},"inLanguage":"es","potentialAction":[{"@type":"ReadAction","target":["https:\/\/www.copealcoy.es\/es\/reconocimiento-al-comercio-de-alcoy-en-una-nueva-nit-del-comerc\/"]}]},{"@type":"ImageObject","inLanguage":"es","@id":"https:\/\/www.copealcoy.es\/es\/reconocimiento-al-comercio-de-alcoy-en-una-nueva-nit-del-comerc\/#primaryimage","url":"https:\/\/www.copealcoy.es\/wp-content\/uploads\/2025\/10\/WhatsApp-Image-2025-10-22-at-21.54.23.jpeg","contentUrl":"https:\/\/www.copealcoy.es\/wp-content\/uploads\/2025\/10\/WhatsApp-Image-2025-10-22-at-21.54.23.jpeg","width":2048,"height":1152},{"@type":"BreadcrumbList","@id":"https:\/\/www.copealcoy.es\/es\/reconocimiento-al-comercio-de-alcoy-en-una-nueva-nit-del-comerc\/#breadcrumb","itemListElement":[{"@type":"ListItem","position":1,"name":"Portada","item":"https:\/\/www.copealcoy.es\/es\/"},{"@type":"ListItem","position":2,"name":"Reconocimiento al comercio de Alcoy en una nueva &#8216;Nit del Comer\u00e7&#8217;"}]},{"@type":"WebSite","@id":"https:\/\/www.copealcoy.es\/es\/#website","url":"https:\/\/www.copealcoy.es\/es\/","name":"COPE Alcoy","description":"Emisora COPE de radio local con emisi\u00f3n online. Pont de Sant Jordi 8-10 03803 Alcoy","potentialAction":[{"@type":"SearchAction","target":{"@type":"EntryPoint","urlTemplate":"https:\/\/www.copealcoy.es\/es\/?s={search_term_string}"},"query-input":{"@type":"PropertyValueSpecification","valueRequired":true,"valueName":"search_term_string"}}],"inLanguage":"es"},{"@type":"Person","@id":"https:\/\/www.copealcoy.es\/es\/#\/schema\/person\/e777c87fa024e57d40170af9df39882c","name":"Cope Alcoy","image":{"@type":"ImageObject","inLanguage":"es","@id":"https:\/\/secure.gravatar.com\/avatar\/bb65d0283347e303893ba14f0692005417c1e0e690a325a4c5d8bb2b3943ee14?s=96&d=mm&r=g","url":"https:\/\/secure.gravatar.com\/avatar\/bb65d0283347e303893ba14f0692005417c1e0e690a325a4c5d8bb2b3943ee14?s=96&d=mm&r=g","contentUrl":"https:\/\/secure.gravatar.com\/avatar\/bb65d0283347e303893ba14f0692005417c1e0e690a325a4c5d8bb2b3943ee14?s=96&d=mm&r=g","caption":"Cope Alcoy"}}]}},"_links":{"self":[{"href":"https:\/\/www.copealcoy.es\/es\/wp-json\/wp\/v2\/posts\/158833","targetHints":{"allow":["GET"]}}],"collection":[{"href":"https:\/\/www.copealcoy.es\/es\/wp-json\/wp\/v2\/posts"}],"about":[{"href":"https:\/\/www.copealcoy.es\/es\/wp-json\/wp\/v2\/types\/post"}],"author":[{"embeddable":true,"href":"https:\/\/www.copealcoy.es\/es\/wp-json\/wp\/v2\/users\/1"}],"replies":[{"embeddable":true,"href":"https:\/\/www.copealcoy.es\/es\/wp-json\/wp\/v2\/comments?post=158833"}],"version-history":[{"count":1,"href":"https:\/\/www.copealcoy.es\/es\/wp-json\/wp\/v2\/posts\/158833\/revisions"}],"predecessor-version":[{"id":158836,"href":"https:\/\/www.copealcoy.es\/es\/wp-json\/wp\/v2\/posts\/158833\/revisions\/158836"}],"wp:featuredmedia":[{"embeddable":true,"href":"https:\/\/www.copealcoy.es\/es\/wp-json\/wp\/v2\/media\/158834"}],"wp:attachment":[{"href":"https:\/\/www.copealcoy.es\/es\/wp-json\/wp\/v2\/media?parent=158833"}],"wp:term":[{"taxonomy":"category","embeddable":true,"href":"https:\/\/www.copealcoy.es\/es\/wp-json\/wp\/v2\/categories?post=158833"},{"taxonomy":"post_tag","embeddable":true,"href":"https:\/\/www.copealcoy.es\/es\/wp-json\/wp\/v2\/tags?post=158833"}],"curies":[{"name":"wp","href":"https:\/\/api.w.org\/{rel}","templated":true}]}}