{"id":158779,"date":"2025-10-22T12:30:28","date_gmt":"2025-10-22T11:30:28","guid":{"rendered":"https:\/\/www.copealcoy.es\/?p=158779"},"modified":"2025-10-22T12:34:21","modified_gmt":"2025-10-22T11:34:21","slug":"verds-y-abencerrajes-cara-a-a-cara-en-la-final-de-cotos-del-mig-any-de-alcoy","status":"publish","type":"post","link":"https:\/\/www.copealcoy.es\/es\/verds-y-abencerrajes-cara-a-a-cara-en-la-final-de-cotos-del-mig-any-de-alcoy\/","title":{"rendered":"Verds y Abencerrajes, cara a a cara en la final de Cotos del Mig Any de Alcoy"},"content":{"rendered":"<p style=\"text-align: justify;\" data-start=\"254\" data-end=\"596\">La final del <strong data-start=\"267\" data-end=\"307\">Campeonato de Cotos del Mig Any de <a href=\"https:\/\/www.asjordi.org\/\" target=\"_blank\" rel=\"noopener\"><span style=\"color: #0000ff;\">las Fiestas de Moros y Cristianos de Alcoy<\/span><\/a><\/strong> ya tiene protagonistas en este 2025: las <strong>Filaes<\/strong> <strong data-start=\"343\" data-end=\"353\">Verds<\/strong> y <strong data-start=\"356\" data-end=\"372\">Abencerrajes<\/strong> se ver\u00e1n las caras este <strong data-start=\"397\" data-end=\"421\">jueves 23 de octubre<\/strong> en la sede de la <strong>Fil\u00e0 Marrakesch<\/strong>, formaci\u00f3n que asume el cargo de Capit\u00e1n Moro en 2026. Todo ello tras la interesante <strong>semifinal<\/strong> que tuvo lugar ayer por la noche y que se llev\u00f3 a cabo en la <strong>Fil\u00e0 Realistes<\/strong>, Alf\u00e9rez de las huestes de la media luna el pr\u00f3ximo a\u00f1o.<\/p>\n<p style=\"text-align: justify;\" data-start=\"598\" data-end=\"794\">Cabe destacar que la pareja de la <strong data-start=\"614\" data-end=\"629\">Fil\u00e0 Verds<\/strong>, formada por <strong data-start=\"643\" data-end=\"666\">Ra\u00fal Santacreu Mira<\/strong> y <strong data-start=\"669\" data-end=\"690\">Vicente P\u00e9rez Pla<\/strong>, se impuso en el marcador a los <strong data-start=\"735\" data-end=\"750\">Muntanyesos con un resultado final de 3-1<\/strong> en el marcador.\u00a0 Por su parte, los representantes de los <strong data-start=\"824\" data-end=\"840\">Abencerrajes<\/strong>,\u00a0 <strong data-start=\"856\" data-end=\"879\">Nicol\u00e1s Ll\u00e1cer Orts<\/strong> y <strong data-start=\"882\" data-end=\"909\">Carlos Company Dom\u00e9nech<\/strong>, lograron el pase a la final tras vencer por <strong data-start=\"952\" data-end=\"959\">3-2<\/strong> a la pareja de los <strong data-start=\"979\" data-end=\"994\">Berberiscos<\/strong>.<\/p>\n<p style=\"text-align: justify;\" data-start=\"999\" data-end=\"1175\">La gran final abrir\u00e1 pr\u00e1cticamente las puertas hacia el d\u00eda central de la conmemoraci\u00f3n del Mig Any, <strong>jornada que ser\u00e1 este s\u00e1bado 25 de octubre<\/strong>. En esta jornada tendr\u00e1 lugar el Concurso de Olleta en La Glorieta, estando previsto el fallo del jurado en torno a las 14:00h, y a partir de las 18:00h dar\u00e1n inicio las &#8216;Entraetes&#8217; en los dos itinerarios habituales: Avinguda Pa\u00eds Valenci\u00e0 &#8211; Sant Lloren\u00e7 i Sant Nicolau.<\/p>\n","protected":false},"excerpt":{"rendered":"<p>La final del Campeonato de Cotos del Mig Any de las Fiestas de Moros y Cristianos de Alcoy ya tiene&#8230;<\/p>\n","protected":false},"author":1,"featured_media":158780,"comment_status":"closed","ping_status":"closed","sticky":false,"template":"","format":"standard","meta":{"footnotes":""},"categories":[6909,97,78,75],"tags":[1494,3100,565,7943,609,3101],"class_list":["post-158779","post","type-post","status-publish","format-standard","has-post-thumbnail","hentry","category-actualidad","category-alcoy","category-fiestaycultura","category-noticias","tag-alcoy","tag-campeonato-de-cotos","tag-fiestas","tag-mig-any-fester","tag-moros-y-cristianos","tag-semifinal"],"yoast_head":"<!-- This site is optimized with the Yoast SEO plugin v27.3 - https:\/\/yoast.com\/product\/yoast-seo-wordpress\/ -->\n<title>Verds y Abencerrajes, cara a a cara en la final de Cotos del Mig Any de Alcoy - COPE Alcoy<\/title>\n<meta name=\"description\" content=\"Verds y Abencerrajes, cara a a cara en la final de Cotos del Mig Any de Alcoy\" \/>\n<meta name=\"robots\" content=\"index, follow, max-snippet:-1, max-image-preview:large, max-video-preview:-1\" \/>\n<link rel=\"canonical\" href=\"https:\/\/www.copealcoy.es\/es\/verds-y-abencerrajes-cara-a-a-cara-en-la-final-de-cotos-del-mig-any-de-alcoy\/\" \/>\n<meta property=\"og:locale\" content=\"es_ES\" \/>\n<meta property=\"og:type\" content=\"article\" \/>\n<meta property=\"og:title\" content=\"Verds y Abencerrajes, cara a a cara en la final de Cotos del Mig Any de Alcoy - COPE Alcoy\" \/>\n<meta property=\"og:description\" content=\"Verds y Abencerrajes, cara a a cara en la final de Cotos del Mig Any de Alcoy\" \/>\n<meta property=\"og:url\" content=\"https:\/\/www.copealcoy.es\/es\/verds-y-abencerrajes-cara-a-a-cara-en-la-final-de-cotos-del-mig-any-de-alcoy\/\" \/>\n<meta property=\"og:site_name\" content=\"COPE Alcoy\" \/>\n<meta property=\"article:published_time\" content=\"2025-10-22T11:30:28+00:00\" \/>\n<meta property=\"article:modified_time\" content=\"2025-10-22T11:34:21+00:00\" \/>\n<meta property=\"og:image\" content=\"https:\/\/www.copealcoy.es\/wp-content\/uploads\/2025\/10\/upload-images-noticias-Mig-Any-Mig-Any-2025-Cotos-2025-Semifinals-Cotos-IMG-20251022-WA0013-1200x0-zc0.jpg\" \/>\n\t<meta property=\"og:image:width\" content=\"1200\" \/>\n\t<meta property=\"og:image:height\" content=\"685\" \/>\n\t<meta property=\"og:image:type\" content=\"image\/jpeg\" \/>\n<meta name=\"author\" content=\"Cope Alcoy\" \/>\n<meta name=\"twitter:label1\" content=\"Escrito por\" \/>\n\t<meta name=\"twitter:data1\" content=\"Cope Alcoy\" \/>\n\t<meta name=\"twitter:label2\" content=\"Tiempo de lectura\" \/>\n\t<meta name=\"twitter:data2\" content=\"2 minutos\" \/>\n<script type=\"application\/ld+json\" class=\"yoast-schema-graph\">{\"@context\":\"https:\\\/\\\/schema.org\",\"@graph\":[{\"@type\":\"Article\",\"@id\":\"https:\\\/\\\/www.copealcoy.es\\\/es\\\/verds-y-abencerrajes-cara-a-a-cara-en-la-final-de-cotos-del-mig-any-de-alcoy\\\/#article\",\"isPartOf\":{\"@id\":\"https:\\\/\\\/www.copealcoy.es\\\/es\\\/verds-y-abencerrajes-cara-a-a-cara-en-la-final-de-cotos-del-mig-any-de-alcoy\\\/\"},\"author\":{\"name\":\"Cope Alcoy\",\"@id\":\"https:\\\/\\\/www.copealcoy.es\\\/es\\\/#\\\/schema\\\/person\\\/e777c87fa024e57d40170af9df39882c\"},\"headline\":\"Verds y Abencerrajes, cara a a cara en la final de Cotos del Mig Any de Alcoy\",\"datePublished\":\"2025-10-22T11:30:28+00:00\",\"dateModified\":\"2025-10-22T11:34:21+00:00\",\"mainEntityOfPage\":{\"@id\":\"https:\\\/\\\/www.copealcoy.es\\\/es\\\/verds-y-abencerrajes-cara-a-a-cara-en-la-final-de-cotos-del-mig-any-de-alcoy\\\/\"},\"wordCount\":257,\"image\":{\"@id\":\"https:\\\/\\\/www.copealcoy.es\\\/es\\\/verds-y-abencerrajes-cara-a-a-cara-en-la-final-de-cotos-del-mig-any-de-alcoy\\\/#primaryimage\"},\"thumbnailUrl\":\"https:\\\/\\\/www.copealcoy.es\\\/wp-content\\\/uploads\\\/2025\\\/10\\\/upload-images-noticias-Mig-Any-Mig-Any-2025-Cotos-2025-Semifinals-Cotos-IMG-20251022-WA0013-1200x0-zc0.jpg\",\"keywords\":[\"Alcoy\",\"Campeonato de Cotos\",\"Fiestas\",\"Mig Any Fester\",\"Moros Y Cristianos\",\"Semifinal\"],\"articleSection\":[\"Actualidad\",\"Alcoy\",\"Fiesta y Cultura\",\"Noticias\"],\"inLanguage\":\"es\"},{\"@type\":\"WebPage\",\"@id\":\"https:\\\/\\\/www.copealcoy.es\\\/es\\\/verds-y-abencerrajes-cara-a-a-cara-en-la-final-de-cotos-del-mig-any-de-alcoy\\\/\",\"url\":\"https:\\\/\\\/www.copealcoy.es\\\/es\\\/verds-y-abencerrajes-cara-a-a-cara-en-la-final-de-cotos-del-mig-any-de-alcoy\\\/\",\"name\":\"Verds y Abencerrajes, cara a a cara en la final de Cotos del Mig Any de Alcoy - COPE Alcoy\",\"isPartOf\":{\"@id\":\"https:\\\/\\\/www.copealcoy.es\\\/es\\\/#website\"},\"primaryImageOfPage\":{\"@id\":\"https:\\\/\\\/www.copealcoy.es\\\/es\\\/verds-y-abencerrajes-cara-a-a-cara-en-la-final-de-cotos-del-mig-any-de-alcoy\\\/#primaryimage\"},\"image\":{\"@id\":\"https:\\\/\\\/www.copealcoy.es\\\/es\\\/verds-y-abencerrajes-cara-a-a-cara-en-la-final-de-cotos-del-mig-any-de-alcoy\\\/#primaryimage\"},\"thumbnailUrl\":\"https:\\\/\\\/www.copealcoy.es\\\/wp-content\\\/uploads\\\/2025\\\/10\\\/upload-images-noticias-Mig-Any-Mig-Any-2025-Cotos-2025-Semifinals-Cotos-IMG-20251022-WA0013-1200x0-zc0.jpg\",\"datePublished\":\"2025-10-22T11:30:28+00:00\",\"dateModified\":\"2025-10-22T11:34:21+00:00\",\"author\":{\"@id\":\"https:\\\/\\\/www.copealcoy.es\\\/es\\\/#\\\/schema\\\/person\\\/e777c87fa024e57d40170af9df39882c\"},\"description\":\"Verds y Abencerrajes, cara a a cara en la final de Cotos del Mig Any de Alcoy\",\"breadcrumb\":{\"@id\":\"https:\\\/\\\/www.copealcoy.es\\\/es\\\/verds-y-abencerrajes-cara-a-a-cara-en-la-final-de-cotos-del-mig-any-de-alcoy\\\/#breadcrumb\"},\"inLanguage\":\"es\",\"potentialAction\":[{\"@type\":\"ReadAction\",\"target\":[\"https:\\\/\\\/www.copealcoy.es\\\/es\\\/verds-y-abencerrajes-cara-a-a-cara-en-la-final-de-cotos-del-mig-any-de-alcoy\\\/\"]}]},{\"@type\":\"ImageObject\",\"inLanguage\":\"es\",\"@id\":\"https:\\\/\\\/www.copealcoy.es\\\/es\\\/verds-y-abencerrajes-cara-a-a-cara-en-la-final-de-cotos-del-mig-any-de-alcoy\\\/#primaryimage\",\"url\":\"https:\\\/\\\/www.copealcoy.es\\\/wp-content\\\/uploads\\\/2025\\\/10\\\/upload-images-noticias-Mig-Any-Mig-Any-2025-Cotos-2025-Semifinals-Cotos-IMG-20251022-WA0013-1200x0-zc0.jpg\",\"contentUrl\":\"https:\\\/\\\/www.copealcoy.es\\\/wp-content\\\/uploads\\\/2025\\\/10\\\/upload-images-noticias-Mig-Any-Mig-Any-2025-Cotos-2025-Semifinals-Cotos-IMG-20251022-WA0013-1200x0-zc0.jpg\",\"width\":1200,\"height\":685},{\"@type\":\"BreadcrumbList\",\"@id\":\"https:\\\/\\\/www.copealcoy.es\\\/es\\\/verds-y-abencerrajes-cara-a-a-cara-en-la-final-de-cotos-del-mig-any-de-alcoy\\\/#breadcrumb\",\"itemListElement\":[{\"@type\":\"ListItem\",\"position\":1,\"name\":\"Portada\",\"item\":\"https:\\\/\\\/www.copealcoy.es\\\/es\\\/\"},{\"@type\":\"ListItem\",\"position\":2,\"name\":\"Verds y Abencerrajes, cara a a cara en la final de Cotos del Mig Any de Alcoy\"}]},{\"@type\":\"WebSite\",\"@id\":\"https:\\\/\\\/www.copealcoy.es\\\/es\\\/#website\",\"url\":\"https:\\\/\\\/www.copealcoy.es\\\/es\\\/\",\"name\":\"COPE Alcoy\",\"description\":\"Emisora COPE de radio local con emisi\u00f3n online. Pont de Sant Jordi 8-10 03803 Alcoy\",\"potentialAction\":[{\"@type\":\"SearchAction\",\"target\":{\"@type\":\"EntryPoint\",\"urlTemplate\":\"https:\\\/\\\/www.copealcoy.es\\\/es\\\/?s={search_term_string}\"},\"query-input\":{\"@type\":\"PropertyValueSpecification\",\"valueRequired\":true,\"valueName\":\"search_term_string\"}}],\"inLanguage\":\"es\"},{\"@type\":\"Person\",\"@id\":\"https:\\\/\\\/www.copealcoy.es\\\/es\\\/#\\\/schema\\\/person\\\/e777c87fa024e57d40170af9df39882c\",\"name\":\"Cope Alcoy\",\"image\":{\"@type\":\"ImageObject\",\"inLanguage\":\"es\",\"@id\":\"https:\\\/\\\/secure.gravatar.com\\\/avatar\\\/bb65d0283347e303893ba14f0692005417c1e0e690a325a4c5d8bb2b3943ee14?s=96&d=mm&r=g\",\"url\":\"https:\\\/\\\/secure.gravatar.com\\\/avatar\\\/bb65d0283347e303893ba14f0692005417c1e0e690a325a4c5d8bb2b3943ee14?s=96&d=mm&r=g\",\"contentUrl\":\"https:\\\/\\\/secure.gravatar.com\\\/avatar\\\/bb65d0283347e303893ba14f0692005417c1e0e690a325a4c5d8bb2b3943ee14?s=96&d=mm&r=g\",\"caption\":\"Cope Alcoy\"}}]}<\/script>\n<!-- \/ Yoast SEO plugin. -->","yoast_head_json":{"title":"Verds y Abencerrajes, cara a a cara en la final de Cotos del Mig Any de Alcoy - COPE Alcoy","description":"Verds y Abencerrajes, cara a a cara en la final de Cotos del Mig Any de Alcoy","robots":{"index":"index","follow":"follow","max-snippet":"max-snippet:-1","max-image-preview":"max-image-preview:large","max-video-preview":"max-video-preview:-1"},"canonical":"https:\/\/www.copealcoy.es\/es\/verds-y-abencerrajes-cara-a-a-cara-en-la-final-de-cotos-del-mig-any-de-alcoy\/","og_locale":"es_ES","og_type":"article","og_title":"Verds y Abencerrajes, cara a a cara en la final de Cotos del Mig Any de Alcoy - COPE Alcoy","og_description":"Verds y Abencerrajes, cara a a cara en la final de Cotos del Mig Any de Alcoy","og_url":"https:\/\/www.copealcoy.es\/es\/verds-y-abencerrajes-cara-a-a-cara-en-la-final-de-cotos-del-mig-any-de-alcoy\/","og_site_name":"COPE Alcoy","article_published_time":"2025-10-22T11:30:28+00:00","article_modified_time":"2025-10-22T11:34:21+00:00","og_image":[{"width":1200,"height":685,"url":"https:\/\/www.copealcoy.es\/wp-content\/uploads\/2025\/10\/upload-images-noticias-Mig-Any-Mig-Any-2025-Cotos-2025-Semifinals-Cotos-IMG-20251022-WA0013-1200x0-zc0.jpg","type":"image\/jpeg"}],"author":"Cope Alcoy","twitter_misc":{"Escrito por":"Cope Alcoy","Tiempo de lectura":"2 minutos"},"schema":{"@context":"https:\/\/schema.org","@graph":[{"@type":"Article","@id":"https:\/\/www.copealcoy.es\/es\/verds-y-abencerrajes-cara-a-a-cara-en-la-final-de-cotos-del-mig-any-de-alcoy\/#article","isPartOf":{"@id":"https:\/\/www.copealcoy.es\/es\/verds-y-abencerrajes-cara-a-a-cara-en-la-final-de-cotos-del-mig-any-de-alcoy\/"},"author":{"name":"Cope Alcoy","@id":"https:\/\/www.copealcoy.es\/es\/#\/schema\/person\/e777c87fa024e57d40170af9df39882c"},"headline":"Verds y Abencerrajes, cara a a cara en la final de Cotos del Mig Any de Alcoy","datePublished":"2025-10-22T11:30:28+00:00","dateModified":"2025-10-22T11:34:21+00:00","mainEntityOfPage":{"@id":"https:\/\/www.copealcoy.es\/es\/verds-y-abencerrajes-cara-a-a-cara-en-la-final-de-cotos-del-mig-any-de-alcoy\/"},"wordCount":257,"image":{"@id":"https:\/\/www.copealcoy.es\/es\/verds-y-abencerrajes-cara-a-a-cara-en-la-final-de-cotos-del-mig-any-de-alcoy\/#primaryimage"},"thumbnailUrl":"https:\/\/www.copealcoy.es\/wp-content\/uploads\/2025\/10\/upload-images-noticias-Mig-Any-Mig-Any-2025-Cotos-2025-Semifinals-Cotos-IMG-20251022-WA0013-1200x0-zc0.jpg","keywords":["Alcoy","Campeonato de Cotos","Fiestas","Mig Any Fester","Moros Y Cristianos","Semifinal"],"articleSection":["Actualidad","Alcoy","Fiesta y Cultura","Noticias"],"inLanguage":"es"},{"@type":"WebPage","@id":"https:\/\/www.copealcoy.es\/es\/verds-y-abencerrajes-cara-a-a-cara-en-la-final-de-cotos-del-mig-any-de-alcoy\/","url":"https:\/\/www.copealcoy.es\/es\/verds-y-abencerrajes-cara-a-a-cara-en-la-final-de-cotos-del-mig-any-de-alcoy\/","name":"Verds y Abencerrajes, cara a a cara en la final de Cotos del Mig Any de Alcoy - COPE Alcoy","isPartOf":{"@id":"https:\/\/www.copealcoy.es\/es\/#website"},"primaryImageOfPage":{"@id":"https:\/\/www.copealcoy.es\/es\/verds-y-abencerrajes-cara-a-a-cara-en-la-final-de-cotos-del-mig-any-de-alcoy\/#primaryimage"},"image":{"@id":"https:\/\/www.copealcoy.es\/es\/verds-y-abencerrajes-cara-a-a-cara-en-la-final-de-cotos-del-mig-any-de-alcoy\/#primaryimage"},"thumbnailUrl":"https:\/\/www.copealcoy.es\/wp-content\/uploads\/2025\/10\/upload-images-noticias-Mig-Any-Mig-Any-2025-Cotos-2025-Semifinals-Cotos-IMG-20251022-WA0013-1200x0-zc0.jpg","datePublished":"2025-10-22T11:30:28+00:00","dateModified":"2025-10-22T11:34:21+00:00","author":{"@id":"https:\/\/www.copealcoy.es\/es\/#\/schema\/person\/e777c87fa024e57d40170af9df39882c"},"description":"Verds y Abencerrajes, cara a a cara en la final de Cotos del Mig Any de Alcoy","breadcrumb":{"@id":"https:\/\/www.copealcoy.es\/es\/verds-y-abencerrajes-cara-a-a-cara-en-la-final-de-cotos-del-mig-any-de-alcoy\/#breadcrumb"},"inLanguage":"es","potentialAction":[{"@type":"ReadAction","target":["https:\/\/www.copealcoy.es\/es\/verds-y-abencerrajes-cara-a-a-cara-en-la-final-de-cotos-del-mig-any-de-alcoy\/"]}]},{"@type":"ImageObject","inLanguage":"es","@id":"https:\/\/www.copealcoy.es\/es\/verds-y-abencerrajes-cara-a-a-cara-en-la-final-de-cotos-del-mig-any-de-alcoy\/#primaryimage","url":"https:\/\/www.copealcoy.es\/wp-content\/uploads\/2025\/10\/upload-images-noticias-Mig-Any-Mig-Any-2025-Cotos-2025-Semifinals-Cotos-IMG-20251022-WA0013-1200x0-zc0.jpg","contentUrl":"https:\/\/www.copealcoy.es\/wp-content\/uploads\/2025\/10\/upload-images-noticias-Mig-Any-Mig-Any-2025-Cotos-2025-Semifinals-Cotos-IMG-20251022-WA0013-1200x0-zc0.jpg","width":1200,"height":685},{"@type":"BreadcrumbList","@id":"https:\/\/www.copealcoy.es\/es\/verds-y-abencerrajes-cara-a-a-cara-en-la-final-de-cotos-del-mig-any-de-alcoy\/#breadcrumb","itemListElement":[{"@type":"ListItem","position":1,"name":"Portada","item":"https:\/\/www.copealcoy.es\/es\/"},{"@type":"ListItem","position":2,"name":"Verds y Abencerrajes, cara a a cara en la final de Cotos del Mig Any de Alcoy"}]},{"@type":"WebSite","@id":"https:\/\/www.copealcoy.es\/es\/#website","url":"https:\/\/www.copealcoy.es\/es\/","name":"COPE Alcoy","description":"Emisora COPE de radio local con emisi\u00f3n online. Pont de Sant Jordi 8-10 03803 Alcoy","potentialAction":[{"@type":"SearchAction","target":{"@type":"EntryPoint","urlTemplate":"https:\/\/www.copealcoy.es\/es\/?s={search_term_string}"},"query-input":{"@type":"PropertyValueSpecification","valueRequired":true,"valueName":"search_term_string"}}],"inLanguage":"es"},{"@type":"Person","@id":"https:\/\/www.copealcoy.es\/es\/#\/schema\/person\/e777c87fa024e57d40170af9df39882c","name":"Cope Alcoy","image":{"@type":"ImageObject","inLanguage":"es","@id":"https:\/\/secure.gravatar.com\/avatar\/bb65d0283347e303893ba14f0692005417c1e0e690a325a4c5d8bb2b3943ee14?s=96&d=mm&r=g","url":"https:\/\/secure.gravatar.com\/avatar\/bb65d0283347e303893ba14f0692005417c1e0e690a325a4c5d8bb2b3943ee14?s=96&d=mm&r=g","contentUrl":"https:\/\/secure.gravatar.com\/avatar\/bb65d0283347e303893ba14f0692005417c1e0e690a325a4c5d8bb2b3943ee14?s=96&d=mm&r=g","caption":"Cope Alcoy"}}]}},"_links":{"self":[{"href":"https:\/\/www.copealcoy.es\/es\/wp-json\/wp\/v2\/posts\/158779","targetHints":{"allow":["GET"]}}],"collection":[{"href":"https:\/\/www.copealcoy.es\/es\/wp-json\/wp\/v2\/posts"}],"about":[{"href":"https:\/\/www.copealcoy.es\/es\/wp-json\/wp\/v2\/types\/post"}],"author":[{"embeddable":true,"href":"https:\/\/www.copealcoy.es\/es\/wp-json\/wp\/v2\/users\/1"}],"replies":[{"embeddable":true,"href":"https:\/\/www.copealcoy.es\/es\/wp-json\/wp\/v2\/comments?post=158779"}],"version-history":[{"count":3,"href":"https:\/\/www.copealcoy.es\/es\/wp-json\/wp\/v2\/posts\/158779\/revisions"}],"predecessor-version":[{"id":158786,"href":"https:\/\/www.copealcoy.es\/es\/wp-json\/wp\/v2\/posts\/158779\/revisions\/158786"}],"wp:featuredmedia":[{"embeddable":true,"href":"https:\/\/www.copealcoy.es\/es\/wp-json\/wp\/v2\/media\/158780"}],"wp:attachment":[{"href":"https:\/\/www.copealcoy.es\/es\/wp-json\/wp\/v2\/media?parent=158779"}],"wp:term":[{"taxonomy":"category","embeddable":true,"href":"https:\/\/www.copealcoy.es\/es\/wp-json\/wp\/v2\/categories?post=158779"},{"taxonomy":"post_tag","embeddable":true,"href":"https:\/\/www.copealcoy.es\/es\/wp-json\/wp\/v2\/tags?post=158779"}],"curies":[{"name":"wp","href":"https:\/\/api.w.org\/{rel}","templated":true}]}}