{"id":158775,"date":"2025-10-27T08:15:58","date_gmt":"2025-10-27T07:15:58","guid":{"rendered":"https:\/\/www.copealcoy.es\/?p=158775"},"modified":"2025-10-28T15:36:16","modified_gmt":"2025-10-28T14:36:16","slug":"la-fira-de-cocentaina-sigue-creciendo-y-sumara-mas-de-800-expositores-en-su-proxima-edicion","status":"publish","type":"post","link":"https:\/\/www.copealcoy.es\/es\/la-fira-de-cocentaina-sigue-creciendo-y-sumara-mas-de-800-expositores-en-su-proxima-edicion\/","title":{"rendered":"La Fira de Cocentaina sigue creciendo y sumar\u00e1 m\u00e1s de 800 expositores en su pr\u00f3xima edici\u00f3n"},"content":{"rendered":"<p style=\"text-align: justify;\" data-start=\"308\" data-end=\"695\">La <a href=\"https:\/\/www.firadecocentaina.org\/es\/\" target=\"_blank\" rel=\"noopener\"><span style=\"color: #0000ff;\"><strong data-start=\"311\" data-end=\"352\">Fira de Tots Sants de Cocentaina 2025<\/strong> <\/span><\/a>consolida su liderazgo como uno de los grandes escaparates comerciales y empresariales de nuestras comarcas pero tambi\u00e9n del conjunto de la Comunitat Valenciana.\u00a0 En su <strong data-start=\"464\" data-end=\"481\">679.\u00aa edici\u00f3n<\/strong>, el recinto ferial alcanza la m\u00e1xima ocupaci\u00f3n de la \u00faltima d\u00e9cada en el sector de automoci\u00f3n y ampl\u00eda su superficie expositiva hasta los <strong data-start=\"620\" data-end=\"648\">142.000 metros cuadrados<\/strong>, con m\u00e1s de <strong data-start=\"661\" data-end=\"692\">800 expositores confirmados<\/strong>.<\/p>\n<p style=\"text-align: justify;\" data-start=\"697\" data-end=\"992\">Entre las principales novedades destaca la <strong data-start=\"740\" data-end=\"766\">participaci\u00f3n de Tesla<\/strong>, que acude por primera vez con su gama de veh\u00edculos el\u00e9ctricos, y la <strong data-start=\"836\" data-end=\"895\">presentaci\u00f3n de los nuevos tractores el\u00e9ctricos Voltrac<\/strong>, s\u00edmbolo de la apuesta de la Fira por la <strong data-start=\"937\" data-end=\"989\">transici\u00f3n ecol\u00f3gica y la innovaci\u00f3n tecnol\u00f3gica<\/strong>. El \u00e1rea de <strong data-start=\"1005\" data-end=\"1036\">innovaci\u00f3n y sostenibilidad<\/strong> tambi\u00e9n gana protagonismo con la presencia de <strong data-start=\"1083\" data-end=\"1092\">Facsa<\/strong> y la <strong data-start=\"1098\" data-end=\"1162\">Comunidad de Regantes Riegos de Levante Izquierda del Segura<\/strong>, que realizar\u00e1n actividades divulgativas sobre gesti\u00f3n eficiente del agua y los residuos los d\u00edas <strong data-start=\"1261\" data-end=\"1295\">31 de octubre y 1 de noviembre<\/strong>. Por otro lado, el sector agroalimentario y artesanal vuelve a crecer, con una amplia representaci\u00f3n de productores locales de municipios como <strong data-start=\"1427\" data-end=\"1499\">Agres, Banyeres, l\u2019Alqueria d\u2019Asnar, Benimarfull, Pen\u00e0guila o Planes<\/strong>, ofreciendo quesos, embutidos, miel, aceite, dulces y cerveza artesanal &#8220;<em>este a\u00f1o damos un paso m\u00e1s en la consolidaci\u00f3n de la Fira como un espacio que une tradici\u00f3n e innovaci\u00f3n. Seguimos creciendo, pero sobre todo reforzamos la calidad, la sostenibilidad y la confianza de las marcas en Cocentaina<\/em>\u201d, indica la edil de Fira,<strong> Marcela Richart<\/strong>.<\/p>\n<p style=\"text-align: justify;\" data-start=\"1576\" data-end=\"1836\">Adem\u00e1s, se presentar\u00e1 en exclusiva el <strong data-start=\"1614\" data-end=\"1649\">nuevo SSV \u201cSuper Villain SX20T\u201d<\/strong> de Terramar Agrosoluciones, un veh\u00edculo de \u00faltima generaci\u00f3n para usos agr\u00edcolas y off-road, que reforzar\u00e1 el atractivo del certamen junto a otras actividades t\u00e9cnicas y demostrativas. La Fira abrir\u00e1 sus puertas el viernes 31 de octubre, estando prevista su inauguraci\u00f3n oficial a partir de las 11 de la ma\u00f1ana, y estar\u00e1 funcionando a pleno rendimiento hasta la noche del 2 de noviembre.<\/p>\n","protected":false},"excerpt":{"rendered":"<p>La Fira de Tots Sants de Cocentaina 2025 consolida su liderazgo como uno de los grandes escaparates comerciales y empresariales&#8230;<\/p>\n","protected":false},"author":1,"featured_media":142901,"comment_status":"closed","ping_status":"closed","sticky":false,"template":"","format":"standard","meta":{"footnotes":""},"categories":[6909,98,75],"tags":[19060,18811,3201,338],"class_list":["post-158775","post","type-post","status-publish","format-standard","has-post-thumbnail","hentry","category-actualidad","category-comarcas","category-noticias","tag-edicion-2025","tag-expositores","tag-fira-de-cocentaina","tag-novedades"],"yoast_head":"<!-- This site is optimized with the Yoast SEO plugin v27.3 - https:\/\/yoast.com\/product\/yoast-seo-wordpress\/ -->\n<title>La Fira de Cocentaina sigue creciendo y sumar\u00e1 m\u00e1s de 800 expositores en su pr\u00f3xima edici\u00f3n - COPE Alcoy<\/title>\n<meta name=\"description\" content=\"La Fira de Cocentaina sigue creciendo y sumar\u00e1 m\u00e1s de 800 expositores en su pr\u00f3xima edici\u00f3n\" \/>\n<meta name=\"robots\" content=\"index, follow, max-snippet:-1, max-image-preview:large, max-video-preview:-1\" \/>\n<link rel=\"canonical\" href=\"https:\/\/www.copealcoy.es\/es\/la-fira-de-cocentaina-sigue-creciendo-y-sumara-mas-de-800-expositores-en-su-proxima-edicion\/\" \/>\n<meta property=\"og:locale\" content=\"es_ES\" \/>\n<meta property=\"og:type\" content=\"article\" \/>\n<meta property=\"og:title\" content=\"La Fira de Cocentaina sigue creciendo y sumar\u00e1 m\u00e1s de 800 expositores en su pr\u00f3xima edici\u00f3n - COPE Alcoy\" \/>\n<meta property=\"og:description\" content=\"La Fira de Cocentaina sigue creciendo y sumar\u00e1 m\u00e1s de 800 expositores en su pr\u00f3xima edici\u00f3n\" \/>\n<meta property=\"og:url\" content=\"https:\/\/www.copealcoy.es\/es\/la-fira-de-cocentaina-sigue-creciendo-y-sumara-mas-de-800-expositores-en-su-proxima-edicion\/\" \/>\n<meta property=\"og:site_name\" content=\"COPE Alcoy\" \/>\n<meta property=\"article:published_time\" content=\"2025-10-27T07:15:58+00:00\" \/>\n<meta property=\"article:modified_time\" content=\"2025-10-28T14:36:16+00:00\" \/>\n<meta property=\"og:image\" content=\"https:\/\/www.copealcoy.es\/wp-content\/uploads\/2024\/11\/unnamed-1-16-scaled.jpg\" \/>\n\t<meta property=\"og:image:width\" content=\"1440\" \/>\n\t<meta property=\"og:image:height\" content=\"1080\" \/>\n\t<meta property=\"og:image:type\" content=\"image\/jpeg\" \/>\n<meta name=\"author\" content=\"Cope Alcoy\" \/>\n<meta name=\"twitter:label1\" content=\"Escrito por\" \/>\n\t<meta name=\"twitter:data1\" content=\"Cope Alcoy\" \/>\n\t<meta name=\"twitter:label2\" content=\"Tiempo de lectura\" \/>\n\t<meta name=\"twitter:data2\" content=\"2 minutos\" \/>\n<script type=\"application\/ld+json\" class=\"yoast-schema-graph\">{\"@context\":\"https:\\\/\\\/schema.org\",\"@graph\":[{\"@type\":\"Article\",\"@id\":\"https:\\\/\\\/www.copealcoy.es\\\/es\\\/la-fira-de-cocentaina-sigue-creciendo-y-sumara-mas-de-800-expositores-en-su-proxima-edicion\\\/#article\",\"isPartOf\":{\"@id\":\"https:\\\/\\\/www.copealcoy.es\\\/es\\\/la-fira-de-cocentaina-sigue-creciendo-y-sumara-mas-de-800-expositores-en-su-proxima-edicion\\\/\"},\"author\":{\"name\":\"Cope Alcoy\",\"@id\":\"https:\\\/\\\/www.copealcoy.es\\\/es\\\/#\\\/schema\\\/person\\\/e777c87fa024e57d40170af9df39882c\"},\"headline\":\"La Fira de Cocentaina sigue creciendo y sumar\u00e1 m\u00e1s de 800 expositores en su pr\u00f3xima edici\u00f3n\",\"datePublished\":\"2025-10-27T07:15:58+00:00\",\"dateModified\":\"2025-10-28T14:36:16+00:00\",\"mainEntityOfPage\":{\"@id\":\"https:\\\/\\\/www.copealcoy.es\\\/es\\\/la-fira-de-cocentaina-sigue-creciendo-y-sumara-mas-de-800-expositores-en-su-proxima-edicion\\\/\"},\"wordCount\":362,\"image\":{\"@id\":\"https:\\\/\\\/www.copealcoy.es\\\/es\\\/la-fira-de-cocentaina-sigue-creciendo-y-sumara-mas-de-800-expositores-en-su-proxima-edicion\\\/#primaryimage\"},\"thumbnailUrl\":\"https:\\\/\\\/www.copealcoy.es\\\/wp-content\\\/uploads\\\/2024\\\/11\\\/unnamed-1-16-scaled.jpg\",\"keywords\":[\"edici\u00f3n 2025\",\"expositores\",\"Fira de Cocentaina\",\"Novedades\"],\"articleSection\":[\"Actualidad\",\"Comarcas\",\"Noticias\"],\"inLanguage\":\"es\"},{\"@type\":\"WebPage\",\"@id\":\"https:\\\/\\\/www.copealcoy.es\\\/es\\\/la-fira-de-cocentaina-sigue-creciendo-y-sumara-mas-de-800-expositores-en-su-proxima-edicion\\\/\",\"url\":\"https:\\\/\\\/www.copealcoy.es\\\/es\\\/la-fira-de-cocentaina-sigue-creciendo-y-sumara-mas-de-800-expositores-en-su-proxima-edicion\\\/\",\"name\":\"La Fira de Cocentaina sigue creciendo y sumar\u00e1 m\u00e1s de 800 expositores en su pr\u00f3xima edici\u00f3n - COPE Alcoy\",\"isPartOf\":{\"@id\":\"https:\\\/\\\/www.copealcoy.es\\\/es\\\/#website\"},\"primaryImageOfPage\":{\"@id\":\"https:\\\/\\\/www.copealcoy.es\\\/es\\\/la-fira-de-cocentaina-sigue-creciendo-y-sumara-mas-de-800-expositores-en-su-proxima-edicion\\\/#primaryimage\"},\"image\":{\"@id\":\"https:\\\/\\\/www.copealcoy.es\\\/es\\\/la-fira-de-cocentaina-sigue-creciendo-y-sumara-mas-de-800-expositores-en-su-proxima-edicion\\\/#primaryimage\"},\"thumbnailUrl\":\"https:\\\/\\\/www.copealcoy.es\\\/wp-content\\\/uploads\\\/2024\\\/11\\\/unnamed-1-16-scaled.jpg\",\"datePublished\":\"2025-10-27T07:15:58+00:00\",\"dateModified\":\"2025-10-28T14:36:16+00:00\",\"author\":{\"@id\":\"https:\\\/\\\/www.copealcoy.es\\\/es\\\/#\\\/schema\\\/person\\\/e777c87fa024e57d40170af9df39882c\"},\"description\":\"La Fira de Cocentaina sigue creciendo y sumar\u00e1 m\u00e1s de 800 expositores en su pr\u00f3xima edici\u00f3n\",\"breadcrumb\":{\"@id\":\"https:\\\/\\\/www.copealcoy.es\\\/es\\\/la-fira-de-cocentaina-sigue-creciendo-y-sumara-mas-de-800-expositores-en-su-proxima-edicion\\\/#breadcrumb\"},\"inLanguage\":\"es\",\"potentialAction\":[{\"@type\":\"ReadAction\",\"target\":[\"https:\\\/\\\/www.copealcoy.es\\\/es\\\/la-fira-de-cocentaina-sigue-creciendo-y-sumara-mas-de-800-expositores-en-su-proxima-edicion\\\/\"]}]},{\"@type\":\"ImageObject\",\"inLanguage\":\"es\",\"@id\":\"https:\\\/\\\/www.copealcoy.es\\\/es\\\/la-fira-de-cocentaina-sigue-creciendo-y-sumara-mas-de-800-expositores-en-su-proxima-edicion\\\/#primaryimage\",\"url\":\"https:\\\/\\\/www.copealcoy.es\\\/wp-content\\\/uploads\\\/2024\\\/11\\\/unnamed-1-16-scaled.jpg\",\"contentUrl\":\"https:\\\/\\\/www.copealcoy.es\\\/wp-content\\\/uploads\\\/2024\\\/11\\\/unnamed-1-16-scaled.jpg\",\"width\":1440,\"height\":1080},{\"@type\":\"BreadcrumbList\",\"@id\":\"https:\\\/\\\/www.copealcoy.es\\\/es\\\/la-fira-de-cocentaina-sigue-creciendo-y-sumara-mas-de-800-expositores-en-su-proxima-edicion\\\/#breadcrumb\",\"itemListElement\":[{\"@type\":\"ListItem\",\"position\":1,\"name\":\"Portada\",\"item\":\"https:\\\/\\\/www.copealcoy.es\\\/es\\\/\"},{\"@type\":\"ListItem\",\"position\":2,\"name\":\"La Fira de Cocentaina sigue creciendo y sumar\u00e1 m\u00e1s de 800 expositores en su pr\u00f3xima edici\u00f3n\"}]},{\"@type\":\"WebSite\",\"@id\":\"https:\\\/\\\/www.copealcoy.es\\\/es\\\/#website\",\"url\":\"https:\\\/\\\/www.copealcoy.es\\\/es\\\/\",\"name\":\"COPE Alcoy\",\"description\":\"Emisora COPE de radio local con emisi\u00f3n online. Pont de Sant Jordi 8-10 03803 Alcoy\",\"potentialAction\":[{\"@type\":\"SearchAction\",\"target\":{\"@type\":\"EntryPoint\",\"urlTemplate\":\"https:\\\/\\\/www.copealcoy.es\\\/es\\\/?s={search_term_string}\"},\"query-input\":{\"@type\":\"PropertyValueSpecification\",\"valueRequired\":true,\"valueName\":\"search_term_string\"}}],\"inLanguage\":\"es\"},{\"@type\":\"Person\",\"@id\":\"https:\\\/\\\/www.copealcoy.es\\\/es\\\/#\\\/schema\\\/person\\\/e777c87fa024e57d40170af9df39882c\",\"name\":\"Cope Alcoy\",\"image\":{\"@type\":\"ImageObject\",\"inLanguage\":\"es\",\"@id\":\"https:\\\/\\\/secure.gravatar.com\\\/avatar\\\/bb65d0283347e303893ba14f0692005417c1e0e690a325a4c5d8bb2b3943ee14?s=96&d=mm&r=g\",\"url\":\"https:\\\/\\\/secure.gravatar.com\\\/avatar\\\/bb65d0283347e303893ba14f0692005417c1e0e690a325a4c5d8bb2b3943ee14?s=96&d=mm&r=g\",\"contentUrl\":\"https:\\\/\\\/secure.gravatar.com\\\/avatar\\\/bb65d0283347e303893ba14f0692005417c1e0e690a325a4c5d8bb2b3943ee14?s=96&d=mm&r=g\",\"caption\":\"Cope Alcoy\"}}]}<\/script>\n<!-- \/ Yoast SEO plugin. -->","yoast_head_json":{"title":"La Fira de Cocentaina sigue creciendo y sumar\u00e1 m\u00e1s de 800 expositores en su pr\u00f3xima edici\u00f3n - COPE Alcoy","description":"La Fira de Cocentaina sigue creciendo y sumar\u00e1 m\u00e1s de 800 expositores en su pr\u00f3xima edici\u00f3n","robots":{"index":"index","follow":"follow","max-snippet":"max-snippet:-1","max-image-preview":"max-image-preview:large","max-video-preview":"max-video-preview:-1"},"canonical":"https:\/\/www.copealcoy.es\/es\/la-fira-de-cocentaina-sigue-creciendo-y-sumara-mas-de-800-expositores-en-su-proxima-edicion\/","og_locale":"es_ES","og_type":"article","og_title":"La Fira de Cocentaina sigue creciendo y sumar\u00e1 m\u00e1s de 800 expositores en su pr\u00f3xima edici\u00f3n - COPE Alcoy","og_description":"La Fira de Cocentaina sigue creciendo y sumar\u00e1 m\u00e1s de 800 expositores en su pr\u00f3xima edici\u00f3n","og_url":"https:\/\/www.copealcoy.es\/es\/la-fira-de-cocentaina-sigue-creciendo-y-sumara-mas-de-800-expositores-en-su-proxima-edicion\/","og_site_name":"COPE Alcoy","article_published_time":"2025-10-27T07:15:58+00:00","article_modified_time":"2025-10-28T14:36:16+00:00","og_image":[{"width":1440,"height":1080,"url":"https:\/\/www.copealcoy.es\/wp-content\/uploads\/2024\/11\/unnamed-1-16-scaled.jpg","type":"image\/jpeg"}],"author":"Cope Alcoy","twitter_misc":{"Escrito por":"Cope Alcoy","Tiempo de lectura":"2 minutos"},"schema":{"@context":"https:\/\/schema.org","@graph":[{"@type":"Article","@id":"https:\/\/www.copealcoy.es\/es\/la-fira-de-cocentaina-sigue-creciendo-y-sumara-mas-de-800-expositores-en-su-proxima-edicion\/#article","isPartOf":{"@id":"https:\/\/www.copealcoy.es\/es\/la-fira-de-cocentaina-sigue-creciendo-y-sumara-mas-de-800-expositores-en-su-proxima-edicion\/"},"author":{"name":"Cope Alcoy","@id":"https:\/\/www.copealcoy.es\/es\/#\/schema\/person\/e777c87fa024e57d40170af9df39882c"},"headline":"La Fira de Cocentaina sigue creciendo y sumar\u00e1 m\u00e1s de 800 expositores en su pr\u00f3xima edici\u00f3n","datePublished":"2025-10-27T07:15:58+00:00","dateModified":"2025-10-28T14:36:16+00:00","mainEntityOfPage":{"@id":"https:\/\/www.copealcoy.es\/es\/la-fira-de-cocentaina-sigue-creciendo-y-sumara-mas-de-800-expositores-en-su-proxima-edicion\/"},"wordCount":362,"image":{"@id":"https:\/\/www.copealcoy.es\/es\/la-fira-de-cocentaina-sigue-creciendo-y-sumara-mas-de-800-expositores-en-su-proxima-edicion\/#primaryimage"},"thumbnailUrl":"https:\/\/www.copealcoy.es\/wp-content\/uploads\/2024\/11\/unnamed-1-16-scaled.jpg","keywords":["edici\u00f3n 2025","expositores","Fira de Cocentaina","Novedades"],"articleSection":["Actualidad","Comarcas","Noticias"],"inLanguage":"es"},{"@type":"WebPage","@id":"https:\/\/www.copealcoy.es\/es\/la-fira-de-cocentaina-sigue-creciendo-y-sumara-mas-de-800-expositores-en-su-proxima-edicion\/","url":"https:\/\/www.copealcoy.es\/es\/la-fira-de-cocentaina-sigue-creciendo-y-sumara-mas-de-800-expositores-en-su-proxima-edicion\/","name":"La Fira de Cocentaina sigue creciendo y sumar\u00e1 m\u00e1s de 800 expositores en su pr\u00f3xima edici\u00f3n - COPE Alcoy","isPartOf":{"@id":"https:\/\/www.copealcoy.es\/es\/#website"},"primaryImageOfPage":{"@id":"https:\/\/www.copealcoy.es\/es\/la-fira-de-cocentaina-sigue-creciendo-y-sumara-mas-de-800-expositores-en-su-proxima-edicion\/#primaryimage"},"image":{"@id":"https:\/\/www.copealcoy.es\/es\/la-fira-de-cocentaina-sigue-creciendo-y-sumara-mas-de-800-expositores-en-su-proxima-edicion\/#primaryimage"},"thumbnailUrl":"https:\/\/www.copealcoy.es\/wp-content\/uploads\/2024\/11\/unnamed-1-16-scaled.jpg","datePublished":"2025-10-27T07:15:58+00:00","dateModified":"2025-10-28T14:36:16+00:00","author":{"@id":"https:\/\/www.copealcoy.es\/es\/#\/schema\/person\/e777c87fa024e57d40170af9df39882c"},"description":"La Fira de Cocentaina sigue creciendo y sumar\u00e1 m\u00e1s de 800 expositores en su pr\u00f3xima edici\u00f3n","breadcrumb":{"@id":"https:\/\/www.copealcoy.es\/es\/la-fira-de-cocentaina-sigue-creciendo-y-sumara-mas-de-800-expositores-en-su-proxima-edicion\/#breadcrumb"},"inLanguage":"es","potentialAction":[{"@type":"ReadAction","target":["https:\/\/www.copealcoy.es\/es\/la-fira-de-cocentaina-sigue-creciendo-y-sumara-mas-de-800-expositores-en-su-proxima-edicion\/"]}]},{"@type":"ImageObject","inLanguage":"es","@id":"https:\/\/www.copealcoy.es\/es\/la-fira-de-cocentaina-sigue-creciendo-y-sumara-mas-de-800-expositores-en-su-proxima-edicion\/#primaryimage","url":"https:\/\/www.copealcoy.es\/wp-content\/uploads\/2024\/11\/unnamed-1-16-scaled.jpg","contentUrl":"https:\/\/www.copealcoy.es\/wp-content\/uploads\/2024\/11\/unnamed-1-16-scaled.jpg","width":1440,"height":1080},{"@type":"BreadcrumbList","@id":"https:\/\/www.copealcoy.es\/es\/la-fira-de-cocentaina-sigue-creciendo-y-sumara-mas-de-800-expositores-en-su-proxima-edicion\/#breadcrumb","itemListElement":[{"@type":"ListItem","position":1,"name":"Portada","item":"https:\/\/www.copealcoy.es\/es\/"},{"@type":"ListItem","position":2,"name":"La Fira de Cocentaina sigue creciendo y sumar\u00e1 m\u00e1s de 800 expositores en su pr\u00f3xima edici\u00f3n"}]},{"@type":"WebSite","@id":"https:\/\/www.copealcoy.es\/es\/#website","url":"https:\/\/www.copealcoy.es\/es\/","name":"COPE Alcoy","description":"Emisora COPE de radio local con emisi\u00f3n online. Pont de Sant Jordi 8-10 03803 Alcoy","potentialAction":[{"@type":"SearchAction","target":{"@type":"EntryPoint","urlTemplate":"https:\/\/www.copealcoy.es\/es\/?s={search_term_string}"},"query-input":{"@type":"PropertyValueSpecification","valueRequired":true,"valueName":"search_term_string"}}],"inLanguage":"es"},{"@type":"Person","@id":"https:\/\/www.copealcoy.es\/es\/#\/schema\/person\/e777c87fa024e57d40170af9df39882c","name":"Cope Alcoy","image":{"@type":"ImageObject","inLanguage":"es","@id":"https:\/\/secure.gravatar.com\/avatar\/bb65d0283347e303893ba14f0692005417c1e0e690a325a4c5d8bb2b3943ee14?s=96&d=mm&r=g","url":"https:\/\/secure.gravatar.com\/avatar\/bb65d0283347e303893ba14f0692005417c1e0e690a325a4c5d8bb2b3943ee14?s=96&d=mm&r=g","contentUrl":"https:\/\/secure.gravatar.com\/avatar\/bb65d0283347e303893ba14f0692005417c1e0e690a325a4c5d8bb2b3943ee14?s=96&d=mm&r=g","caption":"Cope Alcoy"}}]}},"_links":{"self":[{"href":"https:\/\/www.copealcoy.es\/es\/wp-json\/wp\/v2\/posts\/158775","targetHints":{"allow":["GET"]}}],"collection":[{"href":"https:\/\/www.copealcoy.es\/es\/wp-json\/wp\/v2\/posts"}],"about":[{"href":"https:\/\/www.copealcoy.es\/es\/wp-json\/wp\/v2\/types\/post"}],"author":[{"embeddable":true,"href":"https:\/\/www.copealcoy.es\/es\/wp-json\/wp\/v2\/users\/1"}],"replies":[{"embeddable":true,"href":"https:\/\/www.copealcoy.es\/es\/wp-json\/wp\/v2\/comments?post=158775"}],"version-history":[{"count":1,"href":"https:\/\/www.copealcoy.es\/es\/wp-json\/wp\/v2\/posts\/158775\/revisions"}],"predecessor-version":[{"id":158776,"href":"https:\/\/www.copealcoy.es\/es\/wp-json\/wp\/v2\/posts\/158775\/revisions\/158776"}],"wp:featuredmedia":[{"embeddable":true,"href":"https:\/\/www.copealcoy.es\/es\/wp-json\/wp\/v2\/media\/142901"}],"wp:attachment":[{"href":"https:\/\/www.copealcoy.es\/es\/wp-json\/wp\/v2\/media?parent=158775"}],"wp:term":[{"taxonomy":"category","embeddable":true,"href":"https:\/\/www.copealcoy.es\/es\/wp-json\/wp\/v2\/categories?post=158775"},{"taxonomy":"post_tag","embeddable":true,"href":"https:\/\/www.copealcoy.es\/es\/wp-json\/wp\/v2\/tags?post=158775"}],"curies":[{"name":"wp","href":"https:\/\/api.w.org\/{rel}","templated":true}]}}