{"id":15875,"date":"2015-09-22T05:35:10","date_gmt":"2015-09-22T05:35:10","guid":{"rendered":"http:\/\/copealcoi.es\/new\/?p=15875"},"modified":"2015-09-21T19:39:02","modified_gmt":"2015-09-21T19:39:02","slug":"fallados-los-premios-de-composicion-poble-de-muro","status":"publish","type":"post","link":"https:\/\/www.copealcoy.es\/es\/fallados-los-premios-de-composicion-poble-de-muro\/","title":{"rendered":"Fallados los premios de composici\u00f3n Poble de Muro"},"content":{"rendered":"<p style=\"text-align: justify;\">El grup de Dol\u00e7aines i Percussi\u00f3 La Xafig\u00e0 junto al \u00e1rea de Cultura del Ayuntamiento han dado a conocer los ganadores de la novena edici\u00f3n del concurso de composici\u00f3n para percusi\u00f3n y dol\u00e7aina Poble de Muro. El jurado ha otorgado premios en todas las categor\u00edas a excepci\u00f3n de una de las modalidades de m\u00fasica festera que ha quedado desierta.<\/p>\n<p style=\"text-align: justify;\">Hay que destacar que \u00d3scar Calatayud ha ganado el premio en la categor\u00eda de m\u00fasica de concierto por su obra <em>Palindr\u00f2mic <\/em>mientras que en la secci\u00f3n de m\u00fasica para moros y cristianos la modalidad para percusi\u00f3n y dol\u00e7aina ha quedado desierta. Por su parte en el apartado de composiciones para percusi\u00f3n, dol\u00e7aina y grupo de metales Adan Bernabeu ha obtenido el primer premio y Rub\u00e9n Penad\u00e9s el segundo. El premio de la categor\u00eda de m\u00fasica funcional para calle lo ha obtenido Fernando Campos. Adem\u00e1s La Xafig\u00e0 ha concedido una menci\u00f3n de honor para la obra <em>El bou de foc <\/em>de Rub\u00e9n Penad\u00e9s, el cual ya recibi\u00f3 en 2013 la misma distinci\u00f3n.<\/p>\n<p style=\"text-align: justify;\">Desde la propia Xafig\u00e0 han destacado la variedad y el alto nivel de las m\u00e1s de veinte obras presentadas al concurso y se han referido al hecho de que los autores premiados no superan en edad los 26 a\u00f1os <em>\u201ccada vez se hacen m\u00e1s y mejores composiciones lo cual revierte en nuestras agrupaciones musicales ya que ampliamos repertorio\u201d,<\/em> explica el presidente, Rafael Alberola. La entrega de premios tendr\u00e1 lugar dentro de los actos de la pr\u00f3xima Fireta de Sant Antoni en el concierto que se celebrar\u00e1 el s\u00e1bado 16 de enero en el Centro Cultural Polivalente.<\/p>\n","protected":false},"excerpt":{"rendered":"<p>El grup de Dol\u00e7aines i Percussi\u00f3 La Xafig\u00e0 junto al \u00e1rea de Cultura del Ayuntamiento han dado a conocer los&#8230;<\/p>\n","protected":false},"author":1,"featured_media":15876,"comment_status":"open","ping_status":"open","sticky":false,"template":"","format":"standard","meta":{"footnotes":""},"categories":[98,75],"tags":[135,377,447,1437],"class_list":["post-15875","post","type-post","status-publish","format-standard","has-post-thumbnail","hentry","category-comarcas","category-noticias","tag-muro","tag-musica","tag-tradiciones","tag-xafiga"],"yoast_head":"<!-- This site is optimized with the Yoast SEO plugin v27.3 - https:\/\/yoast.com\/product\/yoast-seo-wordpress\/ -->\n<title>Fallados los premios de composici\u00f3n Poble de Muro - COPE Alcoy<\/title>\n<meta name=\"robots\" content=\"index, follow, max-snippet:-1, max-image-preview:large, max-video-preview:-1\" \/>\n<link rel=\"canonical\" href=\"https:\/\/www.copealcoy.es\/es\/fallados-los-premios-de-composicion-poble-de-muro\/\" \/>\n<meta property=\"og:locale\" content=\"es_ES\" \/>\n<meta property=\"og:type\" content=\"article\" \/>\n<meta property=\"og:title\" content=\"Fallados los premios de composici\u00f3n Poble de Muro - COPE Alcoy\" \/>\n<meta property=\"og:description\" content=\"El grup de Dol\u00e7aines i Percussi\u00f3 La Xafig\u00e0 junto al \u00e1rea de Cultura del Ayuntamiento han dado a conocer los...\" \/>\n<meta property=\"og:url\" content=\"https:\/\/www.copealcoy.es\/es\/fallados-los-premios-de-composicion-poble-de-muro\/\" \/>\n<meta property=\"og:site_name\" content=\"COPE Alcoy\" \/>\n<meta property=\"article:published_time\" content=\"2015-09-22T05:35:10+00:00\" \/>\n<meta property=\"og:image\" content=\"https:\/\/www.copealcoy.es\/wp-content\/uploads\/2015\/09\/Reuni\u00f3n-Jurado-Xafig\u00e0.jpg\" \/>\n\t<meta property=\"og:image:width\" content=\"1200\" \/>\n\t<meta property=\"og:image:height\" content=\"632\" \/>\n\t<meta property=\"og:image:type\" content=\"image\/jpeg\" \/>\n<meta name=\"author\" content=\"Cope Alcoy\" \/>\n<meta name=\"twitter:label1\" content=\"Escrito por\" \/>\n\t<meta name=\"twitter:data1\" content=\"Cope Alcoy\" \/>\n\t<meta name=\"twitter:label2\" content=\"Tiempo de lectura\" \/>\n\t<meta name=\"twitter:data2\" content=\"1 minuto\" \/>\n<script type=\"application\/ld+json\" class=\"yoast-schema-graph\">{\"@context\":\"https:\\\/\\\/schema.org\",\"@graph\":[{\"@type\":\"Article\",\"@id\":\"https:\\\/\\\/www.copealcoy.es\\\/es\\\/fallados-los-premios-de-composicion-poble-de-muro\\\/#article\",\"isPartOf\":{\"@id\":\"https:\\\/\\\/www.copealcoy.es\\\/es\\\/fallados-los-premios-de-composicion-poble-de-muro\\\/\"},\"author\":{\"name\":\"Cope Alcoy\",\"@id\":\"https:\\\/\\\/www.copealcoy.es\\\/es\\\/#\\\/schema\\\/person\\\/e777c87fa024e57d40170af9df39882c\"},\"headline\":\"Fallados los premios de composici\u00f3n Poble de Muro\",\"datePublished\":\"2015-09-22T05:35:10+00:00\",\"mainEntityOfPage\":{\"@id\":\"https:\\\/\\\/www.copealcoy.es\\\/es\\\/fallados-los-premios-de-composicion-poble-de-muro\\\/\"},\"wordCount\":303,\"commentCount\":0,\"image\":{\"@id\":\"https:\\\/\\\/www.copealcoy.es\\\/es\\\/fallados-los-premios-de-composicion-poble-de-muro\\\/#primaryimage\"},\"thumbnailUrl\":\"https:\\\/\\\/www.copealcoy.es\\\/wp-content\\\/uploads\\\/2015\\\/09\\\/Reuni\u00f3n-Jurado-Xafig\u00e0.jpg\",\"keywords\":[\"Muro\",\"M\u00fasica\",\"Tradiciones\",\"Xafig\u00e0\"],\"articleSection\":[\"Comarcas\",\"Noticias\"],\"inLanguage\":\"es\"},{\"@type\":\"WebPage\",\"@id\":\"https:\\\/\\\/www.copealcoy.es\\\/es\\\/fallados-los-premios-de-composicion-poble-de-muro\\\/\",\"url\":\"https:\\\/\\\/www.copealcoy.es\\\/es\\\/fallados-los-premios-de-composicion-poble-de-muro\\\/\",\"name\":\"Fallados los premios de composici\u00f3n Poble de Muro - COPE Alcoy\",\"isPartOf\":{\"@id\":\"https:\\\/\\\/www.copealcoy.es\\\/es\\\/#website\"},\"primaryImageOfPage\":{\"@id\":\"https:\\\/\\\/www.copealcoy.es\\\/es\\\/fallados-los-premios-de-composicion-poble-de-muro\\\/#primaryimage\"},\"image\":{\"@id\":\"https:\\\/\\\/www.copealcoy.es\\\/es\\\/fallados-los-premios-de-composicion-poble-de-muro\\\/#primaryimage\"},\"thumbnailUrl\":\"https:\\\/\\\/www.copealcoy.es\\\/wp-content\\\/uploads\\\/2015\\\/09\\\/Reuni\u00f3n-Jurado-Xafig\u00e0.jpg\",\"datePublished\":\"2015-09-22T05:35:10+00:00\",\"author\":{\"@id\":\"https:\\\/\\\/www.copealcoy.es\\\/es\\\/#\\\/schema\\\/person\\\/e777c87fa024e57d40170af9df39882c\"},\"breadcrumb\":{\"@id\":\"https:\\\/\\\/www.copealcoy.es\\\/es\\\/fallados-los-premios-de-composicion-poble-de-muro\\\/#breadcrumb\"},\"inLanguage\":\"es\",\"potentialAction\":[{\"@type\":\"ReadAction\",\"target\":[\"https:\\\/\\\/www.copealcoy.es\\\/es\\\/fallados-los-premios-de-composicion-poble-de-muro\\\/\"]}]},{\"@type\":\"ImageObject\",\"inLanguage\":\"es\",\"@id\":\"https:\\\/\\\/www.copealcoy.es\\\/es\\\/fallados-los-premios-de-composicion-poble-de-muro\\\/#primaryimage\",\"url\":\"https:\\\/\\\/www.copealcoy.es\\\/wp-content\\\/uploads\\\/2015\\\/09\\\/Reuni\u00f3n-Jurado-Xafig\u00e0.jpg\",\"contentUrl\":\"https:\\\/\\\/www.copealcoy.es\\\/wp-content\\\/uploads\\\/2015\\\/09\\\/Reuni\u00f3n-Jurado-Xafig\u00e0.jpg\",\"width\":1200,\"height\":632,\"caption\":\"Reuni\u00f3n del jurado de los premios de composici\u00f3n\"},{\"@type\":\"BreadcrumbList\",\"@id\":\"https:\\\/\\\/www.copealcoy.es\\\/es\\\/fallados-los-premios-de-composicion-poble-de-muro\\\/#breadcrumb\",\"itemListElement\":[{\"@type\":\"ListItem\",\"position\":1,\"name\":\"Portada\",\"item\":\"https:\\\/\\\/www.copealcoy.es\\\/es\\\/\"},{\"@type\":\"ListItem\",\"position\":2,\"name\":\"Fallados los premios de composici\u00f3n Poble de Muro\"}]},{\"@type\":\"WebSite\",\"@id\":\"https:\\\/\\\/www.copealcoy.es\\\/es\\\/#website\",\"url\":\"https:\\\/\\\/www.copealcoy.es\\\/es\\\/\",\"name\":\"COPE Alcoy\",\"description\":\"Emisora COPE de radio local con emisi\u00f3n online. Pont de Sant Jordi 8-10 03803 Alcoy\",\"potentialAction\":[{\"@type\":\"SearchAction\",\"target\":{\"@type\":\"EntryPoint\",\"urlTemplate\":\"https:\\\/\\\/www.copealcoy.es\\\/es\\\/?s={search_term_string}\"},\"query-input\":{\"@type\":\"PropertyValueSpecification\",\"valueRequired\":true,\"valueName\":\"search_term_string\"}}],\"inLanguage\":\"es\"},{\"@type\":\"Person\",\"@id\":\"https:\\\/\\\/www.copealcoy.es\\\/es\\\/#\\\/schema\\\/person\\\/e777c87fa024e57d40170af9df39882c\",\"name\":\"Cope Alcoy\",\"image\":{\"@type\":\"ImageObject\",\"inLanguage\":\"es\",\"@id\":\"https:\\\/\\\/secure.gravatar.com\\\/avatar\\\/bb65d0283347e303893ba14f0692005417c1e0e690a325a4c5d8bb2b3943ee14?s=96&d=mm&r=g\",\"url\":\"https:\\\/\\\/secure.gravatar.com\\\/avatar\\\/bb65d0283347e303893ba14f0692005417c1e0e690a325a4c5d8bb2b3943ee14?s=96&d=mm&r=g\",\"contentUrl\":\"https:\\\/\\\/secure.gravatar.com\\\/avatar\\\/bb65d0283347e303893ba14f0692005417c1e0e690a325a4c5d8bb2b3943ee14?s=96&d=mm&r=g\",\"caption\":\"Cope Alcoy\"}}]}<\/script>\n<!-- \/ Yoast SEO plugin. -->","yoast_head_json":{"title":"Fallados los premios de composici\u00f3n Poble de Muro - COPE Alcoy","robots":{"index":"index","follow":"follow","max-snippet":"max-snippet:-1","max-image-preview":"max-image-preview:large","max-video-preview":"max-video-preview:-1"},"canonical":"https:\/\/www.copealcoy.es\/es\/fallados-los-premios-de-composicion-poble-de-muro\/","og_locale":"es_ES","og_type":"article","og_title":"Fallados los premios de composici\u00f3n Poble de Muro - COPE Alcoy","og_description":"El grup de Dol\u00e7aines i Percussi\u00f3 La Xafig\u00e0 junto al \u00e1rea de Cultura del Ayuntamiento han dado a conocer los...","og_url":"https:\/\/www.copealcoy.es\/es\/fallados-los-premios-de-composicion-poble-de-muro\/","og_site_name":"COPE Alcoy","article_published_time":"2015-09-22T05:35:10+00:00","og_image":[{"width":1200,"height":632,"url":"https:\/\/www.copealcoy.es\/wp-content\/uploads\/2015\/09\/Reuni\u00f3n-Jurado-Xafig\u00e0.jpg","type":"image\/jpeg"}],"author":"Cope Alcoy","twitter_misc":{"Escrito por":"Cope Alcoy","Tiempo de lectura":"1 minuto"},"schema":{"@context":"https:\/\/schema.org","@graph":[{"@type":"Article","@id":"https:\/\/www.copealcoy.es\/es\/fallados-los-premios-de-composicion-poble-de-muro\/#article","isPartOf":{"@id":"https:\/\/www.copealcoy.es\/es\/fallados-los-premios-de-composicion-poble-de-muro\/"},"author":{"name":"Cope Alcoy","@id":"https:\/\/www.copealcoy.es\/es\/#\/schema\/person\/e777c87fa024e57d40170af9df39882c"},"headline":"Fallados los premios de composici\u00f3n Poble de Muro","datePublished":"2015-09-22T05:35:10+00:00","mainEntityOfPage":{"@id":"https:\/\/www.copealcoy.es\/es\/fallados-los-premios-de-composicion-poble-de-muro\/"},"wordCount":303,"commentCount":0,"image":{"@id":"https:\/\/www.copealcoy.es\/es\/fallados-los-premios-de-composicion-poble-de-muro\/#primaryimage"},"thumbnailUrl":"https:\/\/www.copealcoy.es\/wp-content\/uploads\/2015\/09\/Reuni\u00f3n-Jurado-Xafig\u00e0.jpg","keywords":["Muro","M\u00fasica","Tradiciones","Xafig\u00e0"],"articleSection":["Comarcas","Noticias"],"inLanguage":"es"},{"@type":"WebPage","@id":"https:\/\/www.copealcoy.es\/es\/fallados-los-premios-de-composicion-poble-de-muro\/","url":"https:\/\/www.copealcoy.es\/es\/fallados-los-premios-de-composicion-poble-de-muro\/","name":"Fallados los premios de composici\u00f3n Poble de Muro - COPE Alcoy","isPartOf":{"@id":"https:\/\/www.copealcoy.es\/es\/#website"},"primaryImageOfPage":{"@id":"https:\/\/www.copealcoy.es\/es\/fallados-los-premios-de-composicion-poble-de-muro\/#primaryimage"},"image":{"@id":"https:\/\/www.copealcoy.es\/es\/fallados-los-premios-de-composicion-poble-de-muro\/#primaryimage"},"thumbnailUrl":"https:\/\/www.copealcoy.es\/wp-content\/uploads\/2015\/09\/Reuni\u00f3n-Jurado-Xafig\u00e0.jpg","datePublished":"2015-09-22T05:35:10+00:00","author":{"@id":"https:\/\/www.copealcoy.es\/es\/#\/schema\/person\/e777c87fa024e57d40170af9df39882c"},"breadcrumb":{"@id":"https:\/\/www.copealcoy.es\/es\/fallados-los-premios-de-composicion-poble-de-muro\/#breadcrumb"},"inLanguage":"es","potentialAction":[{"@type":"ReadAction","target":["https:\/\/www.copealcoy.es\/es\/fallados-los-premios-de-composicion-poble-de-muro\/"]}]},{"@type":"ImageObject","inLanguage":"es","@id":"https:\/\/www.copealcoy.es\/es\/fallados-los-premios-de-composicion-poble-de-muro\/#primaryimage","url":"https:\/\/www.copealcoy.es\/wp-content\/uploads\/2015\/09\/Reuni\u00f3n-Jurado-Xafig\u00e0.jpg","contentUrl":"https:\/\/www.copealcoy.es\/wp-content\/uploads\/2015\/09\/Reuni\u00f3n-Jurado-Xafig\u00e0.jpg","width":1200,"height":632,"caption":"Reuni\u00f3n del jurado de los premios de composici\u00f3n"},{"@type":"BreadcrumbList","@id":"https:\/\/www.copealcoy.es\/es\/fallados-los-premios-de-composicion-poble-de-muro\/#breadcrumb","itemListElement":[{"@type":"ListItem","position":1,"name":"Portada","item":"https:\/\/www.copealcoy.es\/es\/"},{"@type":"ListItem","position":2,"name":"Fallados los premios de composici\u00f3n Poble de Muro"}]},{"@type":"WebSite","@id":"https:\/\/www.copealcoy.es\/es\/#website","url":"https:\/\/www.copealcoy.es\/es\/","name":"COPE Alcoy","description":"Emisora COPE de radio local con emisi\u00f3n online. Pont de Sant Jordi 8-10 03803 Alcoy","potentialAction":[{"@type":"SearchAction","target":{"@type":"EntryPoint","urlTemplate":"https:\/\/www.copealcoy.es\/es\/?s={search_term_string}"},"query-input":{"@type":"PropertyValueSpecification","valueRequired":true,"valueName":"search_term_string"}}],"inLanguage":"es"},{"@type":"Person","@id":"https:\/\/www.copealcoy.es\/es\/#\/schema\/person\/e777c87fa024e57d40170af9df39882c","name":"Cope Alcoy","image":{"@type":"ImageObject","inLanguage":"es","@id":"https:\/\/secure.gravatar.com\/avatar\/bb65d0283347e303893ba14f0692005417c1e0e690a325a4c5d8bb2b3943ee14?s=96&d=mm&r=g","url":"https:\/\/secure.gravatar.com\/avatar\/bb65d0283347e303893ba14f0692005417c1e0e690a325a4c5d8bb2b3943ee14?s=96&d=mm&r=g","contentUrl":"https:\/\/secure.gravatar.com\/avatar\/bb65d0283347e303893ba14f0692005417c1e0e690a325a4c5d8bb2b3943ee14?s=96&d=mm&r=g","caption":"Cope Alcoy"}}]}},"_links":{"self":[{"href":"https:\/\/www.copealcoy.es\/es\/wp-json\/wp\/v2\/posts\/15875","targetHints":{"allow":["GET"]}}],"collection":[{"href":"https:\/\/www.copealcoy.es\/es\/wp-json\/wp\/v2\/posts"}],"about":[{"href":"https:\/\/www.copealcoy.es\/es\/wp-json\/wp\/v2\/types\/post"}],"author":[{"embeddable":true,"href":"https:\/\/www.copealcoy.es\/es\/wp-json\/wp\/v2\/users\/1"}],"replies":[{"embeddable":true,"href":"https:\/\/www.copealcoy.es\/es\/wp-json\/wp\/v2\/comments?post=15875"}],"version-history":[{"count":0,"href":"https:\/\/www.copealcoy.es\/es\/wp-json\/wp\/v2\/posts\/15875\/revisions"}],"wp:featuredmedia":[{"embeddable":true,"href":"https:\/\/www.copealcoy.es\/es\/wp-json\/wp\/v2\/media\/15876"}],"wp:attachment":[{"href":"https:\/\/www.copealcoy.es\/es\/wp-json\/wp\/v2\/media?parent=15875"}],"wp:term":[{"taxonomy":"category","embeddable":true,"href":"https:\/\/www.copealcoy.es\/es\/wp-json\/wp\/v2\/categories?post=15875"},{"taxonomy":"post_tag","embeddable":true,"href":"https:\/\/www.copealcoy.es\/es\/wp-json\/wp\/v2\/tags?post=15875"}],"curies":[{"name":"wp","href":"https:\/\/api.w.org\/{rel}","templated":true}]}}