{"id":158737,"date":"2025-10-21T13:11:31","date_gmt":"2025-10-21T12:11:31","guid":{"rendered":"https:\/\/www.copealcoy.es\/?p=158737"},"modified":"2025-10-21T14:36:03","modified_gmt":"2025-10-21T13:36:03","slug":"acuerdo-para-que-los-examenes-de-selectividad-sigan-en-alcoy","status":"publish","type":"post","link":"https:\/\/www.copealcoy.es\/es\/acuerdo-para-que-los-examenes-de-selectividad-sigan-en-alcoy\/","title":{"rendered":"Acuerdo para que los ex\u00e1menes de selectividad sigan en Alcoy"},"content":{"rendered":"<p style=\"text-align: justify;\">Las <strong>Pruebas de Acceso a la Universidad (PAU)<\/strong> seguir\u00e1n realiz\u00e1ndose en Alcoy <strong>evit\u00e1ndose as\u00ed el desplazamiento de cerca de 400 estudiantes de estas comarcas hasta el Campus de Alicante<\/strong>, intenci\u00f3n que hab\u00eda anunciado la misma <span style=\"color: #0000ff;\"><a style=\"color: #0000ff;\" href=\"https:\/\/www.ua.es\/\" target=\"_blank\" rel=\"noopener\"><strong>UA<\/strong><\/a><\/span> semanas atr\u00e1s, y que en el caso de materializarse habr\u00eda suprimido la ejecuci\u00f3n de los citados ex\u00e1menes en el Campus de Alcoy de la UPV. Lo han anunciado en este martes<strong> desde la plataforma &#8216;Les PAU a casa&#8217;<\/strong>, constituida en nuestras comarcas en las \u00faltimas semanas, y que aglutina a alumnado, estudiantes y representantes de centros educativos.<\/p>\n<p style=\"text-align: justify;\">Desde la citada plataforma han mantenido hoy una reuni\u00f3n con el <strong>vicerrector de estudiantes y empleo<\/strong> de la <strong data-start=\"550\" data-end=\"582\">Universidad de Alicante (UA)<\/strong>, <strong>Ra\u00fal Ruiz<\/strong>, en la que han expuesto el perjuicio que supondr\u00eda para los alumnos y las alumnas de estas comarcas desplazarse a Sant Vicent del Raspeig para llevar a cabo la Selectividad. El encuentro ha finalizado con fumata blanca &#8220;<em>en un primer momento nos dijeron que se nos facilitaba incluso un bus para poder ir hasta Alicante pero nosotros insistimos en la problem\u00e1tica que se generaba en el caso de no hacerse las PAU en Alcoy, e incluso explicamos la realidad compleja que tienen tambi\u00e9n nuestras comarcas. Al final nos dijeron que entend\u00edan que este era el sentir mayoritario de la ciudadan\u00eda y que se quedar\u00eda todo como estaba. Estamos muy contentos y satisfechos por la decisi\u00f3n, la movilizaci\u00f3n ha valido la pena<\/em>&#8220;, se\u00f1alaba en directo en COPE ALCOY <strong>Marina Arest\u00e9<\/strong>, portavoz de la misma plataforma.<\/p>\n<p style=\"text-align: justify;\">Desde &#8216;Les PAU a casa&#8217; <strong>han informado tambi\u00e9n del acuerdo a los ayuntamientos de Alcoy, Cocentaina, Muro, Banyeres Mariola e incluso los centros educativos de la comarca<\/strong>. Todo despu\u00e9s de semanas de frente com\u00fan entre todas las partes implicadas para conseguir que se revirtiera la situaci\u00f3n que se hab\u00eda generado.<\/p>\n","protected":false},"excerpt":{"rendered":"<p>Las Pruebas de Acceso a la Universidad (PAU) seguir\u00e1n realiz\u00e1ndose en Alcoy evit\u00e1ndose as\u00ed el desplazamiento de cerca de 400&#8230;<\/p>\n","protected":false},"author":1,"featured_media":158738,"comment_status":"closed","ping_status":"closed","sticky":false,"template":"","format":"standard","meta":{"footnotes":""},"categories":[6909,900,75,125],"tags":[244,482,1494,237,18717,1226],"class_list":["post-158737","post","type-post","status-publish","format-standard","has-post-thumbnail","hentry","category-actualidad","category-educacion","category-noticias","category-portada","tag-acuerdo","tag-alcoia","tag-alcoy","tag-comtat","tag-pruebas-pau","tag-ua"],"yoast_head":"<!-- This site is optimized with the Yoast SEO plugin v27.3 - https:\/\/yoast.com\/product\/yoast-seo-wordpress\/ -->\n<title>Acuerdo para que los ex\u00e1menes de selectividad sigan en Alcoy - COPE Alcoy<\/title>\n<meta name=\"description\" content=\"Compromiso para que los ex\u00e1menes de selectividad sigan en Alcoy\" \/>\n<meta name=\"robots\" content=\"index, follow, max-snippet:-1, max-image-preview:large, max-video-preview:-1\" \/>\n<link rel=\"canonical\" href=\"https:\/\/www.copealcoy.es\/es\/acuerdo-para-que-los-examenes-de-selectividad-sigan-en-alcoy\/\" \/>\n<meta property=\"og:locale\" content=\"es_ES\" \/>\n<meta property=\"og:type\" content=\"article\" \/>\n<meta property=\"og:title\" content=\"Acuerdo para que los ex\u00e1menes de selectividad sigan en Alcoy - COPE Alcoy\" \/>\n<meta property=\"og:description\" content=\"Compromiso para que los ex\u00e1menes de selectividad sigan en Alcoy\" \/>\n<meta property=\"og:url\" content=\"https:\/\/www.copealcoy.es\/es\/acuerdo-para-que-los-examenes-de-selectividad-sigan-en-alcoy\/\" \/>\n<meta property=\"og:site_name\" content=\"COPE Alcoy\" \/>\n<meta property=\"article:published_time\" content=\"2025-10-21T12:11:31+00:00\" \/>\n<meta property=\"article:modified_time\" content=\"2025-10-21T13:36:03+00:00\" \/>\n<meta property=\"og:image\" content=\"https:\/\/www.copealcoy.es\/wp-content\/uploads\/2025\/10\/timThumb-2.jpg\" \/>\n\t<meta property=\"og:image:width\" content=\"800\" \/>\n\t<meta property=\"og:image:height\" content=\"450\" \/>\n\t<meta property=\"og:image:type\" content=\"image\/jpeg\" \/>\n<meta name=\"author\" content=\"Cope Alcoy\" \/>\n<meta name=\"twitter:label1\" content=\"Escrito por\" \/>\n\t<meta name=\"twitter:data1\" content=\"Cope Alcoy\" \/>\n\t<meta name=\"twitter:label2\" content=\"Tiempo de lectura\" \/>\n\t<meta name=\"twitter:data2\" content=\"2 minutos\" \/>\n<script type=\"application\/ld+json\" class=\"yoast-schema-graph\">{\"@context\":\"https:\\\/\\\/schema.org\",\"@graph\":[{\"@type\":\"Article\",\"@id\":\"https:\\\/\\\/www.copealcoy.es\\\/es\\\/acuerdo-para-que-los-examenes-de-selectividad-sigan-en-alcoy\\\/#article\",\"isPartOf\":{\"@id\":\"https:\\\/\\\/www.copealcoy.es\\\/es\\\/acuerdo-para-que-los-examenes-de-selectividad-sigan-en-alcoy\\\/\"},\"author\":{\"name\":\"Cope Alcoy\",\"@id\":\"https:\\\/\\\/www.copealcoy.es\\\/es\\\/#\\\/schema\\\/person\\\/e777c87fa024e57d40170af9df39882c\"},\"headline\":\"Acuerdo para que los ex\u00e1menes de selectividad sigan en Alcoy\",\"datePublished\":\"2025-10-21T12:11:31+00:00\",\"dateModified\":\"2025-10-21T13:36:03+00:00\",\"mainEntityOfPage\":{\"@id\":\"https:\\\/\\\/www.copealcoy.es\\\/es\\\/acuerdo-para-que-los-examenes-de-selectividad-sigan-en-alcoy\\\/\"},\"wordCount\":336,\"image\":{\"@id\":\"https:\\\/\\\/www.copealcoy.es\\\/es\\\/acuerdo-para-que-los-examenes-de-selectividad-sigan-en-alcoy\\\/#primaryimage\"},\"thumbnailUrl\":\"https:\\\/\\\/www.copealcoy.es\\\/wp-content\\\/uploads\\\/2025\\\/10\\\/timThumb-2.jpg\",\"keywords\":[\"Acuerdo\",\"Alcoi\u00e0\",\"Alcoy\",\"Comtat\",\"pruebas PAU\",\"UA\"],\"articleSection\":[\"Actualidad\",\"Educaci\u00f3n\",\"Noticias\",\"Portada\"],\"inLanguage\":\"es\"},{\"@type\":\"WebPage\",\"@id\":\"https:\\\/\\\/www.copealcoy.es\\\/es\\\/acuerdo-para-que-los-examenes-de-selectividad-sigan-en-alcoy\\\/\",\"url\":\"https:\\\/\\\/www.copealcoy.es\\\/es\\\/acuerdo-para-que-los-examenes-de-selectividad-sigan-en-alcoy\\\/\",\"name\":\"Acuerdo para que los ex\u00e1menes de selectividad sigan en Alcoy - COPE Alcoy\",\"isPartOf\":{\"@id\":\"https:\\\/\\\/www.copealcoy.es\\\/es\\\/#website\"},\"primaryImageOfPage\":{\"@id\":\"https:\\\/\\\/www.copealcoy.es\\\/es\\\/acuerdo-para-que-los-examenes-de-selectividad-sigan-en-alcoy\\\/#primaryimage\"},\"image\":{\"@id\":\"https:\\\/\\\/www.copealcoy.es\\\/es\\\/acuerdo-para-que-los-examenes-de-selectividad-sigan-en-alcoy\\\/#primaryimage\"},\"thumbnailUrl\":\"https:\\\/\\\/www.copealcoy.es\\\/wp-content\\\/uploads\\\/2025\\\/10\\\/timThumb-2.jpg\",\"datePublished\":\"2025-10-21T12:11:31+00:00\",\"dateModified\":\"2025-10-21T13:36:03+00:00\",\"author\":{\"@id\":\"https:\\\/\\\/www.copealcoy.es\\\/es\\\/#\\\/schema\\\/person\\\/e777c87fa024e57d40170af9df39882c\"},\"description\":\"Compromiso para que los ex\u00e1menes de selectividad sigan en Alcoy\",\"breadcrumb\":{\"@id\":\"https:\\\/\\\/www.copealcoy.es\\\/es\\\/acuerdo-para-que-los-examenes-de-selectividad-sigan-en-alcoy\\\/#breadcrumb\"},\"inLanguage\":\"es\",\"potentialAction\":[{\"@type\":\"ReadAction\",\"target\":[\"https:\\\/\\\/www.copealcoy.es\\\/es\\\/acuerdo-para-que-los-examenes-de-selectividad-sigan-en-alcoy\\\/\"]}]},{\"@type\":\"ImageObject\",\"inLanguage\":\"es\",\"@id\":\"https:\\\/\\\/www.copealcoy.es\\\/es\\\/acuerdo-para-que-los-examenes-de-selectividad-sigan-en-alcoy\\\/#primaryimage\",\"url\":\"https:\\\/\\\/www.copealcoy.es\\\/wp-content\\\/uploads\\\/2025\\\/10\\\/timThumb-2.jpg\",\"contentUrl\":\"https:\\\/\\\/www.copealcoy.es\\\/wp-content\\\/uploads\\\/2025\\\/10\\\/timThumb-2.jpg\",\"width\":800,\"height\":450},{\"@type\":\"BreadcrumbList\",\"@id\":\"https:\\\/\\\/www.copealcoy.es\\\/es\\\/acuerdo-para-que-los-examenes-de-selectividad-sigan-en-alcoy\\\/#breadcrumb\",\"itemListElement\":[{\"@type\":\"ListItem\",\"position\":1,\"name\":\"Portada\",\"item\":\"https:\\\/\\\/www.copealcoy.es\\\/es\\\/\"},{\"@type\":\"ListItem\",\"position\":2,\"name\":\"Acuerdo para que los ex\u00e1menes de selectividad sigan en Alcoy\"}]},{\"@type\":\"WebSite\",\"@id\":\"https:\\\/\\\/www.copealcoy.es\\\/es\\\/#website\",\"url\":\"https:\\\/\\\/www.copealcoy.es\\\/es\\\/\",\"name\":\"COPE Alcoy\",\"description\":\"Emisora COPE de radio local con emisi\u00f3n online. Pont de Sant Jordi 8-10 03803 Alcoy\",\"potentialAction\":[{\"@type\":\"SearchAction\",\"target\":{\"@type\":\"EntryPoint\",\"urlTemplate\":\"https:\\\/\\\/www.copealcoy.es\\\/es\\\/?s={search_term_string}\"},\"query-input\":{\"@type\":\"PropertyValueSpecification\",\"valueRequired\":true,\"valueName\":\"search_term_string\"}}],\"inLanguage\":\"es\"},{\"@type\":\"Person\",\"@id\":\"https:\\\/\\\/www.copealcoy.es\\\/es\\\/#\\\/schema\\\/person\\\/e777c87fa024e57d40170af9df39882c\",\"name\":\"Cope Alcoy\",\"image\":{\"@type\":\"ImageObject\",\"inLanguage\":\"es\",\"@id\":\"https:\\\/\\\/secure.gravatar.com\\\/avatar\\\/bb65d0283347e303893ba14f0692005417c1e0e690a325a4c5d8bb2b3943ee14?s=96&d=mm&r=g\",\"url\":\"https:\\\/\\\/secure.gravatar.com\\\/avatar\\\/bb65d0283347e303893ba14f0692005417c1e0e690a325a4c5d8bb2b3943ee14?s=96&d=mm&r=g\",\"contentUrl\":\"https:\\\/\\\/secure.gravatar.com\\\/avatar\\\/bb65d0283347e303893ba14f0692005417c1e0e690a325a4c5d8bb2b3943ee14?s=96&d=mm&r=g\",\"caption\":\"Cope Alcoy\"}}]}<\/script>\n<!-- \/ Yoast SEO plugin. -->","yoast_head_json":{"title":"Acuerdo para que los ex\u00e1menes de selectividad sigan en Alcoy - COPE Alcoy","description":"Compromiso para que los ex\u00e1menes de selectividad sigan en Alcoy","robots":{"index":"index","follow":"follow","max-snippet":"max-snippet:-1","max-image-preview":"max-image-preview:large","max-video-preview":"max-video-preview:-1"},"canonical":"https:\/\/www.copealcoy.es\/es\/acuerdo-para-que-los-examenes-de-selectividad-sigan-en-alcoy\/","og_locale":"es_ES","og_type":"article","og_title":"Acuerdo para que los ex\u00e1menes de selectividad sigan en Alcoy - COPE Alcoy","og_description":"Compromiso para que los ex\u00e1menes de selectividad sigan en Alcoy","og_url":"https:\/\/www.copealcoy.es\/es\/acuerdo-para-que-los-examenes-de-selectividad-sigan-en-alcoy\/","og_site_name":"COPE Alcoy","article_published_time":"2025-10-21T12:11:31+00:00","article_modified_time":"2025-10-21T13:36:03+00:00","og_image":[{"width":800,"height":450,"url":"https:\/\/www.copealcoy.es\/wp-content\/uploads\/2025\/10\/timThumb-2.jpg","type":"image\/jpeg"}],"author":"Cope Alcoy","twitter_misc":{"Escrito por":"Cope Alcoy","Tiempo de lectura":"2 minutos"},"schema":{"@context":"https:\/\/schema.org","@graph":[{"@type":"Article","@id":"https:\/\/www.copealcoy.es\/es\/acuerdo-para-que-los-examenes-de-selectividad-sigan-en-alcoy\/#article","isPartOf":{"@id":"https:\/\/www.copealcoy.es\/es\/acuerdo-para-que-los-examenes-de-selectividad-sigan-en-alcoy\/"},"author":{"name":"Cope Alcoy","@id":"https:\/\/www.copealcoy.es\/es\/#\/schema\/person\/e777c87fa024e57d40170af9df39882c"},"headline":"Acuerdo para que los ex\u00e1menes de selectividad sigan en Alcoy","datePublished":"2025-10-21T12:11:31+00:00","dateModified":"2025-10-21T13:36:03+00:00","mainEntityOfPage":{"@id":"https:\/\/www.copealcoy.es\/es\/acuerdo-para-que-los-examenes-de-selectividad-sigan-en-alcoy\/"},"wordCount":336,"image":{"@id":"https:\/\/www.copealcoy.es\/es\/acuerdo-para-que-los-examenes-de-selectividad-sigan-en-alcoy\/#primaryimage"},"thumbnailUrl":"https:\/\/www.copealcoy.es\/wp-content\/uploads\/2025\/10\/timThumb-2.jpg","keywords":["Acuerdo","Alcoi\u00e0","Alcoy","Comtat","pruebas PAU","UA"],"articleSection":["Actualidad","Educaci\u00f3n","Noticias","Portada"],"inLanguage":"es"},{"@type":"WebPage","@id":"https:\/\/www.copealcoy.es\/es\/acuerdo-para-que-los-examenes-de-selectividad-sigan-en-alcoy\/","url":"https:\/\/www.copealcoy.es\/es\/acuerdo-para-que-los-examenes-de-selectividad-sigan-en-alcoy\/","name":"Acuerdo para que los ex\u00e1menes de selectividad sigan en Alcoy - COPE Alcoy","isPartOf":{"@id":"https:\/\/www.copealcoy.es\/es\/#website"},"primaryImageOfPage":{"@id":"https:\/\/www.copealcoy.es\/es\/acuerdo-para-que-los-examenes-de-selectividad-sigan-en-alcoy\/#primaryimage"},"image":{"@id":"https:\/\/www.copealcoy.es\/es\/acuerdo-para-que-los-examenes-de-selectividad-sigan-en-alcoy\/#primaryimage"},"thumbnailUrl":"https:\/\/www.copealcoy.es\/wp-content\/uploads\/2025\/10\/timThumb-2.jpg","datePublished":"2025-10-21T12:11:31+00:00","dateModified":"2025-10-21T13:36:03+00:00","author":{"@id":"https:\/\/www.copealcoy.es\/es\/#\/schema\/person\/e777c87fa024e57d40170af9df39882c"},"description":"Compromiso para que los ex\u00e1menes de selectividad sigan en Alcoy","breadcrumb":{"@id":"https:\/\/www.copealcoy.es\/es\/acuerdo-para-que-los-examenes-de-selectividad-sigan-en-alcoy\/#breadcrumb"},"inLanguage":"es","potentialAction":[{"@type":"ReadAction","target":["https:\/\/www.copealcoy.es\/es\/acuerdo-para-que-los-examenes-de-selectividad-sigan-en-alcoy\/"]}]},{"@type":"ImageObject","inLanguage":"es","@id":"https:\/\/www.copealcoy.es\/es\/acuerdo-para-que-los-examenes-de-selectividad-sigan-en-alcoy\/#primaryimage","url":"https:\/\/www.copealcoy.es\/wp-content\/uploads\/2025\/10\/timThumb-2.jpg","contentUrl":"https:\/\/www.copealcoy.es\/wp-content\/uploads\/2025\/10\/timThumb-2.jpg","width":800,"height":450},{"@type":"BreadcrumbList","@id":"https:\/\/www.copealcoy.es\/es\/acuerdo-para-que-los-examenes-de-selectividad-sigan-en-alcoy\/#breadcrumb","itemListElement":[{"@type":"ListItem","position":1,"name":"Portada","item":"https:\/\/www.copealcoy.es\/es\/"},{"@type":"ListItem","position":2,"name":"Acuerdo para que los ex\u00e1menes de selectividad sigan en Alcoy"}]},{"@type":"WebSite","@id":"https:\/\/www.copealcoy.es\/es\/#website","url":"https:\/\/www.copealcoy.es\/es\/","name":"COPE Alcoy","description":"Emisora COPE de radio local con emisi\u00f3n online. Pont de Sant Jordi 8-10 03803 Alcoy","potentialAction":[{"@type":"SearchAction","target":{"@type":"EntryPoint","urlTemplate":"https:\/\/www.copealcoy.es\/es\/?s={search_term_string}"},"query-input":{"@type":"PropertyValueSpecification","valueRequired":true,"valueName":"search_term_string"}}],"inLanguage":"es"},{"@type":"Person","@id":"https:\/\/www.copealcoy.es\/es\/#\/schema\/person\/e777c87fa024e57d40170af9df39882c","name":"Cope Alcoy","image":{"@type":"ImageObject","inLanguage":"es","@id":"https:\/\/secure.gravatar.com\/avatar\/bb65d0283347e303893ba14f0692005417c1e0e690a325a4c5d8bb2b3943ee14?s=96&d=mm&r=g","url":"https:\/\/secure.gravatar.com\/avatar\/bb65d0283347e303893ba14f0692005417c1e0e690a325a4c5d8bb2b3943ee14?s=96&d=mm&r=g","contentUrl":"https:\/\/secure.gravatar.com\/avatar\/bb65d0283347e303893ba14f0692005417c1e0e690a325a4c5d8bb2b3943ee14?s=96&d=mm&r=g","caption":"Cope Alcoy"}}]}},"_links":{"self":[{"href":"https:\/\/www.copealcoy.es\/es\/wp-json\/wp\/v2\/posts\/158737","targetHints":{"allow":["GET"]}}],"collection":[{"href":"https:\/\/www.copealcoy.es\/es\/wp-json\/wp\/v2\/posts"}],"about":[{"href":"https:\/\/www.copealcoy.es\/es\/wp-json\/wp\/v2\/types\/post"}],"author":[{"embeddable":true,"href":"https:\/\/www.copealcoy.es\/es\/wp-json\/wp\/v2\/users\/1"}],"replies":[{"embeddable":true,"href":"https:\/\/www.copealcoy.es\/es\/wp-json\/wp\/v2\/comments?post=158737"}],"version-history":[{"count":3,"href":"https:\/\/www.copealcoy.es\/es\/wp-json\/wp\/v2\/posts\/158737\/revisions"}],"predecessor-version":[{"id":158756,"href":"https:\/\/www.copealcoy.es\/es\/wp-json\/wp\/v2\/posts\/158737\/revisions\/158756"}],"wp:featuredmedia":[{"embeddable":true,"href":"https:\/\/www.copealcoy.es\/es\/wp-json\/wp\/v2\/media\/158738"}],"wp:attachment":[{"href":"https:\/\/www.copealcoy.es\/es\/wp-json\/wp\/v2\/media?parent=158737"}],"wp:term":[{"taxonomy":"category","embeddable":true,"href":"https:\/\/www.copealcoy.es\/es\/wp-json\/wp\/v2\/categories?post=158737"},{"taxonomy":"post_tag","embeddable":true,"href":"https:\/\/www.copealcoy.es\/es\/wp-json\/wp\/v2\/tags?post=158737"}],"curies":[{"name":"wp","href":"https:\/\/api.w.org\/{rel}","templated":true}]}}