{"id":158711,"date":"2025-10-23T09:00:35","date_gmt":"2025-10-23T08:00:35","guid":{"rendered":"https:\/\/www.copealcoy.es\/?p=158711"},"modified":"2025-10-23T10:37:20","modified_gmt":"2025-10-23T09:37:20","slug":"muro-fue-el-municipio-anfitrion-del-encontre-de-campaners-valencians-de-este-ano","status":"publish","type":"post","link":"https:\/\/www.copealcoy.es\/es\/muro-fue-el-municipio-anfitrion-del-encontre-de-campaners-valencians-de-este-ano\/","title":{"rendered":"Muro fue el municipio anfitri\u00f3n del &#8216;Encontre de Campaners Valencians&#8217; de este a\u00f1o"},"content":{"rendered":"<p style=\"text-align: justify;\" data-start=\"244\" data-end=\"547\"><a href=\"https:\/\/www.vilademuro.net\/\" target=\"_blank\" rel=\"noopener\"><strong><span style=\"color: #0000ff;\">Muro<\/span> <\/strong><\/a>acogi\u00f3 el pasado fin de semana <strong>el &#8216;Encontre de Campaners Valencians&#8217;<\/strong> de este 2025,<strong> cita que lleg\u00f3 a la edici\u00f3n n\u00famero 28 en esta ocasi\u00f3n<\/strong> y que reuni\u00f3 a un centenar de personas en la jornada del s\u00e1bado. El certamen cont\u00f3 con la organizaci\u00f3n de <strong>la Colla de Campaners del<\/strong> <strong>Comtat<\/strong>, anfitriona del mismo, y qued\u00f3 enmarcado adem\u00e1s en la XX Feria Gastron\u00f3mica que tambi\u00e9n celebr\u00f3 el municipio entre el 17 y 19 de octubre.<\/p>\n<p style=\"text-align: justify;\" data-start=\"775\" data-end=\"1231\">El citado encuentro arranc\u00f3 el <strong>viernes por la tarde<\/strong> con la inauguraci\u00f3n de una interesante <strong data-start=\"847\" data-end=\"903\">exposici\u00f3n fotogr\u00e1fica en el Centre Cultural de la localidad<\/strong>, que recog\u00eda en im\u00e1genes los campanarios de las poblaciones de la comarca, y que tuvo muy buena acogida entre el p\u00fablico que la visit\u00f3 &#8220;<em>la muestra incluye varios paneles en los que vemos fotograf\u00edas de las campanas y de las torres acompa\u00f1adas de informaci\u00f3n relevante de cada construcci\u00f3n. Estamos contentos con el resultado y la intenci\u00f3n es que a partir de ahora pueda recorrer otras localidades de la zona<\/em>&#8220;, explicaba en los micr\u00f3fonos de COPE ALCOY <strong>Josep Jord\u00e0<\/strong>; presidente de la misma Colla de Campaners del Comtat.\u00a0 Ya el s\u00e1bado fue la jornada central del encuentro. Los campaneros participantes asistieron a <strong>diversas ponencias<\/strong> que ahondaron en cuestiones como la importancia del volteo manual de campanas<strong data-start=\"1351\" data-end=\"1380\">, <\/strong>la importancia de esta pr\u00e1ctica, los criterios a tener en cuenta a la hora de restaurar un campanario o el futuro tras la declaraci\u00f3n del toque manual como Patrimonio Inmaterial de la Humanidad. Josep Jord\u00e0, Joan Alepuz y los Campaneros de Albaida fueron quienes intervinieron en este acto, en el cual tambi\u00e9n recibieron un detalle de recuerdo las agrupaciones participantes, el alcalde de Muro (Vicent Molina) y el titular de la parroquia de San Juan Bautista (Don Diego Ferr\u00e1ndiz). En total, <strong data-start=\"2519\" data-end=\"2570\">cerca de un centenar de campaneros y campaneras<\/strong> se reunieron por primera vez en la provincia de Alicante para compartir experiencias, conocimientos y reivindicaciones sobre esta pr\u00e1ctica ancestral &#8220;<em>han estado presentes una veintena de asociaciones, de todo el territorio valenciano de norte a sur, y tambi\u00e9n hemos tenido con nosotros a las dos empresas valencianas de restauraci\u00f3n de campanas existentes en la Comunitat Valenciana. Han sido meses de mucho trabajo, para prepararlo todo, y el resultado creemos que ha salido bien<\/em>&#8220;, concluy\u00f3 Josep Jord\u00e0.<\/p>\n<p style=\"text-align: justify;\" data-start=\"2295\" data-end=\"2722\">Tras la comida, el &#8216;Encontre de Campaners Valencians&#8217; sigui\u00f3 por la tarde con una <strong data-start=\"2343\" data-end=\"2378\">muestra de toques tradicionales<\/strong> desde el campanario de la misma iglesia de San Juan Bautista. En la misma, cada &#8216;Colla&#8217; participante ofreci\u00f3 su particular interpretaci\u00f3n junto a las explicaciones correspondientes.<\/p>\n","protected":false},"excerpt":{"rendered":"<p>Muro acogi\u00f3 el pasado fin de semana el &#8216;Encontre de Campaners Valencians&#8217; de este 2025, cita que lleg\u00f3 a la&#8230;<\/p>\n","protected":false},"author":1,"featured_media":158712,"comment_status":"closed","ping_status":"closed","sticky":false,"template":"","format":"standard","meta":{"footnotes":""},"categories":[6909,98,75],"tags":[20187,11094,9590,135],"class_list":["post-158711","post","type-post","status-publish","format-standard","has-post-thumbnail","hentry","category-actualidad","category-comarcas","category-noticias","tag-campaners-valencians-es","tag-colla-de-campaners-del-comtat","tag-encontre","tag-muro"],"yoast_head":"<!-- This site is optimized with the Yoast SEO plugin v27.3 - https:\/\/yoast.com\/product\/yoast-seo-wordpress\/ -->\n<title>Muro fue el municipio anfitri\u00f3n del &#039;Encontre de Campaners Valencians&#039; de este a\u00f1o - COPE Alcoy<\/title>\n<meta name=\"description\" content=\"Muro fue el municipio anfitri\u00f3n del &#039;Encontre de Campaners Valencians&#039; de este a\u00f1o\" \/>\n<meta name=\"robots\" content=\"index, follow, max-snippet:-1, max-image-preview:large, max-video-preview:-1\" \/>\n<link rel=\"canonical\" href=\"https:\/\/www.copealcoy.es\/es\/muro-fue-el-municipio-anfitrion-del-encontre-de-campaners-valencians-de-este-ano\/\" \/>\n<meta property=\"og:locale\" content=\"es_ES\" \/>\n<meta property=\"og:type\" content=\"article\" \/>\n<meta property=\"og:title\" content=\"Muro fue el municipio anfitri\u00f3n del &#039;Encontre de Campaners Valencians&#039; de este a\u00f1o - COPE Alcoy\" \/>\n<meta property=\"og:description\" content=\"Muro fue el municipio anfitri\u00f3n del &#039;Encontre de Campaners Valencians&#039; de este a\u00f1o\" \/>\n<meta property=\"og:url\" content=\"https:\/\/www.copealcoy.es\/es\/muro-fue-el-municipio-anfitrion-del-encontre-de-campaners-valencians-de-este-ano\/\" \/>\n<meta property=\"og:site_name\" content=\"COPE Alcoy\" \/>\n<meta property=\"article:published_time\" content=\"2025-10-23T08:00:35+00:00\" \/>\n<meta property=\"article:modified_time\" content=\"2025-10-23T09:37:20+00:00\" \/>\n<meta property=\"og:image\" content=\"https:\/\/www.copealcoy.es\/wp-content\/uploads\/2025\/10\/1-5.jpg\" \/>\n\t<meta property=\"og:image:width\" content=\"933\" \/>\n\t<meta property=\"og:image:height\" content=\"700\" \/>\n\t<meta property=\"og:image:type\" content=\"image\/jpeg\" \/>\n<meta name=\"author\" content=\"Cope Alcoy\" \/>\n<meta name=\"twitter:label1\" content=\"Escrito por\" \/>\n\t<meta name=\"twitter:data1\" content=\"Cope Alcoy\" \/>\n\t<meta name=\"twitter:label2\" content=\"Tiempo de lectura\" \/>\n\t<meta name=\"twitter:data2\" content=\"3 minutos\" \/>\n<script type=\"application\/ld+json\" class=\"yoast-schema-graph\">{\"@context\":\"https:\\\/\\\/schema.org\",\"@graph\":[{\"@type\":\"Article\",\"@id\":\"https:\\\/\\\/www.copealcoy.es\\\/es\\\/muro-fue-el-municipio-anfitrion-del-encontre-de-campaners-valencians-de-este-ano\\\/#article\",\"isPartOf\":{\"@id\":\"https:\\\/\\\/www.copealcoy.es\\\/es\\\/muro-fue-el-municipio-anfitrion-del-encontre-de-campaners-valencians-de-este-ano\\\/\"},\"author\":{\"name\":\"Cope Alcoy\",\"@id\":\"https:\\\/\\\/www.copealcoy.es\\\/es\\\/#\\\/schema\\\/person\\\/e777c87fa024e57d40170af9df39882c\"},\"headline\":\"Muro fue el municipio anfitri\u00f3n del &#8216;Encontre de Campaners Valencians&#8217; de este a\u00f1o\",\"datePublished\":\"2025-10-23T08:00:35+00:00\",\"dateModified\":\"2025-10-23T09:37:20+00:00\",\"mainEntityOfPage\":{\"@id\":\"https:\\\/\\\/www.copealcoy.es\\\/es\\\/muro-fue-el-municipio-anfitrion-del-encontre-de-campaners-valencians-de-este-ano\\\/\"},\"wordCount\":464,\"image\":{\"@id\":\"https:\\\/\\\/www.copealcoy.es\\\/es\\\/muro-fue-el-municipio-anfitrion-del-encontre-de-campaners-valencians-de-este-ano\\\/#primaryimage\"},\"thumbnailUrl\":\"https:\\\/\\\/www.copealcoy.es\\\/wp-content\\\/uploads\\\/2025\\\/10\\\/1-5.jpg\",\"keywords\":[\"Campaners Valencians\",\"Colla de Campaners del Comtat\",\"encontre\",\"Muro\"],\"articleSection\":[\"Actualidad\",\"Comarcas\",\"Noticias\"],\"inLanguage\":\"es\"},{\"@type\":\"WebPage\",\"@id\":\"https:\\\/\\\/www.copealcoy.es\\\/es\\\/muro-fue-el-municipio-anfitrion-del-encontre-de-campaners-valencians-de-este-ano\\\/\",\"url\":\"https:\\\/\\\/www.copealcoy.es\\\/es\\\/muro-fue-el-municipio-anfitrion-del-encontre-de-campaners-valencians-de-este-ano\\\/\",\"name\":\"Muro fue el municipio anfitri\u00f3n del 'Encontre de Campaners Valencians' de este a\u00f1o - COPE Alcoy\",\"isPartOf\":{\"@id\":\"https:\\\/\\\/www.copealcoy.es\\\/es\\\/#website\"},\"primaryImageOfPage\":{\"@id\":\"https:\\\/\\\/www.copealcoy.es\\\/es\\\/muro-fue-el-municipio-anfitrion-del-encontre-de-campaners-valencians-de-este-ano\\\/#primaryimage\"},\"image\":{\"@id\":\"https:\\\/\\\/www.copealcoy.es\\\/es\\\/muro-fue-el-municipio-anfitrion-del-encontre-de-campaners-valencians-de-este-ano\\\/#primaryimage\"},\"thumbnailUrl\":\"https:\\\/\\\/www.copealcoy.es\\\/wp-content\\\/uploads\\\/2025\\\/10\\\/1-5.jpg\",\"datePublished\":\"2025-10-23T08:00:35+00:00\",\"dateModified\":\"2025-10-23T09:37:20+00:00\",\"author\":{\"@id\":\"https:\\\/\\\/www.copealcoy.es\\\/es\\\/#\\\/schema\\\/person\\\/e777c87fa024e57d40170af9df39882c\"},\"description\":\"Muro fue el municipio anfitri\u00f3n del 'Encontre de Campaners Valencians' de este a\u00f1o\",\"breadcrumb\":{\"@id\":\"https:\\\/\\\/www.copealcoy.es\\\/es\\\/muro-fue-el-municipio-anfitrion-del-encontre-de-campaners-valencians-de-este-ano\\\/#breadcrumb\"},\"inLanguage\":\"es\",\"potentialAction\":[{\"@type\":\"ReadAction\",\"target\":[\"https:\\\/\\\/www.copealcoy.es\\\/es\\\/muro-fue-el-municipio-anfitrion-del-encontre-de-campaners-valencians-de-este-ano\\\/\"]}]},{\"@type\":\"ImageObject\",\"inLanguage\":\"es\",\"@id\":\"https:\\\/\\\/www.copealcoy.es\\\/es\\\/muro-fue-el-municipio-anfitrion-del-encontre-de-campaners-valencians-de-este-ano\\\/#primaryimage\",\"url\":\"https:\\\/\\\/www.copealcoy.es\\\/wp-content\\\/uploads\\\/2025\\\/10\\\/1-5.jpg\",\"contentUrl\":\"https:\\\/\\\/www.copealcoy.es\\\/wp-content\\\/uploads\\\/2025\\\/10\\\/1-5.jpg\",\"width\":933,\"height\":700},{\"@type\":\"BreadcrumbList\",\"@id\":\"https:\\\/\\\/www.copealcoy.es\\\/es\\\/muro-fue-el-municipio-anfitrion-del-encontre-de-campaners-valencians-de-este-ano\\\/#breadcrumb\",\"itemListElement\":[{\"@type\":\"ListItem\",\"position\":1,\"name\":\"Portada\",\"item\":\"https:\\\/\\\/www.copealcoy.es\\\/es\\\/\"},{\"@type\":\"ListItem\",\"position\":2,\"name\":\"Muro fue el municipio anfitri\u00f3n del &#8216;Encontre de Campaners Valencians&#8217; de este a\u00f1o\"}]},{\"@type\":\"WebSite\",\"@id\":\"https:\\\/\\\/www.copealcoy.es\\\/es\\\/#website\",\"url\":\"https:\\\/\\\/www.copealcoy.es\\\/es\\\/\",\"name\":\"COPE Alcoy\",\"description\":\"Emisora COPE de radio local con emisi\u00f3n online. Pont de Sant Jordi 8-10 03803 Alcoy\",\"potentialAction\":[{\"@type\":\"SearchAction\",\"target\":{\"@type\":\"EntryPoint\",\"urlTemplate\":\"https:\\\/\\\/www.copealcoy.es\\\/es\\\/?s={search_term_string}\"},\"query-input\":{\"@type\":\"PropertyValueSpecification\",\"valueRequired\":true,\"valueName\":\"search_term_string\"}}],\"inLanguage\":\"es\"},{\"@type\":\"Person\",\"@id\":\"https:\\\/\\\/www.copealcoy.es\\\/es\\\/#\\\/schema\\\/person\\\/e777c87fa024e57d40170af9df39882c\",\"name\":\"Cope Alcoy\",\"image\":{\"@type\":\"ImageObject\",\"inLanguage\":\"es\",\"@id\":\"https:\\\/\\\/secure.gravatar.com\\\/avatar\\\/bb65d0283347e303893ba14f0692005417c1e0e690a325a4c5d8bb2b3943ee14?s=96&d=mm&r=g\",\"url\":\"https:\\\/\\\/secure.gravatar.com\\\/avatar\\\/bb65d0283347e303893ba14f0692005417c1e0e690a325a4c5d8bb2b3943ee14?s=96&d=mm&r=g\",\"contentUrl\":\"https:\\\/\\\/secure.gravatar.com\\\/avatar\\\/bb65d0283347e303893ba14f0692005417c1e0e690a325a4c5d8bb2b3943ee14?s=96&d=mm&r=g\",\"caption\":\"Cope Alcoy\"}}]}<\/script>\n<!-- \/ Yoast SEO plugin. -->","yoast_head_json":{"title":"Muro fue el municipio anfitri\u00f3n del 'Encontre de Campaners Valencians' de este a\u00f1o - COPE Alcoy","description":"Muro fue el municipio anfitri\u00f3n del 'Encontre de Campaners Valencians' de este a\u00f1o","robots":{"index":"index","follow":"follow","max-snippet":"max-snippet:-1","max-image-preview":"max-image-preview:large","max-video-preview":"max-video-preview:-1"},"canonical":"https:\/\/www.copealcoy.es\/es\/muro-fue-el-municipio-anfitrion-del-encontre-de-campaners-valencians-de-este-ano\/","og_locale":"es_ES","og_type":"article","og_title":"Muro fue el municipio anfitri\u00f3n del 'Encontre de Campaners Valencians' de este a\u00f1o - COPE Alcoy","og_description":"Muro fue el municipio anfitri\u00f3n del 'Encontre de Campaners Valencians' de este a\u00f1o","og_url":"https:\/\/www.copealcoy.es\/es\/muro-fue-el-municipio-anfitrion-del-encontre-de-campaners-valencians-de-este-ano\/","og_site_name":"COPE Alcoy","article_published_time":"2025-10-23T08:00:35+00:00","article_modified_time":"2025-10-23T09:37:20+00:00","og_image":[{"width":933,"height":700,"url":"https:\/\/www.copealcoy.es\/wp-content\/uploads\/2025\/10\/1-5.jpg","type":"image\/jpeg"}],"author":"Cope Alcoy","twitter_misc":{"Escrito por":"Cope Alcoy","Tiempo de lectura":"3 minutos"},"schema":{"@context":"https:\/\/schema.org","@graph":[{"@type":"Article","@id":"https:\/\/www.copealcoy.es\/es\/muro-fue-el-municipio-anfitrion-del-encontre-de-campaners-valencians-de-este-ano\/#article","isPartOf":{"@id":"https:\/\/www.copealcoy.es\/es\/muro-fue-el-municipio-anfitrion-del-encontre-de-campaners-valencians-de-este-ano\/"},"author":{"name":"Cope Alcoy","@id":"https:\/\/www.copealcoy.es\/es\/#\/schema\/person\/e777c87fa024e57d40170af9df39882c"},"headline":"Muro fue el municipio anfitri\u00f3n del &#8216;Encontre de Campaners Valencians&#8217; de este a\u00f1o","datePublished":"2025-10-23T08:00:35+00:00","dateModified":"2025-10-23T09:37:20+00:00","mainEntityOfPage":{"@id":"https:\/\/www.copealcoy.es\/es\/muro-fue-el-municipio-anfitrion-del-encontre-de-campaners-valencians-de-este-ano\/"},"wordCount":464,"image":{"@id":"https:\/\/www.copealcoy.es\/es\/muro-fue-el-municipio-anfitrion-del-encontre-de-campaners-valencians-de-este-ano\/#primaryimage"},"thumbnailUrl":"https:\/\/www.copealcoy.es\/wp-content\/uploads\/2025\/10\/1-5.jpg","keywords":["Campaners Valencians","Colla de Campaners del Comtat","encontre","Muro"],"articleSection":["Actualidad","Comarcas","Noticias"],"inLanguage":"es"},{"@type":"WebPage","@id":"https:\/\/www.copealcoy.es\/es\/muro-fue-el-municipio-anfitrion-del-encontre-de-campaners-valencians-de-este-ano\/","url":"https:\/\/www.copealcoy.es\/es\/muro-fue-el-municipio-anfitrion-del-encontre-de-campaners-valencians-de-este-ano\/","name":"Muro fue el municipio anfitri\u00f3n del 'Encontre de Campaners Valencians' de este a\u00f1o - COPE Alcoy","isPartOf":{"@id":"https:\/\/www.copealcoy.es\/es\/#website"},"primaryImageOfPage":{"@id":"https:\/\/www.copealcoy.es\/es\/muro-fue-el-municipio-anfitrion-del-encontre-de-campaners-valencians-de-este-ano\/#primaryimage"},"image":{"@id":"https:\/\/www.copealcoy.es\/es\/muro-fue-el-municipio-anfitrion-del-encontre-de-campaners-valencians-de-este-ano\/#primaryimage"},"thumbnailUrl":"https:\/\/www.copealcoy.es\/wp-content\/uploads\/2025\/10\/1-5.jpg","datePublished":"2025-10-23T08:00:35+00:00","dateModified":"2025-10-23T09:37:20+00:00","author":{"@id":"https:\/\/www.copealcoy.es\/es\/#\/schema\/person\/e777c87fa024e57d40170af9df39882c"},"description":"Muro fue el municipio anfitri\u00f3n del 'Encontre de Campaners Valencians' de este a\u00f1o","breadcrumb":{"@id":"https:\/\/www.copealcoy.es\/es\/muro-fue-el-municipio-anfitrion-del-encontre-de-campaners-valencians-de-este-ano\/#breadcrumb"},"inLanguage":"es","potentialAction":[{"@type":"ReadAction","target":["https:\/\/www.copealcoy.es\/es\/muro-fue-el-municipio-anfitrion-del-encontre-de-campaners-valencians-de-este-ano\/"]}]},{"@type":"ImageObject","inLanguage":"es","@id":"https:\/\/www.copealcoy.es\/es\/muro-fue-el-municipio-anfitrion-del-encontre-de-campaners-valencians-de-este-ano\/#primaryimage","url":"https:\/\/www.copealcoy.es\/wp-content\/uploads\/2025\/10\/1-5.jpg","contentUrl":"https:\/\/www.copealcoy.es\/wp-content\/uploads\/2025\/10\/1-5.jpg","width":933,"height":700},{"@type":"BreadcrumbList","@id":"https:\/\/www.copealcoy.es\/es\/muro-fue-el-municipio-anfitrion-del-encontre-de-campaners-valencians-de-este-ano\/#breadcrumb","itemListElement":[{"@type":"ListItem","position":1,"name":"Portada","item":"https:\/\/www.copealcoy.es\/es\/"},{"@type":"ListItem","position":2,"name":"Muro fue el municipio anfitri\u00f3n del &#8216;Encontre de Campaners Valencians&#8217; de este a\u00f1o"}]},{"@type":"WebSite","@id":"https:\/\/www.copealcoy.es\/es\/#website","url":"https:\/\/www.copealcoy.es\/es\/","name":"COPE Alcoy","description":"Emisora COPE de radio local con emisi\u00f3n online. Pont de Sant Jordi 8-10 03803 Alcoy","potentialAction":[{"@type":"SearchAction","target":{"@type":"EntryPoint","urlTemplate":"https:\/\/www.copealcoy.es\/es\/?s={search_term_string}"},"query-input":{"@type":"PropertyValueSpecification","valueRequired":true,"valueName":"search_term_string"}}],"inLanguage":"es"},{"@type":"Person","@id":"https:\/\/www.copealcoy.es\/es\/#\/schema\/person\/e777c87fa024e57d40170af9df39882c","name":"Cope Alcoy","image":{"@type":"ImageObject","inLanguage":"es","@id":"https:\/\/secure.gravatar.com\/avatar\/bb65d0283347e303893ba14f0692005417c1e0e690a325a4c5d8bb2b3943ee14?s=96&d=mm&r=g","url":"https:\/\/secure.gravatar.com\/avatar\/bb65d0283347e303893ba14f0692005417c1e0e690a325a4c5d8bb2b3943ee14?s=96&d=mm&r=g","contentUrl":"https:\/\/secure.gravatar.com\/avatar\/bb65d0283347e303893ba14f0692005417c1e0e690a325a4c5d8bb2b3943ee14?s=96&d=mm&r=g","caption":"Cope Alcoy"}}]}},"_links":{"self":[{"href":"https:\/\/www.copealcoy.es\/es\/wp-json\/wp\/v2\/posts\/158711","targetHints":{"allow":["GET"]}}],"collection":[{"href":"https:\/\/www.copealcoy.es\/es\/wp-json\/wp\/v2\/posts"}],"about":[{"href":"https:\/\/www.copealcoy.es\/es\/wp-json\/wp\/v2\/types\/post"}],"author":[{"embeddable":true,"href":"https:\/\/www.copealcoy.es\/es\/wp-json\/wp\/v2\/users\/1"}],"replies":[{"embeddable":true,"href":"https:\/\/www.copealcoy.es\/es\/wp-json\/wp\/v2\/comments?post=158711"}],"version-history":[{"count":1,"href":"https:\/\/www.copealcoy.es\/es\/wp-json\/wp\/v2\/posts\/158711\/revisions"}],"predecessor-version":[{"id":158714,"href":"https:\/\/www.copealcoy.es\/es\/wp-json\/wp\/v2\/posts\/158711\/revisions\/158714"}],"wp:featuredmedia":[{"embeddable":true,"href":"https:\/\/www.copealcoy.es\/es\/wp-json\/wp\/v2\/media\/158712"}],"wp:attachment":[{"href":"https:\/\/www.copealcoy.es\/es\/wp-json\/wp\/v2\/media?parent=158711"}],"wp:term":[{"taxonomy":"category","embeddable":true,"href":"https:\/\/www.copealcoy.es\/es\/wp-json\/wp\/v2\/categories?post=158711"},{"taxonomy":"post_tag","embeddable":true,"href":"https:\/\/www.copealcoy.es\/es\/wp-json\/wp\/v2\/tags?post=158711"}],"curies":[{"name":"wp","href":"https:\/\/api.w.org\/{rel}","templated":true}]}}