{"id":158687,"date":"2025-10-20T11:13:08","date_gmt":"2025-10-20T10:13:08","guid":{"rendered":"https:\/\/www.copealcoy.es\/?p=158687"},"modified":"2025-10-20T11:17:57","modified_gmt":"2025-10-20T10:17:57","slug":"el-comercio-de-alcoy-resiste-aunque-la-situacion-es-complicada-no-nos-podemos-quejar","status":"publish","type":"post","link":"https:\/\/www.copealcoy.es\/es\/el-comercio-de-alcoy-resiste-aunque-la-situacion-es-complicada-no-nos-podemos-quejar\/","title":{"rendered":"El comercio de Alcoy resiste: &#8220;aunque la situaci\u00f3n es complicada, no nos podemos quejar&#8221;"},"content":{"rendered":"<p style=\"text-align: justify;\">El sector del comercio aguanta y afronta tambi\u00e9n, con ciertas garant\u00edas, <strong>el contexto dif\u00edcil por el cual atraviesa<\/strong>. As\u00ed lo aseguran desde la <a href=\"https:\/\/www.facebook.com\/alcoycomercial\/?locale=es_ES\" target=\"_blank\" rel=\"noopener\"><span style=\"color: #0000ff;\"><strong>Federaci\u00f3n de Comercio Alcoy Comercial<\/strong><\/span><\/a>, entidad que pone en valor la importancia que todav\u00eda siguen teniendo los negocios de proximidad en el tejido productivo de nuestra ciudad.<\/p>\n<p style=\"text-align: justify;\">Los comerciantes no ocultan que viven un momento complicado y atribuyen esta situaci\u00f3n a varios factores &#8220;<em>por una parte tenemos la competencia de las superficies que encontramos en grandes ciudades pr\u00f3ximas, que motivan a muchos clientes a desplazarse all\u00ed a hacer sus compras, pero tambi\u00e9n tenemos el comercio digital que en los \u00faltimos a\u00f1os ha ido ganando auge<\/em>&#8220;, se\u00f1ala el presidente de la misma Federaci\u00f3n de Comercio, <strong>Alejandro Cerro<\/strong>. Pese a ello, Alcoy sigue confiando en sus comercios y en el producto que en ellos se ofrece &#8220;<em>dentro de lo que cabe el comercio de proximidad aguanta los envites que nos plantean la sociedad y la econom\u00eda actual. No nos podemos quejar, por mucho que parezca lo contrario<\/em>&#8220;, indican.<\/p>\n<p><span style=\"color: #0000ff;\"><strong>Llega una nueva edici\u00f3n de la &#8216;Ruleta del Comer\u00e7&#8217;<\/strong><\/span><\/p>\n<p style=\"text-align: justify;\">Precisamente, y con la intenci\u00f3n de dinamizar el comercio, llega esta semana a Alcoy <strong>una nueva edici\u00f3n de la campa\u00f1a &#8216;La Ruleta del Comer\u00e7&#8217;<\/strong>. La iniciativa, que se enmarca tambi\u00e9n en el D\u00eda del Comercio, consiste en repartir una serie de tickets en los comercios participantes que nos permitir\u00e1n jugar en la ruleta e incluso ganar interesantes premios. Esta ruleta <strong>estar\u00e1 situada<\/strong> en el Barrio de Santa Rosa el mi\u00e9rcoles 22 de octubre (de 17:30h a 19:30h en la plaza Miguel Hern\u00e1ndez), el jueves 23 en la Zona Centro (de 17:30 a 19:30h en la calle Sant Lloren\u00e7), en la Zona Norte el viernes 24 (de 17:30h a 19:30h) en la Avinguda de la Hispanitat y el s\u00e1bado 25 en el Parc de La Uxola (de 11:30h a 13:30h). Los agraciados con la suerte obtendr\u00e1n despu\u00e9s una serie de cheques descuento cuyo valor total es de 3.600 euros <em>&#8220;para repartir en vales de 10, 20, 50 y 200 euros que se podr\u00e1n canjear en los establecimientos adheridos a la campa\u00f1a. Quienes no los consigan podr\u00e1n optar a algod\u00f3n dulce o palomitas<\/em>&#8220;, detallan tanto Alejandro Cerro, presidente de Alcoy Comercial, como el edil de Comercio, \u00c0lex Cerradelo. La Campa\u00f1a de la Ruleta del Comerc cuenta con el respaldo de la C\u00e1mara de Comercio, ACECA, la Federaci\u00f3n de Comercio, el Ayuntamiento de Alcoy y la Generalitat Valenciana.<\/p>\n","protected":false},"excerpt":{"rendered":"<p>El sector del comercio aguanta y afronta tambi\u00e9n, con ciertas garant\u00edas, el contexto dif\u00edcil por el cual atraviesa. As\u00ed lo&#8230;<\/p>\n","protected":false},"author":1,"featured_media":158688,"comment_status":"closed","ping_status":"closed","sticky":false,"template":"","format":"standard","meta":{"footnotes":""},"categories":[6909,97,75,125],"tags":[1494,199,20180,20181,4779],"class_list":["post-158687","post","type-post","status-publish","format-standard","has-post-thumbnail","hentry","category-actualidad","category-alcoy","category-noticias","category-portada","tag-alcoy","tag-campana","tag-ruleta-del-comercio","tag-sector-comercial","tag-situacion"],"yoast_head":"<!-- This site is optimized with the Yoast SEO plugin v27.3 - https:\/\/yoast.com\/product\/yoast-seo-wordpress\/ -->\n<title>El comercio de Alcoy resiste: &quot;aunque la situaci\u00f3n es complicada, no nos podemos quejar&quot; - COPE Alcoy<\/title>\n<meta name=\"description\" content=\"El comercio de Alcoy resiste: &quot;la situaci\u00f3n es complicada, pero no nos podemos quejar&quot;\" \/>\n<meta name=\"robots\" content=\"index, follow, max-snippet:-1, max-image-preview:large, max-video-preview:-1\" \/>\n<link rel=\"canonical\" href=\"https:\/\/www.copealcoy.es\/es\/el-comercio-de-alcoy-resiste-aunque-la-situacion-es-complicada-no-nos-podemos-quejar\/\" \/>\n<meta property=\"og:locale\" content=\"es_ES\" \/>\n<meta property=\"og:type\" content=\"article\" \/>\n<meta property=\"og:title\" content=\"El comercio de Alcoy resiste: &quot;aunque la situaci\u00f3n es complicada, no nos podemos quejar&quot; - COPE Alcoy\" \/>\n<meta property=\"og:description\" content=\"El comercio de Alcoy resiste: &quot;la situaci\u00f3n es complicada, pero no nos podemos quejar&quot;\" \/>\n<meta property=\"og:url\" content=\"https:\/\/www.copealcoy.es\/es\/el-comercio-de-alcoy-resiste-aunque-la-situacion-es-complicada-no-nos-podemos-quejar\/\" \/>\n<meta property=\"og:site_name\" content=\"COPE Alcoy\" \/>\n<meta property=\"article:published_time\" content=\"2025-10-20T10:13:08+00:00\" \/>\n<meta property=\"article:modified_time\" content=\"2025-10-20T10:17:57+00:00\" \/>\n<meta property=\"og:image\" content=\"https:\/\/www.copealcoy.es\/wp-content\/uploads\/2025\/10\/unnamed-1-15-scaled-e1760955404767.jpg\" \/>\n\t<meta property=\"og:image:width\" content=\"2550\" \/>\n\t<meta property=\"og:image:height\" content=\"1207\" \/>\n\t<meta property=\"og:image:type\" content=\"image\/jpeg\" \/>\n<meta name=\"author\" content=\"Cope Alcoy\" \/>\n<meta name=\"twitter:label1\" content=\"Escrito por\" \/>\n\t<meta name=\"twitter:data1\" content=\"Cope Alcoy\" \/>\n\t<meta name=\"twitter:label2\" content=\"Tiempo de lectura\" \/>\n\t<meta name=\"twitter:data2\" content=\"3 minutos\" \/>\n<script type=\"application\/ld+json\" class=\"yoast-schema-graph\">{\"@context\":\"https:\\\/\\\/schema.org\",\"@graph\":[{\"@type\":\"Article\",\"@id\":\"https:\\\/\\\/www.copealcoy.es\\\/es\\\/el-comercio-de-alcoy-resiste-aunque-la-situacion-es-complicada-no-nos-podemos-quejar\\\/#article\",\"isPartOf\":{\"@id\":\"https:\\\/\\\/www.copealcoy.es\\\/es\\\/el-comercio-de-alcoy-resiste-aunque-la-situacion-es-complicada-no-nos-podemos-quejar\\\/\"},\"author\":{\"name\":\"Cope Alcoy\",\"@id\":\"https:\\\/\\\/www.copealcoy.es\\\/es\\\/#\\\/schema\\\/person\\\/e777c87fa024e57d40170af9df39882c\"},\"headline\":\"El comercio de Alcoy resiste: &#8220;aunque la situaci\u00f3n es complicada, no nos podemos quejar&#8221;\",\"datePublished\":\"2025-10-20T10:13:08+00:00\",\"dateModified\":\"2025-10-20T10:17:57+00:00\",\"mainEntityOfPage\":{\"@id\":\"https:\\\/\\\/www.copealcoy.es\\\/es\\\/el-comercio-de-alcoy-resiste-aunque-la-situacion-es-complicada-no-nos-podemos-quejar\\\/\"},\"wordCount\":439,\"image\":{\"@id\":\"https:\\\/\\\/www.copealcoy.es\\\/es\\\/el-comercio-de-alcoy-resiste-aunque-la-situacion-es-complicada-no-nos-podemos-quejar\\\/#primaryimage\"},\"thumbnailUrl\":\"https:\\\/\\\/www.copealcoy.es\\\/wp-content\\\/uploads\\\/2025\\\/10\\\/unnamed-1-15-scaled-e1760955404767.jpg\",\"keywords\":[\"Alcoy\",\"Campa\u00f1a\",\"Ruleta del Comercio\",\"sector comercial\",\"situaci\u00f3n\"],\"articleSection\":[\"Actualidad\",\"Alcoy\",\"Noticias\",\"Portada\"],\"inLanguage\":\"es\"},{\"@type\":\"WebPage\",\"@id\":\"https:\\\/\\\/www.copealcoy.es\\\/es\\\/el-comercio-de-alcoy-resiste-aunque-la-situacion-es-complicada-no-nos-podemos-quejar\\\/\",\"url\":\"https:\\\/\\\/www.copealcoy.es\\\/es\\\/el-comercio-de-alcoy-resiste-aunque-la-situacion-es-complicada-no-nos-podemos-quejar\\\/\",\"name\":\"El comercio de Alcoy resiste: \\\"aunque la situaci\u00f3n es complicada, no nos podemos quejar\\\" - COPE Alcoy\",\"isPartOf\":{\"@id\":\"https:\\\/\\\/www.copealcoy.es\\\/es\\\/#website\"},\"primaryImageOfPage\":{\"@id\":\"https:\\\/\\\/www.copealcoy.es\\\/es\\\/el-comercio-de-alcoy-resiste-aunque-la-situacion-es-complicada-no-nos-podemos-quejar\\\/#primaryimage\"},\"image\":{\"@id\":\"https:\\\/\\\/www.copealcoy.es\\\/es\\\/el-comercio-de-alcoy-resiste-aunque-la-situacion-es-complicada-no-nos-podemos-quejar\\\/#primaryimage\"},\"thumbnailUrl\":\"https:\\\/\\\/www.copealcoy.es\\\/wp-content\\\/uploads\\\/2025\\\/10\\\/unnamed-1-15-scaled-e1760955404767.jpg\",\"datePublished\":\"2025-10-20T10:13:08+00:00\",\"dateModified\":\"2025-10-20T10:17:57+00:00\",\"author\":{\"@id\":\"https:\\\/\\\/www.copealcoy.es\\\/es\\\/#\\\/schema\\\/person\\\/e777c87fa024e57d40170af9df39882c\"},\"description\":\"El comercio de Alcoy resiste: \\\"la situaci\u00f3n es complicada, pero no nos podemos quejar\\\"\",\"breadcrumb\":{\"@id\":\"https:\\\/\\\/www.copealcoy.es\\\/es\\\/el-comercio-de-alcoy-resiste-aunque-la-situacion-es-complicada-no-nos-podemos-quejar\\\/#breadcrumb\"},\"inLanguage\":\"es\",\"potentialAction\":[{\"@type\":\"ReadAction\",\"target\":[\"https:\\\/\\\/www.copealcoy.es\\\/es\\\/el-comercio-de-alcoy-resiste-aunque-la-situacion-es-complicada-no-nos-podemos-quejar\\\/\"]}]},{\"@type\":\"ImageObject\",\"inLanguage\":\"es\",\"@id\":\"https:\\\/\\\/www.copealcoy.es\\\/es\\\/el-comercio-de-alcoy-resiste-aunque-la-situacion-es-complicada-no-nos-podemos-quejar\\\/#primaryimage\",\"url\":\"https:\\\/\\\/www.copealcoy.es\\\/wp-content\\\/uploads\\\/2025\\\/10\\\/unnamed-1-15-scaled-e1760955404767.jpg\",\"contentUrl\":\"https:\\\/\\\/www.copealcoy.es\\\/wp-content\\\/uploads\\\/2025\\\/10\\\/unnamed-1-15-scaled-e1760955404767.jpg\",\"width\":2550,\"height\":1207},{\"@type\":\"BreadcrumbList\",\"@id\":\"https:\\\/\\\/www.copealcoy.es\\\/es\\\/el-comercio-de-alcoy-resiste-aunque-la-situacion-es-complicada-no-nos-podemos-quejar\\\/#breadcrumb\",\"itemListElement\":[{\"@type\":\"ListItem\",\"position\":1,\"name\":\"Portada\",\"item\":\"https:\\\/\\\/www.copealcoy.es\\\/es\\\/\"},{\"@type\":\"ListItem\",\"position\":2,\"name\":\"El comercio de Alcoy resiste: &#8220;aunque la situaci\u00f3n es complicada, no nos podemos quejar&#8221;\"}]},{\"@type\":\"WebSite\",\"@id\":\"https:\\\/\\\/www.copealcoy.es\\\/es\\\/#website\",\"url\":\"https:\\\/\\\/www.copealcoy.es\\\/es\\\/\",\"name\":\"COPE Alcoy\",\"description\":\"Emisora COPE de radio local con emisi\u00f3n online. Pont de Sant Jordi 8-10 03803 Alcoy\",\"potentialAction\":[{\"@type\":\"SearchAction\",\"target\":{\"@type\":\"EntryPoint\",\"urlTemplate\":\"https:\\\/\\\/www.copealcoy.es\\\/es\\\/?s={search_term_string}\"},\"query-input\":{\"@type\":\"PropertyValueSpecification\",\"valueRequired\":true,\"valueName\":\"search_term_string\"}}],\"inLanguage\":\"es\"},{\"@type\":\"Person\",\"@id\":\"https:\\\/\\\/www.copealcoy.es\\\/es\\\/#\\\/schema\\\/person\\\/e777c87fa024e57d40170af9df39882c\",\"name\":\"Cope Alcoy\",\"image\":{\"@type\":\"ImageObject\",\"inLanguage\":\"es\",\"@id\":\"https:\\\/\\\/secure.gravatar.com\\\/avatar\\\/bb65d0283347e303893ba14f0692005417c1e0e690a325a4c5d8bb2b3943ee14?s=96&d=mm&r=g\",\"url\":\"https:\\\/\\\/secure.gravatar.com\\\/avatar\\\/bb65d0283347e303893ba14f0692005417c1e0e690a325a4c5d8bb2b3943ee14?s=96&d=mm&r=g\",\"contentUrl\":\"https:\\\/\\\/secure.gravatar.com\\\/avatar\\\/bb65d0283347e303893ba14f0692005417c1e0e690a325a4c5d8bb2b3943ee14?s=96&d=mm&r=g\",\"caption\":\"Cope Alcoy\"}}]}<\/script>\n<!-- \/ Yoast SEO plugin. -->","yoast_head_json":{"title":"El comercio de Alcoy resiste: \"aunque la situaci\u00f3n es complicada, no nos podemos quejar\" - COPE Alcoy","description":"El comercio de Alcoy resiste: \"la situaci\u00f3n es complicada, pero no nos podemos quejar\"","robots":{"index":"index","follow":"follow","max-snippet":"max-snippet:-1","max-image-preview":"max-image-preview:large","max-video-preview":"max-video-preview:-1"},"canonical":"https:\/\/www.copealcoy.es\/es\/el-comercio-de-alcoy-resiste-aunque-la-situacion-es-complicada-no-nos-podemos-quejar\/","og_locale":"es_ES","og_type":"article","og_title":"El comercio de Alcoy resiste: \"aunque la situaci\u00f3n es complicada, no nos podemos quejar\" - COPE Alcoy","og_description":"El comercio de Alcoy resiste: \"la situaci\u00f3n es complicada, pero no nos podemos quejar\"","og_url":"https:\/\/www.copealcoy.es\/es\/el-comercio-de-alcoy-resiste-aunque-la-situacion-es-complicada-no-nos-podemos-quejar\/","og_site_name":"COPE Alcoy","article_published_time":"2025-10-20T10:13:08+00:00","article_modified_time":"2025-10-20T10:17:57+00:00","og_image":[{"width":2550,"height":1207,"url":"https:\/\/www.copealcoy.es\/wp-content\/uploads\/2025\/10\/unnamed-1-15-scaled-e1760955404767.jpg","type":"image\/jpeg"}],"author":"Cope Alcoy","twitter_misc":{"Escrito por":"Cope Alcoy","Tiempo de lectura":"3 minutos"},"schema":{"@context":"https:\/\/schema.org","@graph":[{"@type":"Article","@id":"https:\/\/www.copealcoy.es\/es\/el-comercio-de-alcoy-resiste-aunque-la-situacion-es-complicada-no-nos-podemos-quejar\/#article","isPartOf":{"@id":"https:\/\/www.copealcoy.es\/es\/el-comercio-de-alcoy-resiste-aunque-la-situacion-es-complicada-no-nos-podemos-quejar\/"},"author":{"name":"Cope Alcoy","@id":"https:\/\/www.copealcoy.es\/es\/#\/schema\/person\/e777c87fa024e57d40170af9df39882c"},"headline":"El comercio de Alcoy resiste: &#8220;aunque la situaci\u00f3n es complicada, no nos podemos quejar&#8221;","datePublished":"2025-10-20T10:13:08+00:00","dateModified":"2025-10-20T10:17:57+00:00","mainEntityOfPage":{"@id":"https:\/\/www.copealcoy.es\/es\/el-comercio-de-alcoy-resiste-aunque-la-situacion-es-complicada-no-nos-podemos-quejar\/"},"wordCount":439,"image":{"@id":"https:\/\/www.copealcoy.es\/es\/el-comercio-de-alcoy-resiste-aunque-la-situacion-es-complicada-no-nos-podemos-quejar\/#primaryimage"},"thumbnailUrl":"https:\/\/www.copealcoy.es\/wp-content\/uploads\/2025\/10\/unnamed-1-15-scaled-e1760955404767.jpg","keywords":["Alcoy","Campa\u00f1a","Ruleta del Comercio","sector comercial","situaci\u00f3n"],"articleSection":["Actualidad","Alcoy","Noticias","Portada"],"inLanguage":"es"},{"@type":"WebPage","@id":"https:\/\/www.copealcoy.es\/es\/el-comercio-de-alcoy-resiste-aunque-la-situacion-es-complicada-no-nos-podemos-quejar\/","url":"https:\/\/www.copealcoy.es\/es\/el-comercio-de-alcoy-resiste-aunque-la-situacion-es-complicada-no-nos-podemos-quejar\/","name":"El comercio de Alcoy resiste: \"aunque la situaci\u00f3n es complicada, no nos podemos quejar\" - COPE Alcoy","isPartOf":{"@id":"https:\/\/www.copealcoy.es\/es\/#website"},"primaryImageOfPage":{"@id":"https:\/\/www.copealcoy.es\/es\/el-comercio-de-alcoy-resiste-aunque-la-situacion-es-complicada-no-nos-podemos-quejar\/#primaryimage"},"image":{"@id":"https:\/\/www.copealcoy.es\/es\/el-comercio-de-alcoy-resiste-aunque-la-situacion-es-complicada-no-nos-podemos-quejar\/#primaryimage"},"thumbnailUrl":"https:\/\/www.copealcoy.es\/wp-content\/uploads\/2025\/10\/unnamed-1-15-scaled-e1760955404767.jpg","datePublished":"2025-10-20T10:13:08+00:00","dateModified":"2025-10-20T10:17:57+00:00","author":{"@id":"https:\/\/www.copealcoy.es\/es\/#\/schema\/person\/e777c87fa024e57d40170af9df39882c"},"description":"El comercio de Alcoy resiste: \"la situaci\u00f3n es complicada, pero no nos podemos quejar\"","breadcrumb":{"@id":"https:\/\/www.copealcoy.es\/es\/el-comercio-de-alcoy-resiste-aunque-la-situacion-es-complicada-no-nos-podemos-quejar\/#breadcrumb"},"inLanguage":"es","potentialAction":[{"@type":"ReadAction","target":["https:\/\/www.copealcoy.es\/es\/el-comercio-de-alcoy-resiste-aunque-la-situacion-es-complicada-no-nos-podemos-quejar\/"]}]},{"@type":"ImageObject","inLanguage":"es","@id":"https:\/\/www.copealcoy.es\/es\/el-comercio-de-alcoy-resiste-aunque-la-situacion-es-complicada-no-nos-podemos-quejar\/#primaryimage","url":"https:\/\/www.copealcoy.es\/wp-content\/uploads\/2025\/10\/unnamed-1-15-scaled-e1760955404767.jpg","contentUrl":"https:\/\/www.copealcoy.es\/wp-content\/uploads\/2025\/10\/unnamed-1-15-scaled-e1760955404767.jpg","width":2550,"height":1207},{"@type":"BreadcrumbList","@id":"https:\/\/www.copealcoy.es\/es\/el-comercio-de-alcoy-resiste-aunque-la-situacion-es-complicada-no-nos-podemos-quejar\/#breadcrumb","itemListElement":[{"@type":"ListItem","position":1,"name":"Portada","item":"https:\/\/www.copealcoy.es\/es\/"},{"@type":"ListItem","position":2,"name":"El comercio de Alcoy resiste: &#8220;aunque la situaci\u00f3n es complicada, no nos podemos quejar&#8221;"}]},{"@type":"WebSite","@id":"https:\/\/www.copealcoy.es\/es\/#website","url":"https:\/\/www.copealcoy.es\/es\/","name":"COPE Alcoy","description":"Emisora COPE de radio local con emisi\u00f3n online. Pont de Sant Jordi 8-10 03803 Alcoy","potentialAction":[{"@type":"SearchAction","target":{"@type":"EntryPoint","urlTemplate":"https:\/\/www.copealcoy.es\/es\/?s={search_term_string}"},"query-input":{"@type":"PropertyValueSpecification","valueRequired":true,"valueName":"search_term_string"}}],"inLanguage":"es"},{"@type":"Person","@id":"https:\/\/www.copealcoy.es\/es\/#\/schema\/person\/e777c87fa024e57d40170af9df39882c","name":"Cope Alcoy","image":{"@type":"ImageObject","inLanguage":"es","@id":"https:\/\/secure.gravatar.com\/avatar\/bb65d0283347e303893ba14f0692005417c1e0e690a325a4c5d8bb2b3943ee14?s=96&d=mm&r=g","url":"https:\/\/secure.gravatar.com\/avatar\/bb65d0283347e303893ba14f0692005417c1e0e690a325a4c5d8bb2b3943ee14?s=96&d=mm&r=g","contentUrl":"https:\/\/secure.gravatar.com\/avatar\/bb65d0283347e303893ba14f0692005417c1e0e690a325a4c5d8bb2b3943ee14?s=96&d=mm&r=g","caption":"Cope Alcoy"}}]}},"_links":{"self":[{"href":"https:\/\/www.copealcoy.es\/es\/wp-json\/wp\/v2\/posts\/158687","targetHints":{"allow":["GET"]}}],"collection":[{"href":"https:\/\/www.copealcoy.es\/es\/wp-json\/wp\/v2\/posts"}],"about":[{"href":"https:\/\/www.copealcoy.es\/es\/wp-json\/wp\/v2\/types\/post"}],"author":[{"embeddable":true,"href":"https:\/\/www.copealcoy.es\/es\/wp-json\/wp\/v2\/users\/1"}],"replies":[{"embeddable":true,"href":"https:\/\/www.copealcoy.es\/es\/wp-json\/wp\/v2\/comments?post=158687"}],"version-history":[{"count":3,"href":"https:\/\/www.copealcoy.es\/es\/wp-json\/wp\/v2\/posts\/158687\/revisions"}],"predecessor-version":[{"id":158694,"href":"https:\/\/www.copealcoy.es\/es\/wp-json\/wp\/v2\/posts\/158687\/revisions\/158694"}],"wp:featuredmedia":[{"embeddable":true,"href":"https:\/\/www.copealcoy.es\/es\/wp-json\/wp\/v2\/media\/158688"}],"wp:attachment":[{"href":"https:\/\/www.copealcoy.es\/es\/wp-json\/wp\/v2\/media?parent=158687"}],"wp:term":[{"taxonomy":"category","embeddable":true,"href":"https:\/\/www.copealcoy.es\/es\/wp-json\/wp\/v2\/categories?post=158687"},{"taxonomy":"post_tag","embeddable":true,"href":"https:\/\/www.copealcoy.es\/es\/wp-json\/wp\/v2\/tags?post=158687"}],"curies":[{"name":"wp","href":"https:\/\/api.w.org\/{rel}","templated":true}]}}