{"id":158681,"date":"2025-10-20T07:30:31","date_gmt":"2025-10-20T06:30:31","guid":{"rendered":"https:\/\/www.copealcoy.es\/?p=158681"},"modified":"2025-10-20T10:28:28","modified_gmt":"2025-10-20T09:28:28","slug":"informativo-matinal-lunes-20-de-octubre-2025-0750h","status":"publish","type":"post","link":"https:\/\/www.copealcoy.es\/es\/informativo-matinal-lunes-20-de-octubre-2025-0750h\/","title":{"rendered":"Informativo matinal lunes 20 de octubre 2025 (07:50h)"},"content":{"rendered":"<p><iframe loading=\"lazy\" title=\"Informativo Matinal Lunes 20 De Octubre 2025 (07:50h)\" width=\"100%\" height=\"120\" src=\"https:\/\/www.mixcloud.com\/widget\/iframe\/?feed=https%3A%2F%2Fwww.mixcloud.com%2FCOPEAlcoy%2Finformativo-matinal-lunes-20-de-octubre-2025-0750h%2F&amp;hide_cover=1\" frameborder=\"0\" allow=\"encrypted-media; fullscreen; autoplay; idle-detection; speaker-selection; web-share;\"><\/iframe><\/p>\n<p style=\"text-align: justify;\">Hoy lunes os hemos contado que <strong>el pasado s\u00e1bado tuvo lugar la Presentaci\u00f3n de los Cargos Festeros de Alcoy<\/strong>, cita que tuvo lugar en el Teatre Calder\u00f3n. Tambi\u00e9n <strong>hemos hecho balance de la Fira Gastron\u00f2mica de Muro<\/strong> que se ha celebrado este fin de semana, con destacada asistencia de visitantes, en esta localidad del Comtat.<\/p>\n<p style=\"text-align: justify;\" data-start=\"199\" data-end=\"596\">La\u00a0<strong data-start=\"202\" data-end=\"263\">Feria Comercial del Sector Agroalimentario y Gastron\u00f3mico<\/strong>\u00a0de\u00a0<span style=\"color: #0000ff;\"><a style=\"color: #0000ff;\" href=\"https:\/\/www.vilademuro.net\/\" target=\"_blank\" rel=\"noopener\"><strong>Muro<\/strong><\/a><\/span>\u00a0cerr\u00f3 ayer las puertas tras llenar la\u00a0<strong data-start=\"283\" data-end=\"303\">Plaza del Matzem<\/strong>\u00a0de p\u00fablico, buen ambiente y actividades l\u00fadicas durante el\u00a0<strong data-start=\"376\" data-end=\"400\">pasado fin de semana<\/strong>, marcando tambi\u00e9n el ecuador del mes de octubre en la comarca. La cita, que cont\u00f3 con un amplio respaldo por parte del p\u00fablico, volvi\u00f3 a combinar gastronom\u00eda y producto local de proximidad con una variada oferta de ocio para toda la familia.<\/p>\n<p style=\"text-align: justify;\" data-start=\"598\" data-end=\"1112\"><span data-start=\"601\" data-end=\"628\">El\u00a0<strong>flujo<\/strong><\/span><strong data-start=\"601\" data-end=\"628\">\u00a0de visitantes<\/strong>\u00a0fue especialmente notable el viernes por la tarde y el domingo, cuando el buen tiempo anim\u00f3 a vecinos y turistas a recorrer los puestos y participar en las actividades programadas. Durante todo el fin de semana, el p\u00fablico disfrut\u00f3 de\u00a0<strong data-start=\"864\" data-end=\"998\">degustaciones, talleres, actividades infantiles, m\u00fasica en directo, visitas guiadas por el casco antiguo, un sarau a la valenciana<\/strong>\u00a0y una\u00a0<strong data-start=\"1005\" data-end=\"1052\">muestra de toques tradicionales de campanas<\/strong>, en el marco de la edici\u00f3n n\u00famero veintiocho\u00a0 del \u2018Encontre de Campaners Valencians\u2019 que acogi\u00f3 tambi\u00e9n la poblaci\u00f3n.<\/p>\n<p style=\"text-align: justify;\" data-start=\"598\" data-end=\"1112\">Desde el Ayuntamiento destacaron la\u00a0<strong data-start=\"1150\" data-end=\"1231\">gran respuesta del p\u00fablico y la implicaci\u00f3n de empresas y productores locales<\/strong>, que reforzaron la imagen de Muro como referente gastron\u00f3mico y cultural en la comarca. La concejala de Turismo,\u00a0<strong data-start=\"1345\" data-end=\"1361\">Carol Iv\u00e0\u00f1ez<\/strong>, afirm\u00f3 que\u00a0<em>\u201cla participaci\u00f3n ha superado las expectativas y demuestra que la Feria sigue creciendo y despertando mucho inter\u00e9s. Seguiremos trabajando para consolidar este evento como una cita clave cada oto\u00f1o en Muro<\/em>\u201d. Por su parte, el alcalde,\u00a0<strong data-start=\"1611\" data-end=\"1628\">Vicent Molina<\/strong>, subray\u00f3 que \u201c<em>esta Feria Gastron\u00f3mica refleja la vitalidad de nuestro pueblo y el valor del producto de proximidad, que genera econom\u00eda y cohesi\u00f3n. Agradecemos a todos los que han hecho posible el evento y a quienes lo han disfrutado<\/em>\u201d, dijo.<\/p>\n<p style=\"text-align: justify;\" data-start=\"1868\" data-end=\"2206\">Tras la buena acogida de la nueva fecha a mediados de octubre, el consistorio ha anunciado que ahora proceder\u00e1 a\u00a0<strong data-start=\"1970\" data-end=\"1996\">evaluar los resultados<\/strong>\u00a0para decidir si se mantiene esta programaci\u00f3n o si se incorporan novedades en la pr\u00f3xima edici\u00f3n. Todo ello con el objetivo de seguir mejorando una Feria que ya se ha convertido en un\u00a0<strong data-start=\"2171\" data-end=\"2203\">s\u00edmbolo de identidad de Muro<\/strong>.<\/p>\n","protected":false},"excerpt":{"rendered":"<p>Hoy lunes os hemos contado que el pasado s\u00e1bado tuvo lugar la Presentaci\u00f3n de los Cargos Festeros de Alcoy, cita&#8230;<\/p>\n","protected":false},"author":1,"featured_media":147669,"comment_status":"closed","ping_status":"closed","sticky":false,"template":"","format":"standard","meta":{"footnotes":""},"categories":[6909,89,91,75],"tags":[],"class_list":["post-158681","post","type-post","status-publish","format-standard","has-post-thumbnail","hentry","category-actualidad","category-audiosdelosprogramas","category-informativos","category-noticias"],"yoast_head":"<!-- This site is optimized with the Yoast SEO plugin v27.3 - https:\/\/yoast.com\/product\/yoast-seo-wordpress\/ -->\n<title>Informativo matinal lunes 20 de octubre 2025 (07:50h) - COPE Alcoy<\/title>\n<meta name=\"robots\" content=\"index, follow, max-snippet:-1, max-image-preview:large, max-video-preview:-1\" \/>\n<link rel=\"canonical\" href=\"https:\/\/www.copealcoy.es\/es\/informativo-matinal-lunes-20-de-octubre-2025-0750h\/\" \/>\n<meta property=\"og:locale\" content=\"es_ES\" \/>\n<meta property=\"og:type\" content=\"article\" \/>\n<meta property=\"og:title\" content=\"Informativo matinal lunes 20 de octubre 2025 (07:50h) - COPE Alcoy\" \/>\n<meta property=\"og:description\" content=\"Hoy lunes os hemos contado que el pasado s\u00e1bado tuvo lugar la Presentaci\u00f3n de los Cargos Festeros de Alcoy, cita...\" \/>\n<meta property=\"og:url\" content=\"https:\/\/www.copealcoy.es\/es\/informativo-matinal-lunes-20-de-octubre-2025-0750h\/\" \/>\n<meta property=\"og:site_name\" content=\"COPE Alcoy\" \/>\n<meta property=\"article:published_time\" content=\"2025-10-20T06:30:31+00:00\" \/>\n<meta property=\"article:modified_time\" content=\"2025-10-20T09:28:28+00:00\" \/>\n<meta property=\"og:image\" content=\"https:\/\/www.copealcoy.es\/wp-content\/uploads\/2025\/02\/Informativo-Matinal-Castellano.png\" \/>\n\t<meta property=\"og:image:width\" content=\"357\" \/>\n\t<meta property=\"og:image:height\" content=\"290\" \/>\n\t<meta property=\"og:image:type\" content=\"image\/png\" \/>\n<meta name=\"author\" content=\"Cope Alcoy\" \/>\n<meta name=\"twitter:label1\" content=\"Escrito por\" \/>\n\t<meta name=\"twitter:data1\" content=\"Cope Alcoy\" \/>\n\t<meta name=\"twitter:label2\" content=\"Tiempo de lectura\" \/>\n\t<meta name=\"twitter:data2\" content=\"3 minutos\" \/>\n<script type=\"application\/ld+json\" class=\"yoast-schema-graph\">{\"@context\":\"https:\\\/\\\/schema.org\",\"@graph\":[{\"@type\":\"Article\",\"@id\":\"https:\\\/\\\/www.copealcoy.es\\\/es\\\/informativo-matinal-lunes-20-de-octubre-2025-0750h\\\/#article\",\"isPartOf\":{\"@id\":\"https:\\\/\\\/www.copealcoy.es\\\/es\\\/informativo-matinal-lunes-20-de-octubre-2025-0750h\\\/\"},\"author\":{\"name\":\"Cope Alcoy\",\"@id\":\"https:\\\/\\\/www.copealcoy.es\\\/es\\\/#\\\/schema\\\/person\\\/e777c87fa024e57d40170af9df39882c\"},\"headline\":\"Informativo matinal lunes 20 de octubre 2025 (07:50h)\",\"datePublished\":\"2025-10-20T06:30:31+00:00\",\"dateModified\":\"2025-10-20T09:28:28+00:00\",\"mainEntityOfPage\":{\"@id\":\"https:\\\/\\\/www.copealcoy.es\\\/es\\\/informativo-matinal-lunes-20-de-octubre-2025-0750h\\\/\"},\"wordCount\":442,\"image\":{\"@id\":\"https:\\\/\\\/www.copealcoy.es\\\/es\\\/informativo-matinal-lunes-20-de-octubre-2025-0750h\\\/#primaryimage\"},\"thumbnailUrl\":\"https:\\\/\\\/www.copealcoy.es\\\/wp-content\\\/uploads\\\/2025\\\/02\\\/Informativo-Matinal-Castellano.png\",\"articleSection\":[\"Actualidad\",\"Audios de los programas\",\"Informativos\",\"Noticias\"],\"inLanguage\":\"es\"},{\"@type\":\"WebPage\",\"@id\":\"https:\\\/\\\/www.copealcoy.es\\\/es\\\/informativo-matinal-lunes-20-de-octubre-2025-0750h\\\/\",\"url\":\"https:\\\/\\\/www.copealcoy.es\\\/es\\\/informativo-matinal-lunes-20-de-octubre-2025-0750h\\\/\",\"name\":\"Informativo matinal lunes 20 de octubre 2025 (07:50h) - COPE Alcoy\",\"isPartOf\":{\"@id\":\"https:\\\/\\\/www.copealcoy.es\\\/es\\\/#website\"},\"primaryImageOfPage\":{\"@id\":\"https:\\\/\\\/www.copealcoy.es\\\/es\\\/informativo-matinal-lunes-20-de-octubre-2025-0750h\\\/#primaryimage\"},\"image\":{\"@id\":\"https:\\\/\\\/www.copealcoy.es\\\/es\\\/informativo-matinal-lunes-20-de-octubre-2025-0750h\\\/#primaryimage\"},\"thumbnailUrl\":\"https:\\\/\\\/www.copealcoy.es\\\/wp-content\\\/uploads\\\/2025\\\/02\\\/Informativo-Matinal-Castellano.png\",\"datePublished\":\"2025-10-20T06:30:31+00:00\",\"dateModified\":\"2025-10-20T09:28:28+00:00\",\"author\":{\"@id\":\"https:\\\/\\\/www.copealcoy.es\\\/es\\\/#\\\/schema\\\/person\\\/e777c87fa024e57d40170af9df39882c\"},\"breadcrumb\":{\"@id\":\"https:\\\/\\\/www.copealcoy.es\\\/es\\\/informativo-matinal-lunes-20-de-octubre-2025-0750h\\\/#breadcrumb\"},\"inLanguage\":\"es\",\"potentialAction\":[{\"@type\":\"ReadAction\",\"target\":[\"https:\\\/\\\/www.copealcoy.es\\\/es\\\/informativo-matinal-lunes-20-de-octubre-2025-0750h\\\/\"]}]},{\"@type\":\"ImageObject\",\"inLanguage\":\"es\",\"@id\":\"https:\\\/\\\/www.copealcoy.es\\\/es\\\/informativo-matinal-lunes-20-de-octubre-2025-0750h\\\/#primaryimage\",\"url\":\"https:\\\/\\\/www.copealcoy.es\\\/wp-content\\\/uploads\\\/2025\\\/02\\\/Informativo-Matinal-Castellano.png\",\"contentUrl\":\"https:\\\/\\\/www.copealcoy.es\\\/wp-content\\\/uploads\\\/2025\\\/02\\\/Informativo-Matinal-Castellano.png\",\"width\":357,\"height\":290},{\"@type\":\"BreadcrumbList\",\"@id\":\"https:\\\/\\\/www.copealcoy.es\\\/es\\\/informativo-matinal-lunes-20-de-octubre-2025-0750h\\\/#breadcrumb\",\"itemListElement\":[{\"@type\":\"ListItem\",\"position\":1,\"name\":\"Portada\",\"item\":\"https:\\\/\\\/www.copealcoy.es\\\/es\\\/\"},{\"@type\":\"ListItem\",\"position\":2,\"name\":\"Informativo matinal lunes 20 de octubre 2025 (07:50h)\"}]},{\"@type\":\"WebSite\",\"@id\":\"https:\\\/\\\/www.copealcoy.es\\\/es\\\/#website\",\"url\":\"https:\\\/\\\/www.copealcoy.es\\\/es\\\/\",\"name\":\"COPE Alcoy\",\"description\":\"Emisora COPE de radio local con emisi\u00f3n online. Pont de Sant Jordi 8-10 03803 Alcoy\",\"potentialAction\":[{\"@type\":\"SearchAction\",\"target\":{\"@type\":\"EntryPoint\",\"urlTemplate\":\"https:\\\/\\\/www.copealcoy.es\\\/es\\\/?s={search_term_string}\"},\"query-input\":{\"@type\":\"PropertyValueSpecification\",\"valueRequired\":true,\"valueName\":\"search_term_string\"}}],\"inLanguage\":\"es\"},{\"@type\":\"Person\",\"@id\":\"https:\\\/\\\/www.copealcoy.es\\\/es\\\/#\\\/schema\\\/person\\\/e777c87fa024e57d40170af9df39882c\",\"name\":\"Cope Alcoy\",\"image\":{\"@type\":\"ImageObject\",\"inLanguage\":\"es\",\"@id\":\"https:\\\/\\\/secure.gravatar.com\\\/avatar\\\/bb65d0283347e303893ba14f0692005417c1e0e690a325a4c5d8bb2b3943ee14?s=96&d=mm&r=g\",\"url\":\"https:\\\/\\\/secure.gravatar.com\\\/avatar\\\/bb65d0283347e303893ba14f0692005417c1e0e690a325a4c5d8bb2b3943ee14?s=96&d=mm&r=g\",\"contentUrl\":\"https:\\\/\\\/secure.gravatar.com\\\/avatar\\\/bb65d0283347e303893ba14f0692005417c1e0e690a325a4c5d8bb2b3943ee14?s=96&d=mm&r=g\",\"caption\":\"Cope Alcoy\"}}]}<\/script>\n<!-- \/ Yoast SEO plugin. -->","yoast_head_json":{"title":"Informativo matinal lunes 20 de octubre 2025 (07:50h) - COPE Alcoy","robots":{"index":"index","follow":"follow","max-snippet":"max-snippet:-1","max-image-preview":"max-image-preview:large","max-video-preview":"max-video-preview:-1"},"canonical":"https:\/\/www.copealcoy.es\/es\/informativo-matinal-lunes-20-de-octubre-2025-0750h\/","og_locale":"es_ES","og_type":"article","og_title":"Informativo matinal lunes 20 de octubre 2025 (07:50h) - COPE Alcoy","og_description":"Hoy lunes os hemos contado que el pasado s\u00e1bado tuvo lugar la Presentaci\u00f3n de los Cargos Festeros de Alcoy, cita...","og_url":"https:\/\/www.copealcoy.es\/es\/informativo-matinal-lunes-20-de-octubre-2025-0750h\/","og_site_name":"COPE Alcoy","article_published_time":"2025-10-20T06:30:31+00:00","article_modified_time":"2025-10-20T09:28:28+00:00","og_image":[{"width":357,"height":290,"url":"https:\/\/www.copealcoy.es\/wp-content\/uploads\/2025\/02\/Informativo-Matinal-Castellano.png","type":"image\/png"}],"author":"Cope Alcoy","twitter_misc":{"Escrito por":"Cope Alcoy","Tiempo de lectura":"3 minutos"},"schema":{"@context":"https:\/\/schema.org","@graph":[{"@type":"Article","@id":"https:\/\/www.copealcoy.es\/es\/informativo-matinal-lunes-20-de-octubre-2025-0750h\/#article","isPartOf":{"@id":"https:\/\/www.copealcoy.es\/es\/informativo-matinal-lunes-20-de-octubre-2025-0750h\/"},"author":{"name":"Cope Alcoy","@id":"https:\/\/www.copealcoy.es\/es\/#\/schema\/person\/e777c87fa024e57d40170af9df39882c"},"headline":"Informativo matinal lunes 20 de octubre 2025 (07:50h)","datePublished":"2025-10-20T06:30:31+00:00","dateModified":"2025-10-20T09:28:28+00:00","mainEntityOfPage":{"@id":"https:\/\/www.copealcoy.es\/es\/informativo-matinal-lunes-20-de-octubre-2025-0750h\/"},"wordCount":442,"image":{"@id":"https:\/\/www.copealcoy.es\/es\/informativo-matinal-lunes-20-de-octubre-2025-0750h\/#primaryimage"},"thumbnailUrl":"https:\/\/www.copealcoy.es\/wp-content\/uploads\/2025\/02\/Informativo-Matinal-Castellano.png","articleSection":["Actualidad","Audios de los programas","Informativos","Noticias"],"inLanguage":"es"},{"@type":"WebPage","@id":"https:\/\/www.copealcoy.es\/es\/informativo-matinal-lunes-20-de-octubre-2025-0750h\/","url":"https:\/\/www.copealcoy.es\/es\/informativo-matinal-lunes-20-de-octubre-2025-0750h\/","name":"Informativo matinal lunes 20 de octubre 2025 (07:50h) - COPE Alcoy","isPartOf":{"@id":"https:\/\/www.copealcoy.es\/es\/#website"},"primaryImageOfPage":{"@id":"https:\/\/www.copealcoy.es\/es\/informativo-matinal-lunes-20-de-octubre-2025-0750h\/#primaryimage"},"image":{"@id":"https:\/\/www.copealcoy.es\/es\/informativo-matinal-lunes-20-de-octubre-2025-0750h\/#primaryimage"},"thumbnailUrl":"https:\/\/www.copealcoy.es\/wp-content\/uploads\/2025\/02\/Informativo-Matinal-Castellano.png","datePublished":"2025-10-20T06:30:31+00:00","dateModified":"2025-10-20T09:28:28+00:00","author":{"@id":"https:\/\/www.copealcoy.es\/es\/#\/schema\/person\/e777c87fa024e57d40170af9df39882c"},"breadcrumb":{"@id":"https:\/\/www.copealcoy.es\/es\/informativo-matinal-lunes-20-de-octubre-2025-0750h\/#breadcrumb"},"inLanguage":"es","potentialAction":[{"@type":"ReadAction","target":["https:\/\/www.copealcoy.es\/es\/informativo-matinal-lunes-20-de-octubre-2025-0750h\/"]}]},{"@type":"ImageObject","inLanguage":"es","@id":"https:\/\/www.copealcoy.es\/es\/informativo-matinal-lunes-20-de-octubre-2025-0750h\/#primaryimage","url":"https:\/\/www.copealcoy.es\/wp-content\/uploads\/2025\/02\/Informativo-Matinal-Castellano.png","contentUrl":"https:\/\/www.copealcoy.es\/wp-content\/uploads\/2025\/02\/Informativo-Matinal-Castellano.png","width":357,"height":290},{"@type":"BreadcrumbList","@id":"https:\/\/www.copealcoy.es\/es\/informativo-matinal-lunes-20-de-octubre-2025-0750h\/#breadcrumb","itemListElement":[{"@type":"ListItem","position":1,"name":"Portada","item":"https:\/\/www.copealcoy.es\/es\/"},{"@type":"ListItem","position":2,"name":"Informativo matinal lunes 20 de octubre 2025 (07:50h)"}]},{"@type":"WebSite","@id":"https:\/\/www.copealcoy.es\/es\/#website","url":"https:\/\/www.copealcoy.es\/es\/","name":"COPE Alcoy","description":"Emisora COPE de radio local con emisi\u00f3n online. Pont de Sant Jordi 8-10 03803 Alcoy","potentialAction":[{"@type":"SearchAction","target":{"@type":"EntryPoint","urlTemplate":"https:\/\/www.copealcoy.es\/es\/?s={search_term_string}"},"query-input":{"@type":"PropertyValueSpecification","valueRequired":true,"valueName":"search_term_string"}}],"inLanguage":"es"},{"@type":"Person","@id":"https:\/\/www.copealcoy.es\/es\/#\/schema\/person\/e777c87fa024e57d40170af9df39882c","name":"Cope Alcoy","image":{"@type":"ImageObject","inLanguage":"es","@id":"https:\/\/secure.gravatar.com\/avatar\/bb65d0283347e303893ba14f0692005417c1e0e690a325a4c5d8bb2b3943ee14?s=96&d=mm&r=g","url":"https:\/\/secure.gravatar.com\/avatar\/bb65d0283347e303893ba14f0692005417c1e0e690a325a4c5d8bb2b3943ee14?s=96&d=mm&r=g","contentUrl":"https:\/\/secure.gravatar.com\/avatar\/bb65d0283347e303893ba14f0692005417c1e0e690a325a4c5d8bb2b3943ee14?s=96&d=mm&r=g","caption":"Cope Alcoy"}}]}},"_links":{"self":[{"href":"https:\/\/www.copealcoy.es\/es\/wp-json\/wp\/v2\/posts\/158681","targetHints":{"allow":["GET"]}}],"collection":[{"href":"https:\/\/www.copealcoy.es\/es\/wp-json\/wp\/v2\/posts"}],"about":[{"href":"https:\/\/www.copealcoy.es\/es\/wp-json\/wp\/v2\/types\/post"}],"author":[{"embeddable":true,"href":"https:\/\/www.copealcoy.es\/es\/wp-json\/wp\/v2\/users\/1"}],"replies":[{"embeddable":true,"href":"https:\/\/www.copealcoy.es\/es\/wp-json\/wp\/v2\/comments?post=158681"}],"version-history":[{"count":2,"href":"https:\/\/www.copealcoy.es\/es\/wp-json\/wp\/v2\/posts\/158681\/revisions"}],"predecessor-version":[{"id":158685,"href":"https:\/\/www.copealcoy.es\/es\/wp-json\/wp\/v2\/posts\/158681\/revisions\/158685"}],"wp:featuredmedia":[{"embeddable":true,"href":"https:\/\/www.copealcoy.es\/es\/wp-json\/wp\/v2\/media\/147669"}],"wp:attachment":[{"href":"https:\/\/www.copealcoy.es\/es\/wp-json\/wp\/v2\/media?parent=158681"}],"wp:term":[{"taxonomy":"category","embeddable":true,"href":"https:\/\/www.copealcoy.es\/es\/wp-json\/wp\/v2\/categories?post=158681"},{"taxonomy":"post_tag","embeddable":true,"href":"https:\/\/www.copealcoy.es\/es\/wp-json\/wp\/v2\/tags?post=158681"}],"curies":[{"name":"wp","href":"https:\/\/api.w.org\/{rel}","templated":true}]}}