{"id":158630,"date":"2025-10-19T14:32:48","date_gmt":"2025-10-19T13:32:48","guid":{"rendered":"https:\/\/www.copealcoy.es\/?p=158630"},"modified":"2026-04-08T15:57:43","modified_gmt":"2026-04-08T14:57:43","slug":"los-cargos-de-la-festa-de-alcoy-de-2026-entre-multitudes","status":"publish","type":"post","link":"https:\/\/www.copealcoy.es\/es\/los-cargos-de-la-festa-de-alcoy-de-2026-entre-multitudes\/","title":{"rendered":"Los Cargos de la Festa de Alcoy de 2026, entre multitudes"},"content":{"rendered":"<p style=\"text-align: justify;\" data-start=\"297\" data-end=\"621\"><strong data-start=\"297\" data-end=\"306\">Alcoy<\/strong> vivi\u00f3 ayer s\u00e1bado por la tarde uno de los momentos m\u00e1s esperados del calendario festero y de la programaci\u00f3n del Mig Any Fester. El <strong data-start=\"403\" data-end=\"422\">Teatre Calder\u00f3n<\/strong> acogi\u00f3 la <strong data-start=\"433\" data-end=\"480\">Presentaci\u00f3n de los Cargos Festeros de 2026<\/strong>, un acto que marca el inicio de la <strong data-start=\"516\" data-end=\"565\">cuenta atr\u00e1s hacia la celebraci\u00f3n <\/strong>de las pr\u00f3ximas <strong data-start=\"587\" data-end=\"620\">Fiestas de Moros y Cristianos\u00a0<\/strong>en honor a San Jorge que coincidir\u00e1n adem\u00e1s con el 750 aniversario del patronazgo del m\u00e1rtir.<\/p>\n<p style=\"text-align: justify;\" data-start=\"297\" data-end=\"621\">La gala cont\u00f3 con el acompa\u00f1amiento de la <strong>Societat Musical Nova d&#8217;Alcoi<\/strong>, bajo la direcci\u00f3n de Jos\u00e9 Antonio Llinares, y estuvo conducida por el secretario de la Asociaci\u00f3n de San Jorge;<strong> Pau Acosta<\/strong>. Entre multitudes, y grandes aplausos, fueron presentados en sociedad\u00a0<strong data-start=\"1008\" data-end=\"1031\">Fernando Jord\u00e0 Abad <\/strong>\u00a0(Alf\u00e9rez Cristiano de la Fil\u00e0 Asturianos), <strong data-start=\"1256\" data-end=\"1277\">Miguel Esp\u00ed Mayor (<\/strong>Alf\u00e9rez Moro de la Fil\u00e0 Realistes),\u00a0 <strong data-start=\"1447\" data-end=\"1465\">Javi Ferr\u00e1ndiz <\/strong>(Capit\u00e1n Cristiano de los Andaluces) y\u00a0<strong data-start=\"1652\" data-end=\"1672\">Nacho L\u00f3pez Rom\u00e0 <\/strong>\u00a0(Capit\u00e1n Moro de la Fil\u00e0 Marrakesch). Uno de los momentos m\u00e1s entra\u00f1ables fue el relevo del <strong data-start=\"1898\" data-end=\"1914\">Sant Jordiet<\/strong>, instante que se volvi\u00f3 a materializar en esta Presentaci\u00f3n de Cargos debido a que el peque\u00f1o reside fuera de Alcoy.\u00a0<strong data-start=\"1916\" data-end=\"1941\">Mart\u00edn Bellver Sevila<\/strong>, que ostent\u00f3 el cargo en 2025, entreg\u00f3 la bandera del patr\u00f3n a su sucesor, <strong data-start=\"2019\" data-end=\"2044\">Mateo Vilaplana Blaak<\/strong>, quien encarnar\u00e1 al patr\u00f3n representando tambi\u00e9n a la que es su Fil\u00e0; la Llana.<\/p>\n<p style=\"text-align: justify;\" data-start=\"2122\" data-end=\"2722\">El presidente de la <a href=\"https:\/\/www.asjordi.org\/\" target=\"_blank\" rel=\"noopener\"><span style=\"color: #0000ff;\"><strong data-start=\"2142\" data-end=\"2170\">instituci\u00f3n festera<\/strong><\/span><\/a>, <strong data-start=\"2172\" data-end=\"2187\">Paco Garc\u00eda<\/strong>, tom\u00f3 la palabra en la recta final del acto y felicit\u00f3 a los nuevos cargos remarcando tambi\u00e9n algunos nombres propios de la pr\u00f3xima trilog\u00eda festera: <strong data-start=\"2272\" data-end=\"2301\">Jos\u00e9 Mar\u00eda Valls Satorres<\/strong> dirigir\u00e1 de nuevo el Himno de Fiestas, el proyecto cooperativo <strong data-start=\"2330\" data-end=\"2342\">La Taula<\/strong> realizar\u00e1 el cartel y <strong data-start=\"2365\" data-end=\"2381\">M\u00f2nica Jover<\/strong> firmar\u00e1 la portada de la revista. Garc\u00eda tambi\u00e9n record\u00f3 que en 2026 comenzar\u00e1 el A\u00f1o Jubilar concedido a Alcoy por la Santa Sede, para la <strong data-start=\"2464\" data-end=\"2529\">conmemoraci\u00f3n del 750 aniversario del patronazgo de San Jorge<\/strong>, y\u00a0reivindic\u00f3 que el <strong data-start=\"2629\" data-end=\"2665\">23 de abril sea festivo en Alcoy\u00a0<\/strong>en un a\u00f1o tan especial. El alcalde, Toni Franc\u00e9s, cerr\u00f3 las intervenciones destacando que nuestros Moros y Cristianos son una fiesta referente que vivir\u00e1 una edici\u00f3n especial en 2026 con motivo de la efem\u00e9ride que celebraremos en torno a nuestro patr\u00f3n.<\/p>\n<p style=\"text-align: justify;\" data-start=\"2940\" data-end=\"3132\">La <strong>interpretaci\u00f3n del Himno de Fiestas<\/strong>, cantado con fuerza por todos los asistentes, puso fin a esta Presentaci\u00f3n de Cargos. Seguidamente, la velada sigui\u00f3 con una cena en los salones del C\u00edrculo Industrial a la asisti\u00f3 el \u00e1mbito de la Festa pero tambi\u00e9n los representantes de la Asociaci\u00f3n de San Jorge e incluso del Ayuntamiento de Alcoy.<\/p>\n","protected":false},"excerpt":{"rendered":"<p>Alcoy vivi\u00f3 ayer s\u00e1bado por la tarde uno de los momentos m\u00e1s esperados del calendario festero y de la programaci\u00f3n&#8230;<\/p>\n","protected":false},"author":1,"featured_media":158631,"comment_status":"closed","ping_status":"closed","sticky":false,"template":"","format":"standard","meta":{"footnotes":""},"categories":[6909,97,75,125],"tags":[1494,565,1455,609,4354],"class_list":["post-158630","post","type-post","status-publish","format-standard","has-post-thumbnail","hentry","category-actualidad","category-alcoy","category-noticias","category-portada","tag-alcoy","tag-fiestas","tag-mig-any","tag-moros-y-cristianos","tag-presentacion-de-cargos"],"yoast_head":"<!-- This site is optimized with the Yoast SEO plugin v27.3 - https:\/\/yoast.com\/product\/yoast-seo-wordpress\/ -->\n<title>Los Cargos de la Festa de Alcoy de 2026, entre multitudes - COPE Alcoy<\/title>\n<meta name=\"robots\" content=\"index, follow, max-snippet:-1, max-image-preview:large, max-video-preview:-1\" \/>\n<link rel=\"canonical\" href=\"https:\/\/www.copealcoy.es\/es\/los-cargos-de-la-festa-de-alcoy-de-2026-entre-multitudes\/\" \/>\n<meta property=\"og:locale\" content=\"es_ES\" \/>\n<meta property=\"og:type\" content=\"article\" \/>\n<meta property=\"og:title\" content=\"Los Cargos de la Festa de Alcoy de 2026, entre multitudes - COPE Alcoy\" \/>\n<meta property=\"og:description\" content=\"Alcoy vivi\u00f3 ayer s\u00e1bado por la tarde uno de los momentos m\u00e1s esperados del calendario festero y de la programaci\u00f3n...\" \/>\n<meta property=\"og:url\" content=\"https:\/\/www.copealcoy.es\/es\/los-cargos-de-la-festa-de-alcoy-de-2026-entre-multitudes\/\" \/>\n<meta property=\"og:site_name\" content=\"COPE Alcoy\" \/>\n<meta property=\"article:published_time\" content=\"2025-10-19T13:32:48+00:00\" \/>\n<meta property=\"article:modified_time\" content=\"2026-04-08T14:57:43+00:00\" \/>\n<meta property=\"og:image\" content=\"https:\/\/www.copealcoy.es\/wp-content\/uploads\/2025\/10\/unnamed-1-14.jpg\" \/>\n\t<meta property=\"og:image:width\" content=\"1117\" \/>\n\t<meta property=\"og:image:height\" content=\"689\" \/>\n\t<meta property=\"og:image:type\" content=\"image\/jpeg\" \/>\n<meta name=\"author\" content=\"Cope Alcoy\" \/>\n<meta name=\"twitter:label1\" content=\"Escrito por\" \/>\n\t<meta name=\"twitter:data1\" content=\"Cope Alcoy\" \/>\n\t<meta name=\"twitter:label2\" content=\"Tiempo de lectura\" \/>\n\t<meta name=\"twitter:data2\" content=\"3 minutos\" \/>\n<script type=\"application\/ld+json\" class=\"yoast-schema-graph\">{\"@context\":\"https:\\\/\\\/schema.org\",\"@graph\":[{\"@type\":\"Article\",\"@id\":\"https:\\\/\\\/www.copealcoy.es\\\/es\\\/los-cargos-de-la-festa-de-alcoy-de-2026-entre-multitudes\\\/#article\",\"isPartOf\":{\"@id\":\"https:\\\/\\\/www.copealcoy.es\\\/es\\\/los-cargos-de-la-festa-de-alcoy-de-2026-entre-multitudes\\\/\"},\"author\":{\"name\":\"Cope Alcoy\",\"@id\":\"https:\\\/\\\/www.copealcoy.es\\\/es\\\/#\\\/schema\\\/person\\\/e777c87fa024e57d40170af9df39882c\"},\"headline\":\"Los Cargos de la Festa de Alcoy de 2026, entre multitudes\",\"datePublished\":\"2025-10-19T13:32:48+00:00\",\"dateModified\":\"2026-04-08T14:57:43+00:00\",\"mainEntityOfPage\":{\"@id\":\"https:\\\/\\\/www.copealcoy.es\\\/es\\\/los-cargos-de-la-festa-de-alcoy-de-2026-entre-multitudes\\\/\"},\"wordCount\":467,\"image\":{\"@id\":\"https:\\\/\\\/www.copealcoy.es\\\/es\\\/los-cargos-de-la-festa-de-alcoy-de-2026-entre-multitudes\\\/#primaryimage\"},\"thumbnailUrl\":\"https:\\\/\\\/www.copealcoy.es\\\/wp-content\\\/uploads\\\/2025\\\/10\\\/unnamed-1-14.jpg\",\"keywords\":[\"Alcoy\",\"Fiestas\",\"Mig Any\",\"Moros Y Cristianos\",\"Presentaci\u00f3n de Cargos\"],\"articleSection\":[\"Actualidad\",\"Alcoy\",\"Noticias\",\"Portada\"],\"inLanguage\":\"es\"},{\"@type\":\"WebPage\",\"@id\":\"https:\\\/\\\/www.copealcoy.es\\\/es\\\/los-cargos-de-la-festa-de-alcoy-de-2026-entre-multitudes\\\/\",\"url\":\"https:\\\/\\\/www.copealcoy.es\\\/es\\\/los-cargos-de-la-festa-de-alcoy-de-2026-entre-multitudes\\\/\",\"name\":\"Los Cargos de la Festa de Alcoy de 2026, entre multitudes - COPE Alcoy\",\"isPartOf\":{\"@id\":\"https:\\\/\\\/www.copealcoy.es\\\/es\\\/#website\"},\"primaryImageOfPage\":{\"@id\":\"https:\\\/\\\/www.copealcoy.es\\\/es\\\/los-cargos-de-la-festa-de-alcoy-de-2026-entre-multitudes\\\/#primaryimage\"},\"image\":{\"@id\":\"https:\\\/\\\/www.copealcoy.es\\\/es\\\/los-cargos-de-la-festa-de-alcoy-de-2026-entre-multitudes\\\/#primaryimage\"},\"thumbnailUrl\":\"https:\\\/\\\/www.copealcoy.es\\\/wp-content\\\/uploads\\\/2025\\\/10\\\/unnamed-1-14.jpg\",\"datePublished\":\"2025-10-19T13:32:48+00:00\",\"dateModified\":\"2026-04-08T14:57:43+00:00\",\"author\":{\"@id\":\"https:\\\/\\\/www.copealcoy.es\\\/es\\\/#\\\/schema\\\/person\\\/e777c87fa024e57d40170af9df39882c\"},\"breadcrumb\":{\"@id\":\"https:\\\/\\\/www.copealcoy.es\\\/es\\\/los-cargos-de-la-festa-de-alcoy-de-2026-entre-multitudes\\\/#breadcrumb\"},\"inLanguage\":\"es\",\"potentialAction\":[{\"@type\":\"ReadAction\",\"target\":[\"https:\\\/\\\/www.copealcoy.es\\\/es\\\/los-cargos-de-la-festa-de-alcoy-de-2026-entre-multitudes\\\/\"]}]},{\"@type\":\"ImageObject\",\"inLanguage\":\"es\",\"@id\":\"https:\\\/\\\/www.copealcoy.es\\\/es\\\/los-cargos-de-la-festa-de-alcoy-de-2026-entre-multitudes\\\/#primaryimage\",\"url\":\"https:\\\/\\\/www.copealcoy.es\\\/wp-content\\\/uploads\\\/2025\\\/10\\\/unnamed-1-14.jpg\",\"contentUrl\":\"https:\\\/\\\/www.copealcoy.es\\\/wp-content\\\/uploads\\\/2025\\\/10\\\/unnamed-1-14.jpg\",\"width\":1117,\"height\":689},{\"@type\":\"BreadcrumbList\",\"@id\":\"https:\\\/\\\/www.copealcoy.es\\\/es\\\/los-cargos-de-la-festa-de-alcoy-de-2026-entre-multitudes\\\/#breadcrumb\",\"itemListElement\":[{\"@type\":\"ListItem\",\"position\":1,\"name\":\"Portada\",\"item\":\"https:\\\/\\\/www.copealcoy.es\\\/es\\\/\"},{\"@type\":\"ListItem\",\"position\":2,\"name\":\"Los Cargos de la Festa de Alcoy de 2026, entre multitudes\"}]},{\"@type\":\"WebSite\",\"@id\":\"https:\\\/\\\/www.copealcoy.es\\\/es\\\/#website\",\"url\":\"https:\\\/\\\/www.copealcoy.es\\\/es\\\/\",\"name\":\"COPE Alcoy\",\"description\":\"Emisora COPE de radio local con emisi\u00f3n online. Pont de Sant Jordi 8-10 03803 Alcoy\",\"potentialAction\":[{\"@type\":\"SearchAction\",\"target\":{\"@type\":\"EntryPoint\",\"urlTemplate\":\"https:\\\/\\\/www.copealcoy.es\\\/es\\\/?s={search_term_string}\"},\"query-input\":{\"@type\":\"PropertyValueSpecification\",\"valueRequired\":true,\"valueName\":\"search_term_string\"}}],\"inLanguage\":\"es\"},{\"@type\":\"Person\",\"@id\":\"https:\\\/\\\/www.copealcoy.es\\\/es\\\/#\\\/schema\\\/person\\\/e777c87fa024e57d40170af9df39882c\",\"name\":\"Cope Alcoy\",\"image\":{\"@type\":\"ImageObject\",\"inLanguage\":\"es\",\"@id\":\"https:\\\/\\\/secure.gravatar.com\\\/avatar\\\/bb65d0283347e303893ba14f0692005417c1e0e690a325a4c5d8bb2b3943ee14?s=96&d=mm&r=g\",\"url\":\"https:\\\/\\\/secure.gravatar.com\\\/avatar\\\/bb65d0283347e303893ba14f0692005417c1e0e690a325a4c5d8bb2b3943ee14?s=96&d=mm&r=g\",\"contentUrl\":\"https:\\\/\\\/secure.gravatar.com\\\/avatar\\\/bb65d0283347e303893ba14f0692005417c1e0e690a325a4c5d8bb2b3943ee14?s=96&d=mm&r=g\",\"caption\":\"Cope Alcoy\"}}]}<\/script>\n<!-- \/ Yoast SEO plugin. -->","yoast_head_json":{"title":"Los Cargos de la Festa de Alcoy de 2026, entre multitudes - COPE Alcoy","robots":{"index":"index","follow":"follow","max-snippet":"max-snippet:-1","max-image-preview":"max-image-preview:large","max-video-preview":"max-video-preview:-1"},"canonical":"https:\/\/www.copealcoy.es\/es\/los-cargos-de-la-festa-de-alcoy-de-2026-entre-multitudes\/","og_locale":"es_ES","og_type":"article","og_title":"Los Cargos de la Festa de Alcoy de 2026, entre multitudes - COPE Alcoy","og_description":"Alcoy vivi\u00f3 ayer s\u00e1bado por la tarde uno de los momentos m\u00e1s esperados del calendario festero y de la programaci\u00f3n...","og_url":"https:\/\/www.copealcoy.es\/es\/los-cargos-de-la-festa-de-alcoy-de-2026-entre-multitudes\/","og_site_name":"COPE Alcoy","article_published_time":"2025-10-19T13:32:48+00:00","article_modified_time":"2026-04-08T14:57:43+00:00","og_image":[{"width":1117,"height":689,"url":"https:\/\/www.copealcoy.es\/wp-content\/uploads\/2025\/10\/unnamed-1-14.jpg","type":"image\/jpeg"}],"author":"Cope Alcoy","twitter_misc":{"Escrito por":"Cope Alcoy","Tiempo de lectura":"3 minutos"},"schema":{"@context":"https:\/\/schema.org","@graph":[{"@type":"Article","@id":"https:\/\/www.copealcoy.es\/es\/los-cargos-de-la-festa-de-alcoy-de-2026-entre-multitudes\/#article","isPartOf":{"@id":"https:\/\/www.copealcoy.es\/es\/los-cargos-de-la-festa-de-alcoy-de-2026-entre-multitudes\/"},"author":{"name":"Cope Alcoy","@id":"https:\/\/www.copealcoy.es\/es\/#\/schema\/person\/e777c87fa024e57d40170af9df39882c"},"headline":"Los Cargos de la Festa de Alcoy de 2026, entre multitudes","datePublished":"2025-10-19T13:32:48+00:00","dateModified":"2026-04-08T14:57:43+00:00","mainEntityOfPage":{"@id":"https:\/\/www.copealcoy.es\/es\/los-cargos-de-la-festa-de-alcoy-de-2026-entre-multitudes\/"},"wordCount":467,"image":{"@id":"https:\/\/www.copealcoy.es\/es\/los-cargos-de-la-festa-de-alcoy-de-2026-entre-multitudes\/#primaryimage"},"thumbnailUrl":"https:\/\/www.copealcoy.es\/wp-content\/uploads\/2025\/10\/unnamed-1-14.jpg","keywords":["Alcoy","Fiestas","Mig Any","Moros Y Cristianos","Presentaci\u00f3n de Cargos"],"articleSection":["Actualidad","Alcoy","Noticias","Portada"],"inLanguage":"es"},{"@type":"WebPage","@id":"https:\/\/www.copealcoy.es\/es\/los-cargos-de-la-festa-de-alcoy-de-2026-entre-multitudes\/","url":"https:\/\/www.copealcoy.es\/es\/los-cargos-de-la-festa-de-alcoy-de-2026-entre-multitudes\/","name":"Los Cargos de la Festa de Alcoy de 2026, entre multitudes - COPE Alcoy","isPartOf":{"@id":"https:\/\/www.copealcoy.es\/es\/#website"},"primaryImageOfPage":{"@id":"https:\/\/www.copealcoy.es\/es\/los-cargos-de-la-festa-de-alcoy-de-2026-entre-multitudes\/#primaryimage"},"image":{"@id":"https:\/\/www.copealcoy.es\/es\/los-cargos-de-la-festa-de-alcoy-de-2026-entre-multitudes\/#primaryimage"},"thumbnailUrl":"https:\/\/www.copealcoy.es\/wp-content\/uploads\/2025\/10\/unnamed-1-14.jpg","datePublished":"2025-10-19T13:32:48+00:00","dateModified":"2026-04-08T14:57:43+00:00","author":{"@id":"https:\/\/www.copealcoy.es\/es\/#\/schema\/person\/e777c87fa024e57d40170af9df39882c"},"breadcrumb":{"@id":"https:\/\/www.copealcoy.es\/es\/los-cargos-de-la-festa-de-alcoy-de-2026-entre-multitudes\/#breadcrumb"},"inLanguage":"es","potentialAction":[{"@type":"ReadAction","target":["https:\/\/www.copealcoy.es\/es\/los-cargos-de-la-festa-de-alcoy-de-2026-entre-multitudes\/"]}]},{"@type":"ImageObject","inLanguage":"es","@id":"https:\/\/www.copealcoy.es\/es\/los-cargos-de-la-festa-de-alcoy-de-2026-entre-multitudes\/#primaryimage","url":"https:\/\/www.copealcoy.es\/wp-content\/uploads\/2025\/10\/unnamed-1-14.jpg","contentUrl":"https:\/\/www.copealcoy.es\/wp-content\/uploads\/2025\/10\/unnamed-1-14.jpg","width":1117,"height":689},{"@type":"BreadcrumbList","@id":"https:\/\/www.copealcoy.es\/es\/los-cargos-de-la-festa-de-alcoy-de-2026-entre-multitudes\/#breadcrumb","itemListElement":[{"@type":"ListItem","position":1,"name":"Portada","item":"https:\/\/www.copealcoy.es\/es\/"},{"@type":"ListItem","position":2,"name":"Los Cargos de la Festa de Alcoy de 2026, entre multitudes"}]},{"@type":"WebSite","@id":"https:\/\/www.copealcoy.es\/es\/#website","url":"https:\/\/www.copealcoy.es\/es\/","name":"COPE Alcoy","description":"Emisora COPE de radio local con emisi\u00f3n online. Pont de Sant Jordi 8-10 03803 Alcoy","potentialAction":[{"@type":"SearchAction","target":{"@type":"EntryPoint","urlTemplate":"https:\/\/www.copealcoy.es\/es\/?s={search_term_string}"},"query-input":{"@type":"PropertyValueSpecification","valueRequired":true,"valueName":"search_term_string"}}],"inLanguage":"es"},{"@type":"Person","@id":"https:\/\/www.copealcoy.es\/es\/#\/schema\/person\/e777c87fa024e57d40170af9df39882c","name":"Cope Alcoy","image":{"@type":"ImageObject","inLanguage":"es","@id":"https:\/\/secure.gravatar.com\/avatar\/bb65d0283347e303893ba14f0692005417c1e0e690a325a4c5d8bb2b3943ee14?s=96&d=mm&r=g","url":"https:\/\/secure.gravatar.com\/avatar\/bb65d0283347e303893ba14f0692005417c1e0e690a325a4c5d8bb2b3943ee14?s=96&d=mm&r=g","contentUrl":"https:\/\/secure.gravatar.com\/avatar\/bb65d0283347e303893ba14f0692005417c1e0e690a325a4c5d8bb2b3943ee14?s=96&d=mm&r=g","caption":"Cope Alcoy"}}]}},"_links":{"self":[{"href":"https:\/\/www.copealcoy.es\/es\/wp-json\/wp\/v2\/posts\/158630","targetHints":{"allow":["GET"]}}],"collection":[{"href":"https:\/\/www.copealcoy.es\/es\/wp-json\/wp\/v2\/posts"}],"about":[{"href":"https:\/\/www.copealcoy.es\/es\/wp-json\/wp\/v2\/types\/post"}],"author":[{"embeddable":true,"href":"https:\/\/www.copealcoy.es\/es\/wp-json\/wp\/v2\/users\/1"}],"replies":[{"embeddable":true,"href":"https:\/\/www.copealcoy.es\/es\/wp-json\/wp\/v2\/comments?post=158630"}],"version-history":[{"count":2,"href":"https:\/\/www.copealcoy.es\/es\/wp-json\/wp\/v2\/posts\/158630\/revisions"}],"predecessor-version":[{"id":165802,"href":"https:\/\/www.copealcoy.es\/es\/wp-json\/wp\/v2\/posts\/158630\/revisions\/165802"}],"wp:featuredmedia":[{"embeddable":true,"href":"https:\/\/www.copealcoy.es\/es\/wp-json\/wp\/v2\/media\/158631"}],"wp:attachment":[{"href":"https:\/\/www.copealcoy.es\/es\/wp-json\/wp\/v2\/media?parent=158630"}],"wp:term":[{"taxonomy":"category","embeddable":true,"href":"https:\/\/www.copealcoy.es\/es\/wp-json\/wp\/v2\/categories?post=158630"},{"taxonomy":"post_tag","embeddable":true,"href":"https:\/\/www.copealcoy.es\/es\/wp-json\/wp\/v2\/tags?post=158630"}],"curies":[{"name":"wp","href":"https:\/\/api.w.org\/{rel}","templated":true}]}}