{"id":158610,"date":"2025-10-17T23:11:20","date_gmt":"2025-10-17T22:11:20","guid":{"rendered":"https:\/\/www.copealcoy.es\/?p=158610"},"modified":"2025-10-17T23:46:45","modified_gmt":"2025-10-17T22:46:45","slug":"feria-gastronomica-y-encontre-de-campaners-valencians-dos-citas-en-muro-para-el-fin-de-semana","status":"publish","type":"post","link":"https:\/\/www.copealcoy.es\/es\/feria-gastronomica-y-encontre-de-campaners-valencians-dos-citas-en-muro-para-el-fin-de-semana\/","title":{"rendered":"Feria Gastron\u00f3mica y &#8216;Encontre de Campaners Valencians&#8217;, dos citas en Muro para el fin de semana"},"content":{"rendered":"<p style=\"text-align: justify;\"><a href=\"https:\/\/www.vilademuro.net\/\" target=\"_blank\" rel=\"noopener\"><strong><span style=\"color: #0000ff;\">Muro<\/span><\/strong><\/a> <strong>vive un intenso fin de semana<\/strong> con ocasi\u00f3n de <strong>la celebraci\u00f3n de la edici\u00f3n n\u00famero XX de su Feria Gastron\u00f3mica y del Sector Agroalimentario<\/strong>, una cita que ser\u00e1 protagonista en la Pla\u00e7a del Matzem hasta el domingo 19 de octubre. El certamen abri\u00f3 sus puertas en la tarde del viernes 17 y este a\u00f1o<strong> retrasa en unas semanas su celebraci\u00f3n<\/strong> puesto que en anteriores ocasiones ha tenido lugar entre finales de septiembre y principios de octubre.<\/p>\n<p style=\"text-align: justify;\">La Feria Gastron\u00f3mica arranc\u00f3 con<strong> la inauguraci\u00f3n oficial<\/strong>, acompa\u00f1ada de la m\u00fasica tradicional de La Xafig\u00e0, y que arranc\u00f3 a las puertas del Centre Cultural Polivalent. All\u00ed se congreg\u00f3 la Corporaci\u00f3n Municipal para visitar, en primer lugar, <strong>la exposici\u00f3n preparada por la Colla de Campaners del Comtat<\/strong> y que recoge im\u00e1genes de los campanarios de las diferentes localidades e incluso pedan\u00edas de la comarca. La cita se enmarca dentro del programa de actividades del 28 &#8216;Encontre de Campaners Valencians&#8217; que acoge tambi\u00e9n Muro este fin de semana &#8220;<em>podremos ver 34 paneles con im\u00e1genes de los campanarios, junto a la explicaci\u00f3n de las campanas que encontramos en cada uno de ellos, e incluso descubriremos curiosidades que esconden cada una de las torres<\/em>&#8220;, explic\u00f3 en COPE ALCOY Josep Jord\u00e0, presidente de la misma Colla de Campaners del Comtat, agrupaci\u00f3n anfitriona de esta convocatoria.<\/p>\n<p style=\"text-align: justify;\">El acto inaugural sigui\u00f3 con <strong>la visita de las autoridades a la Pla\u00e7a del Matzem<\/strong>, lugar en el que se reparten la veintena de puestos de venta que dan forma a la Feria Gastron\u00f3mica de este a\u00f1o. All\u00ed encontramos dulces, licores, patatas fritas, cocas variadas, cervezas artesanas,\u00a0<em>food trucks<\/em> o embutidos, junto a propuestas culinarias de otras partes del mundo <em>&#8220;la Feria potencia el sector agroalimentario pero tambi\u00e9n dinamiza la actividad en nuestro pueblo e incluso nos sirve de escaparate en toda la comarca. Que nadie se lo pierda y vengan a visitarnos<\/em>&#8220;, explicaron el alcalde (Vicent Molina) y la edil de Turismo (Carol Iv\u00e0\u00f1ez) acompa\u00f1ados del Primer Teniente de alcalde y portavoz del PSOE (Sa\u00fal Serrano) y el portavoz del Partido Popuar (Emilio Margarit).<\/p>\n<audio class=\"wp-audio-shortcode\" id=\"audio-158610-1\" preload=\"none\" style=\"width: 100%;\" controls=\"controls\"><source type=\"audio\/mpeg\" src=\"https:\/\/www.copealcoy.es\/wp-content\/uploads\/2025\/10\/Inauguracion-Fira-Gastronomica-Muro-.mp3?_=1\" \/><a href=\"https:\/\/www.copealcoy.es\/wp-content\/uploads\/2025\/10\/Inauguracion-Fira-Gastronomica-Muro-.mp3\">https:\/\/www.copealcoy.es\/wp-content\/uploads\/2025\/10\/Inauguracion-Fira-Gastronomica-Muro-.mp3<\/a><\/audio>\n<p>&nbsp;<\/p>\n<p style=\"text-align: justify;\">La programaci\u00f3n de la Fira Gastron\u00f3mica incluir\u00e1 tambi\u00e9n conciertos, animaci\u00f3n musical, actuaciones y talleres l\u00fadicos. No faltar\u00e1n las actividades infantiles\u00a0 junto a visitas guiadas por el casco hist\u00f3rico, un amplio abanico de propuestas dirigidas a toda la familia y que convierten a Muro en <strong>epicentro de la comarca<\/strong> durante todo el pen\u00faltimo fin de semana de octubre.<\/p>\n<div id='gallery-1' class='gallery galleryid-158610 gallery-columns-2 gallery-size-large'><figure class='gallery-item'>\n\t\t\t<div class='gallery-icon landscape'>\n\t\t\t\t<a href='https:\/\/www.copealcoy.es\/es\/feria-gastronomica-y-encontre-de-campaners-valencians-dos-citas-en-muro-para-el-fin-de-semana\/unnamed-1-841\/'><img loading=\"lazy\" decoding=\"async\" width=\"980\" height=\"588\" src=\"https:\/\/www.copealcoy.es\/wp-content\/uploads\/2025\/10\/unnamed-1-13-980x588.jpg\" class=\"attachment-large size-large\" alt=\"\" \/><\/a>\n\t\t\t<\/div><\/figure><figure class='gallery-item'>\n\t\t\t<div class='gallery-icon landscape'>\n\t\t\t\t<a href='https:\/\/www.copealcoy.es\/es\/feria-gastronomica-y-encontre-de-campaners-valencians-dos-citas-en-muro-para-el-fin-de-semana\/screenshot-22\/'><img loading=\"lazy\" decoding=\"async\" width=\"980\" height=\"588\" src=\"https:\/\/www.copealcoy.es\/wp-content\/uploads\/2025\/10\/1-3-980x588.jpg\" class=\"attachment-large size-large\" alt=\"\" \/><\/a>\n\t\t\t<\/div><\/figure><figure class='gallery-item'>\n\t\t\t<div class='gallery-icon landscape'>\n\t\t\t\t<a href='https:\/\/www.copealcoy.es\/es\/feria-gastronomica-y-encontre-de-campaners-valencians-dos-citas-en-muro-para-el-fin-de-semana\/1-2-10\/'><img loading=\"lazy\" decoding=\"async\" width=\"953\" height=\"588\" src=\"https:\/\/www.copealcoy.es\/wp-content\/uploads\/2025\/10\/1-2-1-953x588.jpg\" class=\"attachment-large size-large\" alt=\"\" \/><\/a>\n\t\t\t<\/div><\/figure><figure class='gallery-item'>\n\t\t\t<div class='gallery-icon landscape'>\n\t\t\t\t<a href='https:\/\/www.copealcoy.es\/es\/feria-gastronomica-y-encontre-de-campaners-valencians-dos-citas-en-muro-para-el-fin-de-semana\/1-1-12\/'><img loading=\"lazy\" decoding=\"async\" width=\"953\" height=\"588\" src=\"https:\/\/www.copealcoy.es\/wp-content\/uploads\/2025\/10\/1-1-1-953x588.jpg\" class=\"attachment-large size-large\" alt=\"\" \/><\/a>\n\t\t\t<\/div><\/figure>\n\t\t<\/div>\n\n","protected":false},"excerpt":{"rendered":"<p>Muro vive un intenso fin de semana con ocasi\u00f3n de la celebraci\u00f3n de la edici\u00f3n n\u00famero XX de su Feria&#8230;<\/p>\n","protected":false},"author":1,"featured_media":158619,"comment_status":"closed","ping_status":"closed","sticky":false,"template":"","format":"standard","meta":{"footnotes":""},"categories":[6909,98,75,125],"tags":[19184,11855,4692,135],"class_list":["post-158610","post","type-post","status-publish","format-standard","has-post-thumbnail","hentry","category-actualidad","category-comarcas","category-noticias","category-portada","tag-encontre-de-campaners-valencians","tag-fira-gastronomica","tag-inauguracion-oficial","tag-muro"],"yoast_head":"<!-- This site is optimized with the Yoast SEO plugin v27.3 - https:\/\/yoast.com\/product\/yoast-seo-wordpress\/ -->\n<title>Feria Gastron\u00f3mica y &#039;Encontre de Campaners Valencians&#039;, dos citas en Muro para el fin de semana - COPE Alcoy<\/title>\n<meta name=\"description\" content=\"Feria Gastron\u00f3mica y &#039;Encontre de Campaners Valencians&#039;, dos citas en Muro para el fin de semana\" \/>\n<meta name=\"robots\" content=\"index, follow, max-snippet:-1, max-image-preview:large, max-video-preview:-1\" \/>\n<link rel=\"canonical\" href=\"https:\/\/www.copealcoy.es\/es\/feria-gastronomica-y-encontre-de-campaners-valencians-dos-citas-en-muro-para-el-fin-de-semana\/\" \/>\n<meta property=\"og:locale\" content=\"es_ES\" \/>\n<meta property=\"og:type\" content=\"article\" \/>\n<meta property=\"og:title\" content=\"Feria Gastron\u00f3mica y &#039;Encontre de Campaners Valencians&#039;, dos citas en Muro para el fin de semana - COPE Alcoy\" \/>\n<meta property=\"og:description\" content=\"Feria Gastron\u00f3mica y &#039;Encontre de Campaners Valencians&#039;, dos citas en Muro para el fin de semana\" \/>\n<meta property=\"og:url\" content=\"https:\/\/www.copealcoy.es\/es\/feria-gastronomica-y-encontre-de-campaners-valencians-dos-citas-en-muro-para-el-fin-de-semana\/\" \/>\n<meta property=\"og:site_name\" content=\"COPE Alcoy\" \/>\n<meta property=\"article:published_time\" content=\"2025-10-17T22:11:20+00:00\" \/>\n<meta property=\"article:modified_time\" content=\"2025-10-17T22:46:45+00:00\" \/>\n<meta property=\"og:image\" content=\"https:\/\/www.copealcoy.es\/wp-content\/uploads\/2025\/10\/unnamed-1-13-scaled.jpg\" \/>\n\t<meta property=\"og:image:width\" content=\"2560\" \/>\n\t<meta property=\"og:image:height\" content=\"1639\" \/>\n\t<meta property=\"og:image:type\" content=\"image\/jpeg\" \/>\n<meta name=\"author\" content=\"Cope Alcoy\" \/>\n<meta name=\"twitter:label1\" content=\"Escrito por\" \/>\n\t<meta name=\"twitter:data1\" content=\"Cope Alcoy\" \/>\n\t<meta name=\"twitter:label2\" content=\"Tiempo de lectura\" \/>\n\t<meta name=\"twitter:data2\" content=\"3 minutos\" \/>\n<script type=\"application\/ld+json\" class=\"yoast-schema-graph\">{\"@context\":\"https:\\\/\\\/schema.org\",\"@graph\":[{\"@type\":\"Article\",\"@id\":\"https:\\\/\\\/www.copealcoy.es\\\/es\\\/feria-gastronomica-y-encontre-de-campaners-valencians-dos-citas-en-muro-para-el-fin-de-semana\\\/#article\",\"isPartOf\":{\"@id\":\"https:\\\/\\\/www.copealcoy.es\\\/es\\\/feria-gastronomica-y-encontre-de-campaners-valencians-dos-citas-en-muro-para-el-fin-de-semana\\\/\"},\"author\":{\"name\":\"Cope Alcoy\",\"@id\":\"https:\\\/\\\/www.copealcoy.es\\\/es\\\/#\\\/schema\\\/person\\\/e777c87fa024e57d40170af9df39882c\"},\"headline\":\"Feria Gastron\u00f3mica y &#8216;Encontre de Campaners Valencians&#8217;, dos citas en Muro para el fin de semana\",\"datePublished\":\"2025-10-17T22:11:20+00:00\",\"dateModified\":\"2025-10-17T22:46:45+00:00\",\"mainEntityOfPage\":{\"@id\":\"https:\\\/\\\/www.copealcoy.es\\\/es\\\/feria-gastronomica-y-encontre-de-campaners-valencians-dos-citas-en-muro-para-el-fin-de-semana\\\/\"},\"wordCount\":465,\"image\":{\"@id\":\"https:\\\/\\\/www.copealcoy.es\\\/es\\\/feria-gastronomica-y-encontre-de-campaners-valencians-dos-citas-en-muro-para-el-fin-de-semana\\\/#primaryimage\"},\"thumbnailUrl\":\"https:\\\/\\\/www.copealcoy.es\\\/wp-content\\\/uploads\\\/2025\\\/10\\\/unnamed-1-13-scaled.jpg\",\"keywords\":[\"'Encontre de Campaners Valencians'\",\"Fira Gastron\u00f2mica\",\"Inauguraci\u00f3n Oficial\",\"Muro\"],\"articleSection\":[\"Actualidad\",\"Comarcas\",\"Noticias\",\"Portada\"],\"inLanguage\":\"es\"},{\"@type\":\"WebPage\",\"@id\":\"https:\\\/\\\/www.copealcoy.es\\\/es\\\/feria-gastronomica-y-encontre-de-campaners-valencians-dos-citas-en-muro-para-el-fin-de-semana\\\/\",\"url\":\"https:\\\/\\\/www.copealcoy.es\\\/es\\\/feria-gastronomica-y-encontre-de-campaners-valencians-dos-citas-en-muro-para-el-fin-de-semana\\\/\",\"name\":\"Feria Gastron\u00f3mica y 'Encontre de Campaners Valencians', dos citas en Muro para el fin de semana - COPE Alcoy\",\"isPartOf\":{\"@id\":\"https:\\\/\\\/www.copealcoy.es\\\/es\\\/#website\"},\"primaryImageOfPage\":{\"@id\":\"https:\\\/\\\/www.copealcoy.es\\\/es\\\/feria-gastronomica-y-encontre-de-campaners-valencians-dos-citas-en-muro-para-el-fin-de-semana\\\/#primaryimage\"},\"image\":{\"@id\":\"https:\\\/\\\/www.copealcoy.es\\\/es\\\/feria-gastronomica-y-encontre-de-campaners-valencians-dos-citas-en-muro-para-el-fin-de-semana\\\/#primaryimage\"},\"thumbnailUrl\":\"https:\\\/\\\/www.copealcoy.es\\\/wp-content\\\/uploads\\\/2025\\\/10\\\/unnamed-1-13-scaled.jpg\",\"datePublished\":\"2025-10-17T22:11:20+00:00\",\"dateModified\":\"2025-10-17T22:46:45+00:00\",\"author\":{\"@id\":\"https:\\\/\\\/www.copealcoy.es\\\/es\\\/#\\\/schema\\\/person\\\/e777c87fa024e57d40170af9df39882c\"},\"description\":\"Feria Gastron\u00f3mica y 'Encontre de Campaners Valencians', dos citas en Muro para el fin de semana\",\"breadcrumb\":{\"@id\":\"https:\\\/\\\/www.copealcoy.es\\\/es\\\/feria-gastronomica-y-encontre-de-campaners-valencians-dos-citas-en-muro-para-el-fin-de-semana\\\/#breadcrumb\"},\"inLanguage\":\"es\",\"potentialAction\":[{\"@type\":\"ReadAction\",\"target\":[\"https:\\\/\\\/www.copealcoy.es\\\/es\\\/feria-gastronomica-y-encontre-de-campaners-valencians-dos-citas-en-muro-para-el-fin-de-semana\\\/\"]}]},{\"@type\":\"ImageObject\",\"inLanguage\":\"es\",\"@id\":\"https:\\\/\\\/www.copealcoy.es\\\/es\\\/feria-gastronomica-y-encontre-de-campaners-valencians-dos-citas-en-muro-para-el-fin-de-semana\\\/#primaryimage\",\"url\":\"https:\\\/\\\/www.copealcoy.es\\\/wp-content\\\/uploads\\\/2025\\\/10\\\/unnamed-1-13-scaled.jpg\",\"contentUrl\":\"https:\\\/\\\/www.copealcoy.es\\\/wp-content\\\/uploads\\\/2025\\\/10\\\/unnamed-1-13-scaled.jpg\",\"width\":2560,\"height\":1639},{\"@type\":\"BreadcrumbList\",\"@id\":\"https:\\\/\\\/www.copealcoy.es\\\/es\\\/feria-gastronomica-y-encontre-de-campaners-valencians-dos-citas-en-muro-para-el-fin-de-semana\\\/#breadcrumb\",\"itemListElement\":[{\"@type\":\"ListItem\",\"position\":1,\"name\":\"Portada\",\"item\":\"https:\\\/\\\/www.copealcoy.es\\\/es\\\/\"},{\"@type\":\"ListItem\",\"position\":2,\"name\":\"Feria Gastron\u00f3mica y &#8216;Encontre de Campaners Valencians&#8217;, dos citas en Muro para el fin de semana\"}]},{\"@type\":\"WebSite\",\"@id\":\"https:\\\/\\\/www.copealcoy.es\\\/es\\\/#website\",\"url\":\"https:\\\/\\\/www.copealcoy.es\\\/es\\\/\",\"name\":\"COPE Alcoy\",\"description\":\"Emisora COPE de radio local con emisi\u00f3n online. Pont de Sant Jordi 8-10 03803 Alcoy\",\"potentialAction\":[{\"@type\":\"SearchAction\",\"target\":{\"@type\":\"EntryPoint\",\"urlTemplate\":\"https:\\\/\\\/www.copealcoy.es\\\/es\\\/?s={search_term_string}\"},\"query-input\":{\"@type\":\"PropertyValueSpecification\",\"valueRequired\":true,\"valueName\":\"search_term_string\"}}],\"inLanguage\":\"es\"},{\"@type\":\"Person\",\"@id\":\"https:\\\/\\\/www.copealcoy.es\\\/es\\\/#\\\/schema\\\/person\\\/e777c87fa024e57d40170af9df39882c\",\"name\":\"Cope Alcoy\",\"image\":{\"@type\":\"ImageObject\",\"inLanguage\":\"es\",\"@id\":\"https:\\\/\\\/secure.gravatar.com\\\/avatar\\\/bb65d0283347e303893ba14f0692005417c1e0e690a325a4c5d8bb2b3943ee14?s=96&d=mm&r=g\",\"url\":\"https:\\\/\\\/secure.gravatar.com\\\/avatar\\\/bb65d0283347e303893ba14f0692005417c1e0e690a325a4c5d8bb2b3943ee14?s=96&d=mm&r=g\",\"contentUrl\":\"https:\\\/\\\/secure.gravatar.com\\\/avatar\\\/bb65d0283347e303893ba14f0692005417c1e0e690a325a4c5d8bb2b3943ee14?s=96&d=mm&r=g\",\"caption\":\"Cope Alcoy\"}}]}<\/script>\n<!-- \/ Yoast SEO plugin. -->","yoast_head_json":{"title":"Feria Gastron\u00f3mica y 'Encontre de Campaners Valencians', dos citas en Muro para el fin de semana - COPE Alcoy","description":"Feria Gastron\u00f3mica y 'Encontre de Campaners Valencians', dos citas en Muro para el fin de semana","robots":{"index":"index","follow":"follow","max-snippet":"max-snippet:-1","max-image-preview":"max-image-preview:large","max-video-preview":"max-video-preview:-1"},"canonical":"https:\/\/www.copealcoy.es\/es\/feria-gastronomica-y-encontre-de-campaners-valencians-dos-citas-en-muro-para-el-fin-de-semana\/","og_locale":"es_ES","og_type":"article","og_title":"Feria Gastron\u00f3mica y 'Encontre de Campaners Valencians', dos citas en Muro para el fin de semana - COPE Alcoy","og_description":"Feria Gastron\u00f3mica y 'Encontre de Campaners Valencians', dos citas en Muro para el fin de semana","og_url":"https:\/\/www.copealcoy.es\/es\/feria-gastronomica-y-encontre-de-campaners-valencians-dos-citas-en-muro-para-el-fin-de-semana\/","og_site_name":"COPE Alcoy","article_published_time":"2025-10-17T22:11:20+00:00","article_modified_time":"2025-10-17T22:46:45+00:00","og_image":[{"width":2560,"height":1639,"url":"https:\/\/www.copealcoy.es\/wp-content\/uploads\/2025\/10\/unnamed-1-13-scaled.jpg","type":"image\/jpeg"}],"author":"Cope Alcoy","twitter_misc":{"Escrito por":"Cope Alcoy","Tiempo de lectura":"3 minutos"},"schema":{"@context":"https:\/\/schema.org","@graph":[{"@type":"Article","@id":"https:\/\/www.copealcoy.es\/es\/feria-gastronomica-y-encontre-de-campaners-valencians-dos-citas-en-muro-para-el-fin-de-semana\/#article","isPartOf":{"@id":"https:\/\/www.copealcoy.es\/es\/feria-gastronomica-y-encontre-de-campaners-valencians-dos-citas-en-muro-para-el-fin-de-semana\/"},"author":{"name":"Cope Alcoy","@id":"https:\/\/www.copealcoy.es\/es\/#\/schema\/person\/e777c87fa024e57d40170af9df39882c"},"headline":"Feria Gastron\u00f3mica y &#8216;Encontre de Campaners Valencians&#8217;, dos citas en Muro para el fin de semana","datePublished":"2025-10-17T22:11:20+00:00","dateModified":"2025-10-17T22:46:45+00:00","mainEntityOfPage":{"@id":"https:\/\/www.copealcoy.es\/es\/feria-gastronomica-y-encontre-de-campaners-valencians-dos-citas-en-muro-para-el-fin-de-semana\/"},"wordCount":465,"image":{"@id":"https:\/\/www.copealcoy.es\/es\/feria-gastronomica-y-encontre-de-campaners-valencians-dos-citas-en-muro-para-el-fin-de-semana\/#primaryimage"},"thumbnailUrl":"https:\/\/www.copealcoy.es\/wp-content\/uploads\/2025\/10\/unnamed-1-13-scaled.jpg","keywords":["'Encontre de Campaners Valencians'","Fira Gastron\u00f2mica","Inauguraci\u00f3n Oficial","Muro"],"articleSection":["Actualidad","Comarcas","Noticias","Portada"],"inLanguage":"es"},{"@type":"WebPage","@id":"https:\/\/www.copealcoy.es\/es\/feria-gastronomica-y-encontre-de-campaners-valencians-dos-citas-en-muro-para-el-fin-de-semana\/","url":"https:\/\/www.copealcoy.es\/es\/feria-gastronomica-y-encontre-de-campaners-valencians-dos-citas-en-muro-para-el-fin-de-semana\/","name":"Feria Gastron\u00f3mica y 'Encontre de Campaners Valencians', dos citas en Muro para el fin de semana - COPE Alcoy","isPartOf":{"@id":"https:\/\/www.copealcoy.es\/es\/#website"},"primaryImageOfPage":{"@id":"https:\/\/www.copealcoy.es\/es\/feria-gastronomica-y-encontre-de-campaners-valencians-dos-citas-en-muro-para-el-fin-de-semana\/#primaryimage"},"image":{"@id":"https:\/\/www.copealcoy.es\/es\/feria-gastronomica-y-encontre-de-campaners-valencians-dos-citas-en-muro-para-el-fin-de-semana\/#primaryimage"},"thumbnailUrl":"https:\/\/www.copealcoy.es\/wp-content\/uploads\/2025\/10\/unnamed-1-13-scaled.jpg","datePublished":"2025-10-17T22:11:20+00:00","dateModified":"2025-10-17T22:46:45+00:00","author":{"@id":"https:\/\/www.copealcoy.es\/es\/#\/schema\/person\/e777c87fa024e57d40170af9df39882c"},"description":"Feria Gastron\u00f3mica y 'Encontre de Campaners Valencians', dos citas en Muro para el fin de semana","breadcrumb":{"@id":"https:\/\/www.copealcoy.es\/es\/feria-gastronomica-y-encontre-de-campaners-valencians-dos-citas-en-muro-para-el-fin-de-semana\/#breadcrumb"},"inLanguage":"es","potentialAction":[{"@type":"ReadAction","target":["https:\/\/www.copealcoy.es\/es\/feria-gastronomica-y-encontre-de-campaners-valencians-dos-citas-en-muro-para-el-fin-de-semana\/"]}]},{"@type":"ImageObject","inLanguage":"es","@id":"https:\/\/www.copealcoy.es\/es\/feria-gastronomica-y-encontre-de-campaners-valencians-dos-citas-en-muro-para-el-fin-de-semana\/#primaryimage","url":"https:\/\/www.copealcoy.es\/wp-content\/uploads\/2025\/10\/unnamed-1-13-scaled.jpg","contentUrl":"https:\/\/www.copealcoy.es\/wp-content\/uploads\/2025\/10\/unnamed-1-13-scaled.jpg","width":2560,"height":1639},{"@type":"BreadcrumbList","@id":"https:\/\/www.copealcoy.es\/es\/feria-gastronomica-y-encontre-de-campaners-valencians-dos-citas-en-muro-para-el-fin-de-semana\/#breadcrumb","itemListElement":[{"@type":"ListItem","position":1,"name":"Portada","item":"https:\/\/www.copealcoy.es\/es\/"},{"@type":"ListItem","position":2,"name":"Feria Gastron\u00f3mica y &#8216;Encontre de Campaners Valencians&#8217;, dos citas en Muro para el fin de semana"}]},{"@type":"WebSite","@id":"https:\/\/www.copealcoy.es\/es\/#website","url":"https:\/\/www.copealcoy.es\/es\/","name":"COPE Alcoy","description":"Emisora COPE de radio local con emisi\u00f3n online. Pont de Sant Jordi 8-10 03803 Alcoy","potentialAction":[{"@type":"SearchAction","target":{"@type":"EntryPoint","urlTemplate":"https:\/\/www.copealcoy.es\/es\/?s={search_term_string}"},"query-input":{"@type":"PropertyValueSpecification","valueRequired":true,"valueName":"search_term_string"}}],"inLanguage":"es"},{"@type":"Person","@id":"https:\/\/www.copealcoy.es\/es\/#\/schema\/person\/e777c87fa024e57d40170af9df39882c","name":"Cope Alcoy","image":{"@type":"ImageObject","inLanguage":"es","@id":"https:\/\/secure.gravatar.com\/avatar\/bb65d0283347e303893ba14f0692005417c1e0e690a325a4c5d8bb2b3943ee14?s=96&d=mm&r=g","url":"https:\/\/secure.gravatar.com\/avatar\/bb65d0283347e303893ba14f0692005417c1e0e690a325a4c5d8bb2b3943ee14?s=96&d=mm&r=g","contentUrl":"https:\/\/secure.gravatar.com\/avatar\/bb65d0283347e303893ba14f0692005417c1e0e690a325a4c5d8bb2b3943ee14?s=96&d=mm&r=g","caption":"Cope Alcoy"}}]}},"_links":{"self":[{"href":"https:\/\/www.copealcoy.es\/es\/wp-json\/wp\/v2\/posts\/158610","targetHints":{"allow":["GET"]}}],"collection":[{"href":"https:\/\/www.copealcoy.es\/es\/wp-json\/wp\/v2\/posts"}],"about":[{"href":"https:\/\/www.copealcoy.es\/es\/wp-json\/wp\/v2\/types\/post"}],"author":[{"embeddable":true,"href":"https:\/\/www.copealcoy.es\/es\/wp-json\/wp\/v2\/users\/1"}],"replies":[{"embeddable":true,"href":"https:\/\/www.copealcoy.es\/es\/wp-json\/wp\/v2\/comments?post=158610"}],"version-history":[{"count":3,"href":"https:\/\/www.copealcoy.es\/es\/wp-json\/wp\/v2\/posts\/158610\/revisions"}],"predecessor-version":[{"id":158627,"href":"https:\/\/www.copealcoy.es\/es\/wp-json\/wp\/v2\/posts\/158610\/revisions\/158627"}],"wp:featuredmedia":[{"embeddable":true,"href":"https:\/\/www.copealcoy.es\/es\/wp-json\/wp\/v2\/media\/158619"}],"wp:attachment":[{"href":"https:\/\/www.copealcoy.es\/es\/wp-json\/wp\/v2\/media?parent=158610"}],"wp:term":[{"taxonomy":"category","embeddable":true,"href":"https:\/\/www.copealcoy.es\/es\/wp-json\/wp\/v2\/categories?post=158610"},{"taxonomy":"post_tag","embeddable":true,"href":"https:\/\/www.copealcoy.es\/es\/wp-json\/wp\/v2\/tags?post=158610"}],"curies":[{"name":"wp","href":"https:\/\/api.w.org\/{rel}","templated":true}]}}