{"id":158598,"date":"2025-10-17T07:35:02","date_gmt":"2025-10-17T06:35:02","guid":{"rendered":"https:\/\/www.copealcoy.es\/?p=158598"},"modified":"2025-10-17T22:18:39","modified_gmt":"2025-10-17T21:18:39","slug":"mediodia-cope-alcoy-viernes-17-de-octubre-2025-1420h","status":"publish","type":"post","link":"https:\/\/www.copealcoy.es\/es\/mediodia-cope-alcoy-viernes-17-de-octubre-2025-1420h\/","title":{"rendered":"&#8216;Mediod\u00eda Cope&#8217; Alcoy viernes 17 de octubre 2025 (14:20h)"},"content":{"rendered":"<p><iframe loading=\"lazy\" title=\"&#039;Mediod\u00eda Cope&#039; Alcoy Viernes 17 De Octubre 2025 (14:20h)\" width=\"100%\" height=\"120\" src=\"https:\/\/www.mixcloud.com\/widget\/iframe\/?feed=https%3A%2F%2Fwww.mixcloud.com%2FCOPEAlcoy%2Fmediod%25C3%25ADa-cope-alcoy-viernes-17-de-octubre-2025-1420h%2F&amp;hide_cover=1\" frameborder=\"0\" allow=\"encrypted-media; fullscreen; autoplay; idle-detection; speaker-selection; web-share;\"><\/iframe><\/p>\n<p style=\"text-align: justify;\">Finalizamos la semana recordando que <strong>este s\u00e1bado tendr\u00e1 lugar la presentaci\u00f3n de los cargos festeros en Alcoy<\/strong>. Tambi\u00e9n hemos destacado que <strong>nuestra ciudad se une este domingo, 19 de octubre, a la conmemoraci\u00f3n del #D\u00edaMundialDelC\u00e1ncerDeMama<\/strong>.<\/p>\n<p style=\"text-align: justify;\" data-start=\"285\" data-end=\"522\">Alcoy acoger\u00e1 este domingo,\u00a0<strong data-start=\"313\" data-end=\"330\">19 de octubre<\/strong>, la\u00a0<strong data-start=\"335\" data-end=\"396\">d\u00e9cima edici\u00f3n de la \u2018Marxa a Peu contra el C\u00e0ncer de Mama\u2019<\/strong>, una cita ya consolidada que combina\u00a0<strong data-start=\"434\" data-end=\"499\">solidaridad, sensibilizaci\u00f3n y apoyo a las personas afectadas<\/strong>\u00a0por esta enfermedad. El encuentro est\u00e1 organizado conjuntamente por el\u00a0<strong data-start=\"571\" data-end=\"596\">Ayuntamiento de Alcoy<\/strong>,<span style=\"color: #0000ff;\"><a style=\"color: #0000ff;\" href=\"https:\/\/asociacionsolc.com\/\" target=\"_blank\" rel=\"noopener\">\u00a0<strong data-start=\"598\" data-end=\"606\">SOLC<\/strong><\/a>\u00a0<\/span>(Asociaci\u00f3n Comarcal de Ayuda en el Tratamiento del C\u00e1ncer) y la\u00a0<a href=\"https:\/\/www.contraelcancer.es\/es\" target=\"_blank\" rel=\"noopener\"><span style=\"color: #0000ff;\"><strong data-start=\"672\" data-end=\"680\">AECC<\/strong><\/span><\/a>\u00a0(Asociaci\u00f3n Espa\u00f1ola Contra el C\u00e1ncer), con la colaboraci\u00f3n de diferentes empresas y entidades.<\/p>\n<p style=\"text-align: justify;\" data-start=\"285\" data-end=\"522\">Las\u00a0<strong data-start=\"823\" data-end=\"840\">inscripciones<\/strong>, con un donativo de 5 euros, se podr\u00e1n realizar de 10:30 a 11:45 horas en la\u00a0<strong data-start=\"918\" data-end=\"935\">plaza de Dins<\/strong>, donde se entregar\u00e1 una\u00a0<strong data-start=\"960\" data-end=\"986\">camiseta conmemorativa<\/strong>. Como novedad, este a\u00f1o habr\u00e1\u00a0<strong data-start=\"1017\" data-end=\"1039\">animaci\u00f3n infantil<\/strong>\u00a0entre las 10:30 y las 11:15 horas, a cargo de Sarnatxo Animaci\u00f3. A las\u00a0<strong data-start=\"1111\" data-end=\"1126\">12:00 horas<\/strong>\u00a0se proceder\u00e1 a la\u00a0<strong data-start=\"1145\" data-end=\"1171\">lectura del manifiesto<\/strong>, a cargo de las presidentas de Solc y AECC, antes del inicio de la marcha.<\/p>\n<p style=\"text-align: justify;\" data-start=\"1250\" data-end=\"1531\">El recorrido seguir\u00e1 la tradicional\u00a0<strong data-start=\"1286\" data-end=\"1307\">\u201cVolta als Ponts\u201d<\/strong>, pasando por\u00a0<strong data-start=\"1321\" data-end=\"1492\">Sant Lloren\u00e7, Pa\u00eds Valenci\u00e0, el puente de Mar\u00eda Cristina, paseo de Cervantes, Els Al\u00e7amora, puente de Sant Roc, Alameda Camilo Sesto, puente de Sant Jordi y Sant Tom\u00e0s<\/strong>, hasta regresar al punto de partida \u201c<em>cada a\u00f1o, Alcoy demuestra su compromiso y solidaridad. La Marxa a Peu no solo sirve para recaudar fondos, sino tambi\u00e9n para acompa\u00f1ar, dar visibilidad y recordar que la detecci\u00f3n temprana salva vidas\u201d<\/em>, ha destacado la concejala de Pol\u00edticas Inclusivas,\u00a0<strong data-start=\"2408\" data-end=\"2421\">Aroa Mira<\/strong>.<\/p>\n<p style=\"text-align: justify;\" data-start=\"1533\" data-end=\"1866\">La fecha coincide con el\u00a0<strong data-start=\"1558\" data-end=\"1616\">D\u00eda Internacional de la Lucha contra el C\u00e1ncer de Mama<\/strong>, instaurado por la\u00a0<strong data-start=\"1636\" data-end=\"1678\">Organizaci\u00f3n Mundial de la Salud (OMS)<\/strong>, con el objetivo de\u00a0<strong data-start=\"1699\" data-end=\"1796\">visibilizar la enfermedad, apoyar a las mujeres que la padecen y promover la detecci\u00f3n precoz<\/strong>, clave para aumentar las probabilidades de curaci\u00f3n y salvar vidas. Cabe recordar que el Departament de Salud de Alcoy es\u00a0<strong data-start=\"1877\" data-end=\"1923\">pionero en programas de detecci\u00f3n temprana<\/strong>\u00a0del C\u00e1ncer de Mama, lo que ha permitido a la ciudad situarse a la vanguardia en la prevenci\u00f3n y en el acompa\u00f1amiento a las pacientes.<\/p>\n","protected":false},"excerpt":{"rendered":"<p>Finalizamos la semana recordando que este s\u00e1bado tendr\u00e1 lugar la presentaci\u00f3n de los cargos festeros en Alcoy. Tambi\u00e9n hemos destacado&#8230;<\/p>\n","protected":false},"author":1,"featured_media":147663,"comment_status":"closed","ping_status":"closed","sticky":false,"template":"","format":"standard","meta":{"footnotes":""},"categories":[6909,89,91,75],"tags":[],"class_list":["post-158598","post","type-post","status-publish","format-standard","has-post-thumbnail","hentry","category-actualidad","category-audiosdelosprogramas","category-informativos","category-noticias"],"yoast_head":"<!-- This site is optimized with the Yoast SEO plugin v27.3 - https:\/\/yoast.com\/product\/yoast-seo-wordpress\/ -->\n<title>&#039;Mediod\u00eda Cope&#039; Alcoy viernes 17 de octubre 2025 (14:20h) - COPE Alcoy<\/title>\n<meta name=\"robots\" content=\"index, follow, max-snippet:-1, max-image-preview:large, max-video-preview:-1\" \/>\n<link rel=\"canonical\" href=\"https:\/\/www.copealcoy.es\/es\/mediodia-cope-alcoy-viernes-17-de-octubre-2025-1420h\/\" \/>\n<meta property=\"og:locale\" content=\"es_ES\" \/>\n<meta property=\"og:type\" content=\"article\" \/>\n<meta property=\"og:title\" content=\"&#039;Mediod\u00eda Cope&#039; Alcoy viernes 17 de octubre 2025 (14:20h) - COPE Alcoy\" \/>\n<meta property=\"og:description\" content=\"Finalizamos la semana recordando que este s\u00e1bado tendr\u00e1 lugar la presentaci\u00f3n de los cargos festeros en Alcoy. Tambi\u00e9n hemos destacado...\" \/>\n<meta property=\"og:url\" content=\"https:\/\/www.copealcoy.es\/es\/mediodia-cope-alcoy-viernes-17-de-octubre-2025-1420h\/\" \/>\n<meta property=\"og:site_name\" content=\"COPE Alcoy\" \/>\n<meta property=\"article:published_time\" content=\"2025-10-17T06:35:02+00:00\" \/>\n<meta property=\"article:modified_time\" content=\"2025-10-17T21:18:39+00:00\" \/>\n<meta property=\"og:image\" content=\"https:\/\/www.copealcoy.es\/wp-content\/uploads\/2025\/02\/Mediodia-Cope-Castellano.png\" \/>\n\t<meta property=\"og:image:width\" content=\"357\" \/>\n\t<meta property=\"og:image:height\" content=\"290\" \/>\n\t<meta property=\"og:image:type\" content=\"image\/png\" \/>\n<meta name=\"author\" content=\"Cope Alcoy\" \/>\n<meta name=\"twitter:label1\" content=\"Escrito por\" \/>\n\t<meta name=\"twitter:data1\" content=\"Cope Alcoy\" \/>\n\t<meta name=\"twitter:label2\" content=\"Tiempo de lectura\" \/>\n\t<meta name=\"twitter:data2\" content=\"3 minutos\" \/>\n<script type=\"application\/ld+json\" class=\"yoast-schema-graph\">{\"@context\":\"https:\\\/\\\/schema.org\",\"@graph\":[{\"@type\":\"Article\",\"@id\":\"https:\\\/\\\/www.copealcoy.es\\\/es\\\/mediodia-cope-alcoy-viernes-17-de-octubre-2025-1420h\\\/#article\",\"isPartOf\":{\"@id\":\"https:\\\/\\\/www.copealcoy.es\\\/es\\\/mediodia-cope-alcoy-viernes-17-de-octubre-2025-1420h\\\/\"},\"author\":{\"name\":\"Cope Alcoy\",\"@id\":\"https:\\\/\\\/www.copealcoy.es\\\/es\\\/#\\\/schema\\\/person\\\/e777c87fa024e57d40170af9df39882c\"},\"headline\":\"&#8216;Mediod\u00eda Cope&#8217; Alcoy viernes 17 de octubre 2025 (14:20h)\",\"datePublished\":\"2025-10-17T06:35:02+00:00\",\"dateModified\":\"2025-10-17T21:18:39+00:00\",\"mainEntityOfPage\":{\"@id\":\"https:\\\/\\\/www.copealcoy.es\\\/es\\\/mediodia-cope-alcoy-viernes-17-de-octubre-2025-1420h\\\/\"},\"wordCount\":407,\"image\":{\"@id\":\"https:\\\/\\\/www.copealcoy.es\\\/es\\\/mediodia-cope-alcoy-viernes-17-de-octubre-2025-1420h\\\/#primaryimage\"},\"thumbnailUrl\":\"https:\\\/\\\/www.copealcoy.es\\\/wp-content\\\/uploads\\\/2025\\\/02\\\/Mediodia-Cope-Castellano.png\",\"articleSection\":[\"Actualidad\",\"Audios de los programas\",\"Informativos\",\"Noticias\"],\"inLanguage\":\"es\"},{\"@type\":\"WebPage\",\"@id\":\"https:\\\/\\\/www.copealcoy.es\\\/es\\\/mediodia-cope-alcoy-viernes-17-de-octubre-2025-1420h\\\/\",\"url\":\"https:\\\/\\\/www.copealcoy.es\\\/es\\\/mediodia-cope-alcoy-viernes-17-de-octubre-2025-1420h\\\/\",\"name\":\"'Mediod\u00eda Cope' Alcoy viernes 17 de octubre 2025 (14:20h) - COPE Alcoy\",\"isPartOf\":{\"@id\":\"https:\\\/\\\/www.copealcoy.es\\\/es\\\/#website\"},\"primaryImageOfPage\":{\"@id\":\"https:\\\/\\\/www.copealcoy.es\\\/es\\\/mediodia-cope-alcoy-viernes-17-de-octubre-2025-1420h\\\/#primaryimage\"},\"image\":{\"@id\":\"https:\\\/\\\/www.copealcoy.es\\\/es\\\/mediodia-cope-alcoy-viernes-17-de-octubre-2025-1420h\\\/#primaryimage\"},\"thumbnailUrl\":\"https:\\\/\\\/www.copealcoy.es\\\/wp-content\\\/uploads\\\/2025\\\/02\\\/Mediodia-Cope-Castellano.png\",\"datePublished\":\"2025-10-17T06:35:02+00:00\",\"dateModified\":\"2025-10-17T21:18:39+00:00\",\"author\":{\"@id\":\"https:\\\/\\\/www.copealcoy.es\\\/es\\\/#\\\/schema\\\/person\\\/e777c87fa024e57d40170af9df39882c\"},\"breadcrumb\":{\"@id\":\"https:\\\/\\\/www.copealcoy.es\\\/es\\\/mediodia-cope-alcoy-viernes-17-de-octubre-2025-1420h\\\/#breadcrumb\"},\"inLanguage\":\"es\",\"potentialAction\":[{\"@type\":\"ReadAction\",\"target\":[\"https:\\\/\\\/www.copealcoy.es\\\/es\\\/mediodia-cope-alcoy-viernes-17-de-octubre-2025-1420h\\\/\"]}]},{\"@type\":\"ImageObject\",\"inLanguage\":\"es\",\"@id\":\"https:\\\/\\\/www.copealcoy.es\\\/es\\\/mediodia-cope-alcoy-viernes-17-de-octubre-2025-1420h\\\/#primaryimage\",\"url\":\"https:\\\/\\\/www.copealcoy.es\\\/wp-content\\\/uploads\\\/2025\\\/02\\\/Mediodia-Cope-Castellano.png\",\"contentUrl\":\"https:\\\/\\\/www.copealcoy.es\\\/wp-content\\\/uploads\\\/2025\\\/02\\\/Mediodia-Cope-Castellano.png\",\"width\":357,\"height\":290},{\"@type\":\"BreadcrumbList\",\"@id\":\"https:\\\/\\\/www.copealcoy.es\\\/es\\\/mediodia-cope-alcoy-viernes-17-de-octubre-2025-1420h\\\/#breadcrumb\",\"itemListElement\":[{\"@type\":\"ListItem\",\"position\":1,\"name\":\"Portada\",\"item\":\"https:\\\/\\\/www.copealcoy.es\\\/es\\\/\"},{\"@type\":\"ListItem\",\"position\":2,\"name\":\"&#8216;Mediod\u00eda Cope&#8217; Alcoy viernes 17 de octubre 2025 (14:20h)\"}]},{\"@type\":\"WebSite\",\"@id\":\"https:\\\/\\\/www.copealcoy.es\\\/es\\\/#website\",\"url\":\"https:\\\/\\\/www.copealcoy.es\\\/es\\\/\",\"name\":\"COPE Alcoy\",\"description\":\"Emisora COPE de radio local con emisi\u00f3n online. Pont de Sant Jordi 8-10 03803 Alcoy\",\"potentialAction\":[{\"@type\":\"SearchAction\",\"target\":{\"@type\":\"EntryPoint\",\"urlTemplate\":\"https:\\\/\\\/www.copealcoy.es\\\/es\\\/?s={search_term_string}\"},\"query-input\":{\"@type\":\"PropertyValueSpecification\",\"valueRequired\":true,\"valueName\":\"search_term_string\"}}],\"inLanguage\":\"es\"},{\"@type\":\"Person\",\"@id\":\"https:\\\/\\\/www.copealcoy.es\\\/es\\\/#\\\/schema\\\/person\\\/e777c87fa024e57d40170af9df39882c\",\"name\":\"Cope Alcoy\",\"image\":{\"@type\":\"ImageObject\",\"inLanguage\":\"es\",\"@id\":\"https:\\\/\\\/secure.gravatar.com\\\/avatar\\\/bb65d0283347e303893ba14f0692005417c1e0e690a325a4c5d8bb2b3943ee14?s=96&d=mm&r=g\",\"url\":\"https:\\\/\\\/secure.gravatar.com\\\/avatar\\\/bb65d0283347e303893ba14f0692005417c1e0e690a325a4c5d8bb2b3943ee14?s=96&d=mm&r=g\",\"contentUrl\":\"https:\\\/\\\/secure.gravatar.com\\\/avatar\\\/bb65d0283347e303893ba14f0692005417c1e0e690a325a4c5d8bb2b3943ee14?s=96&d=mm&r=g\",\"caption\":\"Cope Alcoy\"}}]}<\/script>\n<!-- \/ Yoast SEO plugin. -->","yoast_head_json":{"title":"'Mediod\u00eda Cope' Alcoy viernes 17 de octubre 2025 (14:20h) - COPE Alcoy","robots":{"index":"index","follow":"follow","max-snippet":"max-snippet:-1","max-image-preview":"max-image-preview:large","max-video-preview":"max-video-preview:-1"},"canonical":"https:\/\/www.copealcoy.es\/es\/mediodia-cope-alcoy-viernes-17-de-octubre-2025-1420h\/","og_locale":"es_ES","og_type":"article","og_title":"'Mediod\u00eda Cope' Alcoy viernes 17 de octubre 2025 (14:20h) - COPE Alcoy","og_description":"Finalizamos la semana recordando que este s\u00e1bado tendr\u00e1 lugar la presentaci\u00f3n de los cargos festeros en Alcoy. Tambi\u00e9n hemos destacado...","og_url":"https:\/\/www.copealcoy.es\/es\/mediodia-cope-alcoy-viernes-17-de-octubre-2025-1420h\/","og_site_name":"COPE Alcoy","article_published_time":"2025-10-17T06:35:02+00:00","article_modified_time":"2025-10-17T21:18:39+00:00","og_image":[{"width":357,"height":290,"url":"https:\/\/www.copealcoy.es\/wp-content\/uploads\/2025\/02\/Mediodia-Cope-Castellano.png","type":"image\/png"}],"author":"Cope Alcoy","twitter_misc":{"Escrito por":"Cope Alcoy","Tiempo de lectura":"3 minutos"},"schema":{"@context":"https:\/\/schema.org","@graph":[{"@type":"Article","@id":"https:\/\/www.copealcoy.es\/es\/mediodia-cope-alcoy-viernes-17-de-octubre-2025-1420h\/#article","isPartOf":{"@id":"https:\/\/www.copealcoy.es\/es\/mediodia-cope-alcoy-viernes-17-de-octubre-2025-1420h\/"},"author":{"name":"Cope Alcoy","@id":"https:\/\/www.copealcoy.es\/es\/#\/schema\/person\/e777c87fa024e57d40170af9df39882c"},"headline":"&#8216;Mediod\u00eda Cope&#8217; Alcoy viernes 17 de octubre 2025 (14:20h)","datePublished":"2025-10-17T06:35:02+00:00","dateModified":"2025-10-17T21:18:39+00:00","mainEntityOfPage":{"@id":"https:\/\/www.copealcoy.es\/es\/mediodia-cope-alcoy-viernes-17-de-octubre-2025-1420h\/"},"wordCount":407,"image":{"@id":"https:\/\/www.copealcoy.es\/es\/mediodia-cope-alcoy-viernes-17-de-octubre-2025-1420h\/#primaryimage"},"thumbnailUrl":"https:\/\/www.copealcoy.es\/wp-content\/uploads\/2025\/02\/Mediodia-Cope-Castellano.png","articleSection":["Actualidad","Audios de los programas","Informativos","Noticias"],"inLanguage":"es"},{"@type":"WebPage","@id":"https:\/\/www.copealcoy.es\/es\/mediodia-cope-alcoy-viernes-17-de-octubre-2025-1420h\/","url":"https:\/\/www.copealcoy.es\/es\/mediodia-cope-alcoy-viernes-17-de-octubre-2025-1420h\/","name":"'Mediod\u00eda Cope' Alcoy viernes 17 de octubre 2025 (14:20h) - COPE Alcoy","isPartOf":{"@id":"https:\/\/www.copealcoy.es\/es\/#website"},"primaryImageOfPage":{"@id":"https:\/\/www.copealcoy.es\/es\/mediodia-cope-alcoy-viernes-17-de-octubre-2025-1420h\/#primaryimage"},"image":{"@id":"https:\/\/www.copealcoy.es\/es\/mediodia-cope-alcoy-viernes-17-de-octubre-2025-1420h\/#primaryimage"},"thumbnailUrl":"https:\/\/www.copealcoy.es\/wp-content\/uploads\/2025\/02\/Mediodia-Cope-Castellano.png","datePublished":"2025-10-17T06:35:02+00:00","dateModified":"2025-10-17T21:18:39+00:00","author":{"@id":"https:\/\/www.copealcoy.es\/es\/#\/schema\/person\/e777c87fa024e57d40170af9df39882c"},"breadcrumb":{"@id":"https:\/\/www.copealcoy.es\/es\/mediodia-cope-alcoy-viernes-17-de-octubre-2025-1420h\/#breadcrumb"},"inLanguage":"es","potentialAction":[{"@type":"ReadAction","target":["https:\/\/www.copealcoy.es\/es\/mediodia-cope-alcoy-viernes-17-de-octubre-2025-1420h\/"]}]},{"@type":"ImageObject","inLanguage":"es","@id":"https:\/\/www.copealcoy.es\/es\/mediodia-cope-alcoy-viernes-17-de-octubre-2025-1420h\/#primaryimage","url":"https:\/\/www.copealcoy.es\/wp-content\/uploads\/2025\/02\/Mediodia-Cope-Castellano.png","contentUrl":"https:\/\/www.copealcoy.es\/wp-content\/uploads\/2025\/02\/Mediodia-Cope-Castellano.png","width":357,"height":290},{"@type":"BreadcrumbList","@id":"https:\/\/www.copealcoy.es\/es\/mediodia-cope-alcoy-viernes-17-de-octubre-2025-1420h\/#breadcrumb","itemListElement":[{"@type":"ListItem","position":1,"name":"Portada","item":"https:\/\/www.copealcoy.es\/es\/"},{"@type":"ListItem","position":2,"name":"&#8216;Mediod\u00eda Cope&#8217; Alcoy viernes 17 de octubre 2025 (14:20h)"}]},{"@type":"WebSite","@id":"https:\/\/www.copealcoy.es\/es\/#website","url":"https:\/\/www.copealcoy.es\/es\/","name":"COPE Alcoy","description":"Emisora COPE de radio local con emisi\u00f3n online. Pont de Sant Jordi 8-10 03803 Alcoy","potentialAction":[{"@type":"SearchAction","target":{"@type":"EntryPoint","urlTemplate":"https:\/\/www.copealcoy.es\/es\/?s={search_term_string}"},"query-input":{"@type":"PropertyValueSpecification","valueRequired":true,"valueName":"search_term_string"}}],"inLanguage":"es"},{"@type":"Person","@id":"https:\/\/www.copealcoy.es\/es\/#\/schema\/person\/e777c87fa024e57d40170af9df39882c","name":"Cope Alcoy","image":{"@type":"ImageObject","inLanguage":"es","@id":"https:\/\/secure.gravatar.com\/avatar\/bb65d0283347e303893ba14f0692005417c1e0e690a325a4c5d8bb2b3943ee14?s=96&d=mm&r=g","url":"https:\/\/secure.gravatar.com\/avatar\/bb65d0283347e303893ba14f0692005417c1e0e690a325a4c5d8bb2b3943ee14?s=96&d=mm&r=g","contentUrl":"https:\/\/secure.gravatar.com\/avatar\/bb65d0283347e303893ba14f0692005417c1e0e690a325a4c5d8bb2b3943ee14?s=96&d=mm&r=g","caption":"Cope Alcoy"}}]}},"_links":{"self":[{"href":"https:\/\/www.copealcoy.es\/es\/wp-json\/wp\/v2\/posts\/158598","targetHints":{"allow":["GET"]}}],"collection":[{"href":"https:\/\/www.copealcoy.es\/es\/wp-json\/wp\/v2\/posts"}],"about":[{"href":"https:\/\/www.copealcoy.es\/es\/wp-json\/wp\/v2\/types\/post"}],"author":[{"embeddable":true,"href":"https:\/\/www.copealcoy.es\/es\/wp-json\/wp\/v2\/users\/1"}],"replies":[{"embeddable":true,"href":"https:\/\/www.copealcoy.es\/es\/wp-json\/wp\/v2\/comments?post=158598"}],"version-history":[{"count":1,"href":"https:\/\/www.copealcoy.es\/es\/wp-json\/wp\/v2\/posts\/158598\/revisions"}],"predecessor-version":[{"id":158601,"href":"https:\/\/www.copealcoy.es\/es\/wp-json\/wp\/v2\/posts\/158598\/revisions\/158601"}],"wp:featuredmedia":[{"embeddable":true,"href":"https:\/\/www.copealcoy.es\/es\/wp-json\/wp\/v2\/media\/147663"}],"wp:attachment":[{"href":"https:\/\/www.copealcoy.es\/es\/wp-json\/wp\/v2\/media?parent=158598"}],"wp:term":[{"taxonomy":"category","embeddable":true,"href":"https:\/\/www.copealcoy.es\/es\/wp-json\/wp\/v2\/categories?post=158598"},{"taxonomy":"post_tag","embeddable":true,"href":"https:\/\/www.copealcoy.es\/es\/wp-json\/wp\/v2\/tags?post=158598"}],"curies":[{"name":"wp","href":"https:\/\/api.w.org\/{rel}","templated":true}]}}