{"id":158594,"date":"2025-10-17T07:30:04","date_gmt":"2025-10-17T06:30:04","guid":{"rendered":"https:\/\/www.copealcoy.es\/?p=158594"},"modified":"2025-10-17T22:09:26","modified_gmt":"2025-10-17T21:09:26","slug":"informativo-matinal-viernes-17-de-octubre-2025-0750h","status":"publish","type":"post","link":"https:\/\/www.copealcoy.es\/es\/informativo-matinal-viernes-17-de-octubre-2025-0750h\/","title":{"rendered":"Informativo matinal viernes 17 de octubre 2025 (07:50h)"},"content":{"rendered":"<p><iframe loading=\"lazy\" title=\"Informativo Matinal Viernes 17 De Octubre 2025 (07:50h)\" width=\"100%\" height=\"120\" src=\"https:\/\/www.mixcloud.com\/widget\/iframe\/?feed=https%3A%2F%2Fwww.mixcloud.com%2FCOPEAlcoy%2Finformativo-matinal-viernes-17-de-octubre-2025-0750h%2F&amp;hide_cover=1\" frameborder=\"0\" allow=\"encrypted-media; fullscreen; autoplay; idle-detection; speaker-selection; web-share;\"><\/iframe><\/p>\n<p style=\"text-align: justify;\">Hoy viernes hemos recordado que Alcoy se unir\u00e1 este fin de semana, concretamente el domingo 19 de octubre, a <strong>la conmemoraci\u00f3n del #D\u00edaMundialDelC\u00e1ncerDeMama<\/strong>. Tambi\u00e9n hemos destacado que <strong>Muro acoge a partir de hoy la edici\u00f3n n\u00famero 28 del &#8216;Encontre de Campaners Valencians&#8217;<\/strong>.<\/p>\n<p style=\"text-align: justify;\" data-start=\"338\" data-end=\"747\">Muro ser\u00e1 la sede del\u00a0<strong data-start=\"360\" data-end=\"417\">\u2018Encontre de Campaners Valencians\u2019 este fin de semana<\/strong>, un evento que por primera vez se celebra en las comarcas de\u00a0<strong data-start=\"479\" data-end=\"503\">l\u2019Alcoi\u00e0 y El Comtat<\/strong>. La cita, organizada por la\u00a0<a href=\"https:\/\/www.facebook.com\/profile.php?id=100063521674111\" target=\"_blank\" rel=\"noopener\"><strong data-start=\"532\" data-end=\"565\">Colla de Campaners del Comtat<\/strong><\/a>\u00a0con el apoyo del\u00a0<strong data-start=\"583\" data-end=\"607\">Ayuntamiento de Muro<\/strong>, reunir\u00e1 a agrupaciones de campaneros de diferentes puntos de la Comunitat Valenciana y alcanza en esta ocasi\u00f3n la edici\u00f3n n\u00famero 28.<\/p>\n<p style=\"text-align: justify;\" data-start=\"749\" data-end=\"1594\">El programa de actividades previstas arrancar\u00e1 el\u00a0<strong data-start=\"774\" data-end=\"799\">viernes 17 de octubre<\/strong>\u00a0con la\u00a0<strong data-start=\"807\" data-end=\"853\">inauguraci\u00f3n de una exposici\u00f3n fotogr\u00e1fica<\/strong>\u00a0en la\u00a0<strong data-start=\"860\" data-end=\"881\">Sala Pintor Jover<\/strong>\u00a0del Centre Cultural de Muro, que mostrar\u00e1 algunos de los campanarios m\u00e1s emblem\u00e1ticos de nuestras comarcas por medio de paneles explicativos. Ya el\u00a0<strong data-start=\"996\" data-end=\"1009\">s\u00e1bado 18<\/strong>, se desarrollar\u00e1 un\u00a0<strong data-start=\"1030\" data-end=\"1055\">ciclo de conferencias<\/strong>\u00a0sobre restauraci\u00f3n de torres, el legado cultural de las campanas y el futuro del toque manual, declarado\u00a0<strong data-start=\"1161\" data-end=\"1216\">Patrimonio Inmaterial de la Humanidad por la UNESCO<\/strong>. Durante la jornada tambi\u00e9n se proyectar\u00e1 el documental\u00a0<em data-start=\"1275\" data-end=\"1335\" data-is-only-node=\"\">Mans, Cordes i Bronze. Persones que han donat veu al poble<\/em>, elaborado por<a href=\"https:\/\/www.facebook.com\/p\/Campaners-del-Comtat-100063521674111\/?locale=es_ES\" target=\"_blank\" rel=\"noopener\"><strong>\u00a0<span style=\"color: #0000ff;\">la Colla de Campaners del Comtat<\/span><\/strong><\/a>\u00a0para difundir la riqueza del patrimonio relacionado con las campanas con el que cuentan nuestras poblaciones. Adem\u00e1s, se pondr\u00e1n en com\u00fan las actividades realizadas por las diferentes agrupaciones de campaneros de la Comunitat durante el \u00faltimo a\u00f1o \u201c<em>acudir\u00e1n cerca de un centenar de personas y esperamos que sea todo un \u00e9xito porque llevamos muchos meses de trabajo preparando todas las iniciativas que dar\u00e1n forma a este encuentro. Estamos muy contentos de acogerlo en nuestras comarcas y todas las personas que deseen conocer m\u00e1s sobre nuestras comarcas est\u00e1n invitadas a sumarse a las diferentes actividades que hemos organizado<\/em>\u201c, contaban en COPE ALCOY\u00a0<strong>Gonzalo Alemany<\/strong>\u00a0(vicepresidente de la agrupaci\u00f3n) y\u00a0<strong>Xavi Calvo<\/strong>\u00a0(tesorero).<\/p>\n<p style=\"text-align: justify;\" data-start=\"1596\" data-end=\"2064\">El encuentro culminar\u00e1 con una\u00a0<strong data-start=\"1627\" data-end=\"1662\">muestra de toques tradicionales<\/strong>\u00a0desde el campanario de Muro, acompa\u00f1ada de explicaciones en la\u00a0<strong data-start=\"1726\" data-end=\"1749\">Pla\u00e7a de l\u2019Esgl\u00e9sia<\/strong>. Cada agrupaci\u00f3n de campaneros participantes, seg\u00fan la informaci\u00f3n facilitada,<strong>\u00a0har\u00e1 la demostraci\u00f3n de un toque representativo<\/strong>\u00a0de la zona de la Comunidad Valenciana de la que proceden.<\/p>\n","protected":false},"excerpt":{"rendered":"<p>Hoy viernes hemos recordado que Alcoy se unir\u00e1 este fin de semana, concretamente el domingo 19 de octubre, a la&#8230;<\/p>\n","protected":false},"author":1,"featured_media":147669,"comment_status":"closed","ping_status":"closed","sticky":false,"template":"","format":"standard","meta":{"footnotes":""},"categories":[6909,89,91,75],"tags":[],"class_list":["post-158594","post","type-post","status-publish","format-standard","has-post-thumbnail","hentry","category-actualidad","category-audiosdelosprogramas","category-informativos","category-noticias"],"yoast_head":"<!-- This site is optimized with the Yoast SEO plugin v27.3 - https:\/\/yoast.com\/product\/yoast-seo-wordpress\/ -->\n<title>Informativo matinal viernes 17 de octubre 2025 (07:50h) - COPE Alcoy<\/title>\n<meta name=\"robots\" content=\"index, follow, max-snippet:-1, max-image-preview:large, max-video-preview:-1\" \/>\n<link rel=\"canonical\" href=\"https:\/\/www.copealcoy.es\/es\/informativo-matinal-viernes-17-de-octubre-2025-0750h\/\" \/>\n<meta property=\"og:locale\" content=\"es_ES\" \/>\n<meta property=\"og:type\" content=\"article\" \/>\n<meta property=\"og:title\" content=\"Informativo matinal viernes 17 de octubre 2025 (07:50h) - COPE Alcoy\" \/>\n<meta property=\"og:description\" content=\"Hoy viernes hemos recordado que Alcoy se unir\u00e1 este fin de semana, concretamente el domingo 19 de octubre, a la...\" \/>\n<meta property=\"og:url\" content=\"https:\/\/www.copealcoy.es\/es\/informativo-matinal-viernes-17-de-octubre-2025-0750h\/\" \/>\n<meta property=\"og:site_name\" content=\"COPE Alcoy\" \/>\n<meta property=\"article:published_time\" content=\"2025-10-17T06:30:04+00:00\" \/>\n<meta property=\"article:modified_time\" content=\"2025-10-17T21:09:26+00:00\" \/>\n<meta property=\"og:image\" content=\"https:\/\/www.copealcoy.es\/wp-content\/uploads\/2025\/02\/Informativo-Matinal-Castellano.png\" \/>\n\t<meta property=\"og:image:width\" content=\"357\" \/>\n\t<meta property=\"og:image:height\" content=\"290\" \/>\n\t<meta property=\"og:image:type\" content=\"image\/png\" \/>\n<meta name=\"author\" content=\"Cope Alcoy\" \/>\n<meta name=\"twitter:label1\" content=\"Escrito por\" \/>\n\t<meta name=\"twitter:data1\" content=\"Cope Alcoy\" \/>\n\t<meta name=\"twitter:label2\" content=\"Tiempo de lectura\" \/>\n\t<meta name=\"twitter:data2\" content=\"3 minutos\" \/>\n<script type=\"application\/ld+json\" class=\"yoast-schema-graph\">{\"@context\":\"https:\\\/\\\/schema.org\",\"@graph\":[{\"@type\":\"Article\",\"@id\":\"https:\\\/\\\/www.copealcoy.es\\\/es\\\/informativo-matinal-viernes-17-de-octubre-2025-0750h\\\/#article\",\"isPartOf\":{\"@id\":\"https:\\\/\\\/www.copealcoy.es\\\/es\\\/informativo-matinal-viernes-17-de-octubre-2025-0750h\\\/\"},\"author\":{\"name\":\"Cope Alcoy\",\"@id\":\"https:\\\/\\\/www.copealcoy.es\\\/es\\\/#\\\/schema\\\/person\\\/e777c87fa024e57d40170af9df39882c\"},\"headline\":\"Informativo matinal viernes 17 de octubre 2025 (07:50h)\",\"datePublished\":\"2025-10-17T06:30:04+00:00\",\"dateModified\":\"2025-10-17T21:09:26+00:00\",\"mainEntityOfPage\":{\"@id\":\"https:\\\/\\\/www.copealcoy.es\\\/es\\\/informativo-matinal-viernes-17-de-octubre-2025-0750h\\\/\"},\"wordCount\":420,\"image\":{\"@id\":\"https:\\\/\\\/www.copealcoy.es\\\/es\\\/informativo-matinal-viernes-17-de-octubre-2025-0750h\\\/#primaryimage\"},\"thumbnailUrl\":\"https:\\\/\\\/www.copealcoy.es\\\/wp-content\\\/uploads\\\/2025\\\/02\\\/Informativo-Matinal-Castellano.png\",\"articleSection\":[\"Actualidad\",\"Audios de los programas\",\"Informativos\",\"Noticias\"],\"inLanguage\":\"es\"},{\"@type\":\"WebPage\",\"@id\":\"https:\\\/\\\/www.copealcoy.es\\\/es\\\/informativo-matinal-viernes-17-de-octubre-2025-0750h\\\/\",\"url\":\"https:\\\/\\\/www.copealcoy.es\\\/es\\\/informativo-matinal-viernes-17-de-octubre-2025-0750h\\\/\",\"name\":\"Informativo matinal viernes 17 de octubre 2025 (07:50h) - COPE Alcoy\",\"isPartOf\":{\"@id\":\"https:\\\/\\\/www.copealcoy.es\\\/es\\\/#website\"},\"primaryImageOfPage\":{\"@id\":\"https:\\\/\\\/www.copealcoy.es\\\/es\\\/informativo-matinal-viernes-17-de-octubre-2025-0750h\\\/#primaryimage\"},\"image\":{\"@id\":\"https:\\\/\\\/www.copealcoy.es\\\/es\\\/informativo-matinal-viernes-17-de-octubre-2025-0750h\\\/#primaryimage\"},\"thumbnailUrl\":\"https:\\\/\\\/www.copealcoy.es\\\/wp-content\\\/uploads\\\/2025\\\/02\\\/Informativo-Matinal-Castellano.png\",\"datePublished\":\"2025-10-17T06:30:04+00:00\",\"dateModified\":\"2025-10-17T21:09:26+00:00\",\"author\":{\"@id\":\"https:\\\/\\\/www.copealcoy.es\\\/es\\\/#\\\/schema\\\/person\\\/e777c87fa024e57d40170af9df39882c\"},\"breadcrumb\":{\"@id\":\"https:\\\/\\\/www.copealcoy.es\\\/es\\\/informativo-matinal-viernes-17-de-octubre-2025-0750h\\\/#breadcrumb\"},\"inLanguage\":\"es\",\"potentialAction\":[{\"@type\":\"ReadAction\",\"target\":[\"https:\\\/\\\/www.copealcoy.es\\\/es\\\/informativo-matinal-viernes-17-de-octubre-2025-0750h\\\/\"]}]},{\"@type\":\"ImageObject\",\"inLanguage\":\"es\",\"@id\":\"https:\\\/\\\/www.copealcoy.es\\\/es\\\/informativo-matinal-viernes-17-de-octubre-2025-0750h\\\/#primaryimage\",\"url\":\"https:\\\/\\\/www.copealcoy.es\\\/wp-content\\\/uploads\\\/2025\\\/02\\\/Informativo-Matinal-Castellano.png\",\"contentUrl\":\"https:\\\/\\\/www.copealcoy.es\\\/wp-content\\\/uploads\\\/2025\\\/02\\\/Informativo-Matinal-Castellano.png\",\"width\":357,\"height\":290},{\"@type\":\"BreadcrumbList\",\"@id\":\"https:\\\/\\\/www.copealcoy.es\\\/es\\\/informativo-matinal-viernes-17-de-octubre-2025-0750h\\\/#breadcrumb\",\"itemListElement\":[{\"@type\":\"ListItem\",\"position\":1,\"name\":\"Portada\",\"item\":\"https:\\\/\\\/www.copealcoy.es\\\/es\\\/\"},{\"@type\":\"ListItem\",\"position\":2,\"name\":\"Informativo matinal viernes 17 de octubre 2025 (07:50h)\"}]},{\"@type\":\"WebSite\",\"@id\":\"https:\\\/\\\/www.copealcoy.es\\\/es\\\/#website\",\"url\":\"https:\\\/\\\/www.copealcoy.es\\\/es\\\/\",\"name\":\"COPE Alcoy\",\"description\":\"Emisora COPE de radio local con emisi\u00f3n online. Pont de Sant Jordi 8-10 03803 Alcoy\",\"potentialAction\":[{\"@type\":\"SearchAction\",\"target\":{\"@type\":\"EntryPoint\",\"urlTemplate\":\"https:\\\/\\\/www.copealcoy.es\\\/es\\\/?s={search_term_string}\"},\"query-input\":{\"@type\":\"PropertyValueSpecification\",\"valueRequired\":true,\"valueName\":\"search_term_string\"}}],\"inLanguage\":\"es\"},{\"@type\":\"Person\",\"@id\":\"https:\\\/\\\/www.copealcoy.es\\\/es\\\/#\\\/schema\\\/person\\\/e777c87fa024e57d40170af9df39882c\",\"name\":\"Cope Alcoy\",\"image\":{\"@type\":\"ImageObject\",\"inLanguage\":\"es\",\"@id\":\"https:\\\/\\\/secure.gravatar.com\\\/avatar\\\/bb65d0283347e303893ba14f0692005417c1e0e690a325a4c5d8bb2b3943ee14?s=96&d=mm&r=g\",\"url\":\"https:\\\/\\\/secure.gravatar.com\\\/avatar\\\/bb65d0283347e303893ba14f0692005417c1e0e690a325a4c5d8bb2b3943ee14?s=96&d=mm&r=g\",\"contentUrl\":\"https:\\\/\\\/secure.gravatar.com\\\/avatar\\\/bb65d0283347e303893ba14f0692005417c1e0e690a325a4c5d8bb2b3943ee14?s=96&d=mm&r=g\",\"caption\":\"Cope Alcoy\"}}]}<\/script>\n<!-- \/ Yoast SEO plugin. -->","yoast_head_json":{"title":"Informativo matinal viernes 17 de octubre 2025 (07:50h) - COPE Alcoy","robots":{"index":"index","follow":"follow","max-snippet":"max-snippet:-1","max-image-preview":"max-image-preview:large","max-video-preview":"max-video-preview:-1"},"canonical":"https:\/\/www.copealcoy.es\/es\/informativo-matinal-viernes-17-de-octubre-2025-0750h\/","og_locale":"es_ES","og_type":"article","og_title":"Informativo matinal viernes 17 de octubre 2025 (07:50h) - COPE Alcoy","og_description":"Hoy viernes hemos recordado que Alcoy se unir\u00e1 este fin de semana, concretamente el domingo 19 de octubre, a la...","og_url":"https:\/\/www.copealcoy.es\/es\/informativo-matinal-viernes-17-de-octubre-2025-0750h\/","og_site_name":"COPE Alcoy","article_published_time":"2025-10-17T06:30:04+00:00","article_modified_time":"2025-10-17T21:09:26+00:00","og_image":[{"width":357,"height":290,"url":"https:\/\/www.copealcoy.es\/wp-content\/uploads\/2025\/02\/Informativo-Matinal-Castellano.png","type":"image\/png"}],"author":"Cope Alcoy","twitter_misc":{"Escrito por":"Cope Alcoy","Tiempo de lectura":"3 minutos"},"schema":{"@context":"https:\/\/schema.org","@graph":[{"@type":"Article","@id":"https:\/\/www.copealcoy.es\/es\/informativo-matinal-viernes-17-de-octubre-2025-0750h\/#article","isPartOf":{"@id":"https:\/\/www.copealcoy.es\/es\/informativo-matinal-viernes-17-de-octubre-2025-0750h\/"},"author":{"name":"Cope Alcoy","@id":"https:\/\/www.copealcoy.es\/es\/#\/schema\/person\/e777c87fa024e57d40170af9df39882c"},"headline":"Informativo matinal viernes 17 de octubre 2025 (07:50h)","datePublished":"2025-10-17T06:30:04+00:00","dateModified":"2025-10-17T21:09:26+00:00","mainEntityOfPage":{"@id":"https:\/\/www.copealcoy.es\/es\/informativo-matinal-viernes-17-de-octubre-2025-0750h\/"},"wordCount":420,"image":{"@id":"https:\/\/www.copealcoy.es\/es\/informativo-matinal-viernes-17-de-octubre-2025-0750h\/#primaryimage"},"thumbnailUrl":"https:\/\/www.copealcoy.es\/wp-content\/uploads\/2025\/02\/Informativo-Matinal-Castellano.png","articleSection":["Actualidad","Audios de los programas","Informativos","Noticias"],"inLanguage":"es"},{"@type":"WebPage","@id":"https:\/\/www.copealcoy.es\/es\/informativo-matinal-viernes-17-de-octubre-2025-0750h\/","url":"https:\/\/www.copealcoy.es\/es\/informativo-matinal-viernes-17-de-octubre-2025-0750h\/","name":"Informativo matinal viernes 17 de octubre 2025 (07:50h) - COPE Alcoy","isPartOf":{"@id":"https:\/\/www.copealcoy.es\/es\/#website"},"primaryImageOfPage":{"@id":"https:\/\/www.copealcoy.es\/es\/informativo-matinal-viernes-17-de-octubre-2025-0750h\/#primaryimage"},"image":{"@id":"https:\/\/www.copealcoy.es\/es\/informativo-matinal-viernes-17-de-octubre-2025-0750h\/#primaryimage"},"thumbnailUrl":"https:\/\/www.copealcoy.es\/wp-content\/uploads\/2025\/02\/Informativo-Matinal-Castellano.png","datePublished":"2025-10-17T06:30:04+00:00","dateModified":"2025-10-17T21:09:26+00:00","author":{"@id":"https:\/\/www.copealcoy.es\/es\/#\/schema\/person\/e777c87fa024e57d40170af9df39882c"},"breadcrumb":{"@id":"https:\/\/www.copealcoy.es\/es\/informativo-matinal-viernes-17-de-octubre-2025-0750h\/#breadcrumb"},"inLanguage":"es","potentialAction":[{"@type":"ReadAction","target":["https:\/\/www.copealcoy.es\/es\/informativo-matinal-viernes-17-de-octubre-2025-0750h\/"]}]},{"@type":"ImageObject","inLanguage":"es","@id":"https:\/\/www.copealcoy.es\/es\/informativo-matinal-viernes-17-de-octubre-2025-0750h\/#primaryimage","url":"https:\/\/www.copealcoy.es\/wp-content\/uploads\/2025\/02\/Informativo-Matinal-Castellano.png","contentUrl":"https:\/\/www.copealcoy.es\/wp-content\/uploads\/2025\/02\/Informativo-Matinal-Castellano.png","width":357,"height":290},{"@type":"BreadcrumbList","@id":"https:\/\/www.copealcoy.es\/es\/informativo-matinal-viernes-17-de-octubre-2025-0750h\/#breadcrumb","itemListElement":[{"@type":"ListItem","position":1,"name":"Portada","item":"https:\/\/www.copealcoy.es\/es\/"},{"@type":"ListItem","position":2,"name":"Informativo matinal viernes 17 de octubre 2025 (07:50h)"}]},{"@type":"WebSite","@id":"https:\/\/www.copealcoy.es\/es\/#website","url":"https:\/\/www.copealcoy.es\/es\/","name":"COPE Alcoy","description":"Emisora COPE de radio local con emisi\u00f3n online. Pont de Sant Jordi 8-10 03803 Alcoy","potentialAction":[{"@type":"SearchAction","target":{"@type":"EntryPoint","urlTemplate":"https:\/\/www.copealcoy.es\/es\/?s={search_term_string}"},"query-input":{"@type":"PropertyValueSpecification","valueRequired":true,"valueName":"search_term_string"}}],"inLanguage":"es"},{"@type":"Person","@id":"https:\/\/www.copealcoy.es\/es\/#\/schema\/person\/e777c87fa024e57d40170af9df39882c","name":"Cope Alcoy","image":{"@type":"ImageObject","inLanguage":"es","@id":"https:\/\/secure.gravatar.com\/avatar\/bb65d0283347e303893ba14f0692005417c1e0e690a325a4c5d8bb2b3943ee14?s=96&d=mm&r=g","url":"https:\/\/secure.gravatar.com\/avatar\/bb65d0283347e303893ba14f0692005417c1e0e690a325a4c5d8bb2b3943ee14?s=96&d=mm&r=g","contentUrl":"https:\/\/secure.gravatar.com\/avatar\/bb65d0283347e303893ba14f0692005417c1e0e690a325a4c5d8bb2b3943ee14?s=96&d=mm&r=g","caption":"Cope Alcoy"}}]}},"_links":{"self":[{"href":"https:\/\/www.copealcoy.es\/es\/wp-json\/wp\/v2\/posts\/158594","targetHints":{"allow":["GET"]}}],"collection":[{"href":"https:\/\/www.copealcoy.es\/es\/wp-json\/wp\/v2\/posts"}],"about":[{"href":"https:\/\/www.copealcoy.es\/es\/wp-json\/wp\/v2\/types\/post"}],"author":[{"embeddable":true,"href":"https:\/\/www.copealcoy.es\/es\/wp-json\/wp\/v2\/users\/1"}],"replies":[{"embeddable":true,"href":"https:\/\/www.copealcoy.es\/es\/wp-json\/wp\/v2\/comments?post=158594"}],"version-history":[{"count":1,"href":"https:\/\/www.copealcoy.es\/es\/wp-json\/wp\/v2\/posts\/158594\/revisions"}],"predecessor-version":[{"id":158595,"href":"https:\/\/www.copealcoy.es\/es\/wp-json\/wp\/v2\/posts\/158594\/revisions\/158595"}],"wp:featuredmedia":[{"embeddable":true,"href":"https:\/\/www.copealcoy.es\/es\/wp-json\/wp\/v2\/media\/147669"}],"wp:attachment":[{"href":"https:\/\/www.copealcoy.es\/es\/wp-json\/wp\/v2\/media?parent=158594"}],"wp:term":[{"taxonomy":"category","embeddable":true,"href":"https:\/\/www.copealcoy.es\/es\/wp-json\/wp\/v2\/categories?post=158594"},{"taxonomy":"post_tag","embeddable":true,"href":"https:\/\/www.copealcoy.es\/es\/wp-json\/wp\/v2\/tags?post=158594"}],"curies":[{"name":"wp","href":"https:\/\/api.w.org\/{rel}","templated":true}]}}