{"id":158561,"date":"2025-10-16T07:35:09","date_gmt":"2025-10-16T06:35:09","guid":{"rendered":"https:\/\/www.copealcoy.es\/?p=158561"},"modified":"2025-10-16T16:56:12","modified_gmt":"2025-10-16T15:56:12","slug":"mediodia-cope-alcoy-jueves-16-de-octubre-2025-1420h","status":"publish","type":"post","link":"https:\/\/www.copealcoy.es\/es\/mediodia-cope-alcoy-jueves-16-de-octubre-2025-1420h\/","title":{"rendered":"\u2018Mediod\u00eda Cope\u2019 Alcoy jueves 16 de octubre 2025 (14:20h)"},"content":{"rendered":"<p><iframe loading=\"lazy\" title=\"&#039;Mediod\u00eda Cope&#039; Alcoy Jueves 16 De Octubre 2025 (14:20h)\" width=\"100%\" height=\"120\" src=\"https:\/\/www.mixcloud.com\/widget\/iframe\/?feed=https%3A%2F%2Fwww.mixcloud.com%2FCOPEAlcoy%2Fmediod%25C3%25ADa-cope-alcoy-jueves-16-de-octubre-2025-1420h%2F&amp;hide_cover=1\" frameborder=\"0\" allow=\"encrypted-media; fullscreen; autoplay; idle-detection; speaker-selection; web-share;\"><\/iframe><\/p>\n<p style=\"text-align: justify;\">Hoy jueves hemos recordado que <strong>ma\u00f1ana arranca la Fira Gastron\u00f3mica y del Sector Agroalimentari de Muro<\/strong>. Tambi\u00e9n <strong>hemos hecho referencia a las obras que han permitido mejorar la accesibilidad en el Palacio de Justicia de Alcoy<\/strong>.<\/p>\n<p style=\"text-align: justify;\" data-start=\"270\" data-end=\"518\">La\u00a0<span style=\"color: #0000ff;\"><a style=\"color: #0000ff;\" href=\"https:\/\/cjusticia.gva.es\/es\/\" target=\"_blank\" rel=\"noopener\"><strong data-start=\"273\" data-end=\"325\">Conselleria de Justicia y Administraci\u00f3n P\u00fablica<\/strong><\/a><\/span>\u00a0ha finalizado las\u00a0<strong data-start=\"344\" data-end=\"402\">obras de mejora de la accesibilidad y la funcionalidad<\/strong>\u00a0de la sede judicial de\u00a0<strong data-start=\"426\" data-end=\"435\">Alcoy.<\/strong>\u00a0En el proyecto, seg\u00fan la informaci\u00f3n facilitada,\u00a0la\u00a0<strong data-start=\"451\" data-end=\"477\">Generalitat Valenciana<\/strong>\u00a0ha invertido\u00a0<strong data-start=\"491\" data-end=\"515\">m\u00e1s de 128.000 euros<\/strong>.<\/p>\n<p style=\"text-align: justify;\" data-start=\"520\" data-end=\"992\">La\u00a0<strong data-start=\"523\" data-end=\"590\">consellera de Justicia y Administraci\u00f3n P\u00fablica, Nuria Mart\u00ednez<\/strong>, ha destacado que \u201c<em>esta actuaci\u00f3n es una muestra del compromiso del Consell con una justicia p\u00fablica que coloca a las personas en el centro del sistema y se adapta a la realidad social\u201d. <\/em>En este sentido, Mart\u00ednez ha a\u00f1adido que<em> \u201cavanzamos en la mejora de las infraestructuras judiciales de Alcoy, atendiendo a una necesidad de la ciudadan\u00eda con la que ofrecemos un servicio m\u00e1s accesible y funcional<\/em>\u201d. Las obras, que han tenido una duraci\u00f3n de\u00a0<strong data-start=\"1036\" data-end=\"1051\">cinco meses<\/strong>, han permitido incorporar distintos elementos para\u00a0<strong data-start=\"1103\" data-end=\"1184\">mejorar la atenci\u00f3n a personas con dificultades motoras, auditivas y visuales<\/strong>, con el objetivo de garantizar una justicia m\u00e1s inclusiva.<\/p>\n<p style=\"text-align: justify;\" data-start=\"1247\" data-end=\"1610\">La\u00a0<strong data-start=\"1250\" data-end=\"1276\">sede judicial de Alcoy<\/strong>, situada en la\u00a0<strong data-start=\"1292\" data-end=\"1323\">plaza Mare de D\u00e9u, n\u00famero 2<\/strong>, alberga los\u00a0<strong data-start=\"1337\" data-end=\"1404\">Juzgados de Primera Instancia e Instrucci\u00f3n n\u00fameros 1, 2, 3 y 4<\/strong>, y actualmente se ultiman los trabajos correspondientes a la se\u00f1alizaci\u00f3n horizontal en escaleras, la instalaci\u00f3n de bucles magn\u00e9ticos, la mejora de pasamanos y la carteler\u00eda accesible en todo el edificio.<\/p>\n<p style=\"text-align: justify;\" data-start=\"1247\" data-end=\"1610\"><span style=\"color: #0000ff;\"><strong>Actuaciones realizadas<\/strong><\/span><\/p>\n<p style=\"text-align: justify;\" data-start=\"1645\" data-end=\"1887\">Entre las actuaciones m\u00e1s destacadas figura la\u00a0<strong data-start=\"1692\" data-end=\"1728\">instalaci\u00f3n de bucles magn\u00e9ticos<\/strong>\u00a0en ascensores, mostradores de atenci\u00f3n al p\u00fablico, salas multiusos y salas de vistas, facilitando la comunicaci\u00f3n de las personas con discapacidad auditiva. Asimismo, en la\u00a0<strong data-start=\"1905\" data-end=\"1936\">rampa de acceso al edificio<\/strong>\u00a0se ha incorporado un\u00a0<strong data-start=\"1958\" data-end=\"1979\">segundo pasamanos<\/strong>\u00a0a menor altura, y en la planta baja se ha habilitado un\u00a0<strong data-start=\"2036\" data-end=\"2071\">servicio accesible de uso mixto<\/strong>, dotado de lavabo sin pedestal, espejo reclinable y mecanismos adaptados.<\/p>\n<p style=\"text-align: justify;\" data-start=\"2149\" data-end=\"2354\">Para las personas con discapacidad visual, se ha instalado\u00a0<strong data-start=\"2208\" data-end=\"2258\">carteler\u00eda accesible en braille y alto relieve<\/strong>, as\u00ed como\u00a0<strong data-start=\"2269\" data-end=\"2328\">se\u00f1alizaci\u00f3n horizontal en el arranque de las escaleras<\/strong>\u00a0y en la rampa exterior. Adem\u00e1s, se ha llevado a cabo la\u00a0<strong data-start=\"2388\" data-end=\"2430\">adecuaci\u00f3n de las plantas del edificio<\/strong>, la\u00a0<strong data-start=\"2435\" data-end=\"2501\">ampliaci\u00f3n de la Oficina de Atenci\u00f3n a las V\u00edctimas del Delito<\/strong>, el\u00a0<strong data-start=\"2506\" data-end=\"2547\">traslado de la Cl\u00ednica M\u00e9dico Forense<\/strong>\u00a0y la incorporaci\u00f3n de\u00a0<strong data-start=\"2570\" data-end=\"2590\">nueva carteler\u00eda<\/strong>\u00a0en toda la sede.<\/p>\n<p style=\"text-align: justify;\" data-start=\"2611\" data-end=\"2900\">La intervenci\u00f3n tambi\u00e9n ha incluido\u00a0<strong data-start=\"2647\" data-end=\"2686\">trabajos de reforma y mantenimiento<\/strong>, como la redistribuci\u00f3n de los espacios de atenci\u00f3n a las v\u00edctimas, la creaci\u00f3n de\u00a0<strong data-start=\"2770\" data-end=\"2815\">dos nuevos despachos y una zona de espera<\/strong>, y la adecuaci\u00f3n del\u00a0<strong data-start=\"2837\" data-end=\"2878\">despacho de la cl\u00ednica m\u00e9dica forense<\/strong>\u00a0en la segunda planta.<\/p>\n","protected":false},"excerpt":{"rendered":"<p>Hoy jueves hemos recordado que ma\u00f1ana arranca la Fira Gastron\u00f3mica y del Sector Agroalimentari de Muro. Tambi\u00e9n hemos hecho referencia&#8230;<\/p>\n","protected":false},"author":1,"featured_media":147663,"comment_status":"closed","ping_status":"closed","sticky":false,"template":"","format":"standard","meta":{"footnotes":""},"categories":[6909,89,91,75],"tags":[],"class_list":["post-158561","post","type-post","status-publish","format-standard","has-post-thumbnail","hentry","category-actualidad","category-audiosdelosprogramas","category-informativos","category-noticias"],"yoast_head":"<!-- This site is optimized with the Yoast SEO plugin v27.3 - https:\/\/yoast.com\/product\/yoast-seo-wordpress\/ -->\n<title>\u2018Mediod\u00eda Cope\u2019 Alcoy jueves 16 de octubre 2025 (14:20h) - COPE Alcoy<\/title>\n<meta name=\"robots\" content=\"index, follow, max-snippet:-1, max-image-preview:large, max-video-preview:-1\" \/>\n<link rel=\"canonical\" href=\"https:\/\/www.copealcoy.es\/es\/mediodia-cope-alcoy-jueves-16-de-octubre-2025-1420h\/\" \/>\n<meta property=\"og:locale\" content=\"es_ES\" \/>\n<meta property=\"og:type\" content=\"article\" \/>\n<meta property=\"og:title\" content=\"\u2018Mediod\u00eda Cope\u2019 Alcoy jueves 16 de octubre 2025 (14:20h) - COPE Alcoy\" \/>\n<meta property=\"og:description\" content=\"Hoy jueves hemos recordado que ma\u00f1ana arranca la Fira Gastron\u00f3mica y del Sector Agroalimentari de Muro. Tambi\u00e9n hemos hecho referencia...\" \/>\n<meta property=\"og:url\" content=\"https:\/\/www.copealcoy.es\/es\/mediodia-cope-alcoy-jueves-16-de-octubre-2025-1420h\/\" \/>\n<meta property=\"og:site_name\" content=\"COPE Alcoy\" \/>\n<meta property=\"article:published_time\" content=\"2025-10-16T06:35:09+00:00\" \/>\n<meta property=\"article:modified_time\" content=\"2025-10-16T15:56:12+00:00\" \/>\n<meta property=\"og:image\" content=\"https:\/\/www.copealcoy.es\/wp-content\/uploads\/2025\/02\/Mediodia-Cope-Castellano.png\" \/>\n\t<meta property=\"og:image:width\" content=\"357\" \/>\n\t<meta property=\"og:image:height\" content=\"290\" \/>\n\t<meta property=\"og:image:type\" content=\"image\/png\" \/>\n<meta name=\"author\" content=\"Cope Alcoy\" \/>\n<meta name=\"twitter:label1\" content=\"Escrito por\" \/>\n\t<meta name=\"twitter:data1\" content=\"Cope Alcoy\" \/>\n\t<meta name=\"twitter:label2\" content=\"Tiempo de lectura\" \/>\n\t<meta name=\"twitter:data2\" content=\"3 minutos\" \/>\n<script type=\"application\/ld+json\" class=\"yoast-schema-graph\">{\"@context\":\"https:\\\/\\\/schema.org\",\"@graph\":[{\"@type\":\"Article\",\"@id\":\"https:\\\/\\\/www.copealcoy.es\\\/es\\\/mediodia-cope-alcoy-jueves-16-de-octubre-2025-1420h\\\/#article\",\"isPartOf\":{\"@id\":\"https:\\\/\\\/www.copealcoy.es\\\/es\\\/mediodia-cope-alcoy-jueves-16-de-octubre-2025-1420h\\\/\"},\"author\":{\"name\":\"Cope Alcoy\",\"@id\":\"https:\\\/\\\/www.copealcoy.es\\\/es\\\/#\\\/schema\\\/person\\\/e777c87fa024e57d40170af9df39882c\"},\"headline\":\"\u2018Mediod\u00eda Cope\u2019 Alcoy jueves 16 de octubre 2025 (14:20h)\",\"datePublished\":\"2025-10-16T06:35:09+00:00\",\"dateModified\":\"2025-10-16T15:56:12+00:00\",\"mainEntityOfPage\":{\"@id\":\"https:\\\/\\\/www.copealcoy.es\\\/es\\\/mediodia-cope-alcoy-jueves-16-de-octubre-2025-1420h\\\/\"},\"wordCount\":511,\"image\":{\"@id\":\"https:\\\/\\\/www.copealcoy.es\\\/es\\\/mediodia-cope-alcoy-jueves-16-de-octubre-2025-1420h\\\/#primaryimage\"},\"thumbnailUrl\":\"https:\\\/\\\/www.copealcoy.es\\\/wp-content\\\/uploads\\\/2025\\\/02\\\/Mediodia-Cope-Castellano.png\",\"articleSection\":[\"Actualidad\",\"Audios de los programas\",\"Informativos\",\"Noticias\"],\"inLanguage\":\"es\"},{\"@type\":\"WebPage\",\"@id\":\"https:\\\/\\\/www.copealcoy.es\\\/es\\\/mediodia-cope-alcoy-jueves-16-de-octubre-2025-1420h\\\/\",\"url\":\"https:\\\/\\\/www.copealcoy.es\\\/es\\\/mediodia-cope-alcoy-jueves-16-de-octubre-2025-1420h\\\/\",\"name\":\"\u2018Mediod\u00eda Cope\u2019 Alcoy jueves 16 de octubre 2025 (14:20h) - COPE Alcoy\",\"isPartOf\":{\"@id\":\"https:\\\/\\\/www.copealcoy.es\\\/es\\\/#website\"},\"primaryImageOfPage\":{\"@id\":\"https:\\\/\\\/www.copealcoy.es\\\/es\\\/mediodia-cope-alcoy-jueves-16-de-octubre-2025-1420h\\\/#primaryimage\"},\"image\":{\"@id\":\"https:\\\/\\\/www.copealcoy.es\\\/es\\\/mediodia-cope-alcoy-jueves-16-de-octubre-2025-1420h\\\/#primaryimage\"},\"thumbnailUrl\":\"https:\\\/\\\/www.copealcoy.es\\\/wp-content\\\/uploads\\\/2025\\\/02\\\/Mediodia-Cope-Castellano.png\",\"datePublished\":\"2025-10-16T06:35:09+00:00\",\"dateModified\":\"2025-10-16T15:56:12+00:00\",\"author\":{\"@id\":\"https:\\\/\\\/www.copealcoy.es\\\/es\\\/#\\\/schema\\\/person\\\/e777c87fa024e57d40170af9df39882c\"},\"breadcrumb\":{\"@id\":\"https:\\\/\\\/www.copealcoy.es\\\/es\\\/mediodia-cope-alcoy-jueves-16-de-octubre-2025-1420h\\\/#breadcrumb\"},\"inLanguage\":\"es\",\"potentialAction\":[{\"@type\":\"ReadAction\",\"target\":[\"https:\\\/\\\/www.copealcoy.es\\\/es\\\/mediodia-cope-alcoy-jueves-16-de-octubre-2025-1420h\\\/\"]}]},{\"@type\":\"ImageObject\",\"inLanguage\":\"es\",\"@id\":\"https:\\\/\\\/www.copealcoy.es\\\/es\\\/mediodia-cope-alcoy-jueves-16-de-octubre-2025-1420h\\\/#primaryimage\",\"url\":\"https:\\\/\\\/www.copealcoy.es\\\/wp-content\\\/uploads\\\/2025\\\/02\\\/Mediodia-Cope-Castellano.png\",\"contentUrl\":\"https:\\\/\\\/www.copealcoy.es\\\/wp-content\\\/uploads\\\/2025\\\/02\\\/Mediodia-Cope-Castellano.png\",\"width\":357,\"height\":290},{\"@type\":\"BreadcrumbList\",\"@id\":\"https:\\\/\\\/www.copealcoy.es\\\/es\\\/mediodia-cope-alcoy-jueves-16-de-octubre-2025-1420h\\\/#breadcrumb\",\"itemListElement\":[{\"@type\":\"ListItem\",\"position\":1,\"name\":\"Portada\",\"item\":\"https:\\\/\\\/www.copealcoy.es\\\/es\\\/\"},{\"@type\":\"ListItem\",\"position\":2,\"name\":\"\u2018Mediod\u00eda Cope\u2019 Alcoy jueves 16 de octubre 2025 (14:20h)\"}]},{\"@type\":\"WebSite\",\"@id\":\"https:\\\/\\\/www.copealcoy.es\\\/es\\\/#website\",\"url\":\"https:\\\/\\\/www.copealcoy.es\\\/es\\\/\",\"name\":\"COPE Alcoy\",\"description\":\"Emisora COPE de radio local con emisi\u00f3n online. Pont de Sant Jordi 8-10 03803 Alcoy\",\"potentialAction\":[{\"@type\":\"SearchAction\",\"target\":{\"@type\":\"EntryPoint\",\"urlTemplate\":\"https:\\\/\\\/www.copealcoy.es\\\/es\\\/?s={search_term_string}\"},\"query-input\":{\"@type\":\"PropertyValueSpecification\",\"valueRequired\":true,\"valueName\":\"search_term_string\"}}],\"inLanguage\":\"es\"},{\"@type\":\"Person\",\"@id\":\"https:\\\/\\\/www.copealcoy.es\\\/es\\\/#\\\/schema\\\/person\\\/e777c87fa024e57d40170af9df39882c\",\"name\":\"Cope Alcoy\",\"image\":{\"@type\":\"ImageObject\",\"inLanguage\":\"es\",\"@id\":\"https:\\\/\\\/secure.gravatar.com\\\/avatar\\\/bb65d0283347e303893ba14f0692005417c1e0e690a325a4c5d8bb2b3943ee14?s=96&d=mm&r=g\",\"url\":\"https:\\\/\\\/secure.gravatar.com\\\/avatar\\\/bb65d0283347e303893ba14f0692005417c1e0e690a325a4c5d8bb2b3943ee14?s=96&d=mm&r=g\",\"contentUrl\":\"https:\\\/\\\/secure.gravatar.com\\\/avatar\\\/bb65d0283347e303893ba14f0692005417c1e0e690a325a4c5d8bb2b3943ee14?s=96&d=mm&r=g\",\"caption\":\"Cope Alcoy\"}}]}<\/script>\n<!-- \/ Yoast SEO plugin. -->","yoast_head_json":{"title":"\u2018Mediod\u00eda Cope\u2019 Alcoy jueves 16 de octubre 2025 (14:20h) - COPE Alcoy","robots":{"index":"index","follow":"follow","max-snippet":"max-snippet:-1","max-image-preview":"max-image-preview:large","max-video-preview":"max-video-preview:-1"},"canonical":"https:\/\/www.copealcoy.es\/es\/mediodia-cope-alcoy-jueves-16-de-octubre-2025-1420h\/","og_locale":"es_ES","og_type":"article","og_title":"\u2018Mediod\u00eda Cope\u2019 Alcoy jueves 16 de octubre 2025 (14:20h) - COPE Alcoy","og_description":"Hoy jueves hemos recordado que ma\u00f1ana arranca la Fira Gastron\u00f3mica y del Sector Agroalimentari de Muro. Tambi\u00e9n hemos hecho referencia...","og_url":"https:\/\/www.copealcoy.es\/es\/mediodia-cope-alcoy-jueves-16-de-octubre-2025-1420h\/","og_site_name":"COPE Alcoy","article_published_time":"2025-10-16T06:35:09+00:00","article_modified_time":"2025-10-16T15:56:12+00:00","og_image":[{"width":357,"height":290,"url":"https:\/\/www.copealcoy.es\/wp-content\/uploads\/2025\/02\/Mediodia-Cope-Castellano.png","type":"image\/png"}],"author":"Cope Alcoy","twitter_misc":{"Escrito por":"Cope Alcoy","Tiempo de lectura":"3 minutos"},"schema":{"@context":"https:\/\/schema.org","@graph":[{"@type":"Article","@id":"https:\/\/www.copealcoy.es\/es\/mediodia-cope-alcoy-jueves-16-de-octubre-2025-1420h\/#article","isPartOf":{"@id":"https:\/\/www.copealcoy.es\/es\/mediodia-cope-alcoy-jueves-16-de-octubre-2025-1420h\/"},"author":{"name":"Cope Alcoy","@id":"https:\/\/www.copealcoy.es\/es\/#\/schema\/person\/e777c87fa024e57d40170af9df39882c"},"headline":"\u2018Mediod\u00eda Cope\u2019 Alcoy jueves 16 de octubre 2025 (14:20h)","datePublished":"2025-10-16T06:35:09+00:00","dateModified":"2025-10-16T15:56:12+00:00","mainEntityOfPage":{"@id":"https:\/\/www.copealcoy.es\/es\/mediodia-cope-alcoy-jueves-16-de-octubre-2025-1420h\/"},"wordCount":511,"image":{"@id":"https:\/\/www.copealcoy.es\/es\/mediodia-cope-alcoy-jueves-16-de-octubre-2025-1420h\/#primaryimage"},"thumbnailUrl":"https:\/\/www.copealcoy.es\/wp-content\/uploads\/2025\/02\/Mediodia-Cope-Castellano.png","articleSection":["Actualidad","Audios de los programas","Informativos","Noticias"],"inLanguage":"es"},{"@type":"WebPage","@id":"https:\/\/www.copealcoy.es\/es\/mediodia-cope-alcoy-jueves-16-de-octubre-2025-1420h\/","url":"https:\/\/www.copealcoy.es\/es\/mediodia-cope-alcoy-jueves-16-de-octubre-2025-1420h\/","name":"\u2018Mediod\u00eda Cope\u2019 Alcoy jueves 16 de octubre 2025 (14:20h) - COPE Alcoy","isPartOf":{"@id":"https:\/\/www.copealcoy.es\/es\/#website"},"primaryImageOfPage":{"@id":"https:\/\/www.copealcoy.es\/es\/mediodia-cope-alcoy-jueves-16-de-octubre-2025-1420h\/#primaryimage"},"image":{"@id":"https:\/\/www.copealcoy.es\/es\/mediodia-cope-alcoy-jueves-16-de-octubre-2025-1420h\/#primaryimage"},"thumbnailUrl":"https:\/\/www.copealcoy.es\/wp-content\/uploads\/2025\/02\/Mediodia-Cope-Castellano.png","datePublished":"2025-10-16T06:35:09+00:00","dateModified":"2025-10-16T15:56:12+00:00","author":{"@id":"https:\/\/www.copealcoy.es\/es\/#\/schema\/person\/e777c87fa024e57d40170af9df39882c"},"breadcrumb":{"@id":"https:\/\/www.copealcoy.es\/es\/mediodia-cope-alcoy-jueves-16-de-octubre-2025-1420h\/#breadcrumb"},"inLanguage":"es","potentialAction":[{"@type":"ReadAction","target":["https:\/\/www.copealcoy.es\/es\/mediodia-cope-alcoy-jueves-16-de-octubre-2025-1420h\/"]}]},{"@type":"ImageObject","inLanguage":"es","@id":"https:\/\/www.copealcoy.es\/es\/mediodia-cope-alcoy-jueves-16-de-octubre-2025-1420h\/#primaryimage","url":"https:\/\/www.copealcoy.es\/wp-content\/uploads\/2025\/02\/Mediodia-Cope-Castellano.png","contentUrl":"https:\/\/www.copealcoy.es\/wp-content\/uploads\/2025\/02\/Mediodia-Cope-Castellano.png","width":357,"height":290},{"@type":"BreadcrumbList","@id":"https:\/\/www.copealcoy.es\/es\/mediodia-cope-alcoy-jueves-16-de-octubre-2025-1420h\/#breadcrumb","itemListElement":[{"@type":"ListItem","position":1,"name":"Portada","item":"https:\/\/www.copealcoy.es\/es\/"},{"@type":"ListItem","position":2,"name":"\u2018Mediod\u00eda Cope\u2019 Alcoy jueves 16 de octubre 2025 (14:20h)"}]},{"@type":"WebSite","@id":"https:\/\/www.copealcoy.es\/es\/#website","url":"https:\/\/www.copealcoy.es\/es\/","name":"COPE Alcoy","description":"Emisora COPE de radio local con emisi\u00f3n online. Pont de Sant Jordi 8-10 03803 Alcoy","potentialAction":[{"@type":"SearchAction","target":{"@type":"EntryPoint","urlTemplate":"https:\/\/www.copealcoy.es\/es\/?s={search_term_string}"},"query-input":{"@type":"PropertyValueSpecification","valueRequired":true,"valueName":"search_term_string"}}],"inLanguage":"es"},{"@type":"Person","@id":"https:\/\/www.copealcoy.es\/es\/#\/schema\/person\/e777c87fa024e57d40170af9df39882c","name":"Cope Alcoy","image":{"@type":"ImageObject","inLanguage":"es","@id":"https:\/\/secure.gravatar.com\/avatar\/bb65d0283347e303893ba14f0692005417c1e0e690a325a4c5d8bb2b3943ee14?s=96&d=mm&r=g","url":"https:\/\/secure.gravatar.com\/avatar\/bb65d0283347e303893ba14f0692005417c1e0e690a325a4c5d8bb2b3943ee14?s=96&d=mm&r=g","contentUrl":"https:\/\/secure.gravatar.com\/avatar\/bb65d0283347e303893ba14f0692005417c1e0e690a325a4c5d8bb2b3943ee14?s=96&d=mm&r=g","caption":"Cope Alcoy"}}]}},"_links":{"self":[{"href":"https:\/\/www.copealcoy.es\/es\/wp-json\/wp\/v2\/posts\/158561","targetHints":{"allow":["GET"]}}],"collection":[{"href":"https:\/\/www.copealcoy.es\/es\/wp-json\/wp\/v2\/posts"}],"about":[{"href":"https:\/\/www.copealcoy.es\/es\/wp-json\/wp\/v2\/types\/post"}],"author":[{"embeddable":true,"href":"https:\/\/www.copealcoy.es\/es\/wp-json\/wp\/v2\/users\/1"}],"replies":[{"embeddable":true,"href":"https:\/\/www.copealcoy.es\/es\/wp-json\/wp\/v2\/comments?post=158561"}],"version-history":[{"count":2,"href":"https:\/\/www.copealcoy.es\/es\/wp-json\/wp\/v2\/posts\/158561\/revisions"}],"predecessor-version":[{"id":158564,"href":"https:\/\/www.copealcoy.es\/es\/wp-json\/wp\/v2\/posts\/158561\/revisions\/158564"}],"wp:featuredmedia":[{"embeddable":true,"href":"https:\/\/www.copealcoy.es\/es\/wp-json\/wp\/v2\/media\/147663"}],"wp:attachment":[{"href":"https:\/\/www.copealcoy.es\/es\/wp-json\/wp\/v2\/media?parent=158561"}],"wp:term":[{"taxonomy":"category","embeddable":true,"href":"https:\/\/www.copealcoy.es\/es\/wp-json\/wp\/v2\/categories?post=158561"},{"taxonomy":"post_tag","embeddable":true,"href":"https:\/\/www.copealcoy.es\/es\/wp-json\/wp\/v2\/tags?post=158561"}],"curies":[{"name":"wp","href":"https:\/\/api.w.org\/{rel}","templated":true}]}}