{"id":158557,"date":"2025-10-16T07:30:27","date_gmt":"2025-10-16T06:30:27","guid":{"rendered":"https:\/\/www.copealcoy.es\/?p=158557"},"modified":"2025-10-16T16:46:34","modified_gmt":"2025-10-16T15:46:34","slug":"informativo-matinal-jueves-16-de-octubre-2025-0750h","status":"publish","type":"post","link":"https:\/\/www.copealcoy.es\/es\/informativo-matinal-jueves-16-de-octubre-2025-0750h\/","title":{"rendered":"Informativo matinal jueves 16 de octubre 2025 (07:50h)"},"content":{"rendered":"<p><iframe loading=\"lazy\" title=\"Informativo Matinal Jueves 16 De Octubre 2025 (07:50h)\" width=\"100%\" height=\"120\" src=\"https:\/\/www.mixcloud.com\/widget\/iframe\/?feed=https%3A%2F%2Fwww.mixcloud.com%2FCOPEAlcoy%2Finformativo-matinal-jueves-16-de-octubre-2025-0750h%2F&amp;hide_cover=1\" frameborder=\"0\" allow=\"encrypted-media; fullscreen; autoplay; idle-detection; speaker-selection; web-share;\"><\/iframe><\/p>\n<p style=\"text-align: justify;\" data-start=\"408\" data-end=\"827\">Hoy jueves <strong>hemos destacado los retos que se marca el concejal Ra\u00fcl Llopis al frente de la nueva gran \u00e1rea de Emergencia Clim\u00e1tica del Ayuntamiento de Alcoy<\/strong>. Tambi\u00e9n <strong>hemos hablado de la Feria Gastron\u00f3mica y del Sector Agroalimentario<\/strong> que ser\u00e1 protagonista en Muro este pr\u00f3ximo fin de semana.<\/p>\n<p style=\"text-align: justify;\" data-start=\"408\" data-end=\"827\"><strong data-start=\"408\" data-end=\"416\">Muro<\/strong>\u00a0volver\u00e1 a convertirse este fin de semana en punto de referencia gastron\u00f3mico y cultural con la celebraci\u00f3n de la\u00a0<strong data-start=\"530\" data-end=\"594\">XX Feria Comercial del Sector Agroalimentario y Gastron\u00f3mico<\/strong>, un evento que tendr\u00e1 lugar del\u00a0<strong data-start=\"627\" data-end=\"650\">17 al 19 de octubre<\/strong>\u00a0en la\u00a0<strong>Pla\u00e7a del\u00a0Matzem<\/strong>. La cita contar\u00e1 este a\u00f1o con un atractivo a\u00f1adido: el \u2018Encontre de Campaners Valencians\u2019, que en su edici\u00f3n n\u00famero veintiocho tendr\u00e1 lugar en Muro entre el viernes y el s\u00e1bado, teniendo como anfitriona a la Colla de Campaners del Comtat<\/p>\n<p style=\"text-align: justify;\" data-start=\"829\" data-end=\"1125\">La feria reunir\u00e1 a un\u00a0<strong data-start=\"851\" data-end=\"923\">amplio abanico de productores, empresas agroalimentarias y artesanos<\/strong>\u00a0del territorio que ofrecer\u00e1n desde productos tradicionales como\u00a0<strong data-start=\"988\" data-end=\"1054\">miel, cervezas, patatas artesanas, coquetes fritas o focaccias<\/strong>, hasta propuestas m\u00e1s innovadoras a cargo de varios\u00a0<strong data-start=\"1107\" data-end=\"1122\">food trucks<\/strong>. Todo ello se completar\u00e1\u00a0con\u00a0<strong data-start=\"1639\" data-end=\"1751\">conciertos, talleres, actividades infantiles, visitas guiadas por el casco hist\u00f3rico y actuaciones musicales<\/strong>. Tambi\u00e9n habr\u00e1 espacios dedicados a la\u00a0<strong data-start=\"1791\" data-end=\"1813\">m\u00fasica tradicional<\/strong>\u00a0y a las\u00a0<strong data-start=\"1822\" data-end=\"1843\">entidades locales<\/strong>, que llenar\u00e1n de ambiente cada rinc\u00f3n del recinto\u00a0<em data-start=\"1203\" data-end=\"1364\">\u201cesta Feria consolida a Muro como un referente gastron\u00f3mico y cultural de la comarca, con una programaci\u00f3n que combina producto local, m\u00fasica, patrimonio y ocio familiar. Estamos, sin lugar a dudas, ante<\/em><em data-start=\"1398\" data-end=\"1546\">\u00a0una oportunidad \u00fanica para apoyar el comercio de proximidad, dinamizar la econom\u00eda local y proyectar la calidad de lo que se hace en nuestro pueblo\u201d,\u00a0<\/em>afirmaba este mi\u00e9rcoles en COPE ALCOY la edil de Turismo en el consistorio murero;\u00a0<strong>Carol Iv\u00e0\u00f1ez<\/strong>.<\/p>\n<p style=\"text-align: justify;\" data-start=\"829\" data-end=\"1125\"><span style=\"color: #0000ff;\"><strong>Una completa programaci\u00f3n entre el viernes y el domingo\u00a0<\/strong><\/span><\/p>\n<p style=\"text-align: justify;\" data-start=\"1898\" data-end=\"2385\">La\u00a0<strong data-start=\"1901\" data-end=\"1925\">inauguraci\u00f3n oficial<\/strong>\u00a0ser\u00e1 el\u00a0<strong data-start=\"1934\" data-end=\"1977\">viernes 17 de octubre a las 19:00 horas<\/strong>\u00a0en el\u00a0<strong data-start=\"1984\" data-end=\"2011\">Centro Cultural de Muro<\/strong>, con la apertura de la exposici\u00f3n \u2018<strong data-start=\"2046\" data-end=\"2071\">Campanars del Comtat\u2019<\/strong>, una muestra que pone en valor el\u00a0<strong data-start=\"2106\" data-end=\"2130\">patrimonio relacionado con las campanas\u00a0<\/strong>que encontramos en\u00a0la comarca. Esa misma noche, a partir de las 20:00 h, se vivir\u00e1 un aut\u00e9ntico\u00a0<strong data-start=\"2211\" data-end=\"2247\">viaje musical a los a\u00f1os 80 y 90<\/strong>\u00a0con\u00a0<em data-start=\"2252\" data-end=\"2265\">\u201cEl Retorn\u201d<\/em>, un evento que reunir\u00e1 a los DJ de los m\u00edticos locales de la zona\u00a0<strong data-start=\"2321\" data-end=\"2382\">Gaud\u00ed, La Mujer Barbuda, La Mara\u00f1a, Delirium y El Autob\u00fas<\/strong>. A partir de ah\u00ed, tendremos por delante un fin de semana repleto de actividad con propuestas como partidas infantiles de Pilota Valenciana el s\u00e1bado, entre las 10:30h y las 13:30h; m\u00fasica en directo de la mano de la Escola Crescendo durante el s\u00e1bado o la actuaci\u00f3n de \u2018Versi\u00f3n Deluxe\u2019 a las 21:30h del 18 de octubre. El domingo figuran propuestas como un \u2018sarau popular a la valenciana\u2019, a las 12:00h, o animaci\u00f3n musical con versiones de los 80, 90 i 2000 en la tarde desde las 18:00h. Toda la programaci\u00f3n se puede consultar\u00a0<a href=\"http:\/\/www.vilademuro.net\/\" target=\"_blank\" rel=\"noopener\"><strong><span style=\"color: #0000ff;\">aqu\u00ed<\/span> .\u00a0<\/strong><\/a><\/p>\n<p style=\"text-align: justify;\" data-start=\"2387\" data-end=\"2804\">Junto a ello destaca el\u00a0<strong data-start=\"2417\" data-end=\"2458\">28\u00ba Encuentro de \u2018Campaners Valencians\u2019<\/strong>, el primero que se celebra en Alicante, organizado por la\u00a0<strong data-start=\"2517\" data-end=\"2550\">Colla de Campaners del Comtat<\/strong>. El encuentro reunir\u00e1 a agrupaciones de todo el territorio valenciano e incluir\u00e1\u00a0<strong data-start=\"2632\" data-end=\"2688\">conferencias, proyecciones, actividades divulgativas<\/strong>\u00a0y una\u00a0<strong data-start=\"2695\" data-end=\"2730\">muestra de toques tradicionales<\/strong>\u00a0en el campanario de\u00a0<strong data-start=\"2751\" data-end=\"2781\">Sant Joan Baptista de Muro<\/strong>, abierta al p\u00fablico.<\/p>\n","protected":false},"excerpt":{"rendered":"<p>Hoy jueves hemos destacado los retos que se marca el concejal Ra\u00fcl Llopis al frente de la nueva gran \u00e1rea&#8230;<\/p>\n","protected":false},"author":1,"featured_media":147669,"comment_status":"closed","ping_status":"closed","sticky":false,"template":"","format":"standard","meta":{"footnotes":""},"categories":[6909,89,91,75],"tags":[],"class_list":["post-158557","post","type-post","status-publish","format-standard","has-post-thumbnail","hentry","category-actualidad","category-audiosdelosprogramas","category-informativos","category-noticias"],"yoast_head":"<!-- This site is optimized with the Yoast SEO plugin v27.3 - https:\/\/yoast.com\/product\/yoast-seo-wordpress\/ -->\n<title>Informativo matinal jueves 16 de octubre 2025 (07:50h) - COPE Alcoy<\/title>\n<meta name=\"robots\" content=\"index, follow, max-snippet:-1, max-image-preview:large, max-video-preview:-1\" \/>\n<link rel=\"canonical\" href=\"https:\/\/www.copealcoy.es\/es\/informativo-matinal-jueves-16-de-octubre-2025-0750h\/\" \/>\n<meta property=\"og:locale\" content=\"es_ES\" \/>\n<meta property=\"og:type\" content=\"article\" \/>\n<meta property=\"og:title\" content=\"Informativo matinal jueves 16 de octubre 2025 (07:50h) - COPE Alcoy\" \/>\n<meta property=\"og:description\" content=\"Hoy jueves hemos destacado los retos que se marca el concejal Ra\u00fcl Llopis al frente de la nueva gran \u00e1rea...\" \/>\n<meta property=\"og:url\" content=\"https:\/\/www.copealcoy.es\/es\/informativo-matinal-jueves-16-de-octubre-2025-0750h\/\" \/>\n<meta property=\"og:site_name\" content=\"COPE Alcoy\" \/>\n<meta property=\"article:published_time\" content=\"2025-10-16T06:30:27+00:00\" \/>\n<meta property=\"article:modified_time\" content=\"2025-10-16T15:46:34+00:00\" \/>\n<meta property=\"og:image\" content=\"https:\/\/www.copealcoy.es\/wp-content\/uploads\/2025\/02\/Informativo-Matinal-Castellano.png\" \/>\n\t<meta property=\"og:image:width\" content=\"357\" \/>\n\t<meta property=\"og:image:height\" content=\"290\" \/>\n\t<meta property=\"og:image:type\" content=\"image\/png\" \/>\n<meta name=\"author\" content=\"Cope Alcoy\" \/>\n<meta name=\"twitter:label1\" content=\"Escrito por\" \/>\n\t<meta name=\"twitter:data1\" content=\"Cope Alcoy\" \/>\n\t<meta name=\"twitter:label2\" content=\"Tiempo de lectura\" \/>\n\t<meta name=\"twitter:data2\" content=\"4 minutos\" \/>\n<script type=\"application\/ld+json\" class=\"yoast-schema-graph\">{\"@context\":\"https:\\\/\\\/schema.org\",\"@graph\":[{\"@type\":\"Article\",\"@id\":\"https:\\\/\\\/www.copealcoy.es\\\/es\\\/informativo-matinal-jueves-16-de-octubre-2025-0750h\\\/#article\",\"isPartOf\":{\"@id\":\"https:\\\/\\\/www.copealcoy.es\\\/es\\\/informativo-matinal-jueves-16-de-octubre-2025-0750h\\\/\"},\"author\":{\"name\":\"Cope Alcoy\",\"@id\":\"https:\\\/\\\/www.copealcoy.es\\\/es\\\/#\\\/schema\\\/person\\\/e777c87fa024e57d40170af9df39882c\"},\"headline\":\"Informativo matinal jueves 16 de octubre 2025 (07:50h)\",\"datePublished\":\"2025-10-16T06:30:27+00:00\",\"dateModified\":\"2025-10-16T15:46:34+00:00\",\"mainEntityOfPage\":{\"@id\":\"https:\\\/\\\/www.copealcoy.es\\\/es\\\/informativo-matinal-jueves-16-de-octubre-2025-0750h\\\/\"},\"wordCount\":584,\"image\":{\"@id\":\"https:\\\/\\\/www.copealcoy.es\\\/es\\\/informativo-matinal-jueves-16-de-octubre-2025-0750h\\\/#primaryimage\"},\"thumbnailUrl\":\"https:\\\/\\\/www.copealcoy.es\\\/wp-content\\\/uploads\\\/2025\\\/02\\\/Informativo-Matinal-Castellano.png\",\"articleSection\":[\"Actualidad\",\"Audios de los programas\",\"Informativos\",\"Noticias\"],\"inLanguage\":\"es\"},{\"@type\":\"WebPage\",\"@id\":\"https:\\\/\\\/www.copealcoy.es\\\/es\\\/informativo-matinal-jueves-16-de-octubre-2025-0750h\\\/\",\"url\":\"https:\\\/\\\/www.copealcoy.es\\\/es\\\/informativo-matinal-jueves-16-de-octubre-2025-0750h\\\/\",\"name\":\"Informativo matinal jueves 16 de octubre 2025 (07:50h) - COPE Alcoy\",\"isPartOf\":{\"@id\":\"https:\\\/\\\/www.copealcoy.es\\\/es\\\/#website\"},\"primaryImageOfPage\":{\"@id\":\"https:\\\/\\\/www.copealcoy.es\\\/es\\\/informativo-matinal-jueves-16-de-octubre-2025-0750h\\\/#primaryimage\"},\"image\":{\"@id\":\"https:\\\/\\\/www.copealcoy.es\\\/es\\\/informativo-matinal-jueves-16-de-octubre-2025-0750h\\\/#primaryimage\"},\"thumbnailUrl\":\"https:\\\/\\\/www.copealcoy.es\\\/wp-content\\\/uploads\\\/2025\\\/02\\\/Informativo-Matinal-Castellano.png\",\"datePublished\":\"2025-10-16T06:30:27+00:00\",\"dateModified\":\"2025-10-16T15:46:34+00:00\",\"author\":{\"@id\":\"https:\\\/\\\/www.copealcoy.es\\\/es\\\/#\\\/schema\\\/person\\\/e777c87fa024e57d40170af9df39882c\"},\"breadcrumb\":{\"@id\":\"https:\\\/\\\/www.copealcoy.es\\\/es\\\/informativo-matinal-jueves-16-de-octubre-2025-0750h\\\/#breadcrumb\"},\"inLanguage\":\"es\",\"potentialAction\":[{\"@type\":\"ReadAction\",\"target\":[\"https:\\\/\\\/www.copealcoy.es\\\/es\\\/informativo-matinal-jueves-16-de-octubre-2025-0750h\\\/\"]}]},{\"@type\":\"ImageObject\",\"inLanguage\":\"es\",\"@id\":\"https:\\\/\\\/www.copealcoy.es\\\/es\\\/informativo-matinal-jueves-16-de-octubre-2025-0750h\\\/#primaryimage\",\"url\":\"https:\\\/\\\/www.copealcoy.es\\\/wp-content\\\/uploads\\\/2025\\\/02\\\/Informativo-Matinal-Castellano.png\",\"contentUrl\":\"https:\\\/\\\/www.copealcoy.es\\\/wp-content\\\/uploads\\\/2025\\\/02\\\/Informativo-Matinal-Castellano.png\",\"width\":357,\"height\":290},{\"@type\":\"BreadcrumbList\",\"@id\":\"https:\\\/\\\/www.copealcoy.es\\\/es\\\/informativo-matinal-jueves-16-de-octubre-2025-0750h\\\/#breadcrumb\",\"itemListElement\":[{\"@type\":\"ListItem\",\"position\":1,\"name\":\"Portada\",\"item\":\"https:\\\/\\\/www.copealcoy.es\\\/es\\\/\"},{\"@type\":\"ListItem\",\"position\":2,\"name\":\"Informativo matinal jueves 16 de octubre 2025 (07:50h)\"}]},{\"@type\":\"WebSite\",\"@id\":\"https:\\\/\\\/www.copealcoy.es\\\/es\\\/#website\",\"url\":\"https:\\\/\\\/www.copealcoy.es\\\/es\\\/\",\"name\":\"COPE Alcoy\",\"description\":\"Emisora COPE de radio local con emisi\u00f3n online. Pont de Sant Jordi 8-10 03803 Alcoy\",\"potentialAction\":[{\"@type\":\"SearchAction\",\"target\":{\"@type\":\"EntryPoint\",\"urlTemplate\":\"https:\\\/\\\/www.copealcoy.es\\\/es\\\/?s={search_term_string}\"},\"query-input\":{\"@type\":\"PropertyValueSpecification\",\"valueRequired\":true,\"valueName\":\"search_term_string\"}}],\"inLanguage\":\"es\"},{\"@type\":\"Person\",\"@id\":\"https:\\\/\\\/www.copealcoy.es\\\/es\\\/#\\\/schema\\\/person\\\/e777c87fa024e57d40170af9df39882c\",\"name\":\"Cope Alcoy\",\"image\":{\"@type\":\"ImageObject\",\"inLanguage\":\"es\",\"@id\":\"https:\\\/\\\/secure.gravatar.com\\\/avatar\\\/bb65d0283347e303893ba14f0692005417c1e0e690a325a4c5d8bb2b3943ee14?s=96&d=mm&r=g\",\"url\":\"https:\\\/\\\/secure.gravatar.com\\\/avatar\\\/bb65d0283347e303893ba14f0692005417c1e0e690a325a4c5d8bb2b3943ee14?s=96&d=mm&r=g\",\"contentUrl\":\"https:\\\/\\\/secure.gravatar.com\\\/avatar\\\/bb65d0283347e303893ba14f0692005417c1e0e690a325a4c5d8bb2b3943ee14?s=96&d=mm&r=g\",\"caption\":\"Cope Alcoy\"}}]}<\/script>\n<!-- \/ Yoast SEO plugin. -->","yoast_head_json":{"title":"Informativo matinal jueves 16 de octubre 2025 (07:50h) - COPE Alcoy","robots":{"index":"index","follow":"follow","max-snippet":"max-snippet:-1","max-image-preview":"max-image-preview:large","max-video-preview":"max-video-preview:-1"},"canonical":"https:\/\/www.copealcoy.es\/es\/informativo-matinal-jueves-16-de-octubre-2025-0750h\/","og_locale":"es_ES","og_type":"article","og_title":"Informativo matinal jueves 16 de octubre 2025 (07:50h) - COPE Alcoy","og_description":"Hoy jueves hemos destacado los retos que se marca el concejal Ra\u00fcl Llopis al frente de la nueva gran \u00e1rea...","og_url":"https:\/\/www.copealcoy.es\/es\/informativo-matinal-jueves-16-de-octubre-2025-0750h\/","og_site_name":"COPE Alcoy","article_published_time":"2025-10-16T06:30:27+00:00","article_modified_time":"2025-10-16T15:46:34+00:00","og_image":[{"width":357,"height":290,"url":"https:\/\/www.copealcoy.es\/wp-content\/uploads\/2025\/02\/Informativo-Matinal-Castellano.png","type":"image\/png"}],"author":"Cope Alcoy","twitter_misc":{"Escrito por":"Cope Alcoy","Tiempo de lectura":"4 minutos"},"schema":{"@context":"https:\/\/schema.org","@graph":[{"@type":"Article","@id":"https:\/\/www.copealcoy.es\/es\/informativo-matinal-jueves-16-de-octubre-2025-0750h\/#article","isPartOf":{"@id":"https:\/\/www.copealcoy.es\/es\/informativo-matinal-jueves-16-de-octubre-2025-0750h\/"},"author":{"name":"Cope Alcoy","@id":"https:\/\/www.copealcoy.es\/es\/#\/schema\/person\/e777c87fa024e57d40170af9df39882c"},"headline":"Informativo matinal jueves 16 de octubre 2025 (07:50h)","datePublished":"2025-10-16T06:30:27+00:00","dateModified":"2025-10-16T15:46:34+00:00","mainEntityOfPage":{"@id":"https:\/\/www.copealcoy.es\/es\/informativo-matinal-jueves-16-de-octubre-2025-0750h\/"},"wordCount":584,"image":{"@id":"https:\/\/www.copealcoy.es\/es\/informativo-matinal-jueves-16-de-octubre-2025-0750h\/#primaryimage"},"thumbnailUrl":"https:\/\/www.copealcoy.es\/wp-content\/uploads\/2025\/02\/Informativo-Matinal-Castellano.png","articleSection":["Actualidad","Audios de los programas","Informativos","Noticias"],"inLanguage":"es"},{"@type":"WebPage","@id":"https:\/\/www.copealcoy.es\/es\/informativo-matinal-jueves-16-de-octubre-2025-0750h\/","url":"https:\/\/www.copealcoy.es\/es\/informativo-matinal-jueves-16-de-octubre-2025-0750h\/","name":"Informativo matinal jueves 16 de octubre 2025 (07:50h) - COPE Alcoy","isPartOf":{"@id":"https:\/\/www.copealcoy.es\/es\/#website"},"primaryImageOfPage":{"@id":"https:\/\/www.copealcoy.es\/es\/informativo-matinal-jueves-16-de-octubre-2025-0750h\/#primaryimage"},"image":{"@id":"https:\/\/www.copealcoy.es\/es\/informativo-matinal-jueves-16-de-octubre-2025-0750h\/#primaryimage"},"thumbnailUrl":"https:\/\/www.copealcoy.es\/wp-content\/uploads\/2025\/02\/Informativo-Matinal-Castellano.png","datePublished":"2025-10-16T06:30:27+00:00","dateModified":"2025-10-16T15:46:34+00:00","author":{"@id":"https:\/\/www.copealcoy.es\/es\/#\/schema\/person\/e777c87fa024e57d40170af9df39882c"},"breadcrumb":{"@id":"https:\/\/www.copealcoy.es\/es\/informativo-matinal-jueves-16-de-octubre-2025-0750h\/#breadcrumb"},"inLanguage":"es","potentialAction":[{"@type":"ReadAction","target":["https:\/\/www.copealcoy.es\/es\/informativo-matinal-jueves-16-de-octubre-2025-0750h\/"]}]},{"@type":"ImageObject","inLanguage":"es","@id":"https:\/\/www.copealcoy.es\/es\/informativo-matinal-jueves-16-de-octubre-2025-0750h\/#primaryimage","url":"https:\/\/www.copealcoy.es\/wp-content\/uploads\/2025\/02\/Informativo-Matinal-Castellano.png","contentUrl":"https:\/\/www.copealcoy.es\/wp-content\/uploads\/2025\/02\/Informativo-Matinal-Castellano.png","width":357,"height":290},{"@type":"BreadcrumbList","@id":"https:\/\/www.copealcoy.es\/es\/informativo-matinal-jueves-16-de-octubre-2025-0750h\/#breadcrumb","itemListElement":[{"@type":"ListItem","position":1,"name":"Portada","item":"https:\/\/www.copealcoy.es\/es\/"},{"@type":"ListItem","position":2,"name":"Informativo matinal jueves 16 de octubre 2025 (07:50h)"}]},{"@type":"WebSite","@id":"https:\/\/www.copealcoy.es\/es\/#website","url":"https:\/\/www.copealcoy.es\/es\/","name":"COPE Alcoy","description":"Emisora COPE de radio local con emisi\u00f3n online. Pont de Sant Jordi 8-10 03803 Alcoy","potentialAction":[{"@type":"SearchAction","target":{"@type":"EntryPoint","urlTemplate":"https:\/\/www.copealcoy.es\/es\/?s={search_term_string}"},"query-input":{"@type":"PropertyValueSpecification","valueRequired":true,"valueName":"search_term_string"}}],"inLanguage":"es"},{"@type":"Person","@id":"https:\/\/www.copealcoy.es\/es\/#\/schema\/person\/e777c87fa024e57d40170af9df39882c","name":"Cope Alcoy","image":{"@type":"ImageObject","inLanguage":"es","@id":"https:\/\/secure.gravatar.com\/avatar\/bb65d0283347e303893ba14f0692005417c1e0e690a325a4c5d8bb2b3943ee14?s=96&d=mm&r=g","url":"https:\/\/secure.gravatar.com\/avatar\/bb65d0283347e303893ba14f0692005417c1e0e690a325a4c5d8bb2b3943ee14?s=96&d=mm&r=g","contentUrl":"https:\/\/secure.gravatar.com\/avatar\/bb65d0283347e303893ba14f0692005417c1e0e690a325a4c5d8bb2b3943ee14?s=96&d=mm&r=g","caption":"Cope Alcoy"}}]}},"_links":{"self":[{"href":"https:\/\/www.copealcoy.es\/es\/wp-json\/wp\/v2\/posts\/158557","targetHints":{"allow":["GET"]}}],"collection":[{"href":"https:\/\/www.copealcoy.es\/es\/wp-json\/wp\/v2\/posts"}],"about":[{"href":"https:\/\/www.copealcoy.es\/es\/wp-json\/wp\/v2\/types\/post"}],"author":[{"embeddable":true,"href":"https:\/\/www.copealcoy.es\/es\/wp-json\/wp\/v2\/users\/1"}],"replies":[{"embeddable":true,"href":"https:\/\/www.copealcoy.es\/es\/wp-json\/wp\/v2\/comments?post=158557"}],"version-history":[{"count":1,"href":"https:\/\/www.copealcoy.es\/es\/wp-json\/wp\/v2\/posts\/158557\/revisions"}],"predecessor-version":[{"id":158558,"href":"https:\/\/www.copealcoy.es\/es\/wp-json\/wp\/v2\/posts\/158557\/revisions\/158558"}],"wp:featuredmedia":[{"embeddable":true,"href":"https:\/\/www.copealcoy.es\/es\/wp-json\/wp\/v2\/media\/147669"}],"wp:attachment":[{"href":"https:\/\/www.copealcoy.es\/es\/wp-json\/wp\/v2\/media?parent=158557"}],"wp:term":[{"taxonomy":"category","embeddable":true,"href":"https:\/\/www.copealcoy.es\/es\/wp-json\/wp\/v2\/categories?post=158557"},{"taxonomy":"post_tag","embeddable":true,"href":"https:\/\/www.copealcoy.es\/es\/wp-json\/wp\/v2\/tags?post=158557"}],"curies":[{"name":"wp","href":"https:\/\/api.w.org\/{rel}","templated":true}]}}