{"id":158546,"date":"2025-10-16T16:31:29","date_gmt":"2025-10-16T15:31:29","guid":{"rendered":"https:\/\/www.copealcoy.es\/?p=158546"},"modified":"2025-10-16T16:41:36","modified_gmt":"2025-10-16T15:41:36","slug":"la-parroquia-de-sant-roc-de-alcoy-rinde-homenaje-a-su-patron","status":"publish","type":"post","link":"https:\/\/www.copealcoy.es\/es\/la-parroquia-de-sant-roc-de-alcoy-rinde-homenaje-a-su-patron\/","title":{"rendered":"La parroquia de Sant Roc de Alcoy rinde homenaje a su patr\u00f3n"},"content":{"rendered":"<p style=\"text-align: justify;\" data-start=\"299\" data-end=\"615\">Este fin de semana, la <a href=\"https:\/\/www.facebook.com\/parroquiasanroquealcoi\" target=\"_blank\" rel=\"noopener\"><span style=\"color: #0000ff;\"><strong data-start=\"322\" data-end=\"373\">Parroquia de San Roque y San Sebasti\u00e1n de Alcoy<\/strong><\/span><\/a> celebra los d\u00edas centrales de sus <strong data-start=\"408\" data-end=\"433\">fiestas tradicionales<\/strong>, celebraciones que comenzaron el pasado domingo con el <strong data-start=\"475\" data-end=\"504\">descubrimiento del cartel<\/strong> y una <strong data-start=\"511\" data-end=\"549\">misa en memoria del 30 aniversario<\/strong> del fallecimiento del recordado sacerdote <strong data-start=\"592\" data-end=\"612\">Don Cirilo Tormo<\/strong>. Los festejos coinciden, adem\u00e1s, con el 425 aniversario de la elecci\u00f3n del santo como patrono y servir\u00e1n para iniciar la conmemoraci\u00f3n de este a\u00f1o tan especial.<\/p>\n<p style=\"text-align: justify;\" data-start=\"617\" data-end=\"785\">Ma\u00f1ana viernes se llevar\u00e1 a cabo la <strong data-start=\"653\" data-end=\"671\">fiesta escolar<\/strong> con actividades en el <strong data-start=\"694\" data-end=\"718\">Colegio de San Roque<\/strong>, seguida del <strong data-start=\"732\" data-end=\"767\">traslado de la imagen del santo<\/strong> a la parroquia. El s\u00e1bado, los actos destacados incluyen el <strong data-start=\"831\" data-end=\"872\">volteo general de campanas a mediod\u00eda<\/strong>, la <strong data-start=\"877\" data-end=\"915\">presentaci\u00f3n y ofrenda a San Roque<\/strong> del <strong data-start=\"920\" data-end=\"946\">Club Esportiu Sant Roc<\/strong>, un <strong data-start=\"951\" data-end=\"974\">concurso de paellas<\/strong>, <strong data-start=\"976\" data-end=\"1005\">talleres, fireta y juegos<\/strong> para los m\u00e1s peque\u00f1os. A las siete de la tarde se celebrar\u00e1 la <strong data-start=\"1069\" data-end=\"1077\">misa<\/strong> y posteriormente la cl\u00e1sica <strong data-start=\"1106\" data-end=\"1131\">procesi\u00f3n del farolet<\/strong> por el entorno de la parroquia\u00a0<em data-start=\"1256\" data-end=\"1408\">\u201ces una fiesta entra\u00f1able en la que se implica toda la comunidad parroquial, pero que tambi\u00e9n cuenta con la participaci\u00f3n del vecindario del Ensanche\u201d, <\/em>han explicado en COPE ALCOY Jorge Chirlaque y Jorge Aura, al frente de la entidad.\u00a0La jornada culminar\u00e1 con una <strong data-start=\"1439\" data-end=\"1461\">cena fin de fiesta<\/strong>.<\/p>\n<p style=\"text-align: justify;\" data-start=\"1466\" data-end=\"1658\">El domingo se celebrar\u00e1 la <strong data-start=\"1493\" data-end=\"1520\">misa mayor a las 12:30h<\/strong> en honor a <strong data-start=\"1532\" data-end=\"1561\">San Roque y San Sebasti\u00e1n<\/strong>, durante la cual se realizar\u00e1 el <strong data-start=\"1595\" data-end=\"1613\">rito del env\u00edo<\/strong> a todo el equipo pastoral de la parroquia. Adem\u00e1s, este a\u00f1o <strong data-start=\"1677\" data-end=\"1717\">Alcoy recupera dos antiguas campanas<\/strong> que hab\u00edan estado guardadas y sin uso durante 75 a\u00f1os: la <strong data-start=\"1776\" data-end=\"1826\">campana Sant Joan i Sant Joaquim (1915, 37 kg)<\/strong> y la <strong data-start=\"1832\" data-end=\"1881\">campana Mare de D\u00e9u del Miracle (1945, 29 kg)<\/strong>. Estos bronces, que coronaban el campanario de la parroquia hasta los a\u00f1os 40, han sido restauradas por la empresa <strong data-start=\"1998\" data-end=\"2038\">2001 Relojes y Campanas Monumentales<\/strong> de N\u00e0quera y\u00a0formar\u00e1n parte del <strong data-start=\"2249\" data-end=\"2276\">futuro campanario m\u00f3vil<\/strong> que prepara la <strong data-start=\"2292\" data-end=\"2314\">Colla de Campaners d&#8217;Alcoi. <\/strong>Ser\u00e1n bendecidas el pr\u00f3ximo <strong data-start=\"2354\" data-end=\"2371\">18 de octubre<\/strong> con <strong data-start=\"2376\" data-end=\"2411\">procesi\u00f3n y fuegos artificiales<\/strong>.<\/p>\n<audio class=\"wp-audio-shortcode\" id=\"audio-158546-1\" preload=\"none\" style=\"width: 100%;\" controls=\"controls\"><source type=\"audio\/mpeg\" src=\"https:\/\/www.copealcoy.es\/wp-content\/uploads\/2025\/10\/Entrevista-Sant-Roc.mp3?_=1\" \/><a href=\"https:\/\/www.copealcoy.es\/wp-content\/uploads\/2025\/10\/Entrevista-Sant-Roc.mp3\">https:\/\/www.copealcoy.es\/wp-content\/uploads\/2025\/10\/Entrevista-Sant-Roc.mp3<\/a><\/audio>\n","protected":false},"excerpt":{"rendered":"<p>Este fin de semana, la Parroquia de San Roque y San Sebasti\u00e1n de Alcoy celebra los d\u00edas centrales de sus&#8230;<\/p>\n","protected":false},"author":1,"featured_media":158547,"comment_status":"closed","ping_status":"closed","sticky":false,"template":"","format":"standard","meta":{"footnotes":""},"categories":[6909,97,78,75],"tags":[1494,565,17045],"class_list":["post-158546","post","type-post","status-publish","format-standard","has-post-thumbnail","hentry","category-actualidad","category-alcoy","category-fiestaycultura","category-noticias","tag-alcoy","tag-fiestas","tag-parroquia-de-san-roque-y-san-sebastian"],"yoast_head":"<!-- This site is optimized with the Yoast SEO plugin v27.3 - https:\/\/yoast.com\/product\/yoast-seo-wordpress\/ -->\n<title>La parroquia de Sant Roc de Alcoy rinde homenaje a su patr\u00f3n - COPE Alcoy<\/title>\n<meta name=\"description\" content=\"La parroquia de Sant Roc de Alcoy rinde homenaje a su patr\u00f3n\" \/>\n<meta name=\"robots\" content=\"index, follow, max-snippet:-1, max-image-preview:large, max-video-preview:-1\" \/>\n<link rel=\"canonical\" href=\"https:\/\/www.copealcoy.es\/es\/la-parroquia-de-sant-roc-de-alcoy-rinde-homenaje-a-su-patron\/\" \/>\n<meta property=\"og:locale\" content=\"es_ES\" \/>\n<meta property=\"og:type\" content=\"article\" \/>\n<meta property=\"og:title\" content=\"La parroquia de Sant Roc de Alcoy rinde homenaje a su patr\u00f3n - COPE Alcoy\" \/>\n<meta property=\"og:description\" content=\"La parroquia de Sant Roc de Alcoy rinde homenaje a su patr\u00f3n\" \/>\n<meta property=\"og:url\" content=\"https:\/\/www.copealcoy.es\/es\/la-parroquia-de-sant-roc-de-alcoy-rinde-homenaje-a-su-patron\/\" \/>\n<meta property=\"og:site_name\" content=\"COPE Alcoy\" \/>\n<meta property=\"article:published_time\" content=\"2025-10-16T15:31:29+00:00\" \/>\n<meta property=\"article:modified_time\" content=\"2025-10-16T15:41:36+00:00\" \/>\n<meta property=\"og:image\" content=\"https:\/\/www.copealcoy.es\/wp-content\/uploads\/2025\/10\/unnamed-2-2.jpg\" \/>\n\t<meta property=\"og:image:width\" content=\"2048\" \/>\n\t<meta property=\"og:image:height\" content=\"1140\" \/>\n\t<meta property=\"og:image:type\" content=\"image\/jpeg\" \/>\n<meta name=\"author\" content=\"Cope Alcoy\" \/>\n<meta name=\"twitter:label1\" content=\"Escrito por\" \/>\n\t<meta name=\"twitter:data1\" content=\"Cope Alcoy\" \/>\n\t<meta name=\"twitter:label2\" content=\"Tiempo de lectura\" \/>\n\t<meta name=\"twitter:data2\" content=\"3 minutos\" \/>\n<script type=\"application\/ld+json\" class=\"yoast-schema-graph\">{\"@context\":\"https:\\\/\\\/schema.org\",\"@graph\":[{\"@type\":\"Article\",\"@id\":\"https:\\\/\\\/www.copealcoy.es\\\/es\\\/la-parroquia-de-sant-roc-de-alcoy-rinde-homenaje-a-su-patron\\\/#article\",\"isPartOf\":{\"@id\":\"https:\\\/\\\/www.copealcoy.es\\\/es\\\/la-parroquia-de-sant-roc-de-alcoy-rinde-homenaje-a-su-patron\\\/\"},\"author\":{\"name\":\"Cope Alcoy\",\"@id\":\"https:\\\/\\\/www.copealcoy.es\\\/es\\\/#\\\/schema\\\/person\\\/e777c87fa024e57d40170af9df39882c\"},\"headline\":\"La parroquia de Sant Roc de Alcoy rinde homenaje a su patr\u00f3n\",\"datePublished\":\"2025-10-16T15:31:29+00:00\",\"dateModified\":\"2025-10-16T15:41:36+00:00\",\"mainEntityOfPage\":{\"@id\":\"https:\\\/\\\/www.copealcoy.es\\\/es\\\/la-parroquia-de-sant-roc-de-alcoy-rinde-homenaje-a-su-patron\\\/\"},\"wordCount\":384,\"image\":{\"@id\":\"https:\\\/\\\/www.copealcoy.es\\\/es\\\/la-parroquia-de-sant-roc-de-alcoy-rinde-homenaje-a-su-patron\\\/#primaryimage\"},\"thumbnailUrl\":\"https:\\\/\\\/www.copealcoy.es\\\/wp-content\\\/uploads\\\/2025\\\/10\\\/unnamed-2-2.jpg\",\"keywords\":[\"Alcoy\",\"Fiestas\",\"parroquia de San Roque y San Sebasti\u00e1n\"],\"articleSection\":[\"Actualidad\",\"Alcoy\",\"Fiesta y Cultura\",\"Noticias\"],\"inLanguage\":\"es\"},{\"@type\":\"WebPage\",\"@id\":\"https:\\\/\\\/www.copealcoy.es\\\/es\\\/la-parroquia-de-sant-roc-de-alcoy-rinde-homenaje-a-su-patron\\\/\",\"url\":\"https:\\\/\\\/www.copealcoy.es\\\/es\\\/la-parroquia-de-sant-roc-de-alcoy-rinde-homenaje-a-su-patron\\\/\",\"name\":\"La parroquia de Sant Roc de Alcoy rinde homenaje a su patr\u00f3n - COPE Alcoy\",\"isPartOf\":{\"@id\":\"https:\\\/\\\/www.copealcoy.es\\\/es\\\/#website\"},\"primaryImageOfPage\":{\"@id\":\"https:\\\/\\\/www.copealcoy.es\\\/es\\\/la-parroquia-de-sant-roc-de-alcoy-rinde-homenaje-a-su-patron\\\/#primaryimage\"},\"image\":{\"@id\":\"https:\\\/\\\/www.copealcoy.es\\\/es\\\/la-parroquia-de-sant-roc-de-alcoy-rinde-homenaje-a-su-patron\\\/#primaryimage\"},\"thumbnailUrl\":\"https:\\\/\\\/www.copealcoy.es\\\/wp-content\\\/uploads\\\/2025\\\/10\\\/unnamed-2-2.jpg\",\"datePublished\":\"2025-10-16T15:31:29+00:00\",\"dateModified\":\"2025-10-16T15:41:36+00:00\",\"author\":{\"@id\":\"https:\\\/\\\/www.copealcoy.es\\\/es\\\/#\\\/schema\\\/person\\\/e777c87fa024e57d40170af9df39882c\"},\"description\":\"La parroquia de Sant Roc de Alcoy rinde homenaje a su patr\u00f3n\",\"breadcrumb\":{\"@id\":\"https:\\\/\\\/www.copealcoy.es\\\/es\\\/la-parroquia-de-sant-roc-de-alcoy-rinde-homenaje-a-su-patron\\\/#breadcrumb\"},\"inLanguage\":\"es\",\"potentialAction\":[{\"@type\":\"ReadAction\",\"target\":[\"https:\\\/\\\/www.copealcoy.es\\\/es\\\/la-parroquia-de-sant-roc-de-alcoy-rinde-homenaje-a-su-patron\\\/\"]}]},{\"@type\":\"ImageObject\",\"inLanguage\":\"es\",\"@id\":\"https:\\\/\\\/www.copealcoy.es\\\/es\\\/la-parroquia-de-sant-roc-de-alcoy-rinde-homenaje-a-su-patron\\\/#primaryimage\",\"url\":\"https:\\\/\\\/www.copealcoy.es\\\/wp-content\\\/uploads\\\/2025\\\/10\\\/unnamed-2-2.jpg\",\"contentUrl\":\"https:\\\/\\\/www.copealcoy.es\\\/wp-content\\\/uploads\\\/2025\\\/10\\\/unnamed-2-2.jpg\",\"width\":2048,\"height\":1140},{\"@type\":\"BreadcrumbList\",\"@id\":\"https:\\\/\\\/www.copealcoy.es\\\/es\\\/la-parroquia-de-sant-roc-de-alcoy-rinde-homenaje-a-su-patron\\\/#breadcrumb\",\"itemListElement\":[{\"@type\":\"ListItem\",\"position\":1,\"name\":\"Portada\",\"item\":\"https:\\\/\\\/www.copealcoy.es\\\/es\\\/\"},{\"@type\":\"ListItem\",\"position\":2,\"name\":\"La parroquia de Sant Roc de Alcoy rinde homenaje a su patr\u00f3n\"}]},{\"@type\":\"WebSite\",\"@id\":\"https:\\\/\\\/www.copealcoy.es\\\/es\\\/#website\",\"url\":\"https:\\\/\\\/www.copealcoy.es\\\/es\\\/\",\"name\":\"COPE Alcoy\",\"description\":\"Emisora COPE de radio local con emisi\u00f3n online. Pont de Sant Jordi 8-10 03803 Alcoy\",\"potentialAction\":[{\"@type\":\"SearchAction\",\"target\":{\"@type\":\"EntryPoint\",\"urlTemplate\":\"https:\\\/\\\/www.copealcoy.es\\\/es\\\/?s={search_term_string}\"},\"query-input\":{\"@type\":\"PropertyValueSpecification\",\"valueRequired\":true,\"valueName\":\"search_term_string\"}}],\"inLanguage\":\"es\"},{\"@type\":\"Person\",\"@id\":\"https:\\\/\\\/www.copealcoy.es\\\/es\\\/#\\\/schema\\\/person\\\/e777c87fa024e57d40170af9df39882c\",\"name\":\"Cope Alcoy\",\"image\":{\"@type\":\"ImageObject\",\"inLanguage\":\"es\",\"@id\":\"https:\\\/\\\/secure.gravatar.com\\\/avatar\\\/bb65d0283347e303893ba14f0692005417c1e0e690a325a4c5d8bb2b3943ee14?s=96&d=mm&r=g\",\"url\":\"https:\\\/\\\/secure.gravatar.com\\\/avatar\\\/bb65d0283347e303893ba14f0692005417c1e0e690a325a4c5d8bb2b3943ee14?s=96&d=mm&r=g\",\"contentUrl\":\"https:\\\/\\\/secure.gravatar.com\\\/avatar\\\/bb65d0283347e303893ba14f0692005417c1e0e690a325a4c5d8bb2b3943ee14?s=96&d=mm&r=g\",\"caption\":\"Cope Alcoy\"}}]}<\/script>\n<!-- \/ Yoast SEO plugin. -->","yoast_head_json":{"title":"La parroquia de Sant Roc de Alcoy rinde homenaje a su patr\u00f3n - COPE Alcoy","description":"La parroquia de Sant Roc de Alcoy rinde homenaje a su patr\u00f3n","robots":{"index":"index","follow":"follow","max-snippet":"max-snippet:-1","max-image-preview":"max-image-preview:large","max-video-preview":"max-video-preview:-1"},"canonical":"https:\/\/www.copealcoy.es\/es\/la-parroquia-de-sant-roc-de-alcoy-rinde-homenaje-a-su-patron\/","og_locale":"es_ES","og_type":"article","og_title":"La parroquia de Sant Roc de Alcoy rinde homenaje a su patr\u00f3n - COPE Alcoy","og_description":"La parroquia de Sant Roc de Alcoy rinde homenaje a su patr\u00f3n","og_url":"https:\/\/www.copealcoy.es\/es\/la-parroquia-de-sant-roc-de-alcoy-rinde-homenaje-a-su-patron\/","og_site_name":"COPE Alcoy","article_published_time":"2025-10-16T15:31:29+00:00","article_modified_time":"2025-10-16T15:41:36+00:00","og_image":[{"width":2048,"height":1140,"url":"https:\/\/www.copealcoy.es\/wp-content\/uploads\/2025\/10\/unnamed-2-2.jpg","type":"image\/jpeg"}],"author":"Cope Alcoy","twitter_misc":{"Escrito por":"Cope Alcoy","Tiempo de lectura":"3 minutos"},"schema":{"@context":"https:\/\/schema.org","@graph":[{"@type":"Article","@id":"https:\/\/www.copealcoy.es\/es\/la-parroquia-de-sant-roc-de-alcoy-rinde-homenaje-a-su-patron\/#article","isPartOf":{"@id":"https:\/\/www.copealcoy.es\/es\/la-parroquia-de-sant-roc-de-alcoy-rinde-homenaje-a-su-patron\/"},"author":{"name":"Cope Alcoy","@id":"https:\/\/www.copealcoy.es\/es\/#\/schema\/person\/e777c87fa024e57d40170af9df39882c"},"headline":"La parroquia de Sant Roc de Alcoy rinde homenaje a su patr\u00f3n","datePublished":"2025-10-16T15:31:29+00:00","dateModified":"2025-10-16T15:41:36+00:00","mainEntityOfPage":{"@id":"https:\/\/www.copealcoy.es\/es\/la-parroquia-de-sant-roc-de-alcoy-rinde-homenaje-a-su-patron\/"},"wordCount":384,"image":{"@id":"https:\/\/www.copealcoy.es\/es\/la-parroquia-de-sant-roc-de-alcoy-rinde-homenaje-a-su-patron\/#primaryimage"},"thumbnailUrl":"https:\/\/www.copealcoy.es\/wp-content\/uploads\/2025\/10\/unnamed-2-2.jpg","keywords":["Alcoy","Fiestas","parroquia de San Roque y San Sebasti\u00e1n"],"articleSection":["Actualidad","Alcoy","Fiesta y Cultura","Noticias"],"inLanguage":"es"},{"@type":"WebPage","@id":"https:\/\/www.copealcoy.es\/es\/la-parroquia-de-sant-roc-de-alcoy-rinde-homenaje-a-su-patron\/","url":"https:\/\/www.copealcoy.es\/es\/la-parroquia-de-sant-roc-de-alcoy-rinde-homenaje-a-su-patron\/","name":"La parroquia de Sant Roc de Alcoy rinde homenaje a su patr\u00f3n - COPE Alcoy","isPartOf":{"@id":"https:\/\/www.copealcoy.es\/es\/#website"},"primaryImageOfPage":{"@id":"https:\/\/www.copealcoy.es\/es\/la-parroquia-de-sant-roc-de-alcoy-rinde-homenaje-a-su-patron\/#primaryimage"},"image":{"@id":"https:\/\/www.copealcoy.es\/es\/la-parroquia-de-sant-roc-de-alcoy-rinde-homenaje-a-su-patron\/#primaryimage"},"thumbnailUrl":"https:\/\/www.copealcoy.es\/wp-content\/uploads\/2025\/10\/unnamed-2-2.jpg","datePublished":"2025-10-16T15:31:29+00:00","dateModified":"2025-10-16T15:41:36+00:00","author":{"@id":"https:\/\/www.copealcoy.es\/es\/#\/schema\/person\/e777c87fa024e57d40170af9df39882c"},"description":"La parroquia de Sant Roc de Alcoy rinde homenaje a su patr\u00f3n","breadcrumb":{"@id":"https:\/\/www.copealcoy.es\/es\/la-parroquia-de-sant-roc-de-alcoy-rinde-homenaje-a-su-patron\/#breadcrumb"},"inLanguage":"es","potentialAction":[{"@type":"ReadAction","target":["https:\/\/www.copealcoy.es\/es\/la-parroquia-de-sant-roc-de-alcoy-rinde-homenaje-a-su-patron\/"]}]},{"@type":"ImageObject","inLanguage":"es","@id":"https:\/\/www.copealcoy.es\/es\/la-parroquia-de-sant-roc-de-alcoy-rinde-homenaje-a-su-patron\/#primaryimage","url":"https:\/\/www.copealcoy.es\/wp-content\/uploads\/2025\/10\/unnamed-2-2.jpg","contentUrl":"https:\/\/www.copealcoy.es\/wp-content\/uploads\/2025\/10\/unnamed-2-2.jpg","width":2048,"height":1140},{"@type":"BreadcrumbList","@id":"https:\/\/www.copealcoy.es\/es\/la-parroquia-de-sant-roc-de-alcoy-rinde-homenaje-a-su-patron\/#breadcrumb","itemListElement":[{"@type":"ListItem","position":1,"name":"Portada","item":"https:\/\/www.copealcoy.es\/es\/"},{"@type":"ListItem","position":2,"name":"La parroquia de Sant Roc de Alcoy rinde homenaje a su patr\u00f3n"}]},{"@type":"WebSite","@id":"https:\/\/www.copealcoy.es\/es\/#website","url":"https:\/\/www.copealcoy.es\/es\/","name":"COPE Alcoy","description":"Emisora COPE de radio local con emisi\u00f3n online. Pont de Sant Jordi 8-10 03803 Alcoy","potentialAction":[{"@type":"SearchAction","target":{"@type":"EntryPoint","urlTemplate":"https:\/\/www.copealcoy.es\/es\/?s={search_term_string}"},"query-input":{"@type":"PropertyValueSpecification","valueRequired":true,"valueName":"search_term_string"}}],"inLanguage":"es"},{"@type":"Person","@id":"https:\/\/www.copealcoy.es\/es\/#\/schema\/person\/e777c87fa024e57d40170af9df39882c","name":"Cope Alcoy","image":{"@type":"ImageObject","inLanguage":"es","@id":"https:\/\/secure.gravatar.com\/avatar\/bb65d0283347e303893ba14f0692005417c1e0e690a325a4c5d8bb2b3943ee14?s=96&d=mm&r=g","url":"https:\/\/secure.gravatar.com\/avatar\/bb65d0283347e303893ba14f0692005417c1e0e690a325a4c5d8bb2b3943ee14?s=96&d=mm&r=g","contentUrl":"https:\/\/secure.gravatar.com\/avatar\/bb65d0283347e303893ba14f0692005417c1e0e690a325a4c5d8bb2b3943ee14?s=96&d=mm&r=g","caption":"Cope Alcoy"}}]}},"_links":{"self":[{"href":"https:\/\/www.copealcoy.es\/es\/wp-json\/wp\/v2\/posts\/158546","targetHints":{"allow":["GET"]}}],"collection":[{"href":"https:\/\/www.copealcoy.es\/es\/wp-json\/wp\/v2\/posts"}],"about":[{"href":"https:\/\/www.copealcoy.es\/es\/wp-json\/wp\/v2\/types\/post"}],"author":[{"embeddable":true,"href":"https:\/\/www.copealcoy.es\/es\/wp-json\/wp\/v2\/users\/1"}],"replies":[{"embeddable":true,"href":"https:\/\/www.copealcoy.es\/es\/wp-json\/wp\/v2\/comments?post=158546"}],"version-history":[{"count":3,"href":"https:\/\/www.copealcoy.es\/es\/wp-json\/wp\/v2\/posts\/158546\/revisions"}],"predecessor-version":[{"id":158553,"href":"https:\/\/www.copealcoy.es\/es\/wp-json\/wp\/v2\/posts\/158546\/revisions\/158553"}],"wp:featuredmedia":[{"embeddable":true,"href":"https:\/\/www.copealcoy.es\/es\/wp-json\/wp\/v2\/media\/158547"}],"wp:attachment":[{"href":"https:\/\/www.copealcoy.es\/es\/wp-json\/wp\/v2\/media?parent=158546"}],"wp:term":[{"taxonomy":"category","embeddable":true,"href":"https:\/\/www.copealcoy.es\/es\/wp-json\/wp\/v2\/categories?post=158546"},{"taxonomy":"post_tag","embeddable":true,"href":"https:\/\/www.copealcoy.es\/es\/wp-json\/wp\/v2\/tags?post=158546"}],"curies":[{"name":"wp","href":"https:\/\/api.w.org\/{rel}","templated":true}]}}