{"id":158526,"date":"2025-10-17T09:00:33","date_gmt":"2025-10-17T08:00:33","guid":{"rendered":"https:\/\/www.copealcoy.es\/?p=158526"},"modified":"2025-10-17T14:25:09","modified_gmt":"2025-10-17T13:25:09","slug":"todo-preparado-en-muro-para-el-encontre-de-campaners-valencians","status":"publish","type":"post","link":"https:\/\/www.copealcoy.es\/es\/todo-preparado-en-muro-para-el-encontre-de-campaners-valencians\/","title":{"rendered":"Todo preparado en Muro para el \u2018Encontre de Campaners Valencians\u2019"},"content":{"rendered":"<p style=\"text-align: justify;\" data-start=\"338\" data-end=\"747\">Muro ser\u00e1 la sede del <strong data-start=\"360\" data-end=\"417\">\u2018Encontre de Campaners Valencians\u2019 este fin de semana<\/strong>, un evento que por primera vez se celebra en las comarcas de <strong data-start=\"479\" data-end=\"503\">l\u2019Alcoi\u00e0 y El Comtat<\/strong>. La cita, organizada por la <a href=\"https:\/\/www.facebook.com\/profile.php?id=100063521674111\" target=\"_blank\" rel=\"noopener\"><span style=\"color: #0000ff;\"><strong data-start=\"532\" data-end=\"565\">Colla de Campaners del Comtat<\/strong><\/span><\/a> con el apoyo del <strong data-start=\"583\" data-end=\"607\">Ayuntamiento de Muro<\/strong>, reunir\u00e1 a agrupaciones de campaneros de diferentes puntos de la Comunitat Valenciana y alcanza en esta ocasi\u00f3n la edici\u00f3n n\u00famero 28.<\/p>\n<p style=\"text-align: justify;\" data-start=\"749\" data-end=\"1594\">El programa de actividades previstas arrancar\u00e1 el <strong data-start=\"774\" data-end=\"799\">viernes 17 de octubre<\/strong> con la <strong data-start=\"807\" data-end=\"853\">inauguraci\u00f3n de una exposici\u00f3n fotogr\u00e1fica<\/strong> en la <strong data-start=\"860\" data-end=\"881\">Sala Pintor Jover<\/strong> del Centre Cultural de Muro, que mostrar\u00e1 algunos de los campanarios m\u00e1s emblem\u00e1ticos de nuestras comarcas por medio de paneles explicativos. Ya el <strong data-start=\"996\" data-end=\"1009\">s\u00e1bado 18<\/strong>, se desarrollar\u00e1 un <strong data-start=\"1030\" data-end=\"1055\">ciclo de conferencias<\/strong> sobre restauraci\u00f3n de torres, el legado cultural de las campanas y el futuro del toque manual, declarado <strong data-start=\"1161\" data-end=\"1216\">Patrimonio Inmaterial de la Humanidad por la UNESCO<\/strong>. Durante la jornada tambi\u00e9n se proyectar\u00e1 el documental <em data-start=\"1275\" data-end=\"1335\" data-is-only-node=\"\">Mans, Cordes i Bronze. Persones que han donat veu al poble<\/em>, elaborado por<a href=\"https:\/\/www.facebook.com\/p\/Campaners-del-Comtat-100063521674111\/?locale=es_ES\" target=\"_blank\" rel=\"noopener\"><span style=\"color: #0000ff;\"><strong> la Colla de Campaners del Comtat<\/strong><\/span><\/a> para difundir la riqueza del patrimonio relacionado con las campanas con el que cuentan nuestras poblaciones. Adem\u00e1s, se pondr\u00e1n en com\u00fan las actividades realizadas por las diferentes agrupaciones de campaneros de la Comunitat durante el \u00faltimo a\u00f1o &#8220;<em>acudir\u00e1n cerca de un centenar de personas y esperamos que sea todo un \u00e9xito porque llevamos muchos meses de trabajo preparando todas las iniciativas que dar\u00e1n forma a este encuentro. Estamos muy contentos de acogerlo en nuestras comarcas y todas las personas que deseen conocer m\u00e1s sobre nuestras comarcas est\u00e1n invitadas a sumarse a las diferentes actividades que hemos organizado<\/em>&#8220;, contaban en COPE ALCOY <strong>Gonzalo Alemany<\/strong> (vicepresidente de la agrupaci\u00f3n) y <strong>Xavi Calvo<\/strong> (tesorero).<\/p>\n<p style=\"text-align: justify;\" data-start=\"1596\" data-end=\"2064\">El encuentro culminar\u00e1 con una <strong data-start=\"1627\" data-end=\"1662\">muestra de toques tradicionales<\/strong> desde el campanario de Muro, acompa\u00f1ada de explicaciones en la <strong data-start=\"1726\" data-end=\"1749\">Pla\u00e7a de l\u2019Esgl\u00e9sia<\/strong>. Cada agrupaci\u00f3n de campaneros participantes, seg\u00fan la informaci\u00f3n facilitada,<strong> har\u00e1 la demostraci\u00f3n de un toque representativo<\/strong> de la zona de la Comunidad Valenciana de la que proceden.<\/p>\n<p data-start=\"1596\" data-end=\"2064\">A continuaci\u00f3n <strong>puedes escuchar\u00a0<\/strong>la entrevista que hemos mantenido con la Colla de Campaners del Comtat:<\/p>\n<audio class=\"wp-audio-shortcode\" id=\"audio-158526-1\" preload=\"none\" style=\"width: 100%;\" controls=\"controls\"><source type=\"audio\/mpeg\" src=\"https:\/\/www.copealcoy.es\/wp-content\/uploads\/2025\/10\/Entrevista-Campaners.mp3?_=1\" \/><a href=\"https:\/\/www.copealcoy.es\/wp-content\/uploads\/2025\/10\/Entrevista-Campaners.mp3\">https:\/\/www.copealcoy.es\/wp-content\/uploads\/2025\/10\/Entrevista-Campaners.mp3<\/a><\/audio>\n","protected":false},"excerpt":{"rendered":"<p>Muro ser\u00e1 la sede del \u2018Encontre de Campaners Valencians\u2019 este fin de semana, un evento que por primera vez se&#8230;<\/p>\n","protected":false},"author":1,"featured_media":158527,"comment_status":"closed","ping_status":"closed","sticky":false,"template":"","format":"standard","meta":{"footnotes":""},"categories":[6909,98,75],"tags":[19184,11094,20164,135],"class_list":["post-158526","post","type-post","status-publish","format-standard","has-post-thumbnail","hentry","category-actualidad","category-comarcas","category-noticias","tag-encontre-de-campaners-valencians","tag-colla-de-campaners-del-comtat","tag-edicion-numero-28","tag-muro"],"yoast_head":"<!-- This site is optimized with the Yoast SEO plugin v27.3 - https:\/\/yoast.com\/product\/yoast-seo-wordpress\/ -->\n<title>Todo preparado en Muro para el \u2018Encontre de Campaners Valencians\u2019 - COPE Alcoy<\/title>\n<meta name=\"description\" content=\"Todo preparado en Muro para acoger el \u2018Encontre de Campaners Valencians\u2019\" \/>\n<meta name=\"robots\" content=\"index, follow, max-snippet:-1, max-image-preview:large, max-video-preview:-1\" \/>\n<link rel=\"canonical\" href=\"https:\/\/www.copealcoy.es\/es\/todo-preparado-en-muro-para-el-encontre-de-campaners-valencians\/\" \/>\n<meta property=\"og:locale\" content=\"es_ES\" \/>\n<meta property=\"og:type\" content=\"article\" \/>\n<meta property=\"og:title\" content=\"Todo preparado en Muro para el \u2018Encontre de Campaners Valencians\u2019 - COPE Alcoy\" \/>\n<meta property=\"og:description\" content=\"Todo preparado en Muro para acoger el \u2018Encontre de Campaners Valencians\u2019\" \/>\n<meta property=\"og:url\" content=\"https:\/\/www.copealcoy.es\/es\/todo-preparado-en-muro-para-el-encontre-de-campaners-valencians\/\" \/>\n<meta property=\"og:site_name\" content=\"COPE Alcoy\" \/>\n<meta property=\"article:published_time\" content=\"2025-10-17T08:00:33+00:00\" \/>\n<meta property=\"article:modified_time\" content=\"2025-10-17T13:25:09+00:00\" \/>\n<meta property=\"og:image\" content=\"https:\/\/www.copealcoy.es\/wp-content\/uploads\/2025\/10\/unnamed-1-12-scaled-e1760631288158.jpg\" \/>\n\t<meta property=\"og:image:width\" content=\"799\" \/>\n\t<meta property=\"og:image:height\" content=\"443\" \/>\n\t<meta property=\"og:image:type\" content=\"image\/jpeg\" \/>\n<meta name=\"author\" content=\"Cope Alcoy\" \/>\n<meta name=\"twitter:label1\" content=\"Escrito por\" \/>\n\t<meta name=\"twitter:data1\" content=\"Cope Alcoy\" \/>\n\t<meta name=\"twitter:label2\" content=\"Tiempo de lectura\" \/>\n\t<meta name=\"twitter:data2\" content=\"3 minutos\" \/>\n<script type=\"application\/ld+json\" class=\"yoast-schema-graph\">{\"@context\":\"https:\\\/\\\/schema.org\",\"@graph\":[{\"@type\":\"Article\",\"@id\":\"https:\\\/\\\/www.copealcoy.es\\\/es\\\/todo-preparado-en-muro-para-el-encontre-de-campaners-valencians\\\/#article\",\"isPartOf\":{\"@id\":\"https:\\\/\\\/www.copealcoy.es\\\/es\\\/todo-preparado-en-muro-para-el-encontre-de-campaners-valencians\\\/\"},\"author\":{\"name\":\"Cope Alcoy\",\"@id\":\"https:\\\/\\\/www.copealcoy.es\\\/es\\\/#\\\/schema\\\/person\\\/e777c87fa024e57d40170af9df39882c\"},\"headline\":\"Todo preparado en Muro para el \u2018Encontre de Campaners Valencians\u2019\",\"datePublished\":\"2025-10-17T08:00:33+00:00\",\"dateModified\":\"2025-10-17T13:25:09+00:00\",\"mainEntityOfPage\":{\"@id\":\"https:\\\/\\\/www.copealcoy.es\\\/es\\\/todo-preparado-en-muro-para-el-encontre-de-campaners-valencians\\\/\"},\"wordCount\":397,\"image\":{\"@id\":\"https:\\\/\\\/www.copealcoy.es\\\/es\\\/todo-preparado-en-muro-para-el-encontre-de-campaners-valencians\\\/#primaryimage\"},\"thumbnailUrl\":\"https:\\\/\\\/www.copealcoy.es\\\/wp-content\\\/uploads\\\/2025\\\/10\\\/unnamed-1-12-scaled-e1760631288158.jpg\",\"keywords\":[\"'Encontre de Campaners Valencians'\",\"Colla de Campaners del Comtat\",\"edici\u00f3n n\u00famero 28\",\"Muro\"],\"articleSection\":[\"Actualidad\",\"Comarcas\",\"Noticias\"],\"inLanguage\":\"es\"},{\"@type\":\"WebPage\",\"@id\":\"https:\\\/\\\/www.copealcoy.es\\\/es\\\/todo-preparado-en-muro-para-el-encontre-de-campaners-valencians\\\/\",\"url\":\"https:\\\/\\\/www.copealcoy.es\\\/es\\\/todo-preparado-en-muro-para-el-encontre-de-campaners-valencians\\\/\",\"name\":\"Todo preparado en Muro para el \u2018Encontre de Campaners Valencians\u2019 - COPE Alcoy\",\"isPartOf\":{\"@id\":\"https:\\\/\\\/www.copealcoy.es\\\/es\\\/#website\"},\"primaryImageOfPage\":{\"@id\":\"https:\\\/\\\/www.copealcoy.es\\\/es\\\/todo-preparado-en-muro-para-el-encontre-de-campaners-valencians\\\/#primaryimage\"},\"image\":{\"@id\":\"https:\\\/\\\/www.copealcoy.es\\\/es\\\/todo-preparado-en-muro-para-el-encontre-de-campaners-valencians\\\/#primaryimage\"},\"thumbnailUrl\":\"https:\\\/\\\/www.copealcoy.es\\\/wp-content\\\/uploads\\\/2025\\\/10\\\/unnamed-1-12-scaled-e1760631288158.jpg\",\"datePublished\":\"2025-10-17T08:00:33+00:00\",\"dateModified\":\"2025-10-17T13:25:09+00:00\",\"author\":{\"@id\":\"https:\\\/\\\/www.copealcoy.es\\\/es\\\/#\\\/schema\\\/person\\\/e777c87fa024e57d40170af9df39882c\"},\"description\":\"Todo preparado en Muro para acoger el \u2018Encontre de Campaners Valencians\u2019\",\"breadcrumb\":{\"@id\":\"https:\\\/\\\/www.copealcoy.es\\\/es\\\/todo-preparado-en-muro-para-el-encontre-de-campaners-valencians\\\/#breadcrumb\"},\"inLanguage\":\"es\",\"potentialAction\":[{\"@type\":\"ReadAction\",\"target\":[\"https:\\\/\\\/www.copealcoy.es\\\/es\\\/todo-preparado-en-muro-para-el-encontre-de-campaners-valencians\\\/\"]}]},{\"@type\":\"ImageObject\",\"inLanguage\":\"es\",\"@id\":\"https:\\\/\\\/www.copealcoy.es\\\/es\\\/todo-preparado-en-muro-para-el-encontre-de-campaners-valencians\\\/#primaryimage\",\"url\":\"https:\\\/\\\/www.copealcoy.es\\\/wp-content\\\/uploads\\\/2025\\\/10\\\/unnamed-1-12-scaled-e1760631288158.jpg\",\"contentUrl\":\"https:\\\/\\\/www.copealcoy.es\\\/wp-content\\\/uploads\\\/2025\\\/10\\\/unnamed-1-12-scaled-e1760631288158.jpg\",\"width\":799,\"height\":443},{\"@type\":\"BreadcrumbList\",\"@id\":\"https:\\\/\\\/www.copealcoy.es\\\/es\\\/todo-preparado-en-muro-para-el-encontre-de-campaners-valencians\\\/#breadcrumb\",\"itemListElement\":[{\"@type\":\"ListItem\",\"position\":1,\"name\":\"Portada\",\"item\":\"https:\\\/\\\/www.copealcoy.es\\\/es\\\/\"},{\"@type\":\"ListItem\",\"position\":2,\"name\":\"Todo preparado en Muro para el \u2018Encontre de Campaners Valencians\u2019\"}]},{\"@type\":\"WebSite\",\"@id\":\"https:\\\/\\\/www.copealcoy.es\\\/es\\\/#website\",\"url\":\"https:\\\/\\\/www.copealcoy.es\\\/es\\\/\",\"name\":\"COPE Alcoy\",\"description\":\"Emisora COPE de radio local con emisi\u00f3n online. Pont de Sant Jordi 8-10 03803 Alcoy\",\"potentialAction\":[{\"@type\":\"SearchAction\",\"target\":{\"@type\":\"EntryPoint\",\"urlTemplate\":\"https:\\\/\\\/www.copealcoy.es\\\/es\\\/?s={search_term_string}\"},\"query-input\":{\"@type\":\"PropertyValueSpecification\",\"valueRequired\":true,\"valueName\":\"search_term_string\"}}],\"inLanguage\":\"es\"},{\"@type\":\"Person\",\"@id\":\"https:\\\/\\\/www.copealcoy.es\\\/es\\\/#\\\/schema\\\/person\\\/e777c87fa024e57d40170af9df39882c\",\"name\":\"Cope Alcoy\",\"image\":{\"@type\":\"ImageObject\",\"inLanguage\":\"es\",\"@id\":\"https:\\\/\\\/secure.gravatar.com\\\/avatar\\\/bb65d0283347e303893ba14f0692005417c1e0e690a325a4c5d8bb2b3943ee14?s=96&d=mm&r=g\",\"url\":\"https:\\\/\\\/secure.gravatar.com\\\/avatar\\\/bb65d0283347e303893ba14f0692005417c1e0e690a325a4c5d8bb2b3943ee14?s=96&d=mm&r=g\",\"contentUrl\":\"https:\\\/\\\/secure.gravatar.com\\\/avatar\\\/bb65d0283347e303893ba14f0692005417c1e0e690a325a4c5d8bb2b3943ee14?s=96&d=mm&r=g\",\"caption\":\"Cope Alcoy\"}}]}<\/script>\n<!-- \/ Yoast SEO plugin. -->","yoast_head_json":{"title":"Todo preparado en Muro para el \u2018Encontre de Campaners Valencians\u2019 - COPE Alcoy","description":"Todo preparado en Muro para acoger el \u2018Encontre de Campaners Valencians\u2019","robots":{"index":"index","follow":"follow","max-snippet":"max-snippet:-1","max-image-preview":"max-image-preview:large","max-video-preview":"max-video-preview:-1"},"canonical":"https:\/\/www.copealcoy.es\/es\/todo-preparado-en-muro-para-el-encontre-de-campaners-valencians\/","og_locale":"es_ES","og_type":"article","og_title":"Todo preparado en Muro para el \u2018Encontre de Campaners Valencians\u2019 - COPE Alcoy","og_description":"Todo preparado en Muro para acoger el \u2018Encontre de Campaners Valencians\u2019","og_url":"https:\/\/www.copealcoy.es\/es\/todo-preparado-en-muro-para-el-encontre-de-campaners-valencians\/","og_site_name":"COPE Alcoy","article_published_time":"2025-10-17T08:00:33+00:00","article_modified_time":"2025-10-17T13:25:09+00:00","og_image":[{"width":799,"height":443,"url":"https:\/\/www.copealcoy.es\/wp-content\/uploads\/2025\/10\/unnamed-1-12-scaled-e1760631288158.jpg","type":"image\/jpeg"}],"author":"Cope Alcoy","twitter_misc":{"Escrito por":"Cope Alcoy","Tiempo de lectura":"3 minutos"},"schema":{"@context":"https:\/\/schema.org","@graph":[{"@type":"Article","@id":"https:\/\/www.copealcoy.es\/es\/todo-preparado-en-muro-para-el-encontre-de-campaners-valencians\/#article","isPartOf":{"@id":"https:\/\/www.copealcoy.es\/es\/todo-preparado-en-muro-para-el-encontre-de-campaners-valencians\/"},"author":{"name":"Cope Alcoy","@id":"https:\/\/www.copealcoy.es\/es\/#\/schema\/person\/e777c87fa024e57d40170af9df39882c"},"headline":"Todo preparado en Muro para el \u2018Encontre de Campaners Valencians\u2019","datePublished":"2025-10-17T08:00:33+00:00","dateModified":"2025-10-17T13:25:09+00:00","mainEntityOfPage":{"@id":"https:\/\/www.copealcoy.es\/es\/todo-preparado-en-muro-para-el-encontre-de-campaners-valencians\/"},"wordCount":397,"image":{"@id":"https:\/\/www.copealcoy.es\/es\/todo-preparado-en-muro-para-el-encontre-de-campaners-valencians\/#primaryimage"},"thumbnailUrl":"https:\/\/www.copealcoy.es\/wp-content\/uploads\/2025\/10\/unnamed-1-12-scaled-e1760631288158.jpg","keywords":["'Encontre de Campaners Valencians'","Colla de Campaners del Comtat","edici\u00f3n n\u00famero 28","Muro"],"articleSection":["Actualidad","Comarcas","Noticias"],"inLanguage":"es"},{"@type":"WebPage","@id":"https:\/\/www.copealcoy.es\/es\/todo-preparado-en-muro-para-el-encontre-de-campaners-valencians\/","url":"https:\/\/www.copealcoy.es\/es\/todo-preparado-en-muro-para-el-encontre-de-campaners-valencians\/","name":"Todo preparado en Muro para el \u2018Encontre de Campaners Valencians\u2019 - COPE Alcoy","isPartOf":{"@id":"https:\/\/www.copealcoy.es\/es\/#website"},"primaryImageOfPage":{"@id":"https:\/\/www.copealcoy.es\/es\/todo-preparado-en-muro-para-el-encontre-de-campaners-valencians\/#primaryimage"},"image":{"@id":"https:\/\/www.copealcoy.es\/es\/todo-preparado-en-muro-para-el-encontre-de-campaners-valencians\/#primaryimage"},"thumbnailUrl":"https:\/\/www.copealcoy.es\/wp-content\/uploads\/2025\/10\/unnamed-1-12-scaled-e1760631288158.jpg","datePublished":"2025-10-17T08:00:33+00:00","dateModified":"2025-10-17T13:25:09+00:00","author":{"@id":"https:\/\/www.copealcoy.es\/es\/#\/schema\/person\/e777c87fa024e57d40170af9df39882c"},"description":"Todo preparado en Muro para acoger el \u2018Encontre de Campaners Valencians\u2019","breadcrumb":{"@id":"https:\/\/www.copealcoy.es\/es\/todo-preparado-en-muro-para-el-encontre-de-campaners-valencians\/#breadcrumb"},"inLanguage":"es","potentialAction":[{"@type":"ReadAction","target":["https:\/\/www.copealcoy.es\/es\/todo-preparado-en-muro-para-el-encontre-de-campaners-valencians\/"]}]},{"@type":"ImageObject","inLanguage":"es","@id":"https:\/\/www.copealcoy.es\/es\/todo-preparado-en-muro-para-el-encontre-de-campaners-valencians\/#primaryimage","url":"https:\/\/www.copealcoy.es\/wp-content\/uploads\/2025\/10\/unnamed-1-12-scaled-e1760631288158.jpg","contentUrl":"https:\/\/www.copealcoy.es\/wp-content\/uploads\/2025\/10\/unnamed-1-12-scaled-e1760631288158.jpg","width":799,"height":443},{"@type":"BreadcrumbList","@id":"https:\/\/www.copealcoy.es\/es\/todo-preparado-en-muro-para-el-encontre-de-campaners-valencians\/#breadcrumb","itemListElement":[{"@type":"ListItem","position":1,"name":"Portada","item":"https:\/\/www.copealcoy.es\/es\/"},{"@type":"ListItem","position":2,"name":"Todo preparado en Muro para el \u2018Encontre de Campaners Valencians\u2019"}]},{"@type":"WebSite","@id":"https:\/\/www.copealcoy.es\/es\/#website","url":"https:\/\/www.copealcoy.es\/es\/","name":"COPE Alcoy","description":"Emisora COPE de radio local con emisi\u00f3n online. Pont de Sant Jordi 8-10 03803 Alcoy","potentialAction":[{"@type":"SearchAction","target":{"@type":"EntryPoint","urlTemplate":"https:\/\/www.copealcoy.es\/es\/?s={search_term_string}"},"query-input":{"@type":"PropertyValueSpecification","valueRequired":true,"valueName":"search_term_string"}}],"inLanguage":"es"},{"@type":"Person","@id":"https:\/\/www.copealcoy.es\/es\/#\/schema\/person\/e777c87fa024e57d40170af9df39882c","name":"Cope Alcoy","image":{"@type":"ImageObject","inLanguage":"es","@id":"https:\/\/secure.gravatar.com\/avatar\/bb65d0283347e303893ba14f0692005417c1e0e690a325a4c5d8bb2b3943ee14?s=96&d=mm&r=g","url":"https:\/\/secure.gravatar.com\/avatar\/bb65d0283347e303893ba14f0692005417c1e0e690a325a4c5d8bb2b3943ee14?s=96&d=mm&r=g","contentUrl":"https:\/\/secure.gravatar.com\/avatar\/bb65d0283347e303893ba14f0692005417c1e0e690a325a4c5d8bb2b3943ee14?s=96&d=mm&r=g","caption":"Cope Alcoy"}}]}},"_links":{"self":[{"href":"https:\/\/www.copealcoy.es\/es\/wp-json\/wp\/v2\/posts\/158526","targetHints":{"allow":["GET"]}}],"collection":[{"href":"https:\/\/www.copealcoy.es\/es\/wp-json\/wp\/v2\/posts"}],"about":[{"href":"https:\/\/www.copealcoy.es\/es\/wp-json\/wp\/v2\/types\/post"}],"author":[{"embeddable":true,"href":"https:\/\/www.copealcoy.es\/es\/wp-json\/wp\/v2\/users\/1"}],"replies":[{"embeddable":true,"href":"https:\/\/www.copealcoy.es\/es\/wp-json\/wp\/v2\/comments?post=158526"}],"version-history":[{"count":3,"href":"https:\/\/www.copealcoy.es\/es\/wp-json\/wp\/v2\/posts\/158526\/revisions"}],"predecessor-version":[{"id":158573,"href":"https:\/\/www.copealcoy.es\/es\/wp-json\/wp\/v2\/posts\/158526\/revisions\/158573"}],"wp:featuredmedia":[{"embeddable":true,"href":"https:\/\/www.copealcoy.es\/es\/wp-json\/wp\/v2\/media\/158527"}],"wp:attachment":[{"href":"https:\/\/www.copealcoy.es\/es\/wp-json\/wp\/v2\/media?parent=158526"}],"wp:term":[{"taxonomy":"category","embeddable":true,"href":"https:\/\/www.copealcoy.es\/es\/wp-json\/wp\/v2\/categories?post=158526"},{"taxonomy":"post_tag","embeddable":true,"href":"https:\/\/www.copealcoy.es\/es\/wp-json\/wp\/v2\/tags?post=158526"}],"curies":[{"name":"wp","href":"https:\/\/api.w.org\/{rel}","templated":true}]}}